{"id":327,"date":"2012-06-21T03:00:00","date_gmt":"2012-06-21T06:00:00","guid":{"rendered":"https:\/\/www.pmpf.rs.gov.br\/secretaria-de-seguranca-publica\/2012\/06\/21\/passo-fundo-sedia-jornada-internacional-de-resgate-e-treinamento-com-caes-5579\/"},"modified":"2012-06-21T03:00:00","modified_gmt":"2012-06-21T06:00:00","slug":"passo-fundo-sedia-jornada-internacional-de-resgate-e-treinamento-com-caes-5579","status":"publish","type":"post","link":"https:\/\/www.pmpf.rs.gov.br\/secretaria-de-seguranca-publica\/2012\/06\/21\/passo-fundo-sedia-jornada-internacional-de-resgate-e-treinamento-com-caes-5579\/","title":{"rendered":"Passo Fundo sedia Jornada Internacional de Resgate e Treinamento com C\u00e3es"},"content":{"rendered":"<p><span style=\"\"><\/span><br style=\"\" \/><span style=\"\">\u00a0\u00a0 \u00a0Nesta manh\u00e3 o antigo frigor\u00edfico ZD COSTI, no bairro S\u00e3o Crist\u00f3v\u00e3o, virou cen\u00e1rio para um grande terremoto. Explos\u00f5es, v\u00edtimas soterradas, c\u00e3es farejadores, corpo de bombeiros, tudo colaborou para tornar o simulado de salvamento o mais real poss\u00edvel. <\/span><br style=\"\" \/><span style=\"\">\u00a0\u00a0 \u00a0O evento faz parte da Jornada Internacional Creixell (Unidade Canina de Resgate e Treinamento), que acontece todos os anos em uma das delega\u00e7\u00f5es existentes. Em 2012, o Brasil foi o pa\u00eds sorteado para sediar o encontro, e consequentemente Passo Fundo foi a cidade escolhida por oferecer toda a infraestrutura necess\u00e1ria. A ocasi\u00e3o trouxe \u00e0 cidade representantes de pa\u00edses como Argentina, Chile, Portugal e Espanha que fizeram demonstra\u00e7\u00f5es de seus treinamentos com c\u00e3es.<\/span><br style=\"\" \/><span style=\"\">\u00a0\u00a0 \u00a0A VI Jornada Internacional Creixell teve in\u00edcio na segunda-feira, 18,\u00a0 e segue at\u00e9 s\u00e1bado, 23. O evento que tem como objetivo promover uma troca de experi\u00eancias e refor\u00e7ar t\u00e9cnicas de busca, contou com a equipe da Defesa Civil do Munic\u00edpio, Defesa Civil Estadual, Corpo de Bombeiros, Unidade Canina K-9, Prado Resgate, SAMU, Agentes de tr\u00e2nsito, entre outros.<\/span><br style=\"\" \/><span style=\"\">\u00a0\u00a0 \u00a0Segundo o delegado da ONG K-9, Reginaldo Aranda, os c\u00e3es que estiveram realizando o simulado desta manh\u00e3 j\u00e1 participaram de situa\u00e7\u00f5es reais de salvamento no mundo todo. No t\u00e9rmino da Jornada, as delega\u00e7\u00f5es receber\u00e3o um certificado e ter\u00e3o seus c\u00e3es aptos a atender emerg\u00eancias de n\u00edvel mundial pelo per\u00edodo de um ano.<\/span><br style=\"\" \/><span style=\"\">\u00a0\u00a0 \u00a0O evento tem o apoio da Prefeitura Municipal, atrav\u00e9s da Secretaria de Seguran\u00e7a P\u00fablica e da Coordenadoria Municipal da Defesa Civil de Passo Fundo. A Secret\u00e1ria de Seguran\u00e7a P\u00fablica e Coordenadora Municipal de Defesa Civil, Estelita Salton, ressaltou que um evento deste porte proporciona uma \u00f3tima troca de experi\u00eancias, al\u00e9m de refor\u00e7ar as t\u00e9cnicas da nossa Defesa Civil. Segundo ela, um c\u00e3o que esteve no simulado desta manh\u00e3 vai ficar em Passo Fundo sob a responsabilidade do militar Nilton Mello Aguirre, que \u00e9 um integrante da ONG K-9. Ela explica que Aguirre j\u00e1 se colocou a disposi\u00e7\u00e3o para auxiliar em emerg\u00eancias que ocorram na cidade. \u00a0<\/span><br style=\"\" \/><span style=\"\">\u00a0\u00a0 \u00a0O simulado de salvamento segue durante todo o dia de hoje. Amanh\u00e3 e s\u00e1bado as atividades da Jornada ser\u00e3o realizadas no Haras MD e toda a comunidade pode participar.<\/span><br style=\"\" \/><br style=\"\" \/><span style=\"\">  <\/span><\/p>\n","protected":false},"excerpt":{"rendered":"<p>Em 2012, o Brasil foi o pa\u00eds sorteado para sediar o encontro, e consequentemente Passo Fundo foi a cidade escolhida por oferecer toda a infraestrutura necess\u00e1ria.<\/p>\n","protected":false},"author":1,"featured_media":0,"comment_status":"open","ping_status":"open","sticky":false,"template":"","format":"standard","meta":{"footnotes":""},"categories":[],"tags":[],"class_list":["post-327","post","type-post","status-publish","format-standard","hentry"],"yoast_head":"<!-- This site is optimized with the Yoast SEO plugin v23.8 - https:\/\/yoast.com\/wordpress\/plugins\/seo\/ -->\n<title>Passo Fundo sedia Jornada Internacional de Resgate e Treinamento com C\u00e3es - Secretaria de Seguran\u00e7a P\u00fablica e Transporte<\/title>\n<meta name=\"robots\" content=\"index, follow, max-snippet:-1, max-image-preview:large, max-video-preview:-1\" \/>\n<link rel=\"canonical\" href=\"https:\/\/www.pmpf.rs.gov.br\/secretaria-de-seguranca-publica\/2012\/06\/21\/passo-fundo-sedia-jornada-internacional-de-resgate-e-treinamento-com-caes-5579\/\" \/>\n<meta property=\"og:locale\" content=\"pt_BR\" \/>\n<meta property=\"og:type\" content=\"article\" \/>\n<meta property=\"og:title\" content=\"Passo Fundo sedia Jornada Internacional de Resgate e Treinamento com C\u00e3es - Secretaria de Seguran\u00e7a P\u00fablica e Transporte\" \/>\n<meta property=\"og:description\" content=\"Em 2012, o Brasil foi o pa\u00eds sorteado para sediar o encontro, e consequentemente Passo Fundo foi a cidade escolhida por oferecer toda a infraestrutura necess\u00e1ria.\" \/>\n<meta property=\"og:url\" content=\"https:\/\/www.pmpf.rs.gov.br\/secretaria-de-seguranca-publica\/2012\/06\/21\/passo-fundo-sedia-jornada-internacional-de-resgate-e-treinamento-com-caes-5579\/\" \/>\n<meta property=\"og:site_name\" content=\"Secretaria de Seguran\u00e7a P\u00fablica e Transporte\" \/>\n<meta property=\"article:published_time\" content=\"2012-06-21T06:00:00+00:00\" \/>\n<meta name=\"author\" content=\"mosite\" \/>\n<meta name=\"twitter:card\" content=\"summary_large_image\" \/>\n<meta name=\"twitter:label1\" content=\"Escrito por\" \/>\n\t<meta name=\"twitter:data1\" content=\"mosite\" \/>\n\t<meta name=\"twitter:label2\" content=\"Est. tempo de leitura\" \/>\n\t<meta name=\"twitter:data2\" content=\"2 minutos\" \/>\n<script type=\"application\/ld+json\" class=\"yoast-schema-graph\">{\"@context\":\"https:\/\/schema.org\",\"@graph\":[{\"@type\":\"WebPage\",\"@id\":\"https:\/\/www.pmpf.rs.gov.br\/secretaria-de-seguranca-publica\/2012\/06\/21\/passo-fundo-sedia-jornada-internacional-de-resgate-e-treinamento-com-caes-5579\/\",\"url\":\"https:\/\/www.pmpf.rs.gov.br\/secretaria-de-seguranca-publica\/2012\/06\/21\/passo-fundo-sedia-jornada-internacional-de-resgate-e-treinamento-com-caes-5579\/\",\"name\":\"Passo Fundo sedia Jornada Internacional de Resgate e Treinamento com C\u00e3es - Secretaria de Seguran\u00e7a P\u00fablica e Transporte\",\"isPartOf\":{\"@id\":\"https:\/\/www.pmpf.rs.gov.br\/secretaria-de-seguranca-publica\/#website\"},\"datePublished\":\"2012-06-21T06:00:00+00:00\",\"dateModified\":\"2012-06-21T06:00:00+00:00\",\"author\":{\"@id\":\"https:\/\/www.pmpf.rs.gov.br\/secretaria-de-seguranca-publica\/#\/schema\/person\/0c355b0fa68a7aa986c8594f7a60a2d7\"},\"breadcrumb\":{\"@id\":\"https:\/\/www.pmpf.rs.gov.br\/secretaria-de-seguranca-publica\/2012\/06\/21\/passo-fundo-sedia-jornada-internacional-de-resgate-e-treinamento-com-caes-5579\/#breadcrumb\"},\"inLanguage\":\"pt-BR\",\"potentialAction\":[{\"@type\":\"ReadAction\",\"target\":[\"https:\/\/www.pmpf.rs.gov.br\/secretaria-de-seguranca-publica\/2012\/06\/21\/passo-fundo-sedia-jornada-internacional-de-resgate-e-treinamento-com-caes-5579\/\"]}]},{\"@type\":\"BreadcrumbList\",\"@id\":\"https:\/\/www.pmpf.rs.gov.br\/secretaria-de-seguranca-publica\/2012\/06\/21\/passo-fundo-sedia-jornada-internacional-de-resgate-e-treinamento-com-caes-5579\/#breadcrumb\",\"itemListElement\":[{\"@type\":\"ListItem\",\"position\":1,\"name\":\"In\u00edcio\",\"item\":\"https:\/\/www.pmpf.rs.gov.br\/secretaria-de-seguranca-publica\/\"},{\"@type\":\"ListItem\",\"position\":2,\"name\":\"Passo Fundo sedia Jornada Internacional de Resgate e Treinamento com C\u00e3es\"}]},{\"@type\":\"WebSite\",\"@id\":\"https:\/\/www.pmpf.rs.gov.br\/secretaria-de-seguranca-publica\/#website\",\"url\":\"https:\/\/www.pmpf.rs.gov.br\/secretaria-de-seguranca-publica\/\",\"name\":\"Secretaria de Seguran\u00e7a P\u00fablica e Transporte\",\"description\":\"S\u00f3 mais um site Prefeitura de Passo Fundo\",\"potentialAction\":[{\"@type\":\"SearchAction\",\"target\":{\"@type\":\"EntryPoint\",\"urlTemplate\":\"https:\/\/www.pmpf.rs.gov.br\/secretaria-de-seguranca-publica\/?s={search_term_string}\"},\"query-input\":{\"@type\":\"PropertyValueSpecification\",\"valueRequired\":true,\"valueName\":\"search_term_string\"}}],\"inLanguage\":\"pt-BR\"},{\"@type\":\"Person\",\"@id\":\"https:\/\/www.pmpf.rs.gov.br\/secretaria-de-seguranca-publica\/#\/schema\/person\/0c355b0fa68a7aa986c8594f7a60a2d7\",\"name\":\"mosite\",\"image\":{\"@type\":\"ImageObject\",\"inLanguage\":\"pt-BR\",\"@id\":\"https:\/\/www.pmpf.rs.gov.br\/secretaria-de-seguranca-publica\/#\/schema\/person\/image\/\",\"url\":\"https:\/\/secure.gravatar.com\/avatar\/63d72595d6cecfe12bd8a94829d5a26c?s=96&d=mm&r=g\",\"contentUrl\":\"https:\/\/secure.gravatar.com\/avatar\/63d72595d6cecfe12bd8a94829d5a26c?s=96&d=mm&r=g\",\"caption\":\"mosite\"},\"sameAs\":[\"http:\/\/example.com\"],\"url\":\"https:\/\/www.pmpf.rs.gov.br\/secretaria-de-seguranca-publica\/author\/mosite\/\"}]}<\/script>\n<!-- \/ Yoast SEO plugin. -->","yoast_head_json":{"title":"Passo Fundo sedia Jornada Internacional de Resgate e Treinamento com C\u00e3es - Secretaria de Seguran\u00e7a P\u00fablica e Transporte","robots":{"index":"index","follow":"follow","max-snippet":"max-snippet:-1","max-image-preview":"max-image-preview:large","max-video-preview":"max-video-preview:-1"},"canonical":"https:\/\/www.pmpf.rs.gov.br\/secretaria-de-seguranca-publica\/2012\/06\/21\/passo-fundo-sedia-jornada-internacional-de-resgate-e-treinamento-com-caes-5579\/","og_locale":"pt_BR","og_type":"article","og_title":"Passo Fundo sedia Jornada Internacional de Resgate e Treinamento com C\u00e3es - Secretaria de Seguran\u00e7a P\u00fablica e Transporte","og_description":"Em 2012, o Brasil foi o pa\u00eds sorteado para sediar o encontro, e consequentemente Passo Fundo foi a cidade escolhida por oferecer toda a infraestrutura necess\u00e1ria.","og_url":"https:\/\/www.pmpf.rs.gov.br\/secretaria-de-seguranca-publica\/2012\/06\/21\/passo-fundo-sedia-jornada-internacional-de-resgate-e-treinamento-com-caes-5579\/","og_site_name":"Secretaria de Seguran\u00e7a P\u00fablica e Transporte","article_published_time":"2012-06-21T06:00:00+00:00","author":"mosite","twitter_card":"summary_large_image","twitter_misc":{"Escrito por":"mosite","Est. tempo de leitura":"2 minutos"},"schema":{"@context":"https:\/\/schema.org","@graph":[{"@type":"WebPage","@id":"https:\/\/www.pmpf.rs.gov.br\/secretaria-de-seguranca-publica\/2012\/06\/21\/passo-fundo-sedia-jornada-internacional-de-resgate-e-treinamento-com-caes-5579\/","url":"https:\/\/www.pmpf.rs.gov.br\/secretaria-de-seguranca-publica\/2012\/06\/21\/passo-fundo-sedia-jornada-internacional-de-resgate-e-treinamento-com-caes-5579\/","name":"Passo Fundo sedia Jornada Internacional de Resgate e Treinamento com C\u00e3es - Secretaria de Seguran\u00e7a P\u00fablica e Transporte","isPartOf":{"@id":"https:\/\/www.pmpf.rs.gov.br\/secretaria-de-seguranca-publica\/#website"},"datePublished":"2012-06-21T06:00:00+00:00","dateModified":"2012-06-21T06:00:00+00:00","author":{"@id":"https:\/\/www.pmpf.rs.gov.br\/secretaria-de-seguranca-publica\/#\/schema\/person\/0c355b0fa68a7aa986c8594f7a60a2d7"},"breadcrumb":{"@id":"https:\/\/www.pmpf.rs.gov.br\/secretaria-de-seguranca-publica\/2012\/06\/21\/passo-fundo-sedia-jornada-internacional-de-resgate-e-treinamento-com-caes-5579\/#breadcrumb"},"inLanguage":"pt-BR","potentialAction":[{"@type":"ReadAction","target":["https:\/\/www.pmpf.rs.gov.br\/secretaria-de-seguranca-publica\/2012\/06\/21\/passo-fundo-sedia-jornada-internacional-de-resgate-e-treinamento-com-caes-5579\/"]}]},{"@type":"BreadcrumbList","@id":"https:\/\/www.pmpf.rs.gov.br\/secretaria-de-seguranca-publica\/2012\/06\/21\/passo-fundo-sedia-jornada-internacional-de-resgate-e-treinamento-com-caes-5579\/#breadcrumb","itemListElement":[{"@type":"ListItem","position":1,"name":"In\u00edcio","item":"https:\/\/www.pmpf.rs.gov.br\/secretaria-de-seguranca-publica\/"},{"@type":"ListItem","position":2,"name":"Passo Fundo sedia Jornada Internacional de Resgate e Treinamento com C\u00e3es"}]},{"@type":"WebSite","@id":"https:\/\/www.pmpf.rs.gov.br\/secretaria-de-seguranca-publica\/#website","url":"https:\/\/www.pmpf.rs.gov.br\/secretaria-de-seguranca-publica\/","name":"Secretaria de Seguran\u00e7a P\u00fablica e Transporte","description":"S\u00f3 mais um site Prefeitura de Passo Fundo","potentialAction":[{"@type":"SearchAction","target":{"@type":"EntryPoint","urlTemplate":"https:\/\/www.pmpf.rs.gov.br\/secretaria-de-seguranca-publica\/?s={search_term_string}"},"query-input":{"@type":"PropertyValueSpecification","valueRequired":true,"valueName":"search_term_string"}}],"inLanguage":"pt-BR"},{"@type":"Person","@id":"https:\/\/www.pmpf.rs.gov.br\/secretaria-de-seguranca-publica\/#\/schema\/person\/0c355b0fa68a7aa986c8594f7a60a2d7","name":"mosite","image":{"@type":"ImageObject","inLanguage":"pt-BR","@id":"https:\/\/www.pmpf.rs.gov.br\/secretaria-de-seguranca-publica\/#\/schema\/person\/image\/","url":"https:\/\/secure.gravatar.com\/avatar\/63d72595d6cecfe12bd8a94829d5a26c?s=96&d=mm&r=g","contentUrl":"https:\/\/secure.gravatar.com\/avatar\/63d72595d6cecfe12bd8a94829d5a26c?s=96&d=mm&r=g","caption":"mosite"},"sameAs":["http:\/\/example.com"],"url":"https:\/\/www.pmpf.rs.gov.br\/secretaria-de-seguranca-publica\/author\/mosite\/"}]}},"_links":{"self":[{"href":"https:\/\/www.pmpf.rs.gov.br\/secretaria-de-seguranca-publica\/wp-json\/wp\/v2\/posts\/327"}],"collection":[{"href":"https:\/\/www.pmpf.rs.gov.br\/secretaria-de-seguranca-publica\/wp-json\/wp\/v2\/posts"}],"about":[{"href":"https:\/\/www.pmpf.rs.gov.br\/secretaria-de-seguranca-publica\/wp-json\/wp\/v2\/types\/post"}],"author":[{"embeddable":true,"href":"https:\/\/www.pmpf.rs.gov.br\/secretaria-de-seguranca-publica\/wp-json\/wp\/v2\/users\/1"}],"replies":[{"embeddable":true,"href":"https:\/\/www.pmpf.rs.gov.br\/secretaria-de-seguranca-publica\/wp-json\/wp\/v2\/comments?post=327"}],"version-history":[{"count":0,"href":"https:\/\/www.pmpf.rs.gov.br\/secretaria-de-seguranca-publica\/wp-json\/wp\/v2\/posts\/327\/revisions"}],"wp:attachment":[{"href":"https:\/\/www.pmpf.rs.gov.br\/secretaria-de-seguranca-publica\/wp-json\/wp\/v2\/media?parent=327"}],"wp:term":[{"taxonomy":"category","embeddable":true,"href":"https:\/\/www.pmpf.rs.gov.br\/secretaria-de-seguranca-publica\/wp-json\/wp\/v2\/categories?post=327"},{"taxonomy":"post_tag","embeddable":true,"href":"https:\/\/www.pmpf.rs.gov.br\/secretaria-de-seguranca-publica\/wp-json\/wp\/v2\/tags?post=327"}],"curies":[{"name":"wp","href":"https:\/\/api.w.org\/{rel}","templated":true}]}}