{"id":326,"date":"2012-04-30T03:00:00","date_gmt":"2012-04-30T06:00:00","guid":{"rendered":"https:\/\/www.pmpf.rs.gov.br\/secretaria-de-seguranca-publica\/2012\/04\/30\/escola-municipal-recebe-visita-dos-educadores-do-transito-5456\/"},"modified":"2012-04-30T03:00:00","modified_gmt":"2012-04-30T06:00:00","slug":"escola-municipal-recebe-visita-dos-educadores-do-transito-5456","status":"publish","type":"post","link":"https:\/\/www.pmpf.rs.gov.br\/secretaria-de-seguranca-publica\/2012\/04\/30\/escola-municipal-recebe-visita-dos-educadores-do-transito-5456\/","title":{"rendered":"Escola municipal recebe visita dos Educadores do Tr\u00e2nsito"},"content":{"rendered":"<p><br style=\"\" \/><br style=\"\" \/><br style=\"\" \/><span style=\"\"><\/span><br style=\"\" \/><span style=\"\">\u00a0\u00a0 \u00a0Com a ajuda do Genaro e dos outros \u201cAmiguinhos do Tr\u00e2nsito\u201d, as crian\u00e7as da escola municipal Cel. Sebasti\u00e3o Rocha aprenderam na manh\u00e3 de sexta-feira, 27, regrinhas de tr\u00e2nsito que s\u00e3o essenciais. Os fantoches explicaram que \u00e9 preciso usar o cinto de seguran\u00e7a, olhar para os dois lados ao atravessar a rua, ficar atentos ao sinal verde para pedestres, utilizar a faixa de seguran\u00e7a e diversas outras a\u00e7\u00f5es importantes para que n\u00e3o haja acidentes no tr\u00e2nsito.<\/span><br style=\"\" \/><span style=\"\">\u00a0\u00a0 \u00a0Este projeto da Prefeitura Municipal de Passo Fundo \u00e9 uma a\u00e7\u00e3o da Secretaria de Seguran\u00e7a, atrav\u00e9s do N\u00facleo de Educa\u00e7\u00e3o no Tr\u00e2nsito e j\u00e1 atua h\u00e1 muitos anos no munic\u00edpio com o objetivo de promover uma cultura de seguran\u00e7a no tr\u00e2nsito, buscando educar para salvar vidas.<\/span><br style=\"\" \/><span style=\"\">\u00a0\u00a0 \u00a0Segundo a agente de tr\u00e2nsito, Raquel Rubio, que realiza esta atividade diariamente nas escolas, existem diferentes projetos de conscientiza\u00e7\u00e3o para cada faixa et\u00e1ria. Nas s\u00e9ries iniciais a educa\u00e7\u00e3o acontece atrav\u00e9s de teatros de fantoches e de v\u00eddeos de anima\u00e7\u00e3o. Conforme as s\u00e9ries v\u00e3o aumentando, as palestras v\u00e3o adquirindo graus diferentes de comunica\u00e7\u00e3o. O agente de tr\u00e2nsito, Emerson Drebes, explicou que o tr\u00e2nsito funciona da mesma maneira que os assuntos voltados para o meio-ambiente, \u201ctem que educar desde o in\u00edcio.\u201d Neste sentido, os agentes ressaltaram que h\u00e1 um projeto previsto para o m\u00eas de outubro deste ano que ter\u00e1 o objetivo de educar os professores. A Forma\u00e7\u00e3o de multiplicadores para a educa\u00e7\u00e3o no tr\u00e2nsito, ser\u00e1 uma a\u00e7\u00e3o que visar\u00e1 conscientizar os professores a cerca da educa\u00e7\u00e3o no tr\u00e2nsito para que eles possam, todos os dias, dar continuidade ao trabalho em sala de aula. Segundo Raquel, \u201ccom estes projetos estamos conseguindo atingir todos os p\u00fablicos.\u201d<\/span><br style=\"\" \/><span style=\"\">\u00a0\u00a0 \u00a0Depois de assistir ao v\u00eddeo \u201cO Pateta no Tr\u00e2nsito\u201d, que conta a historinha de um pedestre muito educado e honesto, mas que se transforma em um monstro quando entra em seu carro e percebe o poder que tem, as crian\u00e7as da escola Cel. Sebasti\u00e3o Rocha puderam fazer perguntas e dialogar com os agentes de tr\u00e2nsito. A aluna Emanuelly de Andrade gostou muito do teatro e do filme e aprendeu que \u201ca gente tem que andar em cima da cal\u00e7ada, atravessar na faixa e olhar para os dois lados.\u201d A aluna Dienefer C\u00e2mara tamb\u00e9m gostou muito das apresenta\u00e7\u00f5es e ressaltou: \u201caprendi que temos que atravessar na faixa e cuidar o sinal verde.\u201d<\/span><br style=\"\" \/><span style=\"\">\u00a0\u00a0 \u00a0Os agentes de tr\u00e2nsito explicaram para os alunos que a Prefeitura Municipal tamb\u00e9m possui o projeto da Escolinha de Tr\u00e2nsito M\u00f3vel, onde as crian\u00e7as aprendem regrinhas b\u00e1sicas para poderem andar de bicicleta e motoca el\u00e9trica com seguran\u00e7a.<\/span><br style=\"\" \/><span style=\"\">\u00a0\u00a0 \u00a0Segundo a agente Raquel, neste ano tamb\u00e9m haver\u00e1 o 1\u00ba Pr\u00eamio de Educa\u00e7\u00e3o no Tr\u00e2nsito, previsto para o m\u00eas de setembro, com premia\u00e7\u00f5es para os melhores desenhos art\u00edsticos, as melhores frases e os melhores projetos de tr\u00e2nsito. \u201cQueremos premiar as pessoas que j\u00e1 est\u00e3o fazendo esse trabalho e incentivar os outros para que tamb\u00e9m fa\u00e7am.\u201d, salientou. Sobre o projeto Educa\u00e7\u00e3o para o Tr\u00e2nsito completou: \u201cQuando voc\u00ea p\u00e1ra para pensar que morrem milh\u00f5es de pessoas por ano em acidentes de tr\u00e2nsito no mundo todo, voc\u00ea come\u00e7a a ver que precisa fazer alguma coisa. Por isso n\u00f3s queremos promover uma cultura de seguran\u00e7a no tr\u00e2nsito e educar para salvar vidas.\u201d<\/span><br style=\"\" \/><br style=\"\" \/><br style=\"\" \/><span style=\"\">\u00a0\u00a0 \u00a0\u00a0\u00a0\u00a0\u00a0 \u00a0  <\/span><\/p>\n","protected":false},"excerpt":{"rendered":"<p>Escola municipal recebe visita dos Educadores do Tr\u00e2nsito<\/p>\n","protected":false},"author":1,"featured_media":0,"comment_status":"open","ping_status":"open","sticky":false,"template":"","format":"standard","meta":{"footnotes":""},"categories":[],"tags":[],"class_list":["post-326","post","type-post","status-publish","format-standard","hentry"],"yoast_head":"<!-- This site is optimized with the Yoast SEO plugin v23.8 - https:\/\/yoast.com\/wordpress\/plugins\/seo\/ -->\n<title>Escola municipal recebe visita dos Educadores do Tr\u00e2nsito - Secretaria de Seguran\u00e7a P\u00fablica e Transporte<\/title>\n<meta name=\"robots\" content=\"index, follow, max-snippet:-1, max-image-preview:large, max-video-preview:-1\" \/>\n<link rel=\"canonical\" href=\"https:\/\/www.pmpf.rs.gov.br\/secretaria-de-seguranca-publica\/2012\/04\/30\/escola-municipal-recebe-visita-dos-educadores-do-transito-5456\/\" \/>\n<meta property=\"og:locale\" content=\"pt_BR\" \/>\n<meta property=\"og:type\" content=\"article\" \/>\n<meta property=\"og:title\" content=\"Escola municipal recebe visita dos Educadores do Tr\u00e2nsito - Secretaria de Seguran\u00e7a P\u00fablica e Transporte\" \/>\n<meta property=\"og:description\" content=\"Escola municipal recebe visita dos Educadores do Tr\u00e2nsito\" \/>\n<meta property=\"og:url\" content=\"https:\/\/www.pmpf.rs.gov.br\/secretaria-de-seguranca-publica\/2012\/04\/30\/escola-municipal-recebe-visita-dos-educadores-do-transito-5456\/\" \/>\n<meta property=\"og:site_name\" content=\"Secretaria de Seguran\u00e7a P\u00fablica e Transporte\" \/>\n<meta property=\"article:published_time\" content=\"2012-04-30T06:00:00+00:00\" \/>\n<meta name=\"author\" content=\"mosite\" \/>\n<meta name=\"twitter:card\" content=\"summary_large_image\" \/>\n<meta name=\"twitter:label1\" content=\"Escrito por\" \/>\n\t<meta name=\"twitter:data1\" content=\"mosite\" \/>\n\t<meta name=\"twitter:label2\" content=\"Est. tempo de leitura\" \/>\n\t<meta name=\"twitter:data2\" content=\"3 minutos\" \/>\n<script type=\"application\/ld+json\" class=\"yoast-schema-graph\">{\"@context\":\"https:\/\/schema.org\",\"@graph\":[{\"@type\":\"WebPage\",\"@id\":\"https:\/\/www.pmpf.rs.gov.br\/secretaria-de-seguranca-publica\/2012\/04\/30\/escola-municipal-recebe-visita-dos-educadores-do-transito-5456\/\",\"url\":\"https:\/\/www.pmpf.rs.gov.br\/secretaria-de-seguranca-publica\/2012\/04\/30\/escola-municipal-recebe-visita-dos-educadores-do-transito-5456\/\",\"name\":\"Escola municipal recebe visita dos Educadores do Tr\u00e2nsito - Secretaria de Seguran\u00e7a P\u00fablica e Transporte\",\"isPartOf\":{\"@id\":\"https:\/\/www.pmpf.rs.gov.br\/secretaria-de-seguranca-publica\/#website\"},\"datePublished\":\"2012-04-30T06:00:00+00:00\",\"dateModified\":\"2012-04-30T06:00:00+00:00\",\"author\":{\"@id\":\"https:\/\/www.pmpf.rs.gov.br\/secretaria-de-seguranca-publica\/#\/schema\/person\/0c355b0fa68a7aa986c8594f7a60a2d7\"},\"breadcrumb\":{\"@id\":\"https:\/\/www.pmpf.rs.gov.br\/secretaria-de-seguranca-publica\/2012\/04\/30\/escola-municipal-recebe-visita-dos-educadores-do-transito-5456\/#breadcrumb\"},\"inLanguage\":\"pt-BR\",\"potentialAction\":[{\"@type\":\"ReadAction\",\"target\":[\"https:\/\/www.pmpf.rs.gov.br\/secretaria-de-seguranca-publica\/2012\/04\/30\/escola-municipal-recebe-visita-dos-educadores-do-transito-5456\/\"]}]},{\"@type\":\"BreadcrumbList\",\"@id\":\"https:\/\/www.pmpf.rs.gov.br\/secretaria-de-seguranca-publica\/2012\/04\/30\/escola-municipal-recebe-visita-dos-educadores-do-transito-5456\/#breadcrumb\",\"itemListElement\":[{\"@type\":\"ListItem\",\"position\":1,\"name\":\"In\u00edcio\",\"item\":\"https:\/\/www.pmpf.rs.gov.br\/secretaria-de-seguranca-publica\/\"},{\"@type\":\"ListItem\",\"position\":2,\"name\":\"Escola municipal recebe visita dos Educadores do Tr\u00e2nsito\"}]},{\"@type\":\"WebSite\",\"@id\":\"https:\/\/www.pmpf.rs.gov.br\/secretaria-de-seguranca-publica\/#website\",\"url\":\"https:\/\/www.pmpf.rs.gov.br\/secretaria-de-seguranca-publica\/\",\"name\":\"Secretaria de Seguran\u00e7a P\u00fablica e Transporte\",\"description\":\"S\u00f3 mais um site Prefeitura de Passo Fundo\",\"potentialAction\":[{\"@type\":\"SearchAction\",\"target\":{\"@type\":\"EntryPoint\",\"urlTemplate\":\"https:\/\/www.pmpf.rs.gov.br\/secretaria-de-seguranca-publica\/?s={search_term_string}\"},\"query-input\":{\"@type\":\"PropertyValueSpecification\",\"valueRequired\":true,\"valueName\":\"search_term_string\"}}],\"inLanguage\":\"pt-BR\"},{\"@type\":\"Person\",\"@id\":\"https:\/\/www.pmpf.rs.gov.br\/secretaria-de-seguranca-publica\/#\/schema\/person\/0c355b0fa68a7aa986c8594f7a60a2d7\",\"name\":\"mosite\",\"image\":{\"@type\":\"ImageObject\",\"inLanguage\":\"pt-BR\",\"@id\":\"https:\/\/www.pmpf.rs.gov.br\/secretaria-de-seguranca-publica\/#\/schema\/person\/image\/\",\"url\":\"https:\/\/secure.gravatar.com\/avatar\/63d72595d6cecfe12bd8a94829d5a26c?s=96&d=mm&r=g\",\"contentUrl\":\"https:\/\/secure.gravatar.com\/avatar\/63d72595d6cecfe12bd8a94829d5a26c?s=96&d=mm&r=g\",\"caption\":\"mosite\"},\"sameAs\":[\"http:\/\/example.com\"],\"url\":\"https:\/\/www.pmpf.rs.gov.br\/secretaria-de-seguranca-publica\/author\/mosite\/\"}]}<\/script>\n<!-- \/ Yoast SEO plugin. -->","yoast_head_json":{"title":"Escola municipal recebe visita dos Educadores do Tr\u00e2nsito - Secretaria de Seguran\u00e7a P\u00fablica e Transporte","robots":{"index":"index","follow":"follow","max-snippet":"max-snippet:-1","max-image-preview":"max-image-preview:large","max-video-preview":"max-video-preview:-1"},"canonical":"https:\/\/www.pmpf.rs.gov.br\/secretaria-de-seguranca-publica\/2012\/04\/30\/escola-municipal-recebe-visita-dos-educadores-do-transito-5456\/","og_locale":"pt_BR","og_type":"article","og_title":"Escola municipal recebe visita dos Educadores do Tr\u00e2nsito - Secretaria de Seguran\u00e7a P\u00fablica e Transporte","og_description":"Escola municipal recebe visita dos Educadores do Tr\u00e2nsito","og_url":"https:\/\/www.pmpf.rs.gov.br\/secretaria-de-seguranca-publica\/2012\/04\/30\/escola-municipal-recebe-visita-dos-educadores-do-transito-5456\/","og_site_name":"Secretaria de Seguran\u00e7a P\u00fablica e Transporte","article_published_time":"2012-04-30T06:00:00+00:00","author":"mosite","twitter_card":"summary_large_image","twitter_misc":{"Escrito por":"mosite","Est. tempo de leitura":"3 minutos"},"schema":{"@context":"https:\/\/schema.org","@graph":[{"@type":"WebPage","@id":"https:\/\/www.pmpf.rs.gov.br\/secretaria-de-seguranca-publica\/2012\/04\/30\/escola-municipal-recebe-visita-dos-educadores-do-transito-5456\/","url":"https:\/\/www.pmpf.rs.gov.br\/secretaria-de-seguranca-publica\/2012\/04\/30\/escola-municipal-recebe-visita-dos-educadores-do-transito-5456\/","name":"Escola municipal recebe visita dos Educadores do Tr\u00e2nsito - Secretaria de Seguran\u00e7a P\u00fablica e Transporte","isPartOf":{"@id":"https:\/\/www.pmpf.rs.gov.br\/secretaria-de-seguranca-publica\/#website"},"datePublished":"2012-04-30T06:00:00+00:00","dateModified":"2012-04-30T06:00:00+00:00","author":{"@id":"https:\/\/www.pmpf.rs.gov.br\/secretaria-de-seguranca-publica\/#\/schema\/person\/0c355b0fa68a7aa986c8594f7a60a2d7"},"breadcrumb":{"@id":"https:\/\/www.pmpf.rs.gov.br\/secretaria-de-seguranca-publica\/2012\/04\/30\/escola-municipal-recebe-visita-dos-educadores-do-transito-5456\/#breadcrumb"},"inLanguage":"pt-BR","potentialAction":[{"@type":"ReadAction","target":["https:\/\/www.pmpf.rs.gov.br\/secretaria-de-seguranca-publica\/2012\/04\/30\/escola-municipal-recebe-visita-dos-educadores-do-transito-5456\/"]}]},{"@type":"BreadcrumbList","@id":"https:\/\/www.pmpf.rs.gov.br\/secretaria-de-seguranca-publica\/2012\/04\/30\/escola-municipal-recebe-visita-dos-educadores-do-transito-5456\/#breadcrumb","itemListElement":[{"@type":"ListItem","position":1,"name":"In\u00edcio","item":"https:\/\/www.pmpf.rs.gov.br\/secretaria-de-seguranca-publica\/"},{"@type":"ListItem","position":2,"name":"Escola municipal recebe visita dos Educadores do Tr\u00e2nsito"}]},{"@type":"WebSite","@id":"https:\/\/www.pmpf.rs.gov.br\/secretaria-de-seguranca-publica\/#website","url":"https:\/\/www.pmpf.rs.gov.br\/secretaria-de-seguranca-publica\/","name":"Secretaria de Seguran\u00e7a P\u00fablica e Transporte","description":"S\u00f3 mais um site Prefeitura de Passo Fundo","potentialAction":[{"@type":"SearchAction","target":{"@type":"EntryPoint","urlTemplate":"https:\/\/www.pmpf.rs.gov.br\/secretaria-de-seguranca-publica\/?s={search_term_string}"},"query-input":{"@type":"PropertyValueSpecification","valueRequired":true,"valueName":"search_term_string"}}],"inLanguage":"pt-BR"},{"@type":"Person","@id":"https:\/\/www.pmpf.rs.gov.br\/secretaria-de-seguranca-publica\/#\/schema\/person\/0c355b0fa68a7aa986c8594f7a60a2d7","name":"mosite","image":{"@type":"ImageObject","inLanguage":"pt-BR","@id":"https:\/\/www.pmpf.rs.gov.br\/secretaria-de-seguranca-publica\/#\/schema\/person\/image\/","url":"https:\/\/secure.gravatar.com\/avatar\/63d72595d6cecfe12bd8a94829d5a26c?s=96&d=mm&r=g","contentUrl":"https:\/\/secure.gravatar.com\/avatar\/63d72595d6cecfe12bd8a94829d5a26c?s=96&d=mm&r=g","caption":"mosite"},"sameAs":["http:\/\/example.com"],"url":"https:\/\/www.pmpf.rs.gov.br\/secretaria-de-seguranca-publica\/author\/mosite\/"}]}},"_links":{"self":[{"href":"https:\/\/www.pmpf.rs.gov.br\/secretaria-de-seguranca-publica\/wp-json\/wp\/v2\/posts\/326"}],"collection":[{"href":"https:\/\/www.pmpf.rs.gov.br\/secretaria-de-seguranca-publica\/wp-json\/wp\/v2\/posts"}],"about":[{"href":"https:\/\/www.pmpf.rs.gov.br\/secretaria-de-seguranca-publica\/wp-json\/wp\/v2\/types\/post"}],"author":[{"embeddable":true,"href":"https:\/\/www.pmpf.rs.gov.br\/secretaria-de-seguranca-publica\/wp-json\/wp\/v2\/users\/1"}],"replies":[{"embeddable":true,"href":"https:\/\/www.pmpf.rs.gov.br\/secretaria-de-seguranca-publica\/wp-json\/wp\/v2\/comments?post=326"}],"version-history":[{"count":0,"href":"https:\/\/www.pmpf.rs.gov.br\/secretaria-de-seguranca-publica\/wp-json\/wp\/v2\/posts\/326\/revisions"}],"wp:attachment":[{"href":"https:\/\/www.pmpf.rs.gov.br\/secretaria-de-seguranca-publica\/wp-json\/wp\/v2\/media?parent=326"}],"wp:term":[{"taxonomy":"category","embeddable":true,"href":"https:\/\/www.pmpf.rs.gov.br\/secretaria-de-seguranca-publica\/wp-json\/wp\/v2\/categories?post=326"},{"taxonomy":"post_tag","embeddable":true,"href":"https:\/\/www.pmpf.rs.gov.br\/secretaria-de-seguranca-publica\/wp-json\/wp\/v2\/tags?post=326"}],"curies":[{"name":"wp","href":"https:\/\/api.w.org\/{rel}","templated":true}]}}