{"id":280,"date":"2012-03-28T03:00:00","date_gmt":"2012-03-28T06:00:00","guid":{"rendered":"https:\/\/www.pmpf.rs.gov.br\/secretaria-de-seguranca-publica\/2012\/03\/28\/passo-fundo-ja-tem-200-mulheres-da-paz-5317\/"},"modified":"2012-03-28T03:00:00","modified_gmt":"2012-03-28T06:00:00","slug":"passo-fundo-ja-tem-200-mulheres-da-paz-5317","status":"publish","type":"post","link":"https:\/\/www.pmpf.rs.gov.br\/secretaria-de-seguranca-publica\/2012\/03\/28\/passo-fundo-ja-tem-200-mulheres-da-paz-5317\/","title":{"rendered":"Passo Fundo j\u00e1 tem 200 Mulheres da Paz"},"content":{"rendered":"<div style=\"text-align: justify;\"><span style=\"\"><\/span><br style=\"\" \/><span style=\"\">\u00a0\u00a0 \u00a0<\/span><br style=\"\" \/><br style=\"\" \/><span style=\"\">Promover uma cultura de paz nos bairros do munic\u00edpio de Passo Fundo \u00e9 o principal objetivo do Projeto Mulheres da Paz, que foi lan\u00e7ado no final desta quarta-feira na Escola Municipal Daniel Dipp, no bairro Vera Cruz, momento em que a Secretaria de Seguran\u00e7a p\u00fablica apresentou 200 Mulheres da Paz. De acordo com o prefeito Airton Dipp, elas foram selecionadas rigorosamente durante os \u00faltimos meses pela Comiss\u00e3o de Direitos Humanos, e ser\u00e3o respons\u00e1veis por difundirem uma cultura de paz nas regi\u00f5es mais carentes da cidade.<\/span><br style=\"\" \/><span style=\"\">\u00a0\u00a0\u00a0 Dipp explicou que o projeto est\u00e1 sendo implantado de forma gradativa, num processo social que est\u00e1 interagindo com in\u00fameras institui\u00e7\u00f5es sociais do munic\u00edpio, e sendo integrado atrav\u00e9s da Secretaria de Seguran\u00e7a P\u00fablica para alcan\u00e7ar os resultados previstos.<\/span><br style=\"\" \/><span style=\"\">\u00a0\u00a0\u00a0 Coordenado pelo Gabinete de Gest\u00e3o Integrada de Passo Fundo (GGIM), esse projeto faz parte das a\u00e7\u00f5es do Pronasci (Programa Nacional de Seguran\u00e7a com Cidadania), do Governo Federal, atrav\u00e9s do Minist\u00e9rio da Justi\u00e7a, em parceria com o munic\u00edpio.Com dura\u00e7\u00e3o de 15 meses, o projeto \u00e9 destinado \u00e0 preven\u00e7\u00e3o e controle da criminalidade.<\/span><br style=\"\" \/><span style=\"\">\u00a0\u00a0\u00a0 \u201cCom a viv\u00eancia de voc\u00eas poderemos reverter\u00a0 essa situa\u00e7\u00e3o encontrada aqui em nosso munic\u00edpio. Estamos otimistas e vamos conseguir os resultados em um m\u00e9dio e longo prazo\u201d, disse o prefeito Dipp \u00e0s integrantes do projeto.<\/span><br style=\"\" \/><span style=\"\">Atrav\u00e9s de um processo licitat\u00f3rio foi habilitada a Comiss\u00e3o de Direitos Humanos de Passo Fundo para selecionar, capacitar e acompanhar as mulheres do projeto, que ir\u00e3o atuar em quatro regi\u00f5es diferentes da cidade.<\/span><br style=\"\" \/><span style=\"\">\u00a0\u00a0\u00a0 O secret\u00e1rio de Seguran\u00e7a P\u00fablica, M\u00e1rcio Patussi, destacou que as Mulheres da Paz receber\u00e3o, a partir de agora, uma capacita\u00e7\u00e3o de no m\u00ednimo 150 horas envolvendo assuntos como Lei Maria da Penha, Acesso \u00e0 Justi\u00e7a, Media\u00e7\u00e3o de Conflitos, Conhecimentos b\u00e1sicos de Inform\u00e1tica, Direitos Humanos, A\u00e7\u00f5es do PRONASCI e Apoio Psicossocial Coletivo. Ele disse que al\u00e9m da forma\u00e7\u00e3o, as mulheres receber\u00e3o aux\u00edlio financeiro no valor de R$ 190,00, uniforme e material para a capacita\u00e7\u00e3o.<\/span><br style=\"\" \/><span style=\"\">Sobre a responsabilidade delas, ele explicou que elas v\u00e3o identificar aspectos de viol\u00eancia, e logo ap\u00f3s passar essas informa\u00e7\u00f5es as esferas respons\u00e1veis, que v\u00e3o agir objetivando a neutraliza\u00e7\u00e3o do problema. \u201cEstamos felizes em contar com voc\u00eas, que v\u00e3o ajudar muito o poder p\u00fablico a promover a paz em Passo Fundo\u201d.<\/span><br style=\"\" \/><span style=\"\">\u00a0\u00a0\u00a0 As Mulheres da Paz ir\u00e3o atuar em suas comunidades para resgatar e integrar jovens de 15 a 24 anos em projetos culturais, sociais e profissionalizantes.<\/span><br style=\"\" \/><span style=\"\">\u00a0<\/span><\/div>\n","protected":false},"excerpt":{"rendered":"<p>Promover uma cultura de paz nos bairros do munic\u00edpio  \u00e9 o principal objetivo do Projeto Mulheres da Paz, que foi lan\u00e7ado nesta quarta-feira na Escola Municipal Daniel Dipp<\/p>\n","protected":false},"author":1,"featured_media":281,"comment_status":"open","ping_status":"open","sticky":false,"template":"","format":"standard","meta":{"footnotes":""},"categories":[],"tags":[],"class_list":["post-280","post","type-post","status-publish","format-standard","has-post-thumbnail","hentry"],"yoast_head":"<!-- This site is optimized with the Yoast SEO plugin v23.8 - https:\/\/yoast.com\/wordpress\/plugins\/seo\/ -->\n<title>Passo Fundo j\u00e1 tem 200 Mulheres da Paz - Secretaria de Seguran\u00e7a P\u00fablica e Transporte<\/title>\n<meta name=\"robots\" content=\"index, follow, max-snippet:-1, max-image-preview:large, max-video-preview:-1\" \/>\n<link rel=\"canonical\" href=\"https:\/\/www.pmpf.rs.gov.br\/secretaria-de-seguranca-publica\/2012\/03\/28\/passo-fundo-ja-tem-200-mulheres-da-paz-5317\/\" \/>\n<meta property=\"og:locale\" content=\"pt_BR\" \/>\n<meta property=\"og:type\" content=\"article\" \/>\n<meta property=\"og:title\" content=\"Passo Fundo j\u00e1 tem 200 Mulheres da Paz - Secretaria de Seguran\u00e7a P\u00fablica e Transporte\" \/>\n<meta property=\"og:description\" content=\"Promover uma cultura de paz nos bairros do munic\u00edpio \u00e9 o principal objetivo do Projeto Mulheres da Paz, que foi lan\u00e7ado nesta quarta-feira na Escola Municipal Daniel Dipp\" \/>\n<meta property=\"og:url\" content=\"https:\/\/www.pmpf.rs.gov.br\/secretaria-de-seguranca-publica\/2012\/03\/28\/passo-fundo-ja-tem-200-mulheres-da-paz-5317\/\" \/>\n<meta property=\"og:site_name\" content=\"Secretaria de Seguran\u00e7a P\u00fablica e Transporte\" \/>\n<meta property=\"article:published_time\" content=\"2012-03-28T06:00:00+00:00\" \/>\n<meta property=\"og:image\" content=\"https:\/\/www.pmpf.rs.gov.br\/secretaria-de-seguranca-publica\/wp-content\/uploads\/sites\/54\/2021\/12\/I2013-05-07_062745_c8693.jpg\" \/>\n\t<meta property=\"og:image:width\" content=\"640\" \/>\n\t<meta property=\"og:image:height\" content=\"427\" \/>\n\t<meta property=\"og:image:type\" content=\"image\/jpeg\" \/>\n<meta name=\"author\" content=\"mosite\" \/>\n<meta name=\"twitter:card\" content=\"summary_large_image\" \/>\n<meta name=\"twitter:label1\" content=\"Escrito por\" \/>\n\t<meta name=\"twitter:data1\" content=\"mosite\" \/>\n\t<meta name=\"twitter:label2\" content=\"Est. tempo de leitura\" \/>\n\t<meta name=\"twitter:data2\" content=\"2 minutos\" \/>\n<script type=\"application\/ld+json\" class=\"yoast-schema-graph\">{\"@context\":\"https:\/\/schema.org\",\"@graph\":[{\"@type\":\"WebPage\",\"@id\":\"https:\/\/www.pmpf.rs.gov.br\/secretaria-de-seguranca-publica\/2012\/03\/28\/passo-fundo-ja-tem-200-mulheres-da-paz-5317\/\",\"url\":\"https:\/\/www.pmpf.rs.gov.br\/secretaria-de-seguranca-publica\/2012\/03\/28\/passo-fundo-ja-tem-200-mulheres-da-paz-5317\/\",\"name\":\"Passo Fundo j\u00e1 tem 200 Mulheres da Paz - Secretaria de Seguran\u00e7a P\u00fablica e Transporte\",\"isPartOf\":{\"@id\":\"https:\/\/www.pmpf.rs.gov.br\/secretaria-de-seguranca-publica\/#website\"},\"primaryImageOfPage\":{\"@id\":\"https:\/\/www.pmpf.rs.gov.br\/secretaria-de-seguranca-publica\/2012\/03\/28\/passo-fundo-ja-tem-200-mulheres-da-paz-5317\/#primaryimage\"},\"image\":{\"@id\":\"https:\/\/www.pmpf.rs.gov.br\/secretaria-de-seguranca-publica\/2012\/03\/28\/passo-fundo-ja-tem-200-mulheres-da-paz-5317\/#primaryimage\"},\"thumbnailUrl\":\"https:\/\/www.pmpf.rs.gov.br\/secretaria-de-seguranca-publica\/wp-content\/uploads\/sites\/54\/2021\/12\/I2013-05-07_062745_c8693.jpg\",\"datePublished\":\"2012-03-28T06:00:00+00:00\",\"dateModified\":\"2012-03-28T06:00:00+00:00\",\"author\":{\"@id\":\"https:\/\/www.pmpf.rs.gov.br\/secretaria-de-seguranca-publica\/#\/schema\/person\/0c355b0fa68a7aa986c8594f7a60a2d7\"},\"breadcrumb\":{\"@id\":\"https:\/\/www.pmpf.rs.gov.br\/secretaria-de-seguranca-publica\/2012\/03\/28\/passo-fundo-ja-tem-200-mulheres-da-paz-5317\/#breadcrumb\"},\"inLanguage\":\"pt-BR\",\"potentialAction\":[{\"@type\":\"ReadAction\",\"target\":[\"https:\/\/www.pmpf.rs.gov.br\/secretaria-de-seguranca-publica\/2012\/03\/28\/passo-fundo-ja-tem-200-mulheres-da-paz-5317\/\"]}]},{\"@type\":\"ImageObject\",\"inLanguage\":\"pt-BR\",\"@id\":\"https:\/\/www.pmpf.rs.gov.br\/secretaria-de-seguranca-publica\/2012\/03\/28\/passo-fundo-ja-tem-200-mulheres-da-paz-5317\/#primaryimage\",\"url\":\"https:\/\/www.pmpf.rs.gov.br\/secretaria-de-seguranca-publica\/wp-content\/uploads\/sites\/54\/2021\/12\/I2013-05-07_062745_c8693.jpg\",\"contentUrl\":\"https:\/\/www.pmpf.rs.gov.br\/secretaria-de-seguranca-publica\/wp-content\/uploads\/sites\/54\/2021\/12\/I2013-05-07_062745_c8693.jpg\",\"width\":640,\"height\":427},{\"@type\":\"BreadcrumbList\",\"@id\":\"https:\/\/www.pmpf.rs.gov.br\/secretaria-de-seguranca-publica\/2012\/03\/28\/passo-fundo-ja-tem-200-mulheres-da-paz-5317\/#breadcrumb\",\"itemListElement\":[{\"@type\":\"ListItem\",\"position\":1,\"name\":\"In\u00edcio\",\"item\":\"https:\/\/www.pmpf.rs.gov.br\/secretaria-de-seguranca-publica\/\"},{\"@type\":\"ListItem\",\"position\":2,\"name\":\"Passo Fundo j\u00e1 tem 200 Mulheres da Paz\"}]},{\"@type\":\"WebSite\",\"@id\":\"https:\/\/www.pmpf.rs.gov.br\/secretaria-de-seguranca-publica\/#website\",\"url\":\"https:\/\/www.pmpf.rs.gov.br\/secretaria-de-seguranca-publica\/\",\"name\":\"Secretaria de Seguran\u00e7a P\u00fablica e Transporte\",\"description\":\"S\u00f3 mais um site Prefeitura de Passo Fundo\",\"potentialAction\":[{\"@type\":\"SearchAction\",\"target\":{\"@type\":\"EntryPoint\",\"urlTemplate\":\"https:\/\/www.pmpf.rs.gov.br\/secretaria-de-seguranca-publica\/?s={search_term_string}\"},\"query-input\":{\"@type\":\"PropertyValueSpecification\",\"valueRequired\":true,\"valueName\":\"search_term_string\"}}],\"inLanguage\":\"pt-BR\"},{\"@type\":\"Person\",\"@id\":\"https:\/\/www.pmpf.rs.gov.br\/secretaria-de-seguranca-publica\/#\/schema\/person\/0c355b0fa68a7aa986c8594f7a60a2d7\",\"name\":\"mosite\",\"image\":{\"@type\":\"ImageObject\",\"inLanguage\":\"pt-BR\",\"@id\":\"https:\/\/www.pmpf.rs.gov.br\/secretaria-de-seguranca-publica\/#\/schema\/person\/image\/\",\"url\":\"https:\/\/secure.gravatar.com\/avatar\/63d72595d6cecfe12bd8a94829d5a26c?s=96&d=mm&r=g\",\"contentUrl\":\"https:\/\/secure.gravatar.com\/avatar\/63d72595d6cecfe12bd8a94829d5a26c?s=96&d=mm&r=g\",\"caption\":\"mosite\"},\"sameAs\":[\"http:\/\/example.com\"],\"url\":\"https:\/\/www.pmpf.rs.gov.br\/secretaria-de-seguranca-publica\/author\/mosite\/\"}]}<\/script>\n<!-- \/ Yoast SEO plugin. -->","yoast_head_json":{"title":"Passo Fundo j\u00e1 tem 200 Mulheres da Paz - Secretaria de Seguran\u00e7a P\u00fablica e Transporte","robots":{"index":"index","follow":"follow","max-snippet":"max-snippet:-1","max-image-preview":"max-image-preview:large","max-video-preview":"max-video-preview:-1"},"canonical":"https:\/\/www.pmpf.rs.gov.br\/secretaria-de-seguranca-publica\/2012\/03\/28\/passo-fundo-ja-tem-200-mulheres-da-paz-5317\/","og_locale":"pt_BR","og_type":"article","og_title":"Passo Fundo j\u00e1 tem 200 Mulheres da Paz - Secretaria de Seguran\u00e7a P\u00fablica e Transporte","og_description":"Promover uma cultura de paz nos bairros do munic\u00edpio \u00e9 o principal objetivo do Projeto Mulheres da Paz, que foi lan\u00e7ado nesta quarta-feira na Escola Municipal Daniel Dipp","og_url":"https:\/\/www.pmpf.rs.gov.br\/secretaria-de-seguranca-publica\/2012\/03\/28\/passo-fundo-ja-tem-200-mulheres-da-paz-5317\/","og_site_name":"Secretaria de Seguran\u00e7a P\u00fablica e Transporte","article_published_time":"2012-03-28T06:00:00+00:00","og_image":[{"width":640,"height":427,"url":"https:\/\/www.pmpf.rs.gov.br\/secretaria-de-seguranca-publica\/wp-content\/uploads\/sites\/54\/2021\/12\/I2013-05-07_062745_c8693.jpg","type":"image\/jpeg"}],"author":"mosite","twitter_card":"summary_large_image","twitter_misc":{"Escrito por":"mosite","Est. tempo de leitura":"2 minutos"},"schema":{"@context":"https:\/\/schema.org","@graph":[{"@type":"WebPage","@id":"https:\/\/www.pmpf.rs.gov.br\/secretaria-de-seguranca-publica\/2012\/03\/28\/passo-fundo-ja-tem-200-mulheres-da-paz-5317\/","url":"https:\/\/www.pmpf.rs.gov.br\/secretaria-de-seguranca-publica\/2012\/03\/28\/passo-fundo-ja-tem-200-mulheres-da-paz-5317\/","name":"Passo Fundo j\u00e1 tem 200 Mulheres da Paz - Secretaria de Seguran\u00e7a P\u00fablica e Transporte","isPartOf":{"@id":"https:\/\/www.pmpf.rs.gov.br\/secretaria-de-seguranca-publica\/#website"},"primaryImageOfPage":{"@id":"https:\/\/www.pmpf.rs.gov.br\/secretaria-de-seguranca-publica\/2012\/03\/28\/passo-fundo-ja-tem-200-mulheres-da-paz-5317\/#primaryimage"},"image":{"@id":"https:\/\/www.pmpf.rs.gov.br\/secretaria-de-seguranca-publica\/2012\/03\/28\/passo-fundo-ja-tem-200-mulheres-da-paz-5317\/#primaryimage"},"thumbnailUrl":"https:\/\/www.pmpf.rs.gov.br\/secretaria-de-seguranca-publica\/wp-content\/uploads\/sites\/54\/2021\/12\/I2013-05-07_062745_c8693.jpg","datePublished":"2012-03-28T06:00:00+00:00","dateModified":"2012-03-28T06:00:00+00:00","author":{"@id":"https:\/\/www.pmpf.rs.gov.br\/secretaria-de-seguranca-publica\/#\/schema\/person\/0c355b0fa68a7aa986c8594f7a60a2d7"},"breadcrumb":{"@id":"https:\/\/www.pmpf.rs.gov.br\/secretaria-de-seguranca-publica\/2012\/03\/28\/passo-fundo-ja-tem-200-mulheres-da-paz-5317\/#breadcrumb"},"inLanguage":"pt-BR","potentialAction":[{"@type":"ReadAction","target":["https:\/\/www.pmpf.rs.gov.br\/secretaria-de-seguranca-publica\/2012\/03\/28\/passo-fundo-ja-tem-200-mulheres-da-paz-5317\/"]}]},{"@type":"ImageObject","inLanguage":"pt-BR","@id":"https:\/\/www.pmpf.rs.gov.br\/secretaria-de-seguranca-publica\/2012\/03\/28\/passo-fundo-ja-tem-200-mulheres-da-paz-5317\/#primaryimage","url":"https:\/\/www.pmpf.rs.gov.br\/secretaria-de-seguranca-publica\/wp-content\/uploads\/sites\/54\/2021\/12\/I2013-05-07_062745_c8693.jpg","contentUrl":"https:\/\/www.pmpf.rs.gov.br\/secretaria-de-seguranca-publica\/wp-content\/uploads\/sites\/54\/2021\/12\/I2013-05-07_062745_c8693.jpg","width":640,"height":427},{"@type":"BreadcrumbList","@id":"https:\/\/www.pmpf.rs.gov.br\/secretaria-de-seguranca-publica\/2012\/03\/28\/passo-fundo-ja-tem-200-mulheres-da-paz-5317\/#breadcrumb","itemListElement":[{"@type":"ListItem","position":1,"name":"In\u00edcio","item":"https:\/\/www.pmpf.rs.gov.br\/secretaria-de-seguranca-publica\/"},{"@type":"ListItem","position":2,"name":"Passo Fundo j\u00e1 tem 200 Mulheres da Paz"}]},{"@type":"WebSite","@id":"https:\/\/www.pmpf.rs.gov.br\/secretaria-de-seguranca-publica\/#website","url":"https:\/\/www.pmpf.rs.gov.br\/secretaria-de-seguranca-publica\/","name":"Secretaria de Seguran\u00e7a P\u00fablica e Transporte","description":"S\u00f3 mais um site Prefeitura de Passo Fundo","potentialAction":[{"@type":"SearchAction","target":{"@type":"EntryPoint","urlTemplate":"https:\/\/www.pmpf.rs.gov.br\/secretaria-de-seguranca-publica\/?s={search_term_string}"},"query-input":{"@type":"PropertyValueSpecification","valueRequired":true,"valueName":"search_term_string"}}],"inLanguage":"pt-BR"},{"@type":"Person","@id":"https:\/\/www.pmpf.rs.gov.br\/secretaria-de-seguranca-publica\/#\/schema\/person\/0c355b0fa68a7aa986c8594f7a60a2d7","name":"mosite","image":{"@type":"ImageObject","inLanguage":"pt-BR","@id":"https:\/\/www.pmpf.rs.gov.br\/secretaria-de-seguranca-publica\/#\/schema\/person\/image\/","url":"https:\/\/secure.gravatar.com\/avatar\/63d72595d6cecfe12bd8a94829d5a26c?s=96&d=mm&r=g","contentUrl":"https:\/\/secure.gravatar.com\/avatar\/63d72595d6cecfe12bd8a94829d5a26c?s=96&d=mm&r=g","caption":"mosite"},"sameAs":["http:\/\/example.com"],"url":"https:\/\/www.pmpf.rs.gov.br\/secretaria-de-seguranca-publica\/author\/mosite\/"}]}},"_links":{"self":[{"href":"https:\/\/www.pmpf.rs.gov.br\/secretaria-de-seguranca-publica\/wp-json\/wp\/v2\/posts\/280"}],"collection":[{"href":"https:\/\/www.pmpf.rs.gov.br\/secretaria-de-seguranca-publica\/wp-json\/wp\/v2\/posts"}],"about":[{"href":"https:\/\/www.pmpf.rs.gov.br\/secretaria-de-seguranca-publica\/wp-json\/wp\/v2\/types\/post"}],"author":[{"embeddable":true,"href":"https:\/\/www.pmpf.rs.gov.br\/secretaria-de-seguranca-publica\/wp-json\/wp\/v2\/users\/1"}],"replies":[{"embeddable":true,"href":"https:\/\/www.pmpf.rs.gov.br\/secretaria-de-seguranca-publica\/wp-json\/wp\/v2\/comments?post=280"}],"version-history":[{"count":0,"href":"https:\/\/www.pmpf.rs.gov.br\/secretaria-de-seguranca-publica\/wp-json\/wp\/v2\/posts\/280\/revisions"}],"wp:featuredmedia":[{"embeddable":true,"href":"https:\/\/www.pmpf.rs.gov.br\/secretaria-de-seguranca-publica\/wp-json\/wp\/v2\/media\/281"}],"wp:attachment":[{"href":"https:\/\/www.pmpf.rs.gov.br\/secretaria-de-seguranca-publica\/wp-json\/wp\/v2\/media?parent=280"}],"wp:term":[{"taxonomy":"category","embeddable":true,"href":"https:\/\/www.pmpf.rs.gov.br\/secretaria-de-seguranca-publica\/wp-json\/wp\/v2\/categories?post=280"},{"taxonomy":"post_tag","embeddable":true,"href":"https:\/\/www.pmpf.rs.gov.br\/secretaria-de-seguranca-publica\/wp-json\/wp\/v2\/tags?post=280"}],"curies":[{"name":"wp","href":"https:\/\/api.w.org\/{rel}","templated":true}]}}