{"id":269,"date":"2012-03-30T03:00:00","date_gmt":"2012-03-30T06:00:00","guid":{"rendered":"https:\/\/www.pmpf.rs.gov.br\/secretaria-de-seguranca-publica\/2012\/03\/30\/sala-de-videomonitoramento-e-viaturas-foram-entregues-nesta-sexta-5418\/"},"modified":"2012-03-30T03:00:00","modified_gmt":"2012-03-30T06:00:00","slug":"sala-de-videomonitoramento-e-viaturas-foram-entregues-nesta-sexta-5418","status":"publish","type":"post","link":"https:\/\/www.pmpf.rs.gov.br\/secretaria-de-seguranca-publica\/2012\/03\/30\/sala-de-videomonitoramento-e-viaturas-foram-entregues-nesta-sexta-5418\/","title":{"rendered":"Sala de videomonitoramento e viaturas foram entregues nesta sexta"},"content":{"rendered":"<div style=\"text-align: justify;\">\u00a0\u00a0\u00a0 Nova sala de videomonitoramento, duas viaturas e oito motocicletas foram entregues nesta manh\u00e3 de sexta-feira, 30, para auxiliar na seguran\u00e7a da comunidade passo-fundense. Em funcionamento as novas 20 c\u00e2meras instaladas em fevereiro, atrav\u00e9s de conv\u00eanio firmado entre o Governo Federal e Munic\u00edpio, ampliou o sistema somando 28 equipamentos com lentes de longo alcance que permitem acompanhar movimentos constantes. A transmiss\u00e3o acontece por fibra \u00f3tica e via r\u00e1dio e o controle \u00e9 feito na sala instalada junto ao 3\u00ba RPMon.<br \/>\u00a0\u00a0 \u00a0As duas viaturas e as oito motos, fazem parte do Programa RS da Paz, do Governo Estadual, implantado em duas regi\u00f5es de Passo Fundo, Bairro Jos\u00e9 Alexandre Zachia e Integra\u00e7\u00e3o, com a\u00e7\u00e3o policial intensificada e qualificada para o combate ao crime. Visando o controle preventivo da viol\u00eancia e a conviv\u00eancia pac\u00edfica nas comunidades, a\u00e7\u00f5es foram apresentadas, dentre elas o policiamento comunit\u00e1rio. A entrega foi feita pelo secret\u00e1rio de seguran\u00e7a do Estado, Airton Michels, que destacou a import\u00e2ncia do policiamento comunit\u00e1rio e as a\u00e7\u00f5es de controle da criminalidade.<br \/>\u00a0\u00a0 \u00a0O Prefeito Municipal, Airton Dipp ressaltou os investimentos do PRONASCI \u2013 Programa Nacional de Seguran\u00e7a com Cidadania.\u201cEst\u00e3o aqui presentes, o Governo Federal, \u00f3rg\u00e3os de seguran\u00e7a do Estado e Prefeitura Municipal interagindo de forma preventiva e atuando na seguran\u00e7a da popula\u00e7\u00e3o\u201d, afirmou. Ainda parabenizou o secret\u00e1rio de seguran\u00e7a, M\u00e1rcio Patussi pelos avan\u00e7os no setor.<br \/>\u00a0\u00a0 \u00a0Ap\u00f3s os pronunciamentos, toda comunidade presente conheceu a nova sala de videomonitoramento, onde foi feito o descerramento da placa.<br \/>Estiveram no ato de entrega o Vice-prefeito, Rene Cecconello, secret\u00e1rio de interior, Gilberto Simor, secret\u00e1ria de educa\u00e7\u00e3o, Vera Vieira e a secret\u00e1ria de transportes e servi\u00e7os gerais, Mariniza dos Santos. <\/div>\n<figure id=\"attachment_2305\" aria-describedby=\"caption-attachment-2305\" style=\"width: 360px\" class=\"wp-caption alignleft\"><img decoding=\"async\" class=\"wp-image-2305 size-medium\" src=\"https:\/\/www.pmpf.rs.gov.br\/secretaria-de-seguranca-publica\/wp-content\/uploads\/sites\/54\/2021\/12\/I2013-05-07_062746_c8697.jpg\" alt=\"Motos ser\u00e3o usadas para policiamento comunit\u00e1rio\" width=\"360\" \/><figcaption id=\"caption-attachment-2305\" class=\"wp-caption-text\">Foto: EMANUELLE FAREZIN<\/figcaption><\/figure>\n","protected":false},"excerpt":{"rendered":"<p>Nova sala de videomonitoramento, duas viaturas e oito motocicletas foram entregues nesta manh\u00e3 de sexta-feira, 30, para auxiliar na seguran\u00e7a da comunidade passo-fundense.<\/p>\n","protected":false},"author":1,"featured_media":271,"comment_status":"open","ping_status":"open","sticky":false,"template":"","format":"standard","meta":{"footnotes":""},"categories":[],"tags":[],"class_list":["post-269","post","type-post","status-publish","format-standard","has-post-thumbnail","hentry"],"yoast_head":"<!-- This site is optimized with the Yoast SEO plugin v23.8 - https:\/\/yoast.com\/wordpress\/plugins\/seo\/ -->\n<title>Sala de videomonitoramento e viaturas foram entregues nesta sexta - Secretaria de Seguran\u00e7a P\u00fablica e Transporte<\/title>\n<meta name=\"robots\" content=\"index, follow, max-snippet:-1, max-image-preview:large, max-video-preview:-1\" \/>\n<link rel=\"canonical\" href=\"https:\/\/www.pmpf.rs.gov.br\/secretaria-de-seguranca-publica\/2012\/03\/30\/sala-de-videomonitoramento-e-viaturas-foram-entregues-nesta-sexta-5418\/\" \/>\n<meta property=\"og:locale\" content=\"pt_BR\" \/>\n<meta property=\"og:type\" content=\"article\" \/>\n<meta property=\"og:title\" content=\"Sala de videomonitoramento e viaturas foram entregues nesta sexta - Secretaria de Seguran\u00e7a P\u00fablica e Transporte\" \/>\n<meta property=\"og:description\" content=\"Nova sala de videomonitoramento, duas viaturas e oito motocicletas foram entregues nesta manh\u00e3 de sexta-feira, 30, para auxiliar na seguran\u00e7a da comunidade passo-fundense.\" \/>\n<meta property=\"og:url\" content=\"https:\/\/www.pmpf.rs.gov.br\/secretaria-de-seguranca-publica\/2012\/03\/30\/sala-de-videomonitoramento-e-viaturas-foram-entregues-nesta-sexta-5418\/\" \/>\n<meta property=\"og:site_name\" content=\"Secretaria de Seguran\u00e7a P\u00fablica e Transporte\" \/>\n<meta property=\"article:published_time\" content=\"2012-03-30T06:00:00+00:00\" \/>\n<meta property=\"og:image\" content=\"https:\/\/www.pmpf.rs.gov.br\/secretaria-de-seguranca-publica\/wp-content\/uploads\/sites\/54\/2021\/12\/I2013-05-07_062746_c8696.jpg\" \/>\n\t<meta property=\"og:image:width\" content=\"640\" \/>\n\t<meta property=\"og:image:height\" content=\"480\" \/>\n\t<meta property=\"og:image:type\" content=\"image\/jpeg\" \/>\n<meta name=\"author\" content=\"mosite\" \/>\n<meta name=\"twitter:card\" content=\"summary_large_image\" \/>\n<meta name=\"twitter:label1\" content=\"Escrito por\" \/>\n\t<meta name=\"twitter:data1\" content=\"mosite\" \/>\n\t<meta name=\"twitter:label2\" content=\"Est. tempo de leitura\" \/>\n\t<meta name=\"twitter:data2\" content=\"2 minutos\" \/>\n<script type=\"application\/ld+json\" class=\"yoast-schema-graph\">{\"@context\":\"https:\/\/schema.org\",\"@graph\":[{\"@type\":\"WebPage\",\"@id\":\"https:\/\/www.pmpf.rs.gov.br\/secretaria-de-seguranca-publica\/2012\/03\/30\/sala-de-videomonitoramento-e-viaturas-foram-entregues-nesta-sexta-5418\/\",\"url\":\"https:\/\/www.pmpf.rs.gov.br\/secretaria-de-seguranca-publica\/2012\/03\/30\/sala-de-videomonitoramento-e-viaturas-foram-entregues-nesta-sexta-5418\/\",\"name\":\"Sala de videomonitoramento e viaturas foram entregues nesta sexta - Secretaria de Seguran\u00e7a P\u00fablica e Transporte\",\"isPartOf\":{\"@id\":\"https:\/\/www.pmpf.rs.gov.br\/secretaria-de-seguranca-publica\/#website\"},\"primaryImageOfPage\":{\"@id\":\"https:\/\/www.pmpf.rs.gov.br\/secretaria-de-seguranca-publica\/2012\/03\/30\/sala-de-videomonitoramento-e-viaturas-foram-entregues-nesta-sexta-5418\/#primaryimage\"},\"image\":{\"@id\":\"https:\/\/www.pmpf.rs.gov.br\/secretaria-de-seguranca-publica\/2012\/03\/30\/sala-de-videomonitoramento-e-viaturas-foram-entregues-nesta-sexta-5418\/#primaryimage\"},\"thumbnailUrl\":\"https:\/\/www.pmpf.rs.gov.br\/secretaria-de-seguranca-publica\/wp-content\/uploads\/sites\/54\/2021\/12\/I2013-05-07_062746_c8696.jpg\",\"datePublished\":\"2012-03-30T06:00:00+00:00\",\"dateModified\":\"2012-03-30T06:00:00+00:00\",\"author\":{\"@id\":\"https:\/\/www.pmpf.rs.gov.br\/secretaria-de-seguranca-publica\/#\/schema\/person\/0c355b0fa68a7aa986c8594f7a60a2d7\"},\"breadcrumb\":{\"@id\":\"https:\/\/www.pmpf.rs.gov.br\/secretaria-de-seguranca-publica\/2012\/03\/30\/sala-de-videomonitoramento-e-viaturas-foram-entregues-nesta-sexta-5418\/#breadcrumb\"},\"inLanguage\":\"pt-BR\",\"potentialAction\":[{\"@type\":\"ReadAction\",\"target\":[\"https:\/\/www.pmpf.rs.gov.br\/secretaria-de-seguranca-publica\/2012\/03\/30\/sala-de-videomonitoramento-e-viaturas-foram-entregues-nesta-sexta-5418\/\"]}]},{\"@type\":\"ImageObject\",\"inLanguage\":\"pt-BR\",\"@id\":\"https:\/\/www.pmpf.rs.gov.br\/secretaria-de-seguranca-publica\/2012\/03\/30\/sala-de-videomonitoramento-e-viaturas-foram-entregues-nesta-sexta-5418\/#primaryimage\",\"url\":\"https:\/\/www.pmpf.rs.gov.br\/secretaria-de-seguranca-publica\/wp-content\/uploads\/sites\/54\/2021\/12\/I2013-05-07_062746_c8696.jpg\",\"contentUrl\":\"https:\/\/www.pmpf.rs.gov.br\/secretaria-de-seguranca-publica\/wp-content\/uploads\/sites\/54\/2021\/12\/I2013-05-07_062746_c8696.jpg\",\"width\":640,\"height\":480},{\"@type\":\"BreadcrumbList\",\"@id\":\"https:\/\/www.pmpf.rs.gov.br\/secretaria-de-seguranca-publica\/2012\/03\/30\/sala-de-videomonitoramento-e-viaturas-foram-entregues-nesta-sexta-5418\/#breadcrumb\",\"itemListElement\":[{\"@type\":\"ListItem\",\"position\":1,\"name\":\"In\u00edcio\",\"item\":\"https:\/\/www.pmpf.rs.gov.br\/secretaria-de-seguranca-publica\/\"},{\"@type\":\"ListItem\",\"position\":2,\"name\":\"Sala de videomonitoramento e viaturas foram entregues nesta sexta\"}]},{\"@type\":\"WebSite\",\"@id\":\"https:\/\/www.pmpf.rs.gov.br\/secretaria-de-seguranca-publica\/#website\",\"url\":\"https:\/\/www.pmpf.rs.gov.br\/secretaria-de-seguranca-publica\/\",\"name\":\"Secretaria de Seguran\u00e7a P\u00fablica e Transporte\",\"description\":\"S\u00f3 mais um site Prefeitura de Passo Fundo\",\"potentialAction\":[{\"@type\":\"SearchAction\",\"target\":{\"@type\":\"EntryPoint\",\"urlTemplate\":\"https:\/\/www.pmpf.rs.gov.br\/secretaria-de-seguranca-publica\/?s={search_term_string}\"},\"query-input\":{\"@type\":\"PropertyValueSpecification\",\"valueRequired\":true,\"valueName\":\"search_term_string\"}}],\"inLanguage\":\"pt-BR\"},{\"@type\":\"Person\",\"@id\":\"https:\/\/www.pmpf.rs.gov.br\/secretaria-de-seguranca-publica\/#\/schema\/person\/0c355b0fa68a7aa986c8594f7a60a2d7\",\"name\":\"mosite\",\"image\":{\"@type\":\"ImageObject\",\"inLanguage\":\"pt-BR\",\"@id\":\"https:\/\/www.pmpf.rs.gov.br\/secretaria-de-seguranca-publica\/#\/schema\/person\/image\/\",\"url\":\"https:\/\/secure.gravatar.com\/avatar\/63d72595d6cecfe12bd8a94829d5a26c?s=96&d=mm&r=g\",\"contentUrl\":\"https:\/\/secure.gravatar.com\/avatar\/63d72595d6cecfe12bd8a94829d5a26c?s=96&d=mm&r=g\",\"caption\":\"mosite\"},\"sameAs\":[\"http:\/\/example.com\"],\"url\":\"https:\/\/www.pmpf.rs.gov.br\/secretaria-de-seguranca-publica\/author\/mosite\/\"}]}<\/script>\n<!-- \/ Yoast SEO plugin. -->","yoast_head_json":{"title":"Sala de videomonitoramento e viaturas foram entregues nesta sexta - Secretaria de Seguran\u00e7a P\u00fablica e Transporte","robots":{"index":"index","follow":"follow","max-snippet":"max-snippet:-1","max-image-preview":"max-image-preview:large","max-video-preview":"max-video-preview:-1"},"canonical":"https:\/\/www.pmpf.rs.gov.br\/secretaria-de-seguranca-publica\/2012\/03\/30\/sala-de-videomonitoramento-e-viaturas-foram-entregues-nesta-sexta-5418\/","og_locale":"pt_BR","og_type":"article","og_title":"Sala de videomonitoramento e viaturas foram entregues nesta sexta - Secretaria de Seguran\u00e7a P\u00fablica e Transporte","og_description":"Nova sala de videomonitoramento, duas viaturas e oito motocicletas foram entregues nesta manh\u00e3 de sexta-feira, 30, para auxiliar na seguran\u00e7a da comunidade passo-fundense.","og_url":"https:\/\/www.pmpf.rs.gov.br\/secretaria-de-seguranca-publica\/2012\/03\/30\/sala-de-videomonitoramento-e-viaturas-foram-entregues-nesta-sexta-5418\/","og_site_name":"Secretaria de Seguran\u00e7a P\u00fablica e Transporte","article_published_time":"2012-03-30T06:00:00+00:00","og_image":[{"width":640,"height":480,"url":"https:\/\/www.pmpf.rs.gov.br\/secretaria-de-seguranca-publica\/wp-content\/uploads\/sites\/54\/2021\/12\/I2013-05-07_062746_c8696.jpg","type":"image\/jpeg"}],"author":"mosite","twitter_card":"summary_large_image","twitter_misc":{"Escrito por":"mosite","Est. tempo de leitura":"2 minutos"},"schema":{"@context":"https:\/\/schema.org","@graph":[{"@type":"WebPage","@id":"https:\/\/www.pmpf.rs.gov.br\/secretaria-de-seguranca-publica\/2012\/03\/30\/sala-de-videomonitoramento-e-viaturas-foram-entregues-nesta-sexta-5418\/","url":"https:\/\/www.pmpf.rs.gov.br\/secretaria-de-seguranca-publica\/2012\/03\/30\/sala-de-videomonitoramento-e-viaturas-foram-entregues-nesta-sexta-5418\/","name":"Sala de videomonitoramento e viaturas foram entregues nesta sexta - Secretaria de Seguran\u00e7a P\u00fablica e Transporte","isPartOf":{"@id":"https:\/\/www.pmpf.rs.gov.br\/secretaria-de-seguranca-publica\/#website"},"primaryImageOfPage":{"@id":"https:\/\/www.pmpf.rs.gov.br\/secretaria-de-seguranca-publica\/2012\/03\/30\/sala-de-videomonitoramento-e-viaturas-foram-entregues-nesta-sexta-5418\/#primaryimage"},"image":{"@id":"https:\/\/www.pmpf.rs.gov.br\/secretaria-de-seguranca-publica\/2012\/03\/30\/sala-de-videomonitoramento-e-viaturas-foram-entregues-nesta-sexta-5418\/#primaryimage"},"thumbnailUrl":"https:\/\/www.pmpf.rs.gov.br\/secretaria-de-seguranca-publica\/wp-content\/uploads\/sites\/54\/2021\/12\/I2013-05-07_062746_c8696.jpg","datePublished":"2012-03-30T06:00:00+00:00","dateModified":"2012-03-30T06:00:00+00:00","author":{"@id":"https:\/\/www.pmpf.rs.gov.br\/secretaria-de-seguranca-publica\/#\/schema\/person\/0c355b0fa68a7aa986c8594f7a60a2d7"},"breadcrumb":{"@id":"https:\/\/www.pmpf.rs.gov.br\/secretaria-de-seguranca-publica\/2012\/03\/30\/sala-de-videomonitoramento-e-viaturas-foram-entregues-nesta-sexta-5418\/#breadcrumb"},"inLanguage":"pt-BR","potentialAction":[{"@type":"ReadAction","target":["https:\/\/www.pmpf.rs.gov.br\/secretaria-de-seguranca-publica\/2012\/03\/30\/sala-de-videomonitoramento-e-viaturas-foram-entregues-nesta-sexta-5418\/"]}]},{"@type":"ImageObject","inLanguage":"pt-BR","@id":"https:\/\/www.pmpf.rs.gov.br\/secretaria-de-seguranca-publica\/2012\/03\/30\/sala-de-videomonitoramento-e-viaturas-foram-entregues-nesta-sexta-5418\/#primaryimage","url":"https:\/\/www.pmpf.rs.gov.br\/secretaria-de-seguranca-publica\/wp-content\/uploads\/sites\/54\/2021\/12\/I2013-05-07_062746_c8696.jpg","contentUrl":"https:\/\/www.pmpf.rs.gov.br\/secretaria-de-seguranca-publica\/wp-content\/uploads\/sites\/54\/2021\/12\/I2013-05-07_062746_c8696.jpg","width":640,"height":480},{"@type":"BreadcrumbList","@id":"https:\/\/www.pmpf.rs.gov.br\/secretaria-de-seguranca-publica\/2012\/03\/30\/sala-de-videomonitoramento-e-viaturas-foram-entregues-nesta-sexta-5418\/#breadcrumb","itemListElement":[{"@type":"ListItem","position":1,"name":"In\u00edcio","item":"https:\/\/www.pmpf.rs.gov.br\/secretaria-de-seguranca-publica\/"},{"@type":"ListItem","position":2,"name":"Sala de videomonitoramento e viaturas foram entregues nesta sexta"}]},{"@type":"WebSite","@id":"https:\/\/www.pmpf.rs.gov.br\/secretaria-de-seguranca-publica\/#website","url":"https:\/\/www.pmpf.rs.gov.br\/secretaria-de-seguranca-publica\/","name":"Secretaria de Seguran\u00e7a P\u00fablica e Transporte","description":"S\u00f3 mais um site Prefeitura de Passo Fundo","potentialAction":[{"@type":"SearchAction","target":{"@type":"EntryPoint","urlTemplate":"https:\/\/www.pmpf.rs.gov.br\/secretaria-de-seguranca-publica\/?s={search_term_string}"},"query-input":{"@type":"PropertyValueSpecification","valueRequired":true,"valueName":"search_term_string"}}],"inLanguage":"pt-BR"},{"@type":"Person","@id":"https:\/\/www.pmpf.rs.gov.br\/secretaria-de-seguranca-publica\/#\/schema\/person\/0c355b0fa68a7aa986c8594f7a60a2d7","name":"mosite","image":{"@type":"ImageObject","inLanguage":"pt-BR","@id":"https:\/\/www.pmpf.rs.gov.br\/secretaria-de-seguranca-publica\/#\/schema\/person\/image\/","url":"https:\/\/secure.gravatar.com\/avatar\/63d72595d6cecfe12bd8a94829d5a26c?s=96&d=mm&r=g","contentUrl":"https:\/\/secure.gravatar.com\/avatar\/63d72595d6cecfe12bd8a94829d5a26c?s=96&d=mm&r=g","caption":"mosite"},"sameAs":["http:\/\/example.com"],"url":"https:\/\/www.pmpf.rs.gov.br\/secretaria-de-seguranca-publica\/author\/mosite\/"}]}},"_links":{"self":[{"href":"https:\/\/www.pmpf.rs.gov.br\/secretaria-de-seguranca-publica\/wp-json\/wp\/v2\/posts\/269"}],"collection":[{"href":"https:\/\/www.pmpf.rs.gov.br\/secretaria-de-seguranca-publica\/wp-json\/wp\/v2\/posts"}],"about":[{"href":"https:\/\/www.pmpf.rs.gov.br\/secretaria-de-seguranca-publica\/wp-json\/wp\/v2\/types\/post"}],"author":[{"embeddable":true,"href":"https:\/\/www.pmpf.rs.gov.br\/secretaria-de-seguranca-publica\/wp-json\/wp\/v2\/users\/1"}],"replies":[{"embeddable":true,"href":"https:\/\/www.pmpf.rs.gov.br\/secretaria-de-seguranca-publica\/wp-json\/wp\/v2\/comments?post=269"}],"version-history":[{"count":0,"href":"https:\/\/www.pmpf.rs.gov.br\/secretaria-de-seguranca-publica\/wp-json\/wp\/v2\/posts\/269\/revisions"}],"wp:featuredmedia":[{"embeddable":true,"href":"https:\/\/www.pmpf.rs.gov.br\/secretaria-de-seguranca-publica\/wp-json\/wp\/v2\/media\/271"}],"wp:attachment":[{"href":"https:\/\/www.pmpf.rs.gov.br\/secretaria-de-seguranca-publica\/wp-json\/wp\/v2\/media?parent=269"}],"wp:term":[{"taxonomy":"category","embeddable":true,"href":"https:\/\/www.pmpf.rs.gov.br\/secretaria-de-seguranca-publica\/wp-json\/wp\/v2\/categories?post=269"},{"taxonomy":"post_tag","embeddable":true,"href":"https:\/\/www.pmpf.rs.gov.br\/secretaria-de-seguranca-publica\/wp-json\/wp\/v2\/tags?post=269"}],"curies":[{"name":"wp","href":"https:\/\/api.w.org\/{rel}","templated":true}]}}