{"id":254,"date":"2012-03-20T03:00:00","date_gmt":"2012-03-20T06:00:00","guid":{"rendered":"https:\/\/www.pmpf.rs.gov.br\/secretaria-de-seguranca-publica\/2012\/03\/20\/mais-um-nucleo-da-justica-comunitaria-entregue-a-comunidade-5533\/"},"modified":"2012-03-20T03:00:00","modified_gmt":"2012-03-20T06:00:00","slug":"mais-um-nucleo-da-justica-comunitaria-entregue-a-comunidade-5533","status":"publish","type":"post","link":"https:\/\/www.pmpf.rs.gov.br\/secretaria-de-seguranca-publica\/2012\/03\/20\/mais-um-nucleo-da-justica-comunitaria-entregue-a-comunidade-5533\/","title":{"rendered":"Mais um N\u00facleo da Justi\u00e7a Comunit\u00e1ria entregue \u00e0 comunidade"},"content":{"rendered":"<div style=\"text-align: justify; \">\n<p>A prefeitura Municipal entregar\u00e1 nesta quarta-feira, 21 de mar\u00e7o, as 17h30, mais uma sede do N\u00facleo de Justi\u00e7a Comunit\u00e1ria em Passo Fundo. A sede atender\u00e1 as demandas do bairro Valinhos, onde uma equipe multidisciplinar far\u00e1 o atendimento aos moradores. O N\u00facleo \u00e9 destinado para a media\u00e7\u00e3o de conflitos como\u00a0 separa\u00e7\u00f5es, brigas entre moradores e evas\u00e3o escolar. <br \/>At\u00e9 o momento,\u00a0 havia a sede no bairro Alexandre Z\u00e1cchia, que atendia os dois bairros, mas em fun\u00e7\u00e3o da demanda do bairro Valinhos, a prefeitura municipal disponibilizou a nova sede aos moradores, que n\u00e3o precisam mais se dirigir ao Z\u00e1cchia para receber o atendimento.<br \/>A nova estrutura conta com duas salas de media\u00e7\u00e3o, refeit\u00f3rio, recep\u00e7\u00e3o, almoxarifado e banheiros.<br \/>A equipe\u00a0 \u00e9 formada por 10 agentes de media\u00e7\u00e3o comunit\u00e1ria, capacitados pelo Minist\u00e9rio da Justi\u00e7a, sendo 1 assistente Social, 1 psic\u00f3logo, 1 advogado e estagi\u00e1rios da equipe multidisciplinar da Imed, parceira da prefeitura municipal no programa do N\u00facleo de Justi\u00e7a. O N\u00facleo fica na Travessa Os\u00f3rio, n\u00ba 20, bairro Valinhos.<\/div>\n","protected":false},"excerpt":{"rendered":"<p>A prefeitura Municipal entregar\u00e1 nesta quarta-feira, 21 de mar\u00e7o, as 17h30, mais uma sede do N\u00facleo de Justi\u00e7a Comunit\u00e1ria em Passo Fundo.<\/p>\n","protected":false},"author":1,"featured_media":0,"comment_status":"open","ping_status":"open","sticky":false,"template":"","format":"standard","meta":{"footnotes":""},"categories":[],"tags":[],"class_list":["post-254","post","type-post","status-publish","format-standard","hentry"],"yoast_head":"<!-- This site is optimized with the Yoast SEO plugin v23.8 - https:\/\/yoast.com\/wordpress\/plugins\/seo\/ -->\n<title>Mais um N\u00facleo da Justi\u00e7a Comunit\u00e1ria entregue \u00e0 comunidade - Secretaria de Seguran\u00e7a P\u00fablica e Transporte<\/title>\n<meta name=\"robots\" content=\"index, follow, max-snippet:-1, max-image-preview:large, max-video-preview:-1\" \/>\n<link rel=\"canonical\" href=\"https:\/\/www.pmpf.rs.gov.br\/secretaria-de-seguranca-publica\/2012\/03\/20\/mais-um-nucleo-da-justica-comunitaria-entregue-a-comunidade-5533\/\" \/>\n<meta property=\"og:locale\" content=\"pt_BR\" \/>\n<meta property=\"og:type\" content=\"article\" \/>\n<meta property=\"og:title\" content=\"Mais um N\u00facleo da Justi\u00e7a Comunit\u00e1ria entregue \u00e0 comunidade - Secretaria de Seguran\u00e7a P\u00fablica e Transporte\" \/>\n<meta property=\"og:description\" content=\"A prefeitura Municipal entregar\u00e1 nesta quarta-feira, 21 de mar\u00e7o, as 17h30, mais uma sede do N\u00facleo de Justi\u00e7a Comunit\u00e1ria em Passo Fundo.\" \/>\n<meta property=\"og:url\" content=\"https:\/\/www.pmpf.rs.gov.br\/secretaria-de-seguranca-publica\/2012\/03\/20\/mais-um-nucleo-da-justica-comunitaria-entregue-a-comunidade-5533\/\" \/>\n<meta property=\"og:site_name\" content=\"Secretaria de Seguran\u00e7a P\u00fablica e Transporte\" \/>\n<meta property=\"article:published_time\" content=\"2012-03-20T06:00:00+00:00\" \/>\n<meta name=\"author\" content=\"mosite\" \/>\n<meta name=\"twitter:card\" content=\"summary_large_image\" \/>\n<meta name=\"twitter:label1\" content=\"Escrito por\" \/>\n\t<meta name=\"twitter:data1\" content=\"mosite\" \/>\n\t<meta name=\"twitter:label2\" content=\"Est. tempo de leitura\" \/>\n\t<meta name=\"twitter:data2\" content=\"1 minuto\" \/>\n<script type=\"application\/ld+json\" class=\"yoast-schema-graph\">{\"@context\":\"https:\/\/schema.org\",\"@graph\":[{\"@type\":\"WebPage\",\"@id\":\"https:\/\/www.pmpf.rs.gov.br\/secretaria-de-seguranca-publica\/2012\/03\/20\/mais-um-nucleo-da-justica-comunitaria-entregue-a-comunidade-5533\/\",\"url\":\"https:\/\/www.pmpf.rs.gov.br\/secretaria-de-seguranca-publica\/2012\/03\/20\/mais-um-nucleo-da-justica-comunitaria-entregue-a-comunidade-5533\/\",\"name\":\"Mais um N\u00facleo da Justi\u00e7a Comunit\u00e1ria entregue \u00e0 comunidade - Secretaria de Seguran\u00e7a P\u00fablica e Transporte\",\"isPartOf\":{\"@id\":\"https:\/\/www.pmpf.rs.gov.br\/secretaria-de-seguranca-publica\/#website\"},\"datePublished\":\"2012-03-20T06:00:00+00:00\",\"dateModified\":\"2012-03-20T06:00:00+00:00\",\"author\":{\"@id\":\"https:\/\/www.pmpf.rs.gov.br\/secretaria-de-seguranca-publica\/#\/schema\/person\/0c355b0fa68a7aa986c8594f7a60a2d7\"},\"breadcrumb\":{\"@id\":\"https:\/\/www.pmpf.rs.gov.br\/secretaria-de-seguranca-publica\/2012\/03\/20\/mais-um-nucleo-da-justica-comunitaria-entregue-a-comunidade-5533\/#breadcrumb\"},\"inLanguage\":\"pt-BR\",\"potentialAction\":[{\"@type\":\"ReadAction\",\"target\":[\"https:\/\/www.pmpf.rs.gov.br\/secretaria-de-seguranca-publica\/2012\/03\/20\/mais-um-nucleo-da-justica-comunitaria-entregue-a-comunidade-5533\/\"]}]},{\"@type\":\"BreadcrumbList\",\"@id\":\"https:\/\/www.pmpf.rs.gov.br\/secretaria-de-seguranca-publica\/2012\/03\/20\/mais-um-nucleo-da-justica-comunitaria-entregue-a-comunidade-5533\/#breadcrumb\",\"itemListElement\":[{\"@type\":\"ListItem\",\"position\":1,\"name\":\"In\u00edcio\",\"item\":\"https:\/\/www.pmpf.rs.gov.br\/secretaria-de-seguranca-publica\/\"},{\"@type\":\"ListItem\",\"position\":2,\"name\":\"Mais um N\u00facleo da Justi\u00e7a Comunit\u00e1ria entregue \u00e0 comunidade\"}]},{\"@type\":\"WebSite\",\"@id\":\"https:\/\/www.pmpf.rs.gov.br\/secretaria-de-seguranca-publica\/#website\",\"url\":\"https:\/\/www.pmpf.rs.gov.br\/secretaria-de-seguranca-publica\/\",\"name\":\"Secretaria de Seguran\u00e7a P\u00fablica e Transporte\",\"description\":\"S\u00f3 mais um site Prefeitura de Passo Fundo\",\"potentialAction\":[{\"@type\":\"SearchAction\",\"target\":{\"@type\":\"EntryPoint\",\"urlTemplate\":\"https:\/\/www.pmpf.rs.gov.br\/secretaria-de-seguranca-publica\/?s={search_term_string}\"},\"query-input\":{\"@type\":\"PropertyValueSpecification\",\"valueRequired\":true,\"valueName\":\"search_term_string\"}}],\"inLanguage\":\"pt-BR\"},{\"@type\":\"Person\",\"@id\":\"https:\/\/www.pmpf.rs.gov.br\/secretaria-de-seguranca-publica\/#\/schema\/person\/0c355b0fa68a7aa986c8594f7a60a2d7\",\"name\":\"mosite\",\"image\":{\"@type\":\"ImageObject\",\"inLanguage\":\"pt-BR\",\"@id\":\"https:\/\/www.pmpf.rs.gov.br\/secretaria-de-seguranca-publica\/#\/schema\/person\/image\/\",\"url\":\"https:\/\/secure.gravatar.com\/avatar\/63d72595d6cecfe12bd8a94829d5a26c?s=96&d=mm&r=g\",\"contentUrl\":\"https:\/\/secure.gravatar.com\/avatar\/63d72595d6cecfe12bd8a94829d5a26c?s=96&d=mm&r=g\",\"caption\":\"mosite\"},\"sameAs\":[\"http:\/\/example.com\"],\"url\":\"https:\/\/www.pmpf.rs.gov.br\/secretaria-de-seguranca-publica\/author\/mosite\/\"}]}<\/script>\n<!-- \/ Yoast SEO plugin. -->","yoast_head_json":{"title":"Mais um N\u00facleo da Justi\u00e7a Comunit\u00e1ria entregue \u00e0 comunidade - Secretaria de Seguran\u00e7a P\u00fablica e Transporte","robots":{"index":"index","follow":"follow","max-snippet":"max-snippet:-1","max-image-preview":"max-image-preview:large","max-video-preview":"max-video-preview:-1"},"canonical":"https:\/\/www.pmpf.rs.gov.br\/secretaria-de-seguranca-publica\/2012\/03\/20\/mais-um-nucleo-da-justica-comunitaria-entregue-a-comunidade-5533\/","og_locale":"pt_BR","og_type":"article","og_title":"Mais um N\u00facleo da Justi\u00e7a Comunit\u00e1ria entregue \u00e0 comunidade - Secretaria de Seguran\u00e7a P\u00fablica e Transporte","og_description":"A prefeitura Municipal entregar\u00e1 nesta quarta-feira, 21 de mar\u00e7o, as 17h30, mais uma sede do N\u00facleo de Justi\u00e7a Comunit\u00e1ria em Passo Fundo.","og_url":"https:\/\/www.pmpf.rs.gov.br\/secretaria-de-seguranca-publica\/2012\/03\/20\/mais-um-nucleo-da-justica-comunitaria-entregue-a-comunidade-5533\/","og_site_name":"Secretaria de Seguran\u00e7a P\u00fablica e Transporte","article_published_time":"2012-03-20T06:00:00+00:00","author":"mosite","twitter_card":"summary_large_image","twitter_misc":{"Escrito por":"mosite","Est. tempo de leitura":"1 minuto"},"schema":{"@context":"https:\/\/schema.org","@graph":[{"@type":"WebPage","@id":"https:\/\/www.pmpf.rs.gov.br\/secretaria-de-seguranca-publica\/2012\/03\/20\/mais-um-nucleo-da-justica-comunitaria-entregue-a-comunidade-5533\/","url":"https:\/\/www.pmpf.rs.gov.br\/secretaria-de-seguranca-publica\/2012\/03\/20\/mais-um-nucleo-da-justica-comunitaria-entregue-a-comunidade-5533\/","name":"Mais um N\u00facleo da Justi\u00e7a Comunit\u00e1ria entregue \u00e0 comunidade - Secretaria de Seguran\u00e7a P\u00fablica e Transporte","isPartOf":{"@id":"https:\/\/www.pmpf.rs.gov.br\/secretaria-de-seguranca-publica\/#website"},"datePublished":"2012-03-20T06:00:00+00:00","dateModified":"2012-03-20T06:00:00+00:00","author":{"@id":"https:\/\/www.pmpf.rs.gov.br\/secretaria-de-seguranca-publica\/#\/schema\/person\/0c355b0fa68a7aa986c8594f7a60a2d7"},"breadcrumb":{"@id":"https:\/\/www.pmpf.rs.gov.br\/secretaria-de-seguranca-publica\/2012\/03\/20\/mais-um-nucleo-da-justica-comunitaria-entregue-a-comunidade-5533\/#breadcrumb"},"inLanguage":"pt-BR","potentialAction":[{"@type":"ReadAction","target":["https:\/\/www.pmpf.rs.gov.br\/secretaria-de-seguranca-publica\/2012\/03\/20\/mais-um-nucleo-da-justica-comunitaria-entregue-a-comunidade-5533\/"]}]},{"@type":"BreadcrumbList","@id":"https:\/\/www.pmpf.rs.gov.br\/secretaria-de-seguranca-publica\/2012\/03\/20\/mais-um-nucleo-da-justica-comunitaria-entregue-a-comunidade-5533\/#breadcrumb","itemListElement":[{"@type":"ListItem","position":1,"name":"In\u00edcio","item":"https:\/\/www.pmpf.rs.gov.br\/secretaria-de-seguranca-publica\/"},{"@type":"ListItem","position":2,"name":"Mais um N\u00facleo da Justi\u00e7a Comunit\u00e1ria entregue \u00e0 comunidade"}]},{"@type":"WebSite","@id":"https:\/\/www.pmpf.rs.gov.br\/secretaria-de-seguranca-publica\/#website","url":"https:\/\/www.pmpf.rs.gov.br\/secretaria-de-seguranca-publica\/","name":"Secretaria de Seguran\u00e7a P\u00fablica e Transporte","description":"S\u00f3 mais um site Prefeitura de Passo Fundo","potentialAction":[{"@type":"SearchAction","target":{"@type":"EntryPoint","urlTemplate":"https:\/\/www.pmpf.rs.gov.br\/secretaria-de-seguranca-publica\/?s={search_term_string}"},"query-input":{"@type":"PropertyValueSpecification","valueRequired":true,"valueName":"search_term_string"}}],"inLanguage":"pt-BR"},{"@type":"Person","@id":"https:\/\/www.pmpf.rs.gov.br\/secretaria-de-seguranca-publica\/#\/schema\/person\/0c355b0fa68a7aa986c8594f7a60a2d7","name":"mosite","image":{"@type":"ImageObject","inLanguage":"pt-BR","@id":"https:\/\/www.pmpf.rs.gov.br\/secretaria-de-seguranca-publica\/#\/schema\/person\/image\/","url":"https:\/\/secure.gravatar.com\/avatar\/63d72595d6cecfe12bd8a94829d5a26c?s=96&d=mm&r=g","contentUrl":"https:\/\/secure.gravatar.com\/avatar\/63d72595d6cecfe12bd8a94829d5a26c?s=96&d=mm&r=g","caption":"mosite"},"sameAs":["http:\/\/example.com"],"url":"https:\/\/www.pmpf.rs.gov.br\/secretaria-de-seguranca-publica\/author\/mosite\/"}]}},"_links":{"self":[{"href":"https:\/\/www.pmpf.rs.gov.br\/secretaria-de-seguranca-publica\/wp-json\/wp\/v2\/posts\/254"}],"collection":[{"href":"https:\/\/www.pmpf.rs.gov.br\/secretaria-de-seguranca-publica\/wp-json\/wp\/v2\/posts"}],"about":[{"href":"https:\/\/www.pmpf.rs.gov.br\/secretaria-de-seguranca-publica\/wp-json\/wp\/v2\/types\/post"}],"author":[{"embeddable":true,"href":"https:\/\/www.pmpf.rs.gov.br\/secretaria-de-seguranca-publica\/wp-json\/wp\/v2\/users\/1"}],"replies":[{"embeddable":true,"href":"https:\/\/www.pmpf.rs.gov.br\/secretaria-de-seguranca-publica\/wp-json\/wp\/v2\/comments?post=254"}],"version-history":[{"count":0,"href":"https:\/\/www.pmpf.rs.gov.br\/secretaria-de-seguranca-publica\/wp-json\/wp\/v2\/posts\/254\/revisions"}],"wp:attachment":[{"href":"https:\/\/www.pmpf.rs.gov.br\/secretaria-de-seguranca-publica\/wp-json\/wp\/v2\/media?parent=254"}],"wp:term":[{"taxonomy":"category","embeddable":true,"href":"https:\/\/www.pmpf.rs.gov.br\/secretaria-de-seguranca-publica\/wp-json\/wp\/v2\/categories?post=254"},{"taxonomy":"post_tag","embeddable":true,"href":"https:\/\/www.pmpf.rs.gov.br\/secretaria-de-seguranca-publica\/wp-json\/wp\/v2\/tags?post=254"}],"curies":[{"name":"wp","href":"https:\/\/api.w.org\/{rel}","templated":true}]}}