{"id":242,"date":"2012-06-28T03:00:00","date_gmt":"2012-06-28T06:00:00","guid":{"rendered":"https:\/\/www.pmpf.rs.gov.br\/secretaria-de-seguranca-publica\/2012\/06\/28\/programa-gaucho-de-microcredito-e-apresentado-5649\/"},"modified":"2012-06-28T03:00:00","modified_gmt":"2012-06-28T06:00:00","slug":"programa-gaucho-de-microcredito-e-apresentado-5649","status":"publish","type":"post","link":"https:\/\/www.pmpf.rs.gov.br\/secretaria-de-seguranca-publica\/2012\/06\/28\/programa-gaucho-de-microcredito-e-apresentado-5649\/","title":{"rendered":"Programa Ga\u00facho de Microcr\u00e9dito \u00e9 apresentado"},"content":{"rendered":"<p><span style=\"\"><\/span><br style=\"\" \/><\/p>\n<div style=\"text-align: justify;\"><br style=\"\" \/><span style=\"\">Na manh\u00e3 desta quinta-feira, 28, na Secretaria de Seguran\u00e7a de Passo Fundo, foi apresentado pelo Coronel Kraid, da Secretaria de Economia Solid\u00e1ria do Estado, aos Presidentes dos bairros que comp\u00f5em o TERRITORIO DA PAZ de Passo Fundo, a representantes das Mulheres da Paz e do PROTEJO, o Programa Ga\u00facho de Microcr\u00e9dito, desenvolvido em Passo Fundo pela Secretaria de Desenvolvimento Econ\u00f4mico. <\/span><br style=\"\" \/><span style=\"\">O Programa Ga\u00facho de Microcr\u00e9dito tem o objetivo de intermediar e operacionalizar uma variedade de empr\u00e9stimos direcionados \u00e0 um p\u00fablico restrito (empreendedores formais e informais, pessoas f\u00edsicas e jur\u00eddicas), com juro de 0,64% ao m\u00eas. Durante a explana\u00e7\u00e3o, o Cel. Kraid afirmou a import\u00e2ncia da presen\u00e7a dos representantes comunit\u00e1rios, uma vez que ser\u00e3o eles que ajudar\u00e3o na divulga\u00e7\u00e3o do Programa, que visa atender \u00e0quelas pessoas que geralmente, em raz\u00e3o da sua baixa renda ou informalidade, n\u00e3o tem acesso \u00e0s formas convencionais de cr\u00e9dito. A Secret\u00e1ria de Seguran\u00e7a P\u00fablica Estelita Salton, disse que a iniciativa da Prefeitura Municipal e do Governo Estadual em fazer uma divulga\u00e7\u00e3o voltada aos TERRI\u00d3RIOS DA PAZ contribui para a consolida\u00e7\u00e3o dos programas de preven\u00e7\u00e3o \u00e0 criminalidade desenvolvidos nos bairros, e demonstra a integra\u00e7\u00e3o entre o Governo do Estado e o Munic\u00edpio de Passo Fundo.<\/span><br style=\"\" \/><span style=\"\">A coordenadora dos projetos do PRONASCI em Passo Fundo, Marisa R\u00e9 de Rocco, afirmou que essa \u00e9 uma op\u00e7\u00e3o para aquelas pessoas que sempre sonharam em ter um neg\u00f3cio pr\u00f3prio. Durante a reuni\u00e3o, os representantes comunit\u00e1rios puderam entender o Programa Ga\u00facho de Microcr\u00e9dito e tamb\u00e9m tirar d\u00favidas. Al\u00e9m disso, levaram cartilhas para distribu\u00edrem nas suas comunidades. O PROGRAMA \u00e9 desenvolvido em Passo Fundo pela Secretaria de Desenvolvimento Econ\u00f4mico, que tem equipe especializada para receber e entrevistar os interessados em aderir ao PROGRAMA. A popula\u00e7\u00e3o pode ligar para a Secretaria de Desenvolvimento Econ\u00f4mico atrav\u00e9s do telefone 3314-5546 ou dirigir-se \u00e0 Rua Cel. Chicuta, 575, Centro.  <\/span><\/div>\n","protected":false},"excerpt":{"rendered":"<p>Programa Ga\u00facho de Microcr\u00e9dito \u00e9 apresentado<\/p>\n","protected":false},"author":1,"featured_media":243,"comment_status":"open","ping_status":"open","sticky":false,"template":"","format":"standard","meta":{"footnotes":""},"categories":[],"tags":[],"class_list":["post-242","post","type-post","status-publish","format-standard","has-post-thumbnail","hentry"],"yoast_head":"<!-- This site is optimized with the Yoast SEO plugin v23.8 - https:\/\/yoast.com\/wordpress\/plugins\/seo\/ -->\n<title>Programa Ga\u00facho de Microcr\u00e9dito \u00e9 apresentado - Secretaria de Seguran\u00e7a P\u00fablica e Transporte<\/title>\n<meta name=\"robots\" content=\"index, follow, max-snippet:-1, max-image-preview:large, max-video-preview:-1\" \/>\n<link rel=\"canonical\" href=\"https:\/\/www.pmpf.rs.gov.br\/secretaria-de-seguranca-publica\/2012\/06\/28\/programa-gaucho-de-microcredito-e-apresentado-5649\/\" \/>\n<meta property=\"og:locale\" content=\"pt_BR\" \/>\n<meta property=\"og:type\" content=\"article\" \/>\n<meta property=\"og:title\" content=\"Programa Ga\u00facho de Microcr\u00e9dito \u00e9 apresentado - Secretaria de Seguran\u00e7a P\u00fablica e Transporte\" \/>\n<meta property=\"og:description\" content=\"Programa Ga\u00facho de Microcr\u00e9dito \u00e9 apresentado\" \/>\n<meta property=\"og:url\" content=\"https:\/\/www.pmpf.rs.gov.br\/secretaria-de-seguranca-publica\/2012\/06\/28\/programa-gaucho-de-microcredito-e-apresentado-5649\/\" \/>\n<meta property=\"og:site_name\" content=\"Secretaria de Seguran\u00e7a P\u00fablica e Transporte\" \/>\n<meta property=\"article:published_time\" content=\"2012-06-28T06:00:00+00:00\" \/>\n<meta property=\"og:image\" content=\"https:\/\/www.pmpf.rs.gov.br\/secretaria-de-seguranca-publica\/wp-content\/uploads\/sites\/54\/2021\/12\/I2013-05-07_062750_c8908.jpg\" \/>\n\t<meta property=\"og:image:width\" content=\"640\" \/>\n\t<meta property=\"og:image:height\" content=\"480\" \/>\n\t<meta property=\"og:image:type\" content=\"image\/jpeg\" \/>\n<meta name=\"author\" content=\"mosite\" \/>\n<meta name=\"twitter:card\" content=\"summary_large_image\" \/>\n<meta name=\"twitter:label1\" content=\"Escrito por\" \/>\n\t<meta name=\"twitter:data1\" content=\"mosite\" \/>\n\t<meta name=\"twitter:label2\" content=\"Est. tempo de leitura\" \/>\n\t<meta name=\"twitter:data2\" content=\"2 minutos\" \/>\n<script type=\"application\/ld+json\" class=\"yoast-schema-graph\">{\"@context\":\"https:\/\/schema.org\",\"@graph\":[{\"@type\":\"WebPage\",\"@id\":\"https:\/\/www.pmpf.rs.gov.br\/secretaria-de-seguranca-publica\/2012\/06\/28\/programa-gaucho-de-microcredito-e-apresentado-5649\/\",\"url\":\"https:\/\/www.pmpf.rs.gov.br\/secretaria-de-seguranca-publica\/2012\/06\/28\/programa-gaucho-de-microcredito-e-apresentado-5649\/\",\"name\":\"Programa Ga\u00facho de Microcr\u00e9dito \u00e9 apresentado - Secretaria de Seguran\u00e7a P\u00fablica e Transporte\",\"isPartOf\":{\"@id\":\"https:\/\/www.pmpf.rs.gov.br\/secretaria-de-seguranca-publica\/#website\"},\"primaryImageOfPage\":{\"@id\":\"https:\/\/www.pmpf.rs.gov.br\/secretaria-de-seguranca-publica\/2012\/06\/28\/programa-gaucho-de-microcredito-e-apresentado-5649\/#primaryimage\"},\"image\":{\"@id\":\"https:\/\/www.pmpf.rs.gov.br\/secretaria-de-seguranca-publica\/2012\/06\/28\/programa-gaucho-de-microcredito-e-apresentado-5649\/#primaryimage\"},\"thumbnailUrl\":\"https:\/\/www.pmpf.rs.gov.br\/secretaria-de-seguranca-publica\/wp-content\/uploads\/sites\/54\/2021\/12\/I2013-05-07_062750_c8908.jpg\",\"datePublished\":\"2012-06-28T06:00:00+00:00\",\"dateModified\":\"2012-06-28T06:00:00+00:00\",\"author\":{\"@id\":\"https:\/\/www.pmpf.rs.gov.br\/secretaria-de-seguranca-publica\/#\/schema\/person\/0c355b0fa68a7aa986c8594f7a60a2d7\"},\"breadcrumb\":{\"@id\":\"https:\/\/www.pmpf.rs.gov.br\/secretaria-de-seguranca-publica\/2012\/06\/28\/programa-gaucho-de-microcredito-e-apresentado-5649\/#breadcrumb\"},\"inLanguage\":\"pt-BR\",\"potentialAction\":[{\"@type\":\"ReadAction\",\"target\":[\"https:\/\/www.pmpf.rs.gov.br\/secretaria-de-seguranca-publica\/2012\/06\/28\/programa-gaucho-de-microcredito-e-apresentado-5649\/\"]}]},{\"@type\":\"ImageObject\",\"inLanguage\":\"pt-BR\",\"@id\":\"https:\/\/www.pmpf.rs.gov.br\/secretaria-de-seguranca-publica\/2012\/06\/28\/programa-gaucho-de-microcredito-e-apresentado-5649\/#primaryimage\",\"url\":\"https:\/\/www.pmpf.rs.gov.br\/secretaria-de-seguranca-publica\/wp-content\/uploads\/sites\/54\/2021\/12\/I2013-05-07_062750_c8908.jpg\",\"contentUrl\":\"https:\/\/www.pmpf.rs.gov.br\/secretaria-de-seguranca-publica\/wp-content\/uploads\/sites\/54\/2021\/12\/I2013-05-07_062750_c8908.jpg\",\"width\":640,\"height\":480},{\"@type\":\"BreadcrumbList\",\"@id\":\"https:\/\/www.pmpf.rs.gov.br\/secretaria-de-seguranca-publica\/2012\/06\/28\/programa-gaucho-de-microcredito-e-apresentado-5649\/#breadcrumb\",\"itemListElement\":[{\"@type\":\"ListItem\",\"position\":1,\"name\":\"In\u00edcio\",\"item\":\"https:\/\/www.pmpf.rs.gov.br\/secretaria-de-seguranca-publica\/\"},{\"@type\":\"ListItem\",\"position\":2,\"name\":\"Programa Ga\u00facho de Microcr\u00e9dito \u00e9 apresentado\"}]},{\"@type\":\"WebSite\",\"@id\":\"https:\/\/www.pmpf.rs.gov.br\/secretaria-de-seguranca-publica\/#website\",\"url\":\"https:\/\/www.pmpf.rs.gov.br\/secretaria-de-seguranca-publica\/\",\"name\":\"Secretaria de Seguran\u00e7a P\u00fablica e Transporte\",\"description\":\"S\u00f3 mais um site Prefeitura de Passo Fundo\",\"potentialAction\":[{\"@type\":\"SearchAction\",\"target\":{\"@type\":\"EntryPoint\",\"urlTemplate\":\"https:\/\/www.pmpf.rs.gov.br\/secretaria-de-seguranca-publica\/?s={search_term_string}\"},\"query-input\":{\"@type\":\"PropertyValueSpecification\",\"valueRequired\":true,\"valueName\":\"search_term_string\"}}],\"inLanguage\":\"pt-BR\"},{\"@type\":\"Person\",\"@id\":\"https:\/\/www.pmpf.rs.gov.br\/secretaria-de-seguranca-publica\/#\/schema\/person\/0c355b0fa68a7aa986c8594f7a60a2d7\",\"name\":\"mosite\",\"image\":{\"@type\":\"ImageObject\",\"inLanguage\":\"pt-BR\",\"@id\":\"https:\/\/www.pmpf.rs.gov.br\/secretaria-de-seguranca-publica\/#\/schema\/person\/image\/\",\"url\":\"https:\/\/secure.gravatar.com\/avatar\/63d72595d6cecfe12bd8a94829d5a26c?s=96&d=mm&r=g\",\"contentUrl\":\"https:\/\/secure.gravatar.com\/avatar\/63d72595d6cecfe12bd8a94829d5a26c?s=96&d=mm&r=g\",\"caption\":\"mosite\"},\"sameAs\":[\"http:\/\/example.com\"],\"url\":\"https:\/\/www.pmpf.rs.gov.br\/secretaria-de-seguranca-publica\/author\/mosite\/\"}]}<\/script>\n<!-- \/ Yoast SEO plugin. -->","yoast_head_json":{"title":"Programa Ga\u00facho de Microcr\u00e9dito \u00e9 apresentado - Secretaria de Seguran\u00e7a P\u00fablica e Transporte","robots":{"index":"index","follow":"follow","max-snippet":"max-snippet:-1","max-image-preview":"max-image-preview:large","max-video-preview":"max-video-preview:-1"},"canonical":"https:\/\/www.pmpf.rs.gov.br\/secretaria-de-seguranca-publica\/2012\/06\/28\/programa-gaucho-de-microcredito-e-apresentado-5649\/","og_locale":"pt_BR","og_type":"article","og_title":"Programa Ga\u00facho de Microcr\u00e9dito \u00e9 apresentado - Secretaria de Seguran\u00e7a P\u00fablica e Transporte","og_description":"Programa Ga\u00facho de Microcr\u00e9dito \u00e9 apresentado","og_url":"https:\/\/www.pmpf.rs.gov.br\/secretaria-de-seguranca-publica\/2012\/06\/28\/programa-gaucho-de-microcredito-e-apresentado-5649\/","og_site_name":"Secretaria de Seguran\u00e7a P\u00fablica e Transporte","article_published_time":"2012-06-28T06:00:00+00:00","og_image":[{"width":640,"height":480,"url":"https:\/\/www.pmpf.rs.gov.br\/secretaria-de-seguranca-publica\/wp-content\/uploads\/sites\/54\/2021\/12\/I2013-05-07_062750_c8908.jpg","type":"image\/jpeg"}],"author":"mosite","twitter_card":"summary_large_image","twitter_misc":{"Escrito por":"mosite","Est. tempo de leitura":"2 minutos"},"schema":{"@context":"https:\/\/schema.org","@graph":[{"@type":"WebPage","@id":"https:\/\/www.pmpf.rs.gov.br\/secretaria-de-seguranca-publica\/2012\/06\/28\/programa-gaucho-de-microcredito-e-apresentado-5649\/","url":"https:\/\/www.pmpf.rs.gov.br\/secretaria-de-seguranca-publica\/2012\/06\/28\/programa-gaucho-de-microcredito-e-apresentado-5649\/","name":"Programa Ga\u00facho de Microcr\u00e9dito \u00e9 apresentado - Secretaria de Seguran\u00e7a P\u00fablica e Transporte","isPartOf":{"@id":"https:\/\/www.pmpf.rs.gov.br\/secretaria-de-seguranca-publica\/#website"},"primaryImageOfPage":{"@id":"https:\/\/www.pmpf.rs.gov.br\/secretaria-de-seguranca-publica\/2012\/06\/28\/programa-gaucho-de-microcredito-e-apresentado-5649\/#primaryimage"},"image":{"@id":"https:\/\/www.pmpf.rs.gov.br\/secretaria-de-seguranca-publica\/2012\/06\/28\/programa-gaucho-de-microcredito-e-apresentado-5649\/#primaryimage"},"thumbnailUrl":"https:\/\/www.pmpf.rs.gov.br\/secretaria-de-seguranca-publica\/wp-content\/uploads\/sites\/54\/2021\/12\/I2013-05-07_062750_c8908.jpg","datePublished":"2012-06-28T06:00:00+00:00","dateModified":"2012-06-28T06:00:00+00:00","author":{"@id":"https:\/\/www.pmpf.rs.gov.br\/secretaria-de-seguranca-publica\/#\/schema\/person\/0c355b0fa68a7aa986c8594f7a60a2d7"},"breadcrumb":{"@id":"https:\/\/www.pmpf.rs.gov.br\/secretaria-de-seguranca-publica\/2012\/06\/28\/programa-gaucho-de-microcredito-e-apresentado-5649\/#breadcrumb"},"inLanguage":"pt-BR","potentialAction":[{"@type":"ReadAction","target":["https:\/\/www.pmpf.rs.gov.br\/secretaria-de-seguranca-publica\/2012\/06\/28\/programa-gaucho-de-microcredito-e-apresentado-5649\/"]}]},{"@type":"ImageObject","inLanguage":"pt-BR","@id":"https:\/\/www.pmpf.rs.gov.br\/secretaria-de-seguranca-publica\/2012\/06\/28\/programa-gaucho-de-microcredito-e-apresentado-5649\/#primaryimage","url":"https:\/\/www.pmpf.rs.gov.br\/secretaria-de-seguranca-publica\/wp-content\/uploads\/sites\/54\/2021\/12\/I2013-05-07_062750_c8908.jpg","contentUrl":"https:\/\/www.pmpf.rs.gov.br\/secretaria-de-seguranca-publica\/wp-content\/uploads\/sites\/54\/2021\/12\/I2013-05-07_062750_c8908.jpg","width":640,"height":480},{"@type":"BreadcrumbList","@id":"https:\/\/www.pmpf.rs.gov.br\/secretaria-de-seguranca-publica\/2012\/06\/28\/programa-gaucho-de-microcredito-e-apresentado-5649\/#breadcrumb","itemListElement":[{"@type":"ListItem","position":1,"name":"In\u00edcio","item":"https:\/\/www.pmpf.rs.gov.br\/secretaria-de-seguranca-publica\/"},{"@type":"ListItem","position":2,"name":"Programa Ga\u00facho de Microcr\u00e9dito \u00e9 apresentado"}]},{"@type":"WebSite","@id":"https:\/\/www.pmpf.rs.gov.br\/secretaria-de-seguranca-publica\/#website","url":"https:\/\/www.pmpf.rs.gov.br\/secretaria-de-seguranca-publica\/","name":"Secretaria de Seguran\u00e7a P\u00fablica e Transporte","description":"S\u00f3 mais um site Prefeitura de Passo Fundo","potentialAction":[{"@type":"SearchAction","target":{"@type":"EntryPoint","urlTemplate":"https:\/\/www.pmpf.rs.gov.br\/secretaria-de-seguranca-publica\/?s={search_term_string}"},"query-input":{"@type":"PropertyValueSpecification","valueRequired":true,"valueName":"search_term_string"}}],"inLanguage":"pt-BR"},{"@type":"Person","@id":"https:\/\/www.pmpf.rs.gov.br\/secretaria-de-seguranca-publica\/#\/schema\/person\/0c355b0fa68a7aa986c8594f7a60a2d7","name":"mosite","image":{"@type":"ImageObject","inLanguage":"pt-BR","@id":"https:\/\/www.pmpf.rs.gov.br\/secretaria-de-seguranca-publica\/#\/schema\/person\/image\/","url":"https:\/\/secure.gravatar.com\/avatar\/63d72595d6cecfe12bd8a94829d5a26c?s=96&d=mm&r=g","contentUrl":"https:\/\/secure.gravatar.com\/avatar\/63d72595d6cecfe12bd8a94829d5a26c?s=96&d=mm&r=g","caption":"mosite"},"sameAs":["http:\/\/example.com"],"url":"https:\/\/www.pmpf.rs.gov.br\/secretaria-de-seguranca-publica\/author\/mosite\/"}]}},"_links":{"self":[{"href":"https:\/\/www.pmpf.rs.gov.br\/secretaria-de-seguranca-publica\/wp-json\/wp\/v2\/posts\/242"}],"collection":[{"href":"https:\/\/www.pmpf.rs.gov.br\/secretaria-de-seguranca-publica\/wp-json\/wp\/v2\/posts"}],"about":[{"href":"https:\/\/www.pmpf.rs.gov.br\/secretaria-de-seguranca-publica\/wp-json\/wp\/v2\/types\/post"}],"author":[{"embeddable":true,"href":"https:\/\/www.pmpf.rs.gov.br\/secretaria-de-seguranca-publica\/wp-json\/wp\/v2\/users\/1"}],"replies":[{"embeddable":true,"href":"https:\/\/www.pmpf.rs.gov.br\/secretaria-de-seguranca-publica\/wp-json\/wp\/v2\/comments?post=242"}],"version-history":[{"count":0,"href":"https:\/\/www.pmpf.rs.gov.br\/secretaria-de-seguranca-publica\/wp-json\/wp\/v2\/posts\/242\/revisions"}],"wp:featuredmedia":[{"embeddable":true,"href":"https:\/\/www.pmpf.rs.gov.br\/secretaria-de-seguranca-publica\/wp-json\/wp\/v2\/media\/243"}],"wp:attachment":[{"href":"https:\/\/www.pmpf.rs.gov.br\/secretaria-de-seguranca-publica\/wp-json\/wp\/v2\/media?parent=242"}],"wp:term":[{"taxonomy":"category","embeddable":true,"href":"https:\/\/www.pmpf.rs.gov.br\/secretaria-de-seguranca-publica\/wp-json\/wp\/v2\/categories?post=242"},{"taxonomy":"post_tag","embeddable":true,"href":"https:\/\/www.pmpf.rs.gov.br\/secretaria-de-seguranca-publica\/wp-json\/wp\/v2\/tags?post=242"}],"curies":[{"name":"wp","href":"https:\/\/api.w.org\/{rel}","templated":true}]}}