{"id":228,"date":"2012-08-31T03:00:00","date_gmt":"2012-08-31T06:00:00","guid":{"rendered":"https:\/\/www.pmpf.rs.gov.br\/secretaria-de-seguranca-publica\/2012\/08\/31\/e-prorrogado-o-concurso-premio-educacao-para-o-transito-5799\/"},"modified":"2012-08-31T03:00:00","modified_gmt":"2012-08-31T06:00:00","slug":"e-prorrogado-o-concurso-premio-educacao-para-o-transito-5799","status":"publish","type":"post","link":"https:\/\/www.pmpf.rs.gov.br\/secretaria-de-seguranca-publica\/2012\/08\/31\/e-prorrogado-o-concurso-premio-educacao-para-o-transito-5799\/","title":{"rendered":"\u00c9 prorrogado o concurso \u201cPr\u00eamio educa\u00e7\u00e3o para o tr\u00e2nsito\u201d"},"content":{"rendered":"<p>Hoje seria o prazo final para a inscri\u00e7\u00e3o de trabalhos no concurso \u201cPr\u00eamio educa\u00e7\u00e3o para o tr\u00e2nsito\u201d, por\u00e9m, agora as escolas municipais, estaduais e particulares t\u00eam at\u00e9 o dia 06 de setembro para faz\u00ea-lo. <\/p>\n<p align=\"JUSTIFY\" class=\"western\" style=\"margin-bottom: 0cm;\">\tSegundo a Agente Fiscal de Tr\u00e2nsito, Raquel Rubio, esta decis\u00e3o foi devido ao fato de alguns professores estarem participando de um congresso nos \u00faltimos dias e terem pedido para que fosse dado mais tempo para a entrega dos trabalhos.<\/p>\n<p align=\"JUSTIFY\" class=\"western\" style=\"margin-bottom: 0cm;\">\tO 1\u00ba Pr\u00eamio Educa\u00e7\u00e3o Para o Tr\u00e2nsito Passo Fundo \u00e9 organizado pela Secretaria de Seguran\u00e7a P\u00fablica, Agentes Fiscais de Tr\u00e2nsito &#8211; N\u00facleo de Educa\u00e7\u00e3o e conta ainda com o apoio de outros parceiros. \tO concurso destina-se a alunos e professores do ensino fundamental e m\u00e9dio das escolas p\u00fablicas e privadas de Passo Fundo e premia as categorias Desenho Art\u00edstico, Frase sobre Tr\u00e2nsito e Projeto de Tr\u00e2nsito. Os professores tamb\u00e9m podem participar enviando algum projeto de tr\u00e2nsito da sua autoria.  <\/p>\n<p align=\"JUSTIFY\" class=\"western\" style=\"margin-bottom: 0cm;\">\tPara se inscrever, os estudantes e professores devem imprimir o cupom do concurso no site da Prefeitura Municipal (<a href=\"https:\/\/www.pmpf.rs.gov.br\/\">www.pmpf.rs.gov.br<\/a>) e entregar as frases, desenhos e projetos de tr\u00e2nsito at\u00e9 o dia 06 de setembro na sede dos Agentes Fiscais de Tr\u00e2nsito, localizada no Antigo Quartel do Ex\u00e9rcito.  <\/p>\n<p align=\"CENTER\" class=\"western\" style=\"margin-bottom: 0cm;\"> <\/p>\n<p><\/p>\n","protected":false},"excerpt":{"rendered":"<p>\u00c9 prorrogado o concurso \u201cPr\u00eamio educa\u00e7\u00e3o para o tr\u00e2nsito\u201d<\/p>\n","protected":false},"author":1,"featured_media":0,"comment_status":"open","ping_status":"open","sticky":false,"template":"","format":"standard","meta":{"footnotes":""},"categories":[],"tags":[],"class_list":["post-228","post","type-post","status-publish","format-standard","hentry"],"yoast_head":"<!-- This site is optimized with the Yoast SEO plugin v23.8 - https:\/\/yoast.com\/wordpress\/plugins\/seo\/ -->\n<title>\u00c9 prorrogado o concurso \u201cPr\u00eamio educa\u00e7\u00e3o para o tr\u00e2nsito\u201d - Secretaria de Seguran\u00e7a P\u00fablica e Transporte<\/title>\n<meta name=\"robots\" content=\"index, follow, max-snippet:-1, max-image-preview:large, max-video-preview:-1\" \/>\n<link rel=\"canonical\" href=\"https:\/\/www.pmpf.rs.gov.br\/secretaria-de-seguranca-publica\/2012\/08\/31\/e-prorrogado-o-concurso-premio-educacao-para-o-transito-5799\/\" \/>\n<meta property=\"og:locale\" content=\"pt_BR\" \/>\n<meta property=\"og:type\" content=\"article\" \/>\n<meta property=\"og:title\" content=\"\u00c9 prorrogado o concurso \u201cPr\u00eamio educa\u00e7\u00e3o para o tr\u00e2nsito\u201d - Secretaria de Seguran\u00e7a P\u00fablica e Transporte\" \/>\n<meta property=\"og:description\" content=\"\u00c9 prorrogado o concurso \u201cPr\u00eamio educa\u00e7\u00e3o para o tr\u00e2nsito\u201d\" \/>\n<meta property=\"og:url\" content=\"https:\/\/www.pmpf.rs.gov.br\/secretaria-de-seguranca-publica\/2012\/08\/31\/e-prorrogado-o-concurso-premio-educacao-para-o-transito-5799\/\" \/>\n<meta property=\"og:site_name\" content=\"Secretaria de Seguran\u00e7a P\u00fablica e Transporte\" \/>\n<meta property=\"article:published_time\" content=\"2012-08-31T06:00:00+00:00\" \/>\n<meta name=\"author\" content=\"mosite\" \/>\n<meta name=\"twitter:card\" content=\"summary_large_image\" \/>\n<meta name=\"twitter:label1\" content=\"Escrito por\" \/>\n\t<meta name=\"twitter:data1\" content=\"mosite\" \/>\n\t<meta name=\"twitter:label2\" content=\"Est. tempo de leitura\" \/>\n\t<meta name=\"twitter:data2\" content=\"1 minuto\" \/>\n<script type=\"application\/ld+json\" class=\"yoast-schema-graph\">{\"@context\":\"https:\/\/schema.org\",\"@graph\":[{\"@type\":\"WebPage\",\"@id\":\"https:\/\/www.pmpf.rs.gov.br\/secretaria-de-seguranca-publica\/2012\/08\/31\/e-prorrogado-o-concurso-premio-educacao-para-o-transito-5799\/\",\"url\":\"https:\/\/www.pmpf.rs.gov.br\/secretaria-de-seguranca-publica\/2012\/08\/31\/e-prorrogado-o-concurso-premio-educacao-para-o-transito-5799\/\",\"name\":\"\u00c9 prorrogado o concurso \u201cPr\u00eamio educa\u00e7\u00e3o para o tr\u00e2nsito\u201d - Secretaria de Seguran\u00e7a P\u00fablica e Transporte\",\"isPartOf\":{\"@id\":\"https:\/\/www.pmpf.rs.gov.br\/secretaria-de-seguranca-publica\/#website\"},\"datePublished\":\"2012-08-31T06:00:00+00:00\",\"dateModified\":\"2012-08-31T06:00:00+00:00\",\"author\":{\"@id\":\"https:\/\/www.pmpf.rs.gov.br\/secretaria-de-seguranca-publica\/#\/schema\/person\/0c355b0fa68a7aa986c8594f7a60a2d7\"},\"breadcrumb\":{\"@id\":\"https:\/\/www.pmpf.rs.gov.br\/secretaria-de-seguranca-publica\/2012\/08\/31\/e-prorrogado-o-concurso-premio-educacao-para-o-transito-5799\/#breadcrumb\"},\"inLanguage\":\"pt-BR\",\"potentialAction\":[{\"@type\":\"ReadAction\",\"target\":[\"https:\/\/www.pmpf.rs.gov.br\/secretaria-de-seguranca-publica\/2012\/08\/31\/e-prorrogado-o-concurso-premio-educacao-para-o-transito-5799\/\"]}]},{\"@type\":\"BreadcrumbList\",\"@id\":\"https:\/\/www.pmpf.rs.gov.br\/secretaria-de-seguranca-publica\/2012\/08\/31\/e-prorrogado-o-concurso-premio-educacao-para-o-transito-5799\/#breadcrumb\",\"itemListElement\":[{\"@type\":\"ListItem\",\"position\":1,\"name\":\"In\u00edcio\",\"item\":\"https:\/\/www.pmpf.rs.gov.br\/secretaria-de-seguranca-publica\/\"},{\"@type\":\"ListItem\",\"position\":2,\"name\":\"\u00c9 prorrogado o concurso \u201cPr\u00eamio educa\u00e7\u00e3o para o tr\u00e2nsito\u201d\"}]},{\"@type\":\"WebSite\",\"@id\":\"https:\/\/www.pmpf.rs.gov.br\/secretaria-de-seguranca-publica\/#website\",\"url\":\"https:\/\/www.pmpf.rs.gov.br\/secretaria-de-seguranca-publica\/\",\"name\":\"Secretaria de Seguran\u00e7a P\u00fablica e Transporte\",\"description\":\"S\u00f3 mais um site Prefeitura de Passo Fundo\",\"potentialAction\":[{\"@type\":\"SearchAction\",\"target\":{\"@type\":\"EntryPoint\",\"urlTemplate\":\"https:\/\/www.pmpf.rs.gov.br\/secretaria-de-seguranca-publica\/?s={search_term_string}\"},\"query-input\":{\"@type\":\"PropertyValueSpecification\",\"valueRequired\":true,\"valueName\":\"search_term_string\"}}],\"inLanguage\":\"pt-BR\"},{\"@type\":\"Person\",\"@id\":\"https:\/\/www.pmpf.rs.gov.br\/secretaria-de-seguranca-publica\/#\/schema\/person\/0c355b0fa68a7aa986c8594f7a60a2d7\",\"name\":\"mosite\",\"image\":{\"@type\":\"ImageObject\",\"inLanguage\":\"pt-BR\",\"@id\":\"https:\/\/www.pmpf.rs.gov.br\/secretaria-de-seguranca-publica\/#\/schema\/person\/image\/\",\"url\":\"https:\/\/secure.gravatar.com\/avatar\/63d72595d6cecfe12bd8a94829d5a26c?s=96&d=mm&r=g\",\"contentUrl\":\"https:\/\/secure.gravatar.com\/avatar\/63d72595d6cecfe12bd8a94829d5a26c?s=96&d=mm&r=g\",\"caption\":\"mosite\"},\"sameAs\":[\"http:\/\/example.com\"],\"url\":\"https:\/\/www.pmpf.rs.gov.br\/secretaria-de-seguranca-publica\/author\/mosite\/\"}]}<\/script>\n<!-- \/ Yoast SEO plugin. -->","yoast_head_json":{"title":"\u00c9 prorrogado o concurso \u201cPr\u00eamio educa\u00e7\u00e3o para o tr\u00e2nsito\u201d - Secretaria de Seguran\u00e7a P\u00fablica e Transporte","robots":{"index":"index","follow":"follow","max-snippet":"max-snippet:-1","max-image-preview":"max-image-preview:large","max-video-preview":"max-video-preview:-1"},"canonical":"https:\/\/www.pmpf.rs.gov.br\/secretaria-de-seguranca-publica\/2012\/08\/31\/e-prorrogado-o-concurso-premio-educacao-para-o-transito-5799\/","og_locale":"pt_BR","og_type":"article","og_title":"\u00c9 prorrogado o concurso \u201cPr\u00eamio educa\u00e7\u00e3o para o tr\u00e2nsito\u201d - Secretaria de Seguran\u00e7a P\u00fablica e Transporte","og_description":"\u00c9 prorrogado o concurso \u201cPr\u00eamio educa\u00e7\u00e3o para o tr\u00e2nsito\u201d","og_url":"https:\/\/www.pmpf.rs.gov.br\/secretaria-de-seguranca-publica\/2012\/08\/31\/e-prorrogado-o-concurso-premio-educacao-para-o-transito-5799\/","og_site_name":"Secretaria de Seguran\u00e7a P\u00fablica e Transporte","article_published_time":"2012-08-31T06:00:00+00:00","author":"mosite","twitter_card":"summary_large_image","twitter_misc":{"Escrito por":"mosite","Est. tempo de leitura":"1 minuto"},"schema":{"@context":"https:\/\/schema.org","@graph":[{"@type":"WebPage","@id":"https:\/\/www.pmpf.rs.gov.br\/secretaria-de-seguranca-publica\/2012\/08\/31\/e-prorrogado-o-concurso-premio-educacao-para-o-transito-5799\/","url":"https:\/\/www.pmpf.rs.gov.br\/secretaria-de-seguranca-publica\/2012\/08\/31\/e-prorrogado-o-concurso-premio-educacao-para-o-transito-5799\/","name":"\u00c9 prorrogado o concurso \u201cPr\u00eamio educa\u00e7\u00e3o para o tr\u00e2nsito\u201d - Secretaria de Seguran\u00e7a P\u00fablica e Transporte","isPartOf":{"@id":"https:\/\/www.pmpf.rs.gov.br\/secretaria-de-seguranca-publica\/#website"},"datePublished":"2012-08-31T06:00:00+00:00","dateModified":"2012-08-31T06:00:00+00:00","author":{"@id":"https:\/\/www.pmpf.rs.gov.br\/secretaria-de-seguranca-publica\/#\/schema\/person\/0c355b0fa68a7aa986c8594f7a60a2d7"},"breadcrumb":{"@id":"https:\/\/www.pmpf.rs.gov.br\/secretaria-de-seguranca-publica\/2012\/08\/31\/e-prorrogado-o-concurso-premio-educacao-para-o-transito-5799\/#breadcrumb"},"inLanguage":"pt-BR","potentialAction":[{"@type":"ReadAction","target":["https:\/\/www.pmpf.rs.gov.br\/secretaria-de-seguranca-publica\/2012\/08\/31\/e-prorrogado-o-concurso-premio-educacao-para-o-transito-5799\/"]}]},{"@type":"BreadcrumbList","@id":"https:\/\/www.pmpf.rs.gov.br\/secretaria-de-seguranca-publica\/2012\/08\/31\/e-prorrogado-o-concurso-premio-educacao-para-o-transito-5799\/#breadcrumb","itemListElement":[{"@type":"ListItem","position":1,"name":"In\u00edcio","item":"https:\/\/www.pmpf.rs.gov.br\/secretaria-de-seguranca-publica\/"},{"@type":"ListItem","position":2,"name":"\u00c9 prorrogado o concurso \u201cPr\u00eamio educa\u00e7\u00e3o para o tr\u00e2nsito\u201d"}]},{"@type":"WebSite","@id":"https:\/\/www.pmpf.rs.gov.br\/secretaria-de-seguranca-publica\/#website","url":"https:\/\/www.pmpf.rs.gov.br\/secretaria-de-seguranca-publica\/","name":"Secretaria de Seguran\u00e7a P\u00fablica e Transporte","description":"S\u00f3 mais um site Prefeitura de Passo Fundo","potentialAction":[{"@type":"SearchAction","target":{"@type":"EntryPoint","urlTemplate":"https:\/\/www.pmpf.rs.gov.br\/secretaria-de-seguranca-publica\/?s={search_term_string}"},"query-input":{"@type":"PropertyValueSpecification","valueRequired":true,"valueName":"search_term_string"}}],"inLanguage":"pt-BR"},{"@type":"Person","@id":"https:\/\/www.pmpf.rs.gov.br\/secretaria-de-seguranca-publica\/#\/schema\/person\/0c355b0fa68a7aa986c8594f7a60a2d7","name":"mosite","image":{"@type":"ImageObject","inLanguage":"pt-BR","@id":"https:\/\/www.pmpf.rs.gov.br\/secretaria-de-seguranca-publica\/#\/schema\/person\/image\/","url":"https:\/\/secure.gravatar.com\/avatar\/63d72595d6cecfe12bd8a94829d5a26c?s=96&d=mm&r=g","contentUrl":"https:\/\/secure.gravatar.com\/avatar\/63d72595d6cecfe12bd8a94829d5a26c?s=96&d=mm&r=g","caption":"mosite"},"sameAs":["http:\/\/example.com"],"url":"https:\/\/www.pmpf.rs.gov.br\/secretaria-de-seguranca-publica\/author\/mosite\/"}]}},"_links":{"self":[{"href":"https:\/\/www.pmpf.rs.gov.br\/secretaria-de-seguranca-publica\/wp-json\/wp\/v2\/posts\/228"}],"collection":[{"href":"https:\/\/www.pmpf.rs.gov.br\/secretaria-de-seguranca-publica\/wp-json\/wp\/v2\/posts"}],"about":[{"href":"https:\/\/www.pmpf.rs.gov.br\/secretaria-de-seguranca-publica\/wp-json\/wp\/v2\/types\/post"}],"author":[{"embeddable":true,"href":"https:\/\/www.pmpf.rs.gov.br\/secretaria-de-seguranca-publica\/wp-json\/wp\/v2\/users\/1"}],"replies":[{"embeddable":true,"href":"https:\/\/www.pmpf.rs.gov.br\/secretaria-de-seguranca-publica\/wp-json\/wp\/v2\/comments?post=228"}],"version-history":[{"count":0,"href":"https:\/\/www.pmpf.rs.gov.br\/secretaria-de-seguranca-publica\/wp-json\/wp\/v2\/posts\/228\/revisions"}],"wp:attachment":[{"href":"https:\/\/www.pmpf.rs.gov.br\/secretaria-de-seguranca-publica\/wp-json\/wp\/v2\/media?parent=228"}],"wp:term":[{"taxonomy":"category","embeddable":true,"href":"https:\/\/www.pmpf.rs.gov.br\/secretaria-de-seguranca-publica\/wp-json\/wp\/v2\/categories?post=228"},{"taxonomy":"post_tag","embeddable":true,"href":"https:\/\/www.pmpf.rs.gov.br\/secretaria-de-seguranca-publica\/wp-json\/wp\/v2\/tags?post=228"}],"curies":[{"name":"wp","href":"https:\/\/api.w.org\/{rel}","templated":true}]}}