{"id":226,"date":"2012-08-23T03:00:00","date_gmt":"2012-08-23T06:00:00","guid":{"rendered":"https:\/\/www.pmpf.rs.gov.br\/secretaria-de-seguranca-publica\/2012\/08\/23\/territorio-da-paz-promove-evento-para-mulheres-no-jaboticabal-5821\/"},"modified":"2012-08-23T03:00:00","modified_gmt":"2012-08-23T06:00:00","slug":"territorio-da-paz-promove-evento-para-mulheres-no-jaboticabal-5821","status":"publish","type":"post","link":"https:\/\/www.pmpf.rs.gov.br\/secretaria-de-seguranca-publica\/2012\/08\/23\/territorio-da-paz-promove-evento-para-mulheres-no-jaboticabal-5821\/","title":{"rendered":"Territ\u00f3rio da Paz promove evento para mulheres no Jaboticabal"},"content":{"rendered":"<div align=\"justify\">\n<p>A comunidade do bairro Jaboticabal recebeu nesta quinta-feira, a secret\u00e1ria estadual de Pol\u00edticas para Mulheres, M\u00e1rcia Santana, que esteve em Passo Fundo participando do processo de interioriza\u00e7\u00e3o do estado. <br \/>O encontro, denominado o primeiro encontro de mulheres com a tem\u00e1tica \u201cDesenvolvimento Comunit\u00e1rio na Perspectiva de G\u00eanero no Territ\u00f3rio da Paz\u201d, discutiu principalmente o tema da viol\u00eancia dom\u00e9stica, sofrida por muitas mulheres\u00a0 diariamente. Representantes do projeto Mulheres da Paz, instalado nos bairros Jos\u00e9 Alexandre Z\u00e1cchia e\u00a0 Integra\u00e7\u00e3o, atrav\u00e9s do Territ\u00f3rio da Paz, discutiram ao longo da tarde sobre as a\u00e7\u00f5es de media\u00e7\u00e3o de conflitos e tamb\u00e9m os novos projetos da prefeitura municipal em rela\u00e7\u00e3o aos direitos das mulheres, realizados pelas coordenadorias da Mulher e Igualdade Racial e as secretarias de Cidadania e Assist\u00eancia Social e de Seguran\u00e7a, com a cria\u00e7\u00e3o do Territ\u00f3rio da Paz.<br \/>Segundo Alessandra Moreira, coordenadora da Coordenadoria da Mulher, esses dois bairros, por serem os mais distantes da cidade, sofrem muito com conflitos e viol\u00eancia de v\u00e1rias maneiras, e para isso, se formou o Territ\u00f3rio da Paz em 2012, que atua com as Mulheres da Paz, que fazem diariamente a media\u00e7\u00e3o de todos os problemas enfrentados pelos moradores.<br \/>M\u00e1rcia Santana, secret\u00e1ria estadual de Pol\u00edticas para Mulheres, relatou \u00e0s mulheres presentes no encontro, a situa\u00e7\u00e3o em que vivem milhares de mulheres no estado, lembrando que, somente na \u00faltima semana, 10 mulheres foram assassinadas pelos seus companheiros no RS, porque n\u00e3o buscaram ajuda. \u201cEsse tema ainda ser\u00e1 muito discutido por todas n\u00f3s, que queremos livrar as mulheres dessa condi\u00e7\u00e3o lastim\u00e1vel. Queremos ajudar a cada mulher que sofre com viol\u00eancia, a tomar um rumo diferente em suas vidas. O estado possui in\u00fameros projetos relativos \u00e0 esta quest\u00e3o, como a capacita\u00e7\u00e3o para o enfrentamento \u00e0 viol\u00eancia, junto com o governo federal, os territ\u00f3rios da Paz, as delegacias da Mulher, que j\u00e1 s\u00e3o 16 no Estado e tamb\u00e9m a qualifica\u00e7\u00e3o da rede de atendimento\u201d, concluiu.<br \/>A comunidade entregou \u00e0 secret\u00e1ria, um documento com todas as demandas do Territ\u00f3rio da Paz de Passo Fundo, que ser\u00e1 entregue em m\u00e3os ao secret\u00e1rio estadual de Seguran\u00e7a P\u00fablica, onde as medidas de aperfei\u00e7oamento dos projetos ser\u00e3o tomadas.<\/div>\n<p><\/p>\n","protected":false},"excerpt":{"rendered":"<p>Territ\u00f3rio da Paz promove evento para mulheres no Jaboticabal<\/p>\n","protected":false},"author":1,"featured_media":227,"comment_status":"open","ping_status":"open","sticky":false,"template":"","format":"standard","meta":{"footnotes":""},"categories":[],"tags":[],"class_list":["post-226","post","type-post","status-publish","format-standard","has-post-thumbnail","hentry"],"yoast_head":"<!-- This site is optimized with the Yoast SEO plugin v23.8 - https:\/\/yoast.com\/wordpress\/plugins\/seo\/ -->\n<title>Territ\u00f3rio da Paz promove evento para mulheres no Jaboticabal - Secretaria de Seguran\u00e7a P\u00fablica e Transporte<\/title>\n<meta name=\"robots\" content=\"index, follow, max-snippet:-1, max-image-preview:large, max-video-preview:-1\" \/>\n<link rel=\"canonical\" href=\"https:\/\/www.pmpf.rs.gov.br\/secretaria-de-seguranca-publica\/2012\/08\/23\/territorio-da-paz-promove-evento-para-mulheres-no-jaboticabal-5821\/\" \/>\n<meta property=\"og:locale\" content=\"pt_BR\" \/>\n<meta property=\"og:type\" content=\"article\" \/>\n<meta property=\"og:title\" content=\"Territ\u00f3rio da Paz promove evento para mulheres no Jaboticabal - Secretaria de Seguran\u00e7a P\u00fablica e Transporte\" \/>\n<meta property=\"og:description\" content=\"Territ\u00f3rio da Paz promove evento para mulheres no Jaboticabal\" \/>\n<meta property=\"og:url\" content=\"https:\/\/www.pmpf.rs.gov.br\/secretaria-de-seguranca-publica\/2012\/08\/23\/territorio-da-paz-promove-evento-para-mulheres-no-jaboticabal-5821\/\" \/>\n<meta property=\"og:site_name\" content=\"Secretaria de Seguran\u00e7a P\u00fablica e Transporte\" \/>\n<meta property=\"article:published_time\" content=\"2012-08-23T06:00:00+00:00\" \/>\n<meta property=\"og:image\" content=\"https:\/\/www.pmpf.rs.gov.br\/secretaria-de-seguranca-publica\/wp-content\/uploads\/sites\/54\/2021\/12\/I2013-05-07_062753_c9043.jpg\" \/>\n\t<meta property=\"og:image:width\" content=\"640\" \/>\n\t<meta property=\"og:image:height\" content=\"480\" \/>\n\t<meta property=\"og:image:type\" content=\"image\/jpeg\" \/>\n<meta name=\"author\" content=\"mosite\" \/>\n<meta name=\"twitter:card\" content=\"summary_large_image\" \/>\n<meta name=\"twitter:label1\" content=\"Escrito por\" \/>\n\t<meta name=\"twitter:data1\" content=\"mosite\" \/>\n\t<meta name=\"twitter:label2\" content=\"Est. tempo de leitura\" \/>\n\t<meta name=\"twitter:data2\" content=\"2 minutos\" \/>\n<script type=\"application\/ld+json\" class=\"yoast-schema-graph\">{\"@context\":\"https:\/\/schema.org\",\"@graph\":[{\"@type\":\"WebPage\",\"@id\":\"https:\/\/www.pmpf.rs.gov.br\/secretaria-de-seguranca-publica\/2012\/08\/23\/territorio-da-paz-promove-evento-para-mulheres-no-jaboticabal-5821\/\",\"url\":\"https:\/\/www.pmpf.rs.gov.br\/secretaria-de-seguranca-publica\/2012\/08\/23\/territorio-da-paz-promove-evento-para-mulheres-no-jaboticabal-5821\/\",\"name\":\"Territ\u00f3rio da Paz promove evento para mulheres no Jaboticabal - Secretaria de Seguran\u00e7a P\u00fablica e Transporte\",\"isPartOf\":{\"@id\":\"https:\/\/www.pmpf.rs.gov.br\/secretaria-de-seguranca-publica\/#website\"},\"primaryImageOfPage\":{\"@id\":\"https:\/\/www.pmpf.rs.gov.br\/secretaria-de-seguranca-publica\/2012\/08\/23\/territorio-da-paz-promove-evento-para-mulheres-no-jaboticabal-5821\/#primaryimage\"},\"image\":{\"@id\":\"https:\/\/www.pmpf.rs.gov.br\/secretaria-de-seguranca-publica\/2012\/08\/23\/territorio-da-paz-promove-evento-para-mulheres-no-jaboticabal-5821\/#primaryimage\"},\"thumbnailUrl\":\"https:\/\/www.pmpf.rs.gov.br\/secretaria-de-seguranca-publica\/wp-content\/uploads\/sites\/54\/2021\/12\/I2013-05-07_062753_c9043.jpg\",\"datePublished\":\"2012-08-23T06:00:00+00:00\",\"dateModified\":\"2012-08-23T06:00:00+00:00\",\"author\":{\"@id\":\"https:\/\/www.pmpf.rs.gov.br\/secretaria-de-seguranca-publica\/#\/schema\/person\/0c355b0fa68a7aa986c8594f7a60a2d7\"},\"breadcrumb\":{\"@id\":\"https:\/\/www.pmpf.rs.gov.br\/secretaria-de-seguranca-publica\/2012\/08\/23\/territorio-da-paz-promove-evento-para-mulheres-no-jaboticabal-5821\/#breadcrumb\"},\"inLanguage\":\"pt-BR\",\"potentialAction\":[{\"@type\":\"ReadAction\",\"target\":[\"https:\/\/www.pmpf.rs.gov.br\/secretaria-de-seguranca-publica\/2012\/08\/23\/territorio-da-paz-promove-evento-para-mulheres-no-jaboticabal-5821\/\"]}]},{\"@type\":\"ImageObject\",\"inLanguage\":\"pt-BR\",\"@id\":\"https:\/\/www.pmpf.rs.gov.br\/secretaria-de-seguranca-publica\/2012\/08\/23\/territorio-da-paz-promove-evento-para-mulheres-no-jaboticabal-5821\/#primaryimage\",\"url\":\"https:\/\/www.pmpf.rs.gov.br\/secretaria-de-seguranca-publica\/wp-content\/uploads\/sites\/54\/2021\/12\/I2013-05-07_062753_c9043.jpg\",\"contentUrl\":\"https:\/\/www.pmpf.rs.gov.br\/secretaria-de-seguranca-publica\/wp-content\/uploads\/sites\/54\/2021\/12\/I2013-05-07_062753_c9043.jpg\",\"width\":640,\"height\":480},{\"@type\":\"BreadcrumbList\",\"@id\":\"https:\/\/www.pmpf.rs.gov.br\/secretaria-de-seguranca-publica\/2012\/08\/23\/territorio-da-paz-promove-evento-para-mulheres-no-jaboticabal-5821\/#breadcrumb\",\"itemListElement\":[{\"@type\":\"ListItem\",\"position\":1,\"name\":\"In\u00edcio\",\"item\":\"https:\/\/www.pmpf.rs.gov.br\/secretaria-de-seguranca-publica\/\"},{\"@type\":\"ListItem\",\"position\":2,\"name\":\"Territ\u00f3rio da Paz promove evento para mulheres no Jaboticabal\"}]},{\"@type\":\"WebSite\",\"@id\":\"https:\/\/www.pmpf.rs.gov.br\/secretaria-de-seguranca-publica\/#website\",\"url\":\"https:\/\/www.pmpf.rs.gov.br\/secretaria-de-seguranca-publica\/\",\"name\":\"Secretaria de Seguran\u00e7a P\u00fablica e Transporte\",\"description\":\"S\u00f3 mais um site Prefeitura de Passo Fundo\",\"potentialAction\":[{\"@type\":\"SearchAction\",\"target\":{\"@type\":\"EntryPoint\",\"urlTemplate\":\"https:\/\/www.pmpf.rs.gov.br\/secretaria-de-seguranca-publica\/?s={search_term_string}\"},\"query-input\":{\"@type\":\"PropertyValueSpecification\",\"valueRequired\":true,\"valueName\":\"search_term_string\"}}],\"inLanguage\":\"pt-BR\"},{\"@type\":\"Person\",\"@id\":\"https:\/\/www.pmpf.rs.gov.br\/secretaria-de-seguranca-publica\/#\/schema\/person\/0c355b0fa68a7aa986c8594f7a60a2d7\",\"name\":\"mosite\",\"image\":{\"@type\":\"ImageObject\",\"inLanguage\":\"pt-BR\",\"@id\":\"https:\/\/www.pmpf.rs.gov.br\/secretaria-de-seguranca-publica\/#\/schema\/person\/image\/\",\"url\":\"https:\/\/secure.gravatar.com\/avatar\/63d72595d6cecfe12bd8a94829d5a26c?s=96&d=mm&r=g\",\"contentUrl\":\"https:\/\/secure.gravatar.com\/avatar\/63d72595d6cecfe12bd8a94829d5a26c?s=96&d=mm&r=g\",\"caption\":\"mosite\"},\"sameAs\":[\"http:\/\/example.com\"],\"url\":\"https:\/\/www.pmpf.rs.gov.br\/secretaria-de-seguranca-publica\/author\/mosite\/\"}]}<\/script>\n<!-- \/ Yoast SEO plugin. -->","yoast_head_json":{"title":"Territ\u00f3rio da Paz promove evento para mulheres no Jaboticabal - Secretaria de Seguran\u00e7a P\u00fablica e Transporte","robots":{"index":"index","follow":"follow","max-snippet":"max-snippet:-1","max-image-preview":"max-image-preview:large","max-video-preview":"max-video-preview:-1"},"canonical":"https:\/\/www.pmpf.rs.gov.br\/secretaria-de-seguranca-publica\/2012\/08\/23\/territorio-da-paz-promove-evento-para-mulheres-no-jaboticabal-5821\/","og_locale":"pt_BR","og_type":"article","og_title":"Territ\u00f3rio da Paz promove evento para mulheres no Jaboticabal - Secretaria de Seguran\u00e7a P\u00fablica e Transporte","og_description":"Territ\u00f3rio da Paz promove evento para mulheres no Jaboticabal","og_url":"https:\/\/www.pmpf.rs.gov.br\/secretaria-de-seguranca-publica\/2012\/08\/23\/territorio-da-paz-promove-evento-para-mulheres-no-jaboticabal-5821\/","og_site_name":"Secretaria de Seguran\u00e7a P\u00fablica e Transporte","article_published_time":"2012-08-23T06:00:00+00:00","og_image":[{"width":640,"height":480,"url":"https:\/\/www.pmpf.rs.gov.br\/secretaria-de-seguranca-publica\/wp-content\/uploads\/sites\/54\/2021\/12\/I2013-05-07_062753_c9043.jpg","type":"image\/jpeg"}],"author":"mosite","twitter_card":"summary_large_image","twitter_misc":{"Escrito por":"mosite","Est. tempo de leitura":"2 minutos"},"schema":{"@context":"https:\/\/schema.org","@graph":[{"@type":"WebPage","@id":"https:\/\/www.pmpf.rs.gov.br\/secretaria-de-seguranca-publica\/2012\/08\/23\/territorio-da-paz-promove-evento-para-mulheres-no-jaboticabal-5821\/","url":"https:\/\/www.pmpf.rs.gov.br\/secretaria-de-seguranca-publica\/2012\/08\/23\/territorio-da-paz-promove-evento-para-mulheres-no-jaboticabal-5821\/","name":"Territ\u00f3rio da Paz promove evento para mulheres no Jaboticabal - Secretaria de Seguran\u00e7a P\u00fablica e Transporte","isPartOf":{"@id":"https:\/\/www.pmpf.rs.gov.br\/secretaria-de-seguranca-publica\/#website"},"primaryImageOfPage":{"@id":"https:\/\/www.pmpf.rs.gov.br\/secretaria-de-seguranca-publica\/2012\/08\/23\/territorio-da-paz-promove-evento-para-mulheres-no-jaboticabal-5821\/#primaryimage"},"image":{"@id":"https:\/\/www.pmpf.rs.gov.br\/secretaria-de-seguranca-publica\/2012\/08\/23\/territorio-da-paz-promove-evento-para-mulheres-no-jaboticabal-5821\/#primaryimage"},"thumbnailUrl":"https:\/\/www.pmpf.rs.gov.br\/secretaria-de-seguranca-publica\/wp-content\/uploads\/sites\/54\/2021\/12\/I2013-05-07_062753_c9043.jpg","datePublished":"2012-08-23T06:00:00+00:00","dateModified":"2012-08-23T06:00:00+00:00","author":{"@id":"https:\/\/www.pmpf.rs.gov.br\/secretaria-de-seguranca-publica\/#\/schema\/person\/0c355b0fa68a7aa986c8594f7a60a2d7"},"breadcrumb":{"@id":"https:\/\/www.pmpf.rs.gov.br\/secretaria-de-seguranca-publica\/2012\/08\/23\/territorio-da-paz-promove-evento-para-mulheres-no-jaboticabal-5821\/#breadcrumb"},"inLanguage":"pt-BR","potentialAction":[{"@type":"ReadAction","target":["https:\/\/www.pmpf.rs.gov.br\/secretaria-de-seguranca-publica\/2012\/08\/23\/territorio-da-paz-promove-evento-para-mulheres-no-jaboticabal-5821\/"]}]},{"@type":"ImageObject","inLanguage":"pt-BR","@id":"https:\/\/www.pmpf.rs.gov.br\/secretaria-de-seguranca-publica\/2012\/08\/23\/territorio-da-paz-promove-evento-para-mulheres-no-jaboticabal-5821\/#primaryimage","url":"https:\/\/www.pmpf.rs.gov.br\/secretaria-de-seguranca-publica\/wp-content\/uploads\/sites\/54\/2021\/12\/I2013-05-07_062753_c9043.jpg","contentUrl":"https:\/\/www.pmpf.rs.gov.br\/secretaria-de-seguranca-publica\/wp-content\/uploads\/sites\/54\/2021\/12\/I2013-05-07_062753_c9043.jpg","width":640,"height":480},{"@type":"BreadcrumbList","@id":"https:\/\/www.pmpf.rs.gov.br\/secretaria-de-seguranca-publica\/2012\/08\/23\/territorio-da-paz-promove-evento-para-mulheres-no-jaboticabal-5821\/#breadcrumb","itemListElement":[{"@type":"ListItem","position":1,"name":"In\u00edcio","item":"https:\/\/www.pmpf.rs.gov.br\/secretaria-de-seguranca-publica\/"},{"@type":"ListItem","position":2,"name":"Territ\u00f3rio da Paz promove evento para mulheres no Jaboticabal"}]},{"@type":"WebSite","@id":"https:\/\/www.pmpf.rs.gov.br\/secretaria-de-seguranca-publica\/#website","url":"https:\/\/www.pmpf.rs.gov.br\/secretaria-de-seguranca-publica\/","name":"Secretaria de Seguran\u00e7a P\u00fablica e Transporte","description":"S\u00f3 mais um site Prefeitura de Passo Fundo","potentialAction":[{"@type":"SearchAction","target":{"@type":"EntryPoint","urlTemplate":"https:\/\/www.pmpf.rs.gov.br\/secretaria-de-seguranca-publica\/?s={search_term_string}"},"query-input":{"@type":"PropertyValueSpecification","valueRequired":true,"valueName":"search_term_string"}}],"inLanguage":"pt-BR"},{"@type":"Person","@id":"https:\/\/www.pmpf.rs.gov.br\/secretaria-de-seguranca-publica\/#\/schema\/person\/0c355b0fa68a7aa986c8594f7a60a2d7","name":"mosite","image":{"@type":"ImageObject","inLanguage":"pt-BR","@id":"https:\/\/www.pmpf.rs.gov.br\/secretaria-de-seguranca-publica\/#\/schema\/person\/image\/","url":"https:\/\/secure.gravatar.com\/avatar\/63d72595d6cecfe12bd8a94829d5a26c?s=96&d=mm&r=g","contentUrl":"https:\/\/secure.gravatar.com\/avatar\/63d72595d6cecfe12bd8a94829d5a26c?s=96&d=mm&r=g","caption":"mosite"},"sameAs":["http:\/\/example.com"],"url":"https:\/\/www.pmpf.rs.gov.br\/secretaria-de-seguranca-publica\/author\/mosite\/"}]}},"_links":{"self":[{"href":"https:\/\/www.pmpf.rs.gov.br\/secretaria-de-seguranca-publica\/wp-json\/wp\/v2\/posts\/226"}],"collection":[{"href":"https:\/\/www.pmpf.rs.gov.br\/secretaria-de-seguranca-publica\/wp-json\/wp\/v2\/posts"}],"about":[{"href":"https:\/\/www.pmpf.rs.gov.br\/secretaria-de-seguranca-publica\/wp-json\/wp\/v2\/types\/post"}],"author":[{"embeddable":true,"href":"https:\/\/www.pmpf.rs.gov.br\/secretaria-de-seguranca-publica\/wp-json\/wp\/v2\/users\/1"}],"replies":[{"embeddable":true,"href":"https:\/\/www.pmpf.rs.gov.br\/secretaria-de-seguranca-publica\/wp-json\/wp\/v2\/comments?post=226"}],"version-history":[{"count":0,"href":"https:\/\/www.pmpf.rs.gov.br\/secretaria-de-seguranca-publica\/wp-json\/wp\/v2\/posts\/226\/revisions"}],"wp:featuredmedia":[{"embeddable":true,"href":"https:\/\/www.pmpf.rs.gov.br\/secretaria-de-seguranca-publica\/wp-json\/wp\/v2\/media\/227"}],"wp:attachment":[{"href":"https:\/\/www.pmpf.rs.gov.br\/secretaria-de-seguranca-publica\/wp-json\/wp\/v2\/media?parent=226"}],"wp:term":[{"taxonomy":"category","embeddable":true,"href":"https:\/\/www.pmpf.rs.gov.br\/secretaria-de-seguranca-publica\/wp-json\/wp\/v2\/categories?post=226"},{"taxonomy":"post_tag","embeddable":true,"href":"https:\/\/www.pmpf.rs.gov.br\/secretaria-de-seguranca-publica\/wp-json\/wp\/v2\/tags?post=226"}],"curies":[{"name":"wp","href":"https:\/\/api.w.org\/{rel}","templated":true}]}}