{"id":215,"date":"2012-08-16T03:00:00","date_gmt":"2012-08-16T06:00:00","guid":{"rendered":"https:\/\/www.pmpf.rs.gov.br\/secretaria-de-seguranca-publica\/2012\/08\/16\/dipp-assina-com-o-detran-adesao-ao-balada-segura-5839\/"},"modified":"2012-08-16T03:00:00","modified_gmt":"2012-08-16T06:00:00","slug":"dipp-assina-com-o-detran-adesao-ao-balada-segura-5839","status":"publish","type":"post","link":"https:\/\/www.pmpf.rs.gov.br\/secretaria-de-seguranca-publica\/2012\/08\/16\/dipp-assina-com-o-detran-adesao-ao-balada-segura-5839\/","title":{"rendered":"Dipp assina com o Detran ades\u00e3o ao Balada Segura"},"content":{"rendered":"<div align=\"justify\">\n<p>\u00a0\u00a0 \u00a0Numa iniciativa do Governo do Estado do Rio Grande do Sul aderida pela Prefeitura Municipal, foi lan\u00e7ada oficialmente em Passo Fundo nesta quarta-feira,\u00a0 em frente a Pra\u00e7a Marechal Floriano, a opera\u00e7\u00e3o Balada Segura. A a\u00e7\u00e3o visa diminuir os acidentes de tr\u00e2nsito causados por motoristas alcoolizados e conscientizar as pessoas, principalmente os jovens, sobre os perigos de dirigir sob o efeito do \u00e1lcool.<br \/>\u00a0\u00a0 \u00a0Na oportunidade, o prefeito municipal Airton Langaro Dipp, destacou a import\u00e2ncia do programa, principalmente por preservar a vida do cidad\u00e3o, e ser voltado \u00e0 conscientiza\u00e7\u00e3o dos jovens. \u201cNo trabalho da preven\u00e7\u00e3o atingimos\u00a0 os melhores resultados\u201d, disse ele.<br \/>\u00a0\u00a0 \u00a0Al\u00e9m disso, Dipp salientou que os agentes de tr\u00e2nsito passo-fundenses est\u00e3o preparados, tamb\u00e9m abordando sobre as c\u00e2maras de videomonitoramento 24 horas instaladas no munic\u00edpio, que segundo ele\u00a0 podem contribuir nessa quest\u00e3o. \u201cA partir de hoje teremos mais seguran\u00e7a no tr\u00e2nsito\u201d, concluiu.<br \/>\u00a0\u00a0 \u00a0O diretor-presidente do Detran RS, Alessandro Barcellos, explicou que o munic\u00edpio de Passo Fundo \u00e9 o 8\u00ba que est\u00e1 aderindo ao programa, e que o objetivo da parceria \u00e9 trabalhar para o resultado ser o mesmo das outras cidades. \u201cPrecisamos preservar nosso bem maior, que \u00e9 a vida\u201d, disse.<br \/>\u00a0\u00a0 \u00a0A m\u00e9dia do Brasil nos anos 2010 e 2011 \u00e9 de 40 mil mortes no tr\u00e2nsito, e somente no Estado do Rio Grande do Sul \u00e9 de 2 mil por ano. Sobre esses dados, o diretor disse que imediatamente eles precisam ser revertidos. \u201cQueremos al\u00e9m de fiscalizar, mudar o comportamento das pessoas\u201d, disse.<br \/>\u00a0\u00a0 \u00a0J\u00e1 a secret\u00e1ria de Seguran\u00e7a P\u00fablica, Estelita Salton, contou que as opera\u00e7\u00f5es devem acontecer semanalmente em Passo Fundo, tamb\u00e9m pelo fato de ser uma cidade universit\u00e1ria com muitos eventos que abrangem toda regi\u00e3o. Ela disse ainda que esse trabalho de fiscaliza\u00e7\u00e3o vai se estender aos bairros do munic\u00edpio.<\/div>\n","protected":false},"excerpt":{"rendered":"<p>A a\u00e7\u00e3o visa diminuir os acidentes de tr\u00e2nsito causados por motoristas alcoolizados e conscientizar as pessoas, principalmente os jovens.<\/p>\n","protected":false},"author":1,"featured_media":216,"comment_status":"open","ping_status":"open","sticky":false,"template":"","format":"standard","meta":{"footnotes":""},"categories":[],"tags":[],"class_list":["post-215","post","type-post","status-publish","format-standard","has-post-thumbnail","hentry"],"yoast_head":"<!-- This site is optimized with the Yoast SEO plugin v23.8 - https:\/\/yoast.com\/wordpress\/plugins\/seo\/ -->\n<title>Dipp assina com o Detran ades\u00e3o ao Balada Segura - Secretaria de Seguran\u00e7a P\u00fablica e Transporte<\/title>\n<meta name=\"robots\" content=\"index, follow, max-snippet:-1, max-image-preview:large, max-video-preview:-1\" \/>\n<link rel=\"canonical\" href=\"https:\/\/www.pmpf.rs.gov.br\/secretaria-de-seguranca-publica\/2012\/08\/16\/dipp-assina-com-o-detran-adesao-ao-balada-segura-5839\/\" \/>\n<meta property=\"og:locale\" content=\"pt_BR\" \/>\n<meta property=\"og:type\" content=\"article\" \/>\n<meta property=\"og:title\" content=\"Dipp assina com o Detran ades\u00e3o ao Balada Segura - Secretaria de Seguran\u00e7a P\u00fablica e Transporte\" \/>\n<meta property=\"og:description\" content=\"A a\u00e7\u00e3o visa diminuir os acidentes de tr\u00e2nsito causados por motoristas alcoolizados e conscientizar as pessoas, principalmente os jovens.\" \/>\n<meta property=\"og:url\" content=\"https:\/\/www.pmpf.rs.gov.br\/secretaria-de-seguranca-publica\/2012\/08\/16\/dipp-assina-com-o-detran-adesao-ao-balada-segura-5839\/\" \/>\n<meta property=\"og:site_name\" content=\"Secretaria de Seguran\u00e7a P\u00fablica e Transporte\" \/>\n<meta property=\"article:published_time\" content=\"2012-08-16T06:00:00+00:00\" \/>\n<meta property=\"og:image\" content=\"https:\/\/www.pmpf.rs.gov.br\/secretaria-de-seguranca-publica\/wp-content\/uploads\/sites\/54\/2021\/12\/I2013-05-07_062753_c9011.jpg\" \/>\n\t<meta property=\"og:image:width\" content=\"640\" \/>\n\t<meta property=\"og:image:height\" content=\"427\" \/>\n\t<meta property=\"og:image:type\" content=\"image\/jpeg\" \/>\n<meta name=\"author\" content=\"mosite\" \/>\n<meta name=\"twitter:card\" content=\"summary_large_image\" \/>\n<meta name=\"twitter:label1\" content=\"Escrito por\" \/>\n\t<meta name=\"twitter:data1\" content=\"mosite\" \/>\n\t<meta name=\"twitter:label2\" content=\"Est. tempo de leitura\" \/>\n\t<meta name=\"twitter:data2\" content=\"2 minutos\" \/>\n<script type=\"application\/ld+json\" class=\"yoast-schema-graph\">{\"@context\":\"https:\/\/schema.org\",\"@graph\":[{\"@type\":\"WebPage\",\"@id\":\"https:\/\/www.pmpf.rs.gov.br\/secretaria-de-seguranca-publica\/2012\/08\/16\/dipp-assina-com-o-detran-adesao-ao-balada-segura-5839\/\",\"url\":\"https:\/\/www.pmpf.rs.gov.br\/secretaria-de-seguranca-publica\/2012\/08\/16\/dipp-assina-com-o-detran-adesao-ao-balada-segura-5839\/\",\"name\":\"Dipp assina com o Detran ades\u00e3o ao Balada Segura - Secretaria de Seguran\u00e7a P\u00fablica e Transporte\",\"isPartOf\":{\"@id\":\"https:\/\/www.pmpf.rs.gov.br\/secretaria-de-seguranca-publica\/#website\"},\"primaryImageOfPage\":{\"@id\":\"https:\/\/www.pmpf.rs.gov.br\/secretaria-de-seguranca-publica\/2012\/08\/16\/dipp-assina-com-o-detran-adesao-ao-balada-segura-5839\/#primaryimage\"},\"image\":{\"@id\":\"https:\/\/www.pmpf.rs.gov.br\/secretaria-de-seguranca-publica\/2012\/08\/16\/dipp-assina-com-o-detran-adesao-ao-balada-segura-5839\/#primaryimage\"},\"thumbnailUrl\":\"https:\/\/www.pmpf.rs.gov.br\/secretaria-de-seguranca-publica\/wp-content\/uploads\/sites\/54\/2021\/12\/I2013-05-07_062753_c9011.jpg\",\"datePublished\":\"2012-08-16T06:00:00+00:00\",\"dateModified\":\"2012-08-16T06:00:00+00:00\",\"author\":{\"@id\":\"https:\/\/www.pmpf.rs.gov.br\/secretaria-de-seguranca-publica\/#\/schema\/person\/0c355b0fa68a7aa986c8594f7a60a2d7\"},\"breadcrumb\":{\"@id\":\"https:\/\/www.pmpf.rs.gov.br\/secretaria-de-seguranca-publica\/2012\/08\/16\/dipp-assina-com-o-detran-adesao-ao-balada-segura-5839\/#breadcrumb\"},\"inLanguage\":\"pt-BR\",\"potentialAction\":[{\"@type\":\"ReadAction\",\"target\":[\"https:\/\/www.pmpf.rs.gov.br\/secretaria-de-seguranca-publica\/2012\/08\/16\/dipp-assina-com-o-detran-adesao-ao-balada-segura-5839\/\"]}]},{\"@type\":\"ImageObject\",\"inLanguage\":\"pt-BR\",\"@id\":\"https:\/\/www.pmpf.rs.gov.br\/secretaria-de-seguranca-publica\/2012\/08\/16\/dipp-assina-com-o-detran-adesao-ao-balada-segura-5839\/#primaryimage\",\"url\":\"https:\/\/www.pmpf.rs.gov.br\/secretaria-de-seguranca-publica\/wp-content\/uploads\/sites\/54\/2021\/12\/I2013-05-07_062753_c9011.jpg\",\"contentUrl\":\"https:\/\/www.pmpf.rs.gov.br\/secretaria-de-seguranca-publica\/wp-content\/uploads\/sites\/54\/2021\/12\/I2013-05-07_062753_c9011.jpg\",\"width\":640,\"height\":427},{\"@type\":\"BreadcrumbList\",\"@id\":\"https:\/\/www.pmpf.rs.gov.br\/secretaria-de-seguranca-publica\/2012\/08\/16\/dipp-assina-com-o-detran-adesao-ao-balada-segura-5839\/#breadcrumb\",\"itemListElement\":[{\"@type\":\"ListItem\",\"position\":1,\"name\":\"In\u00edcio\",\"item\":\"https:\/\/www.pmpf.rs.gov.br\/secretaria-de-seguranca-publica\/\"},{\"@type\":\"ListItem\",\"position\":2,\"name\":\"Dipp assina com o Detran ades\u00e3o ao Balada Segura\"}]},{\"@type\":\"WebSite\",\"@id\":\"https:\/\/www.pmpf.rs.gov.br\/secretaria-de-seguranca-publica\/#website\",\"url\":\"https:\/\/www.pmpf.rs.gov.br\/secretaria-de-seguranca-publica\/\",\"name\":\"Secretaria de Seguran\u00e7a P\u00fablica e Transporte\",\"description\":\"S\u00f3 mais um site Prefeitura de Passo Fundo\",\"potentialAction\":[{\"@type\":\"SearchAction\",\"target\":{\"@type\":\"EntryPoint\",\"urlTemplate\":\"https:\/\/www.pmpf.rs.gov.br\/secretaria-de-seguranca-publica\/?s={search_term_string}\"},\"query-input\":{\"@type\":\"PropertyValueSpecification\",\"valueRequired\":true,\"valueName\":\"search_term_string\"}}],\"inLanguage\":\"pt-BR\"},{\"@type\":\"Person\",\"@id\":\"https:\/\/www.pmpf.rs.gov.br\/secretaria-de-seguranca-publica\/#\/schema\/person\/0c355b0fa68a7aa986c8594f7a60a2d7\",\"name\":\"mosite\",\"image\":{\"@type\":\"ImageObject\",\"inLanguage\":\"pt-BR\",\"@id\":\"https:\/\/www.pmpf.rs.gov.br\/secretaria-de-seguranca-publica\/#\/schema\/person\/image\/\",\"url\":\"https:\/\/secure.gravatar.com\/avatar\/63d72595d6cecfe12bd8a94829d5a26c?s=96&d=mm&r=g\",\"contentUrl\":\"https:\/\/secure.gravatar.com\/avatar\/63d72595d6cecfe12bd8a94829d5a26c?s=96&d=mm&r=g\",\"caption\":\"mosite\"},\"sameAs\":[\"http:\/\/example.com\"],\"url\":\"https:\/\/www.pmpf.rs.gov.br\/secretaria-de-seguranca-publica\/author\/mosite\/\"}]}<\/script>\n<!-- \/ Yoast SEO plugin. -->","yoast_head_json":{"title":"Dipp assina com o Detran ades\u00e3o ao Balada Segura - Secretaria de Seguran\u00e7a P\u00fablica e Transporte","robots":{"index":"index","follow":"follow","max-snippet":"max-snippet:-1","max-image-preview":"max-image-preview:large","max-video-preview":"max-video-preview:-1"},"canonical":"https:\/\/www.pmpf.rs.gov.br\/secretaria-de-seguranca-publica\/2012\/08\/16\/dipp-assina-com-o-detran-adesao-ao-balada-segura-5839\/","og_locale":"pt_BR","og_type":"article","og_title":"Dipp assina com o Detran ades\u00e3o ao Balada Segura - Secretaria de Seguran\u00e7a P\u00fablica e Transporte","og_description":"A a\u00e7\u00e3o visa diminuir os acidentes de tr\u00e2nsito causados por motoristas alcoolizados e conscientizar as pessoas, principalmente os jovens.","og_url":"https:\/\/www.pmpf.rs.gov.br\/secretaria-de-seguranca-publica\/2012\/08\/16\/dipp-assina-com-o-detran-adesao-ao-balada-segura-5839\/","og_site_name":"Secretaria de Seguran\u00e7a P\u00fablica e Transporte","article_published_time":"2012-08-16T06:00:00+00:00","og_image":[{"width":640,"height":427,"url":"https:\/\/www.pmpf.rs.gov.br\/secretaria-de-seguranca-publica\/wp-content\/uploads\/sites\/54\/2021\/12\/I2013-05-07_062753_c9011.jpg","type":"image\/jpeg"}],"author":"mosite","twitter_card":"summary_large_image","twitter_misc":{"Escrito por":"mosite","Est. tempo de leitura":"2 minutos"},"schema":{"@context":"https:\/\/schema.org","@graph":[{"@type":"WebPage","@id":"https:\/\/www.pmpf.rs.gov.br\/secretaria-de-seguranca-publica\/2012\/08\/16\/dipp-assina-com-o-detran-adesao-ao-balada-segura-5839\/","url":"https:\/\/www.pmpf.rs.gov.br\/secretaria-de-seguranca-publica\/2012\/08\/16\/dipp-assina-com-o-detran-adesao-ao-balada-segura-5839\/","name":"Dipp assina com o Detran ades\u00e3o ao Balada Segura - Secretaria de Seguran\u00e7a P\u00fablica e Transporte","isPartOf":{"@id":"https:\/\/www.pmpf.rs.gov.br\/secretaria-de-seguranca-publica\/#website"},"primaryImageOfPage":{"@id":"https:\/\/www.pmpf.rs.gov.br\/secretaria-de-seguranca-publica\/2012\/08\/16\/dipp-assina-com-o-detran-adesao-ao-balada-segura-5839\/#primaryimage"},"image":{"@id":"https:\/\/www.pmpf.rs.gov.br\/secretaria-de-seguranca-publica\/2012\/08\/16\/dipp-assina-com-o-detran-adesao-ao-balada-segura-5839\/#primaryimage"},"thumbnailUrl":"https:\/\/www.pmpf.rs.gov.br\/secretaria-de-seguranca-publica\/wp-content\/uploads\/sites\/54\/2021\/12\/I2013-05-07_062753_c9011.jpg","datePublished":"2012-08-16T06:00:00+00:00","dateModified":"2012-08-16T06:00:00+00:00","author":{"@id":"https:\/\/www.pmpf.rs.gov.br\/secretaria-de-seguranca-publica\/#\/schema\/person\/0c355b0fa68a7aa986c8594f7a60a2d7"},"breadcrumb":{"@id":"https:\/\/www.pmpf.rs.gov.br\/secretaria-de-seguranca-publica\/2012\/08\/16\/dipp-assina-com-o-detran-adesao-ao-balada-segura-5839\/#breadcrumb"},"inLanguage":"pt-BR","potentialAction":[{"@type":"ReadAction","target":["https:\/\/www.pmpf.rs.gov.br\/secretaria-de-seguranca-publica\/2012\/08\/16\/dipp-assina-com-o-detran-adesao-ao-balada-segura-5839\/"]}]},{"@type":"ImageObject","inLanguage":"pt-BR","@id":"https:\/\/www.pmpf.rs.gov.br\/secretaria-de-seguranca-publica\/2012\/08\/16\/dipp-assina-com-o-detran-adesao-ao-balada-segura-5839\/#primaryimage","url":"https:\/\/www.pmpf.rs.gov.br\/secretaria-de-seguranca-publica\/wp-content\/uploads\/sites\/54\/2021\/12\/I2013-05-07_062753_c9011.jpg","contentUrl":"https:\/\/www.pmpf.rs.gov.br\/secretaria-de-seguranca-publica\/wp-content\/uploads\/sites\/54\/2021\/12\/I2013-05-07_062753_c9011.jpg","width":640,"height":427},{"@type":"BreadcrumbList","@id":"https:\/\/www.pmpf.rs.gov.br\/secretaria-de-seguranca-publica\/2012\/08\/16\/dipp-assina-com-o-detran-adesao-ao-balada-segura-5839\/#breadcrumb","itemListElement":[{"@type":"ListItem","position":1,"name":"In\u00edcio","item":"https:\/\/www.pmpf.rs.gov.br\/secretaria-de-seguranca-publica\/"},{"@type":"ListItem","position":2,"name":"Dipp assina com o Detran ades\u00e3o ao Balada Segura"}]},{"@type":"WebSite","@id":"https:\/\/www.pmpf.rs.gov.br\/secretaria-de-seguranca-publica\/#website","url":"https:\/\/www.pmpf.rs.gov.br\/secretaria-de-seguranca-publica\/","name":"Secretaria de Seguran\u00e7a P\u00fablica e Transporte","description":"S\u00f3 mais um site Prefeitura de Passo Fundo","potentialAction":[{"@type":"SearchAction","target":{"@type":"EntryPoint","urlTemplate":"https:\/\/www.pmpf.rs.gov.br\/secretaria-de-seguranca-publica\/?s={search_term_string}"},"query-input":{"@type":"PropertyValueSpecification","valueRequired":true,"valueName":"search_term_string"}}],"inLanguage":"pt-BR"},{"@type":"Person","@id":"https:\/\/www.pmpf.rs.gov.br\/secretaria-de-seguranca-publica\/#\/schema\/person\/0c355b0fa68a7aa986c8594f7a60a2d7","name":"mosite","image":{"@type":"ImageObject","inLanguage":"pt-BR","@id":"https:\/\/www.pmpf.rs.gov.br\/secretaria-de-seguranca-publica\/#\/schema\/person\/image\/","url":"https:\/\/secure.gravatar.com\/avatar\/63d72595d6cecfe12bd8a94829d5a26c?s=96&d=mm&r=g","contentUrl":"https:\/\/secure.gravatar.com\/avatar\/63d72595d6cecfe12bd8a94829d5a26c?s=96&d=mm&r=g","caption":"mosite"},"sameAs":["http:\/\/example.com"],"url":"https:\/\/www.pmpf.rs.gov.br\/secretaria-de-seguranca-publica\/author\/mosite\/"}]}},"_links":{"self":[{"href":"https:\/\/www.pmpf.rs.gov.br\/secretaria-de-seguranca-publica\/wp-json\/wp\/v2\/posts\/215"}],"collection":[{"href":"https:\/\/www.pmpf.rs.gov.br\/secretaria-de-seguranca-publica\/wp-json\/wp\/v2\/posts"}],"about":[{"href":"https:\/\/www.pmpf.rs.gov.br\/secretaria-de-seguranca-publica\/wp-json\/wp\/v2\/types\/post"}],"author":[{"embeddable":true,"href":"https:\/\/www.pmpf.rs.gov.br\/secretaria-de-seguranca-publica\/wp-json\/wp\/v2\/users\/1"}],"replies":[{"embeddable":true,"href":"https:\/\/www.pmpf.rs.gov.br\/secretaria-de-seguranca-publica\/wp-json\/wp\/v2\/comments?post=215"}],"version-history":[{"count":0,"href":"https:\/\/www.pmpf.rs.gov.br\/secretaria-de-seguranca-publica\/wp-json\/wp\/v2\/posts\/215\/revisions"}],"wp:featuredmedia":[{"embeddable":true,"href":"https:\/\/www.pmpf.rs.gov.br\/secretaria-de-seguranca-publica\/wp-json\/wp\/v2\/media\/216"}],"wp:attachment":[{"href":"https:\/\/www.pmpf.rs.gov.br\/secretaria-de-seguranca-publica\/wp-json\/wp\/v2\/media?parent=215"}],"wp:term":[{"taxonomy":"category","embeddable":true,"href":"https:\/\/www.pmpf.rs.gov.br\/secretaria-de-seguranca-publica\/wp-json\/wp\/v2\/categories?post=215"},{"taxonomy":"post_tag","embeddable":true,"href":"https:\/\/www.pmpf.rs.gov.br\/secretaria-de-seguranca-publica\/wp-json\/wp\/v2\/tags?post=215"}],"curies":[{"name":"wp","href":"https:\/\/api.w.org\/{rel}","templated":true}]}}