{"id":211,"date":"2012-09-06T03:00:00","date_gmt":"2012-09-06T06:00:00","guid":{"rendered":"https:\/\/www.pmpf.rs.gov.br\/secretaria-de-seguranca-publica\/2012\/09\/06\/botoeiras-ja-sao-realidade-no-centro-de-passo-fundo-5880\/"},"modified":"2012-09-06T03:00:00","modified_gmt":"2012-09-06T06:00:00","slug":"botoeiras-ja-sao-realidade-no-centro-de-passo-fundo-5880","status":"publish","type":"post","link":"https:\/\/www.pmpf.rs.gov.br\/secretaria-de-seguranca-publica\/2012\/09\/06\/botoeiras-ja-sao-realidade-no-centro-de-passo-fundo-5880\/","title":{"rendered":"Botoeiras j\u00e1 s\u00e3o realidade no centro de Passo Fundo"},"content":{"rendered":"<div align=\"justify\">\n<p>Come\u00e7aram a ser instaladas nesta semana, as botoeiras de sinaliza\u00e7\u00e3o para deficientes visuais em Passo Fundo. Desde quarta-feira, pessoas com defici\u00eancia visual j\u00e1 podem usufruir de um equipamento instalado nos cruzamentos mais movimentados do centro da cidade. As botoeiras, que j\u00e1 fazem parte da organiza\u00e7\u00e3o do tr\u00e2nsito em grandes cidades do pa\u00eds, agora fazem parte do dia a dia de cegos tamb\u00e9m em Passo Fundo.<br \/>De acordo com a secret\u00e1ria de Seguran\u00e7a, Estelita Salton, os 52 equipamentos foram trazidos gra\u00e7as a um esfor\u00e7o da administra\u00e7\u00e3o municipal em concentrar todos os valores de multas aplicadas em projetos que auxiliem os moradores, qualificando o tr\u00e2nsito para motoristas e pedestres.<br \/>Integrantes da APACE (Associa\u00e7\u00e3o de cegos de Passo Fundo), j\u00e1 testaram os equipamentos na tarde desta quinta-feira, e aprovaram a iniciativa, sabendo da import\u00e2ncia e do alcance dessas medidas \u00e1 todos os usu\u00e1rios no munic\u00edpio.<br \/>Os equipamentos, que ficam ao lado do sem\u00e1foro, funcionam com um texto em braile, som e tamb\u00e9m um texto normal ampliado para vis\u00e3o parcial. Ao acionar o bot\u00e3o do equipamento, o texto ser\u00e1 anunciado e em seguida ele emitir\u00e1 um sinal sonoro com dura\u00e7\u00e3o de 11 segundos (tempo que o pedestre poder\u00e1 levar para realizar a travessia); O som ser\u00e1 emitido em todas as botoeiras do mesmo cruzamento, enquanto o sinal estiver verde para pedestres. Segundo a empresa, da meia noite \u00e0s 6 horas, quando o sinal est\u00e1 em amarelo piscante, o sistema n\u00e3o funcionar\u00e1, pois se trata de um sistema conjunto.<br \/>Os seguintes cruzamentos j\u00e1 t\u00eam o novo equipamento: Av. Brasil, esquina com a rua Teixeira Soares , Teixeira Soares com a Paissandu e Teixeira Soares com a Uruguai. Nos pr\u00f3ximos dias tamb\u00e9m ser\u00e3o instalados na Av. Brasil com Sete de Setembro e Av. Brasil com Chicuta. Os canteiros da Avenida Brasil tamb\u00e9m ter\u00e3o o equipamento instalado, j\u00e1 que o sinal ser\u00e1 emitido em toda a travessia.<\/p>\n<p>Sem\u00e1foro Novo<\/p>\n<p>A Secretaria de Seguran\u00e7a P\u00fablica instalou nesta quinta-feira um um sem\u00e1foro no cruzamento da Rua Independ\u00eancia com a Angelo Preto. O equipamento vai entrar em funcionamento a partir da pr\u00f3xima quarta-feira.<br \/>A secret\u00e1ria explicou que por quest\u00f5es de seguran\u00e7a \u00e9 necess\u00e1rio que ap\u00f3s a instala\u00e7\u00e3o do equipamento, o mesmo n\u00e3o seja imediatamente colocado em funcionamento, a fim de que haja sinaliza\u00e7\u00e3o no local, e os motoristas possam acostumar-se com a altera\u00e7\u00e3o.<br \/>Esse sem\u00e1foro facilitar\u00e1 o tr\u00e1fego dos motoristas que circulam nas imedia\u00e7\u00f5es da Esta\u00e7\u00e3o Rodovi\u00e1ria, Hospital Municipal e Justi\u00e7a do Trabalho. Al\u00e9m desse cruzamento, mais 17 receber\u00e3o sem\u00e1foros.<\/div>\n","protected":false},"excerpt":{"rendered":"<p>Come\u00e7aram a ser instaladas nesta semana, as botoeiras de sinaliza\u00e7\u00e3o para deficientes visuais em Passo Fundo.<\/p>\n","protected":false},"author":1,"featured_media":212,"comment_status":"open","ping_status":"open","sticky":false,"template":"","format":"standard","meta":{"footnotes":""},"categories":[],"tags":[],"class_list":["post-211","post","type-post","status-publish","format-standard","has-post-thumbnail","hentry"],"yoast_head":"<!-- This site is optimized with the Yoast SEO plugin v23.8 - https:\/\/yoast.com\/wordpress\/plugins\/seo\/ -->\n<title>Botoeiras j\u00e1 s\u00e3o realidade no centro de Passo Fundo - Secretaria de Seguran\u00e7a P\u00fablica e Transporte<\/title>\n<meta name=\"robots\" content=\"index, follow, max-snippet:-1, max-image-preview:large, max-video-preview:-1\" \/>\n<link rel=\"canonical\" href=\"https:\/\/www.pmpf.rs.gov.br\/secretaria-de-seguranca-publica\/2012\/09\/06\/botoeiras-ja-sao-realidade-no-centro-de-passo-fundo-5880\/\" \/>\n<meta property=\"og:locale\" content=\"pt_BR\" \/>\n<meta property=\"og:type\" content=\"article\" \/>\n<meta property=\"og:title\" content=\"Botoeiras j\u00e1 s\u00e3o realidade no centro de Passo Fundo - Secretaria de Seguran\u00e7a P\u00fablica e Transporte\" \/>\n<meta property=\"og:description\" content=\"Come\u00e7aram a ser instaladas nesta semana, as botoeiras de sinaliza\u00e7\u00e3o para deficientes visuais em Passo Fundo.\" \/>\n<meta property=\"og:url\" content=\"https:\/\/www.pmpf.rs.gov.br\/secretaria-de-seguranca-publica\/2012\/09\/06\/botoeiras-ja-sao-realidade-no-centro-de-passo-fundo-5880\/\" \/>\n<meta property=\"og:site_name\" content=\"Secretaria de Seguran\u00e7a P\u00fablica e Transporte\" \/>\n<meta property=\"article:published_time\" content=\"2012-09-06T06:00:00+00:00\" \/>\n<meta property=\"og:image\" content=\"https:\/\/www.pmpf.rs.gov.br\/secretaria-de-seguranca-publica\/wp-content\/uploads\/sites\/54\/2021\/12\/I2013-05-07_062754_c9069.jpg\" \/>\n\t<meta property=\"og:image:width\" content=\"640\" \/>\n\t<meta property=\"og:image:height\" content=\"480\" \/>\n\t<meta property=\"og:image:type\" content=\"image\/jpeg\" \/>\n<meta name=\"author\" content=\"mosite\" \/>\n<meta name=\"twitter:card\" content=\"summary_large_image\" \/>\n<meta name=\"twitter:label1\" content=\"Escrito por\" \/>\n\t<meta name=\"twitter:data1\" content=\"mosite\" \/>\n\t<meta name=\"twitter:label2\" content=\"Est. tempo de leitura\" \/>\n\t<meta name=\"twitter:data2\" content=\"2 minutos\" \/>\n<script type=\"application\/ld+json\" class=\"yoast-schema-graph\">{\"@context\":\"https:\/\/schema.org\",\"@graph\":[{\"@type\":\"WebPage\",\"@id\":\"https:\/\/www.pmpf.rs.gov.br\/secretaria-de-seguranca-publica\/2012\/09\/06\/botoeiras-ja-sao-realidade-no-centro-de-passo-fundo-5880\/\",\"url\":\"https:\/\/www.pmpf.rs.gov.br\/secretaria-de-seguranca-publica\/2012\/09\/06\/botoeiras-ja-sao-realidade-no-centro-de-passo-fundo-5880\/\",\"name\":\"Botoeiras j\u00e1 s\u00e3o realidade no centro de Passo Fundo - Secretaria de Seguran\u00e7a P\u00fablica e Transporte\",\"isPartOf\":{\"@id\":\"https:\/\/www.pmpf.rs.gov.br\/secretaria-de-seguranca-publica\/#website\"},\"primaryImageOfPage\":{\"@id\":\"https:\/\/www.pmpf.rs.gov.br\/secretaria-de-seguranca-publica\/2012\/09\/06\/botoeiras-ja-sao-realidade-no-centro-de-passo-fundo-5880\/#primaryimage\"},\"image\":{\"@id\":\"https:\/\/www.pmpf.rs.gov.br\/secretaria-de-seguranca-publica\/2012\/09\/06\/botoeiras-ja-sao-realidade-no-centro-de-passo-fundo-5880\/#primaryimage\"},\"thumbnailUrl\":\"https:\/\/www.pmpf.rs.gov.br\/secretaria-de-seguranca-publica\/wp-content\/uploads\/sites\/54\/2021\/12\/I2013-05-07_062754_c9069.jpg\",\"datePublished\":\"2012-09-06T06:00:00+00:00\",\"dateModified\":\"2012-09-06T06:00:00+00:00\",\"author\":{\"@id\":\"https:\/\/www.pmpf.rs.gov.br\/secretaria-de-seguranca-publica\/#\/schema\/person\/0c355b0fa68a7aa986c8594f7a60a2d7\"},\"breadcrumb\":{\"@id\":\"https:\/\/www.pmpf.rs.gov.br\/secretaria-de-seguranca-publica\/2012\/09\/06\/botoeiras-ja-sao-realidade-no-centro-de-passo-fundo-5880\/#breadcrumb\"},\"inLanguage\":\"pt-BR\",\"potentialAction\":[{\"@type\":\"ReadAction\",\"target\":[\"https:\/\/www.pmpf.rs.gov.br\/secretaria-de-seguranca-publica\/2012\/09\/06\/botoeiras-ja-sao-realidade-no-centro-de-passo-fundo-5880\/\"]}]},{\"@type\":\"ImageObject\",\"inLanguage\":\"pt-BR\",\"@id\":\"https:\/\/www.pmpf.rs.gov.br\/secretaria-de-seguranca-publica\/2012\/09\/06\/botoeiras-ja-sao-realidade-no-centro-de-passo-fundo-5880\/#primaryimage\",\"url\":\"https:\/\/www.pmpf.rs.gov.br\/secretaria-de-seguranca-publica\/wp-content\/uploads\/sites\/54\/2021\/12\/I2013-05-07_062754_c9069.jpg\",\"contentUrl\":\"https:\/\/www.pmpf.rs.gov.br\/secretaria-de-seguranca-publica\/wp-content\/uploads\/sites\/54\/2021\/12\/I2013-05-07_062754_c9069.jpg\",\"width\":640,\"height\":480},{\"@type\":\"BreadcrumbList\",\"@id\":\"https:\/\/www.pmpf.rs.gov.br\/secretaria-de-seguranca-publica\/2012\/09\/06\/botoeiras-ja-sao-realidade-no-centro-de-passo-fundo-5880\/#breadcrumb\",\"itemListElement\":[{\"@type\":\"ListItem\",\"position\":1,\"name\":\"In\u00edcio\",\"item\":\"https:\/\/www.pmpf.rs.gov.br\/secretaria-de-seguranca-publica\/\"},{\"@type\":\"ListItem\",\"position\":2,\"name\":\"Botoeiras j\u00e1 s\u00e3o realidade no centro de Passo Fundo\"}]},{\"@type\":\"WebSite\",\"@id\":\"https:\/\/www.pmpf.rs.gov.br\/secretaria-de-seguranca-publica\/#website\",\"url\":\"https:\/\/www.pmpf.rs.gov.br\/secretaria-de-seguranca-publica\/\",\"name\":\"Secretaria de Seguran\u00e7a P\u00fablica e Transporte\",\"description\":\"S\u00f3 mais um site Prefeitura de Passo Fundo\",\"potentialAction\":[{\"@type\":\"SearchAction\",\"target\":{\"@type\":\"EntryPoint\",\"urlTemplate\":\"https:\/\/www.pmpf.rs.gov.br\/secretaria-de-seguranca-publica\/?s={search_term_string}\"},\"query-input\":{\"@type\":\"PropertyValueSpecification\",\"valueRequired\":true,\"valueName\":\"search_term_string\"}}],\"inLanguage\":\"pt-BR\"},{\"@type\":\"Person\",\"@id\":\"https:\/\/www.pmpf.rs.gov.br\/secretaria-de-seguranca-publica\/#\/schema\/person\/0c355b0fa68a7aa986c8594f7a60a2d7\",\"name\":\"mosite\",\"image\":{\"@type\":\"ImageObject\",\"inLanguage\":\"pt-BR\",\"@id\":\"https:\/\/www.pmpf.rs.gov.br\/secretaria-de-seguranca-publica\/#\/schema\/person\/image\/\",\"url\":\"https:\/\/secure.gravatar.com\/avatar\/63d72595d6cecfe12bd8a94829d5a26c?s=96&d=mm&r=g\",\"contentUrl\":\"https:\/\/secure.gravatar.com\/avatar\/63d72595d6cecfe12bd8a94829d5a26c?s=96&d=mm&r=g\",\"caption\":\"mosite\"},\"sameAs\":[\"http:\/\/example.com\"],\"url\":\"https:\/\/www.pmpf.rs.gov.br\/secretaria-de-seguranca-publica\/author\/mosite\/\"}]}<\/script>\n<!-- \/ Yoast SEO plugin. -->","yoast_head_json":{"title":"Botoeiras j\u00e1 s\u00e3o realidade no centro de Passo Fundo - Secretaria de Seguran\u00e7a P\u00fablica e Transporte","robots":{"index":"index","follow":"follow","max-snippet":"max-snippet:-1","max-image-preview":"max-image-preview:large","max-video-preview":"max-video-preview:-1"},"canonical":"https:\/\/www.pmpf.rs.gov.br\/secretaria-de-seguranca-publica\/2012\/09\/06\/botoeiras-ja-sao-realidade-no-centro-de-passo-fundo-5880\/","og_locale":"pt_BR","og_type":"article","og_title":"Botoeiras j\u00e1 s\u00e3o realidade no centro de Passo Fundo - Secretaria de Seguran\u00e7a P\u00fablica e Transporte","og_description":"Come\u00e7aram a ser instaladas nesta semana, as botoeiras de sinaliza\u00e7\u00e3o para deficientes visuais em Passo Fundo.","og_url":"https:\/\/www.pmpf.rs.gov.br\/secretaria-de-seguranca-publica\/2012\/09\/06\/botoeiras-ja-sao-realidade-no-centro-de-passo-fundo-5880\/","og_site_name":"Secretaria de Seguran\u00e7a P\u00fablica e Transporte","article_published_time":"2012-09-06T06:00:00+00:00","og_image":[{"width":640,"height":480,"url":"https:\/\/www.pmpf.rs.gov.br\/secretaria-de-seguranca-publica\/wp-content\/uploads\/sites\/54\/2021\/12\/I2013-05-07_062754_c9069.jpg","type":"image\/jpeg"}],"author":"mosite","twitter_card":"summary_large_image","twitter_misc":{"Escrito por":"mosite","Est. tempo de leitura":"2 minutos"},"schema":{"@context":"https:\/\/schema.org","@graph":[{"@type":"WebPage","@id":"https:\/\/www.pmpf.rs.gov.br\/secretaria-de-seguranca-publica\/2012\/09\/06\/botoeiras-ja-sao-realidade-no-centro-de-passo-fundo-5880\/","url":"https:\/\/www.pmpf.rs.gov.br\/secretaria-de-seguranca-publica\/2012\/09\/06\/botoeiras-ja-sao-realidade-no-centro-de-passo-fundo-5880\/","name":"Botoeiras j\u00e1 s\u00e3o realidade no centro de Passo Fundo - Secretaria de Seguran\u00e7a P\u00fablica e Transporte","isPartOf":{"@id":"https:\/\/www.pmpf.rs.gov.br\/secretaria-de-seguranca-publica\/#website"},"primaryImageOfPage":{"@id":"https:\/\/www.pmpf.rs.gov.br\/secretaria-de-seguranca-publica\/2012\/09\/06\/botoeiras-ja-sao-realidade-no-centro-de-passo-fundo-5880\/#primaryimage"},"image":{"@id":"https:\/\/www.pmpf.rs.gov.br\/secretaria-de-seguranca-publica\/2012\/09\/06\/botoeiras-ja-sao-realidade-no-centro-de-passo-fundo-5880\/#primaryimage"},"thumbnailUrl":"https:\/\/www.pmpf.rs.gov.br\/secretaria-de-seguranca-publica\/wp-content\/uploads\/sites\/54\/2021\/12\/I2013-05-07_062754_c9069.jpg","datePublished":"2012-09-06T06:00:00+00:00","dateModified":"2012-09-06T06:00:00+00:00","author":{"@id":"https:\/\/www.pmpf.rs.gov.br\/secretaria-de-seguranca-publica\/#\/schema\/person\/0c355b0fa68a7aa986c8594f7a60a2d7"},"breadcrumb":{"@id":"https:\/\/www.pmpf.rs.gov.br\/secretaria-de-seguranca-publica\/2012\/09\/06\/botoeiras-ja-sao-realidade-no-centro-de-passo-fundo-5880\/#breadcrumb"},"inLanguage":"pt-BR","potentialAction":[{"@type":"ReadAction","target":["https:\/\/www.pmpf.rs.gov.br\/secretaria-de-seguranca-publica\/2012\/09\/06\/botoeiras-ja-sao-realidade-no-centro-de-passo-fundo-5880\/"]}]},{"@type":"ImageObject","inLanguage":"pt-BR","@id":"https:\/\/www.pmpf.rs.gov.br\/secretaria-de-seguranca-publica\/2012\/09\/06\/botoeiras-ja-sao-realidade-no-centro-de-passo-fundo-5880\/#primaryimage","url":"https:\/\/www.pmpf.rs.gov.br\/secretaria-de-seguranca-publica\/wp-content\/uploads\/sites\/54\/2021\/12\/I2013-05-07_062754_c9069.jpg","contentUrl":"https:\/\/www.pmpf.rs.gov.br\/secretaria-de-seguranca-publica\/wp-content\/uploads\/sites\/54\/2021\/12\/I2013-05-07_062754_c9069.jpg","width":640,"height":480},{"@type":"BreadcrumbList","@id":"https:\/\/www.pmpf.rs.gov.br\/secretaria-de-seguranca-publica\/2012\/09\/06\/botoeiras-ja-sao-realidade-no-centro-de-passo-fundo-5880\/#breadcrumb","itemListElement":[{"@type":"ListItem","position":1,"name":"In\u00edcio","item":"https:\/\/www.pmpf.rs.gov.br\/secretaria-de-seguranca-publica\/"},{"@type":"ListItem","position":2,"name":"Botoeiras j\u00e1 s\u00e3o realidade no centro de Passo Fundo"}]},{"@type":"WebSite","@id":"https:\/\/www.pmpf.rs.gov.br\/secretaria-de-seguranca-publica\/#website","url":"https:\/\/www.pmpf.rs.gov.br\/secretaria-de-seguranca-publica\/","name":"Secretaria de Seguran\u00e7a P\u00fablica e Transporte","description":"S\u00f3 mais um site Prefeitura de Passo Fundo","potentialAction":[{"@type":"SearchAction","target":{"@type":"EntryPoint","urlTemplate":"https:\/\/www.pmpf.rs.gov.br\/secretaria-de-seguranca-publica\/?s={search_term_string}"},"query-input":{"@type":"PropertyValueSpecification","valueRequired":true,"valueName":"search_term_string"}}],"inLanguage":"pt-BR"},{"@type":"Person","@id":"https:\/\/www.pmpf.rs.gov.br\/secretaria-de-seguranca-publica\/#\/schema\/person\/0c355b0fa68a7aa986c8594f7a60a2d7","name":"mosite","image":{"@type":"ImageObject","inLanguage":"pt-BR","@id":"https:\/\/www.pmpf.rs.gov.br\/secretaria-de-seguranca-publica\/#\/schema\/person\/image\/","url":"https:\/\/secure.gravatar.com\/avatar\/63d72595d6cecfe12bd8a94829d5a26c?s=96&d=mm&r=g","contentUrl":"https:\/\/secure.gravatar.com\/avatar\/63d72595d6cecfe12bd8a94829d5a26c?s=96&d=mm&r=g","caption":"mosite"},"sameAs":["http:\/\/example.com"],"url":"https:\/\/www.pmpf.rs.gov.br\/secretaria-de-seguranca-publica\/author\/mosite\/"}]}},"_links":{"self":[{"href":"https:\/\/www.pmpf.rs.gov.br\/secretaria-de-seguranca-publica\/wp-json\/wp\/v2\/posts\/211"}],"collection":[{"href":"https:\/\/www.pmpf.rs.gov.br\/secretaria-de-seguranca-publica\/wp-json\/wp\/v2\/posts"}],"about":[{"href":"https:\/\/www.pmpf.rs.gov.br\/secretaria-de-seguranca-publica\/wp-json\/wp\/v2\/types\/post"}],"author":[{"embeddable":true,"href":"https:\/\/www.pmpf.rs.gov.br\/secretaria-de-seguranca-publica\/wp-json\/wp\/v2\/users\/1"}],"replies":[{"embeddable":true,"href":"https:\/\/www.pmpf.rs.gov.br\/secretaria-de-seguranca-publica\/wp-json\/wp\/v2\/comments?post=211"}],"version-history":[{"count":0,"href":"https:\/\/www.pmpf.rs.gov.br\/secretaria-de-seguranca-publica\/wp-json\/wp\/v2\/posts\/211\/revisions"}],"wp:featuredmedia":[{"embeddable":true,"href":"https:\/\/www.pmpf.rs.gov.br\/secretaria-de-seguranca-publica\/wp-json\/wp\/v2\/media\/212"}],"wp:attachment":[{"href":"https:\/\/www.pmpf.rs.gov.br\/secretaria-de-seguranca-publica\/wp-json\/wp\/v2\/media?parent=211"}],"wp:term":[{"taxonomy":"category","embeddable":true,"href":"https:\/\/www.pmpf.rs.gov.br\/secretaria-de-seguranca-publica\/wp-json\/wp\/v2\/categories?post=211"},{"taxonomy":"post_tag","embeddable":true,"href":"https:\/\/www.pmpf.rs.gov.br\/secretaria-de-seguranca-publica\/wp-json\/wp\/v2\/tags?post=211"}],"curies":[{"name":"wp","href":"https:\/\/api.w.org\/{rel}","templated":true}]}}