{"id":203,"date":"2012-10-15T03:00:00","date_gmt":"2012-10-15T06:00:00","guid":{"rendered":"https:\/\/www.pmpf.rs.gov.br\/secretaria-de-seguranca-publica\/2012\/10\/15\/vencedores-do-1o-premio-de-educacao-para-o-transito-realizam-viagem-5957\/"},"modified":"2012-10-15T03:00:00","modified_gmt":"2012-10-15T06:00:00","slug":"vencedores-do-1o-premio-de-educacao-para-o-transito-realizam-viagem-5957","status":"publish","type":"post","link":"https:\/\/www.pmpf.rs.gov.br\/secretaria-de-seguranca-publica\/2012\/10\/15\/vencedores-do-1o-premio-de-educacao-para-o-transito-realizam-viagem-5957\/","title":{"rendered":"Vencedores do 1\u00ba Pr\u00eamio de Educa\u00e7\u00e3o para o Tr\u00e2nsito realizam viagem"},"content":{"rendered":"<p align=\"justify\" class=\"western\" style=\"margin-bottom: 0cm;\"><\/p>\n<p align=\"justify\" class=\"western\" style=\"margin-bottom: 0cm;\"> <\/p>\n<p align=\"justify\" class=\"western\" style=\"margin-bottom: 0cm;\">\tNa \u00faltima quinta-feira, os alunos vencedores do concurso 1\u00ba Pr\u00eamio de Educa\u00e7\u00e3o para o Tr\u00e2nsito Passo Fundo, promovido pela Prefeitura Municipal, atrav\u00e9s da Secretaria de Seguran\u00e7a P\u00fablica, estiveram na cidade de Vera Cruz conhecendo as instala\u00e7\u00f5es da empresa Kopp Tecnologias e tamb\u00e9m em Santa Cruz do Sul conhecendo alguns pontos tur\u00edsticos.  <\/p>\n<p align=\"justify\" class=\"western\" style=\"margin-bottom: 0cm;\">\tEsta viagem foi a parte final da premia\u00e7\u00e3o do concurso, onde participaram al\u00e9m dos vencedores, os alunos que se destacaram entre os oito melhores trabalhos das categorias Desenho Art\u00edstico e Frase de Tr\u00e2nsito. A viagem foi patrocinada pelas empresas Vit\u00f3ria Turismo, Transpasso e Kopp, e contou, tamb\u00e9m, com a presen\u00e7a de pais, professores e agentes fiscais de tr\u00e2nsito.<\/p>\n<p align=\"justify\" class=\"western\" style=\"margin-bottom: 0cm;\">\tA  Agente de Tr\u00e2nsito, Raquel R\u00fabio, conta que em Santa Cruz no ponto tur\u00edstico chamado Gruta dos \u00cdndios, a  Pol\u00edcia Rodovi\u00e1ria Estadual montou a Escolinha de Tr\u00e2nsito com o apoio da empresa Kopp. \u201cOs alunos puderam desfrutar de mais esta atra\u00e7\u00e3o e tamb\u00e9m aprender mais sobre normas de Tr\u00e2nsito\u201d, salientou.<\/p>\n<p align=\"justify\" class=\"western\" style=\"margin-bottom: 0cm;\">\tO 1\u00ba Pr\u00eamio de Educa\u00e7\u00e3o para o Tr\u00e2nsito aconteceu no per\u00edodo de junho a setembro e contou com a participa\u00e7\u00e3o de 50 escolas, tendo recebido mais de 5.300 inscri\u00e7\u00f5es. As modalidades premiadas foram: Desenho Art\u00edstico, Frase sobre Tr\u00e2nsito e Projeto de Tr\u00e2nsito, onde os professores puderam participar enviando algum projeto de tr\u00e2nsito da sua autoria.<\/p>\n<p align=\"JUSTIFY\" class=\"western\" style=\"margin-bottom: 0cm;\"> <\/p>\n","protected":false},"excerpt":{"rendered":"<p>Esta viagem foi a parte final da premia\u00e7\u00e3o do concurso, onde participaram al\u00e9m dos vencedores, os alunos que se destacaram entre os oito melhores trabalhos<\/p>\n","protected":false},"author":1,"featured_media":204,"comment_status":"open","ping_status":"open","sticky":false,"template":"","format":"standard","meta":{"footnotes":""},"categories":[],"tags":[],"class_list":["post-203","post","type-post","status-publish","format-standard","has-post-thumbnail","hentry"],"yoast_head":"<!-- This site is optimized with the Yoast SEO plugin v23.8 - https:\/\/yoast.com\/wordpress\/plugins\/seo\/ -->\n<title>Vencedores do 1\u00ba Pr\u00eamio de Educa\u00e7\u00e3o para o Tr\u00e2nsito realizam viagem - Secretaria de Seguran\u00e7a P\u00fablica e Transporte<\/title>\n<meta name=\"robots\" content=\"index, follow, max-snippet:-1, max-image-preview:large, max-video-preview:-1\" \/>\n<link rel=\"canonical\" href=\"https:\/\/www.pmpf.rs.gov.br\/secretaria-de-seguranca-publica\/2012\/10\/15\/vencedores-do-1o-premio-de-educacao-para-o-transito-realizam-viagem-5957\/\" \/>\n<meta property=\"og:locale\" content=\"pt_BR\" \/>\n<meta property=\"og:type\" content=\"article\" \/>\n<meta property=\"og:title\" content=\"Vencedores do 1\u00ba Pr\u00eamio de Educa\u00e7\u00e3o para o Tr\u00e2nsito realizam viagem - Secretaria de Seguran\u00e7a P\u00fablica e Transporte\" \/>\n<meta property=\"og:description\" content=\"Esta viagem foi a parte final da premia\u00e7\u00e3o do concurso, onde participaram al\u00e9m dos vencedores, os alunos que se destacaram entre os oito melhores trabalhos\" \/>\n<meta property=\"og:url\" content=\"https:\/\/www.pmpf.rs.gov.br\/secretaria-de-seguranca-publica\/2012\/10\/15\/vencedores-do-1o-premio-de-educacao-para-o-transito-realizam-viagem-5957\/\" \/>\n<meta property=\"og:site_name\" content=\"Secretaria de Seguran\u00e7a P\u00fablica e Transporte\" \/>\n<meta property=\"article:published_time\" content=\"2012-10-15T06:00:00+00:00\" \/>\n<meta property=\"og:image\" content=\"https:\/\/www.pmpf.rs.gov.br\/secretaria-de-seguranca-publica\/wp-content\/uploads\/sites\/54\/2021\/12\/I2013-05-07_062757_c9201.jpg\" \/>\n\t<meta property=\"og:image:width\" content=\"640\" \/>\n\t<meta property=\"og:image:height\" content=\"480\" \/>\n\t<meta property=\"og:image:type\" content=\"image\/jpeg\" \/>\n<meta name=\"author\" content=\"mosite\" \/>\n<meta name=\"twitter:card\" content=\"summary_large_image\" \/>\n<meta name=\"twitter:label1\" content=\"Escrito por\" \/>\n\t<meta name=\"twitter:data1\" content=\"mosite\" \/>\n\t<meta name=\"twitter:label2\" content=\"Est. tempo de leitura\" \/>\n\t<meta name=\"twitter:data2\" content=\"1 minuto\" \/>\n<script type=\"application\/ld+json\" class=\"yoast-schema-graph\">{\"@context\":\"https:\/\/schema.org\",\"@graph\":[{\"@type\":\"WebPage\",\"@id\":\"https:\/\/www.pmpf.rs.gov.br\/secretaria-de-seguranca-publica\/2012\/10\/15\/vencedores-do-1o-premio-de-educacao-para-o-transito-realizam-viagem-5957\/\",\"url\":\"https:\/\/www.pmpf.rs.gov.br\/secretaria-de-seguranca-publica\/2012\/10\/15\/vencedores-do-1o-premio-de-educacao-para-o-transito-realizam-viagem-5957\/\",\"name\":\"Vencedores do 1\u00ba Pr\u00eamio de Educa\u00e7\u00e3o para o Tr\u00e2nsito realizam viagem - Secretaria de Seguran\u00e7a P\u00fablica e Transporte\",\"isPartOf\":{\"@id\":\"https:\/\/www.pmpf.rs.gov.br\/secretaria-de-seguranca-publica\/#website\"},\"primaryImageOfPage\":{\"@id\":\"https:\/\/www.pmpf.rs.gov.br\/secretaria-de-seguranca-publica\/2012\/10\/15\/vencedores-do-1o-premio-de-educacao-para-o-transito-realizam-viagem-5957\/#primaryimage\"},\"image\":{\"@id\":\"https:\/\/www.pmpf.rs.gov.br\/secretaria-de-seguranca-publica\/2012\/10\/15\/vencedores-do-1o-premio-de-educacao-para-o-transito-realizam-viagem-5957\/#primaryimage\"},\"thumbnailUrl\":\"https:\/\/www.pmpf.rs.gov.br\/secretaria-de-seguranca-publica\/wp-content\/uploads\/sites\/54\/2021\/12\/I2013-05-07_062757_c9201.jpg\",\"datePublished\":\"2012-10-15T06:00:00+00:00\",\"dateModified\":\"2012-10-15T06:00:00+00:00\",\"author\":{\"@id\":\"https:\/\/www.pmpf.rs.gov.br\/secretaria-de-seguranca-publica\/#\/schema\/person\/0c355b0fa68a7aa986c8594f7a60a2d7\"},\"breadcrumb\":{\"@id\":\"https:\/\/www.pmpf.rs.gov.br\/secretaria-de-seguranca-publica\/2012\/10\/15\/vencedores-do-1o-premio-de-educacao-para-o-transito-realizam-viagem-5957\/#breadcrumb\"},\"inLanguage\":\"pt-BR\",\"potentialAction\":[{\"@type\":\"ReadAction\",\"target\":[\"https:\/\/www.pmpf.rs.gov.br\/secretaria-de-seguranca-publica\/2012\/10\/15\/vencedores-do-1o-premio-de-educacao-para-o-transito-realizam-viagem-5957\/\"]}]},{\"@type\":\"ImageObject\",\"inLanguage\":\"pt-BR\",\"@id\":\"https:\/\/www.pmpf.rs.gov.br\/secretaria-de-seguranca-publica\/2012\/10\/15\/vencedores-do-1o-premio-de-educacao-para-o-transito-realizam-viagem-5957\/#primaryimage\",\"url\":\"https:\/\/www.pmpf.rs.gov.br\/secretaria-de-seguranca-publica\/wp-content\/uploads\/sites\/54\/2021\/12\/I2013-05-07_062757_c9201.jpg\",\"contentUrl\":\"https:\/\/www.pmpf.rs.gov.br\/secretaria-de-seguranca-publica\/wp-content\/uploads\/sites\/54\/2021\/12\/I2013-05-07_062757_c9201.jpg\",\"width\":640,\"height\":480},{\"@type\":\"BreadcrumbList\",\"@id\":\"https:\/\/www.pmpf.rs.gov.br\/secretaria-de-seguranca-publica\/2012\/10\/15\/vencedores-do-1o-premio-de-educacao-para-o-transito-realizam-viagem-5957\/#breadcrumb\",\"itemListElement\":[{\"@type\":\"ListItem\",\"position\":1,\"name\":\"In\u00edcio\",\"item\":\"https:\/\/www.pmpf.rs.gov.br\/secretaria-de-seguranca-publica\/\"},{\"@type\":\"ListItem\",\"position\":2,\"name\":\"Vencedores do 1\u00ba Pr\u00eamio de Educa\u00e7\u00e3o para o Tr\u00e2nsito realizam viagem\"}]},{\"@type\":\"WebSite\",\"@id\":\"https:\/\/www.pmpf.rs.gov.br\/secretaria-de-seguranca-publica\/#website\",\"url\":\"https:\/\/www.pmpf.rs.gov.br\/secretaria-de-seguranca-publica\/\",\"name\":\"Secretaria de Seguran\u00e7a P\u00fablica e Transporte\",\"description\":\"S\u00f3 mais um site Prefeitura de Passo Fundo\",\"potentialAction\":[{\"@type\":\"SearchAction\",\"target\":{\"@type\":\"EntryPoint\",\"urlTemplate\":\"https:\/\/www.pmpf.rs.gov.br\/secretaria-de-seguranca-publica\/?s={search_term_string}\"},\"query-input\":{\"@type\":\"PropertyValueSpecification\",\"valueRequired\":true,\"valueName\":\"search_term_string\"}}],\"inLanguage\":\"pt-BR\"},{\"@type\":\"Person\",\"@id\":\"https:\/\/www.pmpf.rs.gov.br\/secretaria-de-seguranca-publica\/#\/schema\/person\/0c355b0fa68a7aa986c8594f7a60a2d7\",\"name\":\"mosite\",\"image\":{\"@type\":\"ImageObject\",\"inLanguage\":\"pt-BR\",\"@id\":\"https:\/\/www.pmpf.rs.gov.br\/secretaria-de-seguranca-publica\/#\/schema\/person\/image\/\",\"url\":\"https:\/\/secure.gravatar.com\/avatar\/63d72595d6cecfe12bd8a94829d5a26c?s=96&d=mm&r=g\",\"contentUrl\":\"https:\/\/secure.gravatar.com\/avatar\/63d72595d6cecfe12bd8a94829d5a26c?s=96&d=mm&r=g\",\"caption\":\"mosite\"},\"sameAs\":[\"http:\/\/example.com\"],\"url\":\"https:\/\/www.pmpf.rs.gov.br\/secretaria-de-seguranca-publica\/author\/mosite\/\"}]}<\/script>\n<!-- \/ Yoast SEO plugin. -->","yoast_head_json":{"title":"Vencedores do 1\u00ba Pr\u00eamio de Educa\u00e7\u00e3o para o Tr\u00e2nsito realizam viagem - Secretaria de Seguran\u00e7a P\u00fablica e Transporte","robots":{"index":"index","follow":"follow","max-snippet":"max-snippet:-1","max-image-preview":"max-image-preview:large","max-video-preview":"max-video-preview:-1"},"canonical":"https:\/\/www.pmpf.rs.gov.br\/secretaria-de-seguranca-publica\/2012\/10\/15\/vencedores-do-1o-premio-de-educacao-para-o-transito-realizam-viagem-5957\/","og_locale":"pt_BR","og_type":"article","og_title":"Vencedores do 1\u00ba Pr\u00eamio de Educa\u00e7\u00e3o para o Tr\u00e2nsito realizam viagem - Secretaria de Seguran\u00e7a P\u00fablica e Transporte","og_description":"Esta viagem foi a parte final da premia\u00e7\u00e3o do concurso, onde participaram al\u00e9m dos vencedores, os alunos que se destacaram entre os oito melhores trabalhos","og_url":"https:\/\/www.pmpf.rs.gov.br\/secretaria-de-seguranca-publica\/2012\/10\/15\/vencedores-do-1o-premio-de-educacao-para-o-transito-realizam-viagem-5957\/","og_site_name":"Secretaria de Seguran\u00e7a P\u00fablica e Transporte","article_published_time":"2012-10-15T06:00:00+00:00","og_image":[{"width":640,"height":480,"url":"https:\/\/www.pmpf.rs.gov.br\/secretaria-de-seguranca-publica\/wp-content\/uploads\/sites\/54\/2021\/12\/I2013-05-07_062757_c9201.jpg","type":"image\/jpeg"}],"author":"mosite","twitter_card":"summary_large_image","twitter_misc":{"Escrito por":"mosite","Est. tempo de leitura":"1 minuto"},"schema":{"@context":"https:\/\/schema.org","@graph":[{"@type":"WebPage","@id":"https:\/\/www.pmpf.rs.gov.br\/secretaria-de-seguranca-publica\/2012\/10\/15\/vencedores-do-1o-premio-de-educacao-para-o-transito-realizam-viagem-5957\/","url":"https:\/\/www.pmpf.rs.gov.br\/secretaria-de-seguranca-publica\/2012\/10\/15\/vencedores-do-1o-premio-de-educacao-para-o-transito-realizam-viagem-5957\/","name":"Vencedores do 1\u00ba Pr\u00eamio de Educa\u00e7\u00e3o para o Tr\u00e2nsito realizam viagem - Secretaria de Seguran\u00e7a P\u00fablica e Transporte","isPartOf":{"@id":"https:\/\/www.pmpf.rs.gov.br\/secretaria-de-seguranca-publica\/#website"},"primaryImageOfPage":{"@id":"https:\/\/www.pmpf.rs.gov.br\/secretaria-de-seguranca-publica\/2012\/10\/15\/vencedores-do-1o-premio-de-educacao-para-o-transito-realizam-viagem-5957\/#primaryimage"},"image":{"@id":"https:\/\/www.pmpf.rs.gov.br\/secretaria-de-seguranca-publica\/2012\/10\/15\/vencedores-do-1o-premio-de-educacao-para-o-transito-realizam-viagem-5957\/#primaryimage"},"thumbnailUrl":"https:\/\/www.pmpf.rs.gov.br\/secretaria-de-seguranca-publica\/wp-content\/uploads\/sites\/54\/2021\/12\/I2013-05-07_062757_c9201.jpg","datePublished":"2012-10-15T06:00:00+00:00","dateModified":"2012-10-15T06:00:00+00:00","author":{"@id":"https:\/\/www.pmpf.rs.gov.br\/secretaria-de-seguranca-publica\/#\/schema\/person\/0c355b0fa68a7aa986c8594f7a60a2d7"},"breadcrumb":{"@id":"https:\/\/www.pmpf.rs.gov.br\/secretaria-de-seguranca-publica\/2012\/10\/15\/vencedores-do-1o-premio-de-educacao-para-o-transito-realizam-viagem-5957\/#breadcrumb"},"inLanguage":"pt-BR","potentialAction":[{"@type":"ReadAction","target":["https:\/\/www.pmpf.rs.gov.br\/secretaria-de-seguranca-publica\/2012\/10\/15\/vencedores-do-1o-premio-de-educacao-para-o-transito-realizam-viagem-5957\/"]}]},{"@type":"ImageObject","inLanguage":"pt-BR","@id":"https:\/\/www.pmpf.rs.gov.br\/secretaria-de-seguranca-publica\/2012\/10\/15\/vencedores-do-1o-premio-de-educacao-para-o-transito-realizam-viagem-5957\/#primaryimage","url":"https:\/\/www.pmpf.rs.gov.br\/secretaria-de-seguranca-publica\/wp-content\/uploads\/sites\/54\/2021\/12\/I2013-05-07_062757_c9201.jpg","contentUrl":"https:\/\/www.pmpf.rs.gov.br\/secretaria-de-seguranca-publica\/wp-content\/uploads\/sites\/54\/2021\/12\/I2013-05-07_062757_c9201.jpg","width":640,"height":480},{"@type":"BreadcrumbList","@id":"https:\/\/www.pmpf.rs.gov.br\/secretaria-de-seguranca-publica\/2012\/10\/15\/vencedores-do-1o-premio-de-educacao-para-o-transito-realizam-viagem-5957\/#breadcrumb","itemListElement":[{"@type":"ListItem","position":1,"name":"In\u00edcio","item":"https:\/\/www.pmpf.rs.gov.br\/secretaria-de-seguranca-publica\/"},{"@type":"ListItem","position":2,"name":"Vencedores do 1\u00ba Pr\u00eamio de Educa\u00e7\u00e3o para o Tr\u00e2nsito realizam viagem"}]},{"@type":"WebSite","@id":"https:\/\/www.pmpf.rs.gov.br\/secretaria-de-seguranca-publica\/#website","url":"https:\/\/www.pmpf.rs.gov.br\/secretaria-de-seguranca-publica\/","name":"Secretaria de Seguran\u00e7a P\u00fablica e Transporte","description":"S\u00f3 mais um site Prefeitura de Passo Fundo","potentialAction":[{"@type":"SearchAction","target":{"@type":"EntryPoint","urlTemplate":"https:\/\/www.pmpf.rs.gov.br\/secretaria-de-seguranca-publica\/?s={search_term_string}"},"query-input":{"@type":"PropertyValueSpecification","valueRequired":true,"valueName":"search_term_string"}}],"inLanguage":"pt-BR"},{"@type":"Person","@id":"https:\/\/www.pmpf.rs.gov.br\/secretaria-de-seguranca-publica\/#\/schema\/person\/0c355b0fa68a7aa986c8594f7a60a2d7","name":"mosite","image":{"@type":"ImageObject","inLanguage":"pt-BR","@id":"https:\/\/www.pmpf.rs.gov.br\/secretaria-de-seguranca-publica\/#\/schema\/person\/image\/","url":"https:\/\/secure.gravatar.com\/avatar\/63d72595d6cecfe12bd8a94829d5a26c?s=96&d=mm&r=g","contentUrl":"https:\/\/secure.gravatar.com\/avatar\/63d72595d6cecfe12bd8a94829d5a26c?s=96&d=mm&r=g","caption":"mosite"},"sameAs":["http:\/\/example.com"],"url":"https:\/\/www.pmpf.rs.gov.br\/secretaria-de-seguranca-publica\/author\/mosite\/"}]}},"_links":{"self":[{"href":"https:\/\/www.pmpf.rs.gov.br\/secretaria-de-seguranca-publica\/wp-json\/wp\/v2\/posts\/203"}],"collection":[{"href":"https:\/\/www.pmpf.rs.gov.br\/secretaria-de-seguranca-publica\/wp-json\/wp\/v2\/posts"}],"about":[{"href":"https:\/\/www.pmpf.rs.gov.br\/secretaria-de-seguranca-publica\/wp-json\/wp\/v2\/types\/post"}],"author":[{"embeddable":true,"href":"https:\/\/www.pmpf.rs.gov.br\/secretaria-de-seguranca-publica\/wp-json\/wp\/v2\/users\/1"}],"replies":[{"embeddable":true,"href":"https:\/\/www.pmpf.rs.gov.br\/secretaria-de-seguranca-publica\/wp-json\/wp\/v2\/comments?post=203"}],"version-history":[{"count":0,"href":"https:\/\/www.pmpf.rs.gov.br\/secretaria-de-seguranca-publica\/wp-json\/wp\/v2\/posts\/203\/revisions"}],"wp:featuredmedia":[{"embeddable":true,"href":"https:\/\/www.pmpf.rs.gov.br\/secretaria-de-seguranca-publica\/wp-json\/wp\/v2\/media\/204"}],"wp:attachment":[{"href":"https:\/\/www.pmpf.rs.gov.br\/secretaria-de-seguranca-publica\/wp-json\/wp\/v2\/media?parent=203"}],"wp:term":[{"taxonomy":"category","embeddable":true,"href":"https:\/\/www.pmpf.rs.gov.br\/secretaria-de-seguranca-publica\/wp-json\/wp\/v2\/categories?post=203"},{"taxonomy":"post_tag","embeddable":true,"href":"https:\/\/www.pmpf.rs.gov.br\/secretaria-de-seguranca-publica\/wp-json\/wp\/v2\/tags?post=203"}],"curies":[{"name":"wp","href":"https:\/\/api.w.org\/{rel}","templated":true}]}}