{"id":186,"date":"2013-03-26T03:00:00","date_gmt":"2013-03-26T06:00:00","guid":{"rendered":"https:\/\/www.pmpf.rs.gov.br\/secretaria-de-seguranca-publica\/2013\/03\/26\/lideres-comunitarios-apontam-locais-que-poderao-servir-de-sede-para-rs-na-paz-6257\/"},"modified":"2013-03-26T03:00:00","modified_gmt":"2013-03-26T06:00:00","slug":"lideres-comunitarios-apontam-locais-que-poderao-servir-de-sede-para-rs-na-paz-6257","status":"publish","type":"post","link":"https:\/\/www.pmpf.rs.gov.br\/secretaria-de-seguranca-publica\/2013\/03\/26\/lideres-comunitarios-apontam-locais-que-poderao-servir-de-sede-para-rs-na-paz-6257\/","title":{"rendered":"L\u00edderes comunit\u00e1rios apontam locais que poder\u00e3o servir de sede para RS na Paz"},"content":{"rendered":"<p align=\"justify\" class=\"western\">Uma reuni\u00e3o com os presidentes do bairro Z\u00e1cchia e dos bairros que comp\u00f5em a grande Integra\u00e7\u00e3o foi realizada nesta ter\u00e7a-feira, juntamente com o comandante do 3\u00ba RPMon, Tenente Coronel Fernando Bicca, e o vice-prefeito Juliano Roso, a fim de decidir dois locais para servir de sede ao RS da Paz.<\/p>\n<div align=\"justify\"> <\/div>\n<p align=\"justify\" class=\"western\">O programa \u00e9 institu\u00eddo nos territ\u00f3rios da paz com bases comunit\u00e1rias para oferecer servi\u00e7os diferenciados \u00e0 popula\u00e7\u00e3o, sem a caracter\u00edstica de um posto policial, embora a Brigada Militar esteja envolvida na a\u00e7\u00e3o.<\/p>\n<div align=\"justify\"> <\/div>\n<p align=\"justify\" class=\"western\">&#8220;;A ideia \u00e9 centrar no jovem. Queremos incentivar os jovens a terem mais possibilidades e atividades culturais\u201d, ressaltou Juliano. A inten\u00e7\u00e3o \u00e9 aproximar as Secretarias Municipais da comunidade e promover o crescimento e desenvolvimento coletivo.<\/p>\n<div align=\"justify\"> <\/div>\n<p align=\"justify\" class=\"western\">Os l\u00edderes comunit\u00e1rios apontaram poss\u00edveis locais para as duas sedes do RS na Paz e tamb\u00e9m para os dois telecentros que acompanham a proposta. Durante esta semana as \u00e1reas ser\u00e3o visitadas pelo vice-prefeito Juliano e por representantes da \u00e1rea de seguran\u00e7a para que os procedimentos sejam feitos rapidamente.<\/p>\n<div align=\"justify\"> <\/div>\n<p align=\"justify\" class=\"western\">O Programa de Seguran\u00e7a P\u00fablica com Cidadania do Estado do Rio Grande do Sul, RS na Paz, busca um novo conceito para o princ\u00edpio da seguran\u00e7a p\u00fablica, a ideia de que o termo n\u00e3o seja apenas sin\u00f4nimo de pol\u00edcia, mas sim um conjunto de pol\u00edticas p\u00fablicas baseadas no di\u00e1logo entre a\u00e7\u00f5es sociais e policiais.<\/p>\n","protected":false},"excerpt":{"rendered":"<p>L\u00edderes comunit\u00e1rios apontam locais que poder\u00e3o servir de sede para RS na Paz<\/p>\n","protected":false},"author":1,"featured_media":187,"comment_status":"open","ping_status":"open","sticky":false,"template":"","format":"standard","meta":{"footnotes":""},"categories":[],"tags":[],"class_list":["post-186","post","type-post","status-publish","format-standard","has-post-thumbnail","hentry"],"yoast_head":"<!-- This site is optimized with the Yoast SEO plugin v23.8 - https:\/\/yoast.com\/wordpress\/plugins\/seo\/ -->\n<title>L\u00edderes comunit\u00e1rios apontam locais que poder\u00e3o servir de sede para RS na Paz - Secretaria de Seguran\u00e7a P\u00fablica e Transporte<\/title>\n<meta name=\"robots\" content=\"index, follow, max-snippet:-1, max-image-preview:large, max-video-preview:-1\" \/>\n<link rel=\"canonical\" href=\"https:\/\/www.pmpf.rs.gov.br\/secretaria-de-seguranca-publica\/2013\/03\/26\/lideres-comunitarios-apontam-locais-que-poderao-servir-de-sede-para-rs-na-paz-6257\/\" \/>\n<meta property=\"og:locale\" content=\"pt_BR\" \/>\n<meta property=\"og:type\" content=\"article\" \/>\n<meta property=\"og:title\" content=\"L\u00edderes comunit\u00e1rios apontam locais que poder\u00e3o servir de sede para RS na Paz - Secretaria de Seguran\u00e7a P\u00fablica e Transporte\" \/>\n<meta property=\"og:description\" content=\"L\u00edderes comunit\u00e1rios apontam locais que poder\u00e3o servir de sede para RS na Paz\" \/>\n<meta property=\"og:url\" content=\"https:\/\/www.pmpf.rs.gov.br\/secretaria-de-seguranca-publica\/2013\/03\/26\/lideres-comunitarios-apontam-locais-que-poderao-servir-de-sede-para-rs-na-paz-6257\/\" \/>\n<meta property=\"og:site_name\" content=\"Secretaria de Seguran\u00e7a P\u00fablica e Transporte\" \/>\n<meta property=\"article:published_time\" content=\"2013-03-26T06:00:00+00:00\" \/>\n<meta property=\"og:image\" content=\"https:\/\/www.pmpf.rs.gov.br\/secretaria-de-seguranca-publica\/wp-content\/uploads\/sites\/54\/2021\/12\/I2013-12-11_033858_c9682.jpg\" \/>\n\t<meta property=\"og:image:width\" content=\"350\" \/>\n\t<meta property=\"og:image:height\" content=\"263\" \/>\n\t<meta property=\"og:image:type\" content=\"image\/jpeg\" \/>\n<meta name=\"author\" content=\"mosite\" \/>\n<meta name=\"twitter:card\" content=\"summary_large_image\" \/>\n<meta name=\"twitter:label1\" content=\"Escrito por\" \/>\n\t<meta name=\"twitter:data1\" content=\"mosite\" \/>\n\t<meta name=\"twitter:label2\" content=\"Est. tempo de leitura\" \/>\n\t<meta name=\"twitter:data2\" content=\"1 minuto\" \/>\n<script type=\"application\/ld+json\" class=\"yoast-schema-graph\">{\"@context\":\"https:\/\/schema.org\",\"@graph\":[{\"@type\":\"WebPage\",\"@id\":\"https:\/\/www.pmpf.rs.gov.br\/secretaria-de-seguranca-publica\/2013\/03\/26\/lideres-comunitarios-apontam-locais-que-poderao-servir-de-sede-para-rs-na-paz-6257\/\",\"url\":\"https:\/\/www.pmpf.rs.gov.br\/secretaria-de-seguranca-publica\/2013\/03\/26\/lideres-comunitarios-apontam-locais-que-poderao-servir-de-sede-para-rs-na-paz-6257\/\",\"name\":\"L\u00edderes comunit\u00e1rios apontam locais que poder\u00e3o servir de sede para RS na Paz - Secretaria de Seguran\u00e7a P\u00fablica e Transporte\",\"isPartOf\":{\"@id\":\"https:\/\/www.pmpf.rs.gov.br\/secretaria-de-seguranca-publica\/#website\"},\"primaryImageOfPage\":{\"@id\":\"https:\/\/www.pmpf.rs.gov.br\/secretaria-de-seguranca-publica\/2013\/03\/26\/lideres-comunitarios-apontam-locais-que-poderao-servir-de-sede-para-rs-na-paz-6257\/#primaryimage\"},\"image\":{\"@id\":\"https:\/\/www.pmpf.rs.gov.br\/secretaria-de-seguranca-publica\/2013\/03\/26\/lideres-comunitarios-apontam-locais-que-poderao-servir-de-sede-para-rs-na-paz-6257\/#primaryimage\"},\"thumbnailUrl\":\"https:\/\/www.pmpf.rs.gov.br\/secretaria-de-seguranca-publica\/wp-content\/uploads\/sites\/54\/2021\/12\/I2013-12-11_033858_c9682.jpg\",\"datePublished\":\"2013-03-26T06:00:00+00:00\",\"dateModified\":\"2013-03-26T06:00:00+00:00\",\"author\":{\"@id\":\"https:\/\/www.pmpf.rs.gov.br\/secretaria-de-seguranca-publica\/#\/schema\/person\/0c355b0fa68a7aa986c8594f7a60a2d7\"},\"breadcrumb\":{\"@id\":\"https:\/\/www.pmpf.rs.gov.br\/secretaria-de-seguranca-publica\/2013\/03\/26\/lideres-comunitarios-apontam-locais-que-poderao-servir-de-sede-para-rs-na-paz-6257\/#breadcrumb\"},\"inLanguage\":\"pt-BR\",\"potentialAction\":[{\"@type\":\"ReadAction\",\"target\":[\"https:\/\/www.pmpf.rs.gov.br\/secretaria-de-seguranca-publica\/2013\/03\/26\/lideres-comunitarios-apontam-locais-que-poderao-servir-de-sede-para-rs-na-paz-6257\/\"]}]},{\"@type\":\"ImageObject\",\"inLanguage\":\"pt-BR\",\"@id\":\"https:\/\/www.pmpf.rs.gov.br\/secretaria-de-seguranca-publica\/2013\/03\/26\/lideres-comunitarios-apontam-locais-que-poderao-servir-de-sede-para-rs-na-paz-6257\/#primaryimage\",\"url\":\"https:\/\/www.pmpf.rs.gov.br\/secretaria-de-seguranca-publica\/wp-content\/uploads\/sites\/54\/2021\/12\/I2013-12-11_033858_c9682.jpg\",\"contentUrl\":\"https:\/\/www.pmpf.rs.gov.br\/secretaria-de-seguranca-publica\/wp-content\/uploads\/sites\/54\/2021\/12\/I2013-12-11_033858_c9682.jpg\",\"width\":350,\"height\":263},{\"@type\":\"BreadcrumbList\",\"@id\":\"https:\/\/www.pmpf.rs.gov.br\/secretaria-de-seguranca-publica\/2013\/03\/26\/lideres-comunitarios-apontam-locais-que-poderao-servir-de-sede-para-rs-na-paz-6257\/#breadcrumb\",\"itemListElement\":[{\"@type\":\"ListItem\",\"position\":1,\"name\":\"In\u00edcio\",\"item\":\"https:\/\/www.pmpf.rs.gov.br\/secretaria-de-seguranca-publica\/\"},{\"@type\":\"ListItem\",\"position\":2,\"name\":\"L\u00edderes comunit\u00e1rios apontam locais que poder\u00e3o servir de sede para RS na Paz\"}]},{\"@type\":\"WebSite\",\"@id\":\"https:\/\/www.pmpf.rs.gov.br\/secretaria-de-seguranca-publica\/#website\",\"url\":\"https:\/\/www.pmpf.rs.gov.br\/secretaria-de-seguranca-publica\/\",\"name\":\"Secretaria de Seguran\u00e7a P\u00fablica e Transporte\",\"description\":\"S\u00f3 mais um site Prefeitura de Passo Fundo\",\"potentialAction\":[{\"@type\":\"SearchAction\",\"target\":{\"@type\":\"EntryPoint\",\"urlTemplate\":\"https:\/\/www.pmpf.rs.gov.br\/secretaria-de-seguranca-publica\/?s={search_term_string}\"},\"query-input\":{\"@type\":\"PropertyValueSpecification\",\"valueRequired\":true,\"valueName\":\"search_term_string\"}}],\"inLanguage\":\"pt-BR\"},{\"@type\":\"Person\",\"@id\":\"https:\/\/www.pmpf.rs.gov.br\/secretaria-de-seguranca-publica\/#\/schema\/person\/0c355b0fa68a7aa986c8594f7a60a2d7\",\"name\":\"mosite\",\"image\":{\"@type\":\"ImageObject\",\"inLanguage\":\"pt-BR\",\"@id\":\"https:\/\/www.pmpf.rs.gov.br\/secretaria-de-seguranca-publica\/#\/schema\/person\/image\/\",\"url\":\"https:\/\/secure.gravatar.com\/avatar\/63d72595d6cecfe12bd8a94829d5a26c?s=96&d=mm&r=g\",\"contentUrl\":\"https:\/\/secure.gravatar.com\/avatar\/63d72595d6cecfe12bd8a94829d5a26c?s=96&d=mm&r=g\",\"caption\":\"mosite\"},\"sameAs\":[\"http:\/\/example.com\"],\"url\":\"https:\/\/www.pmpf.rs.gov.br\/secretaria-de-seguranca-publica\/author\/mosite\/\"}]}<\/script>\n<!-- \/ Yoast SEO plugin. -->","yoast_head_json":{"title":"L\u00edderes comunit\u00e1rios apontam locais que poder\u00e3o servir de sede para RS na Paz - Secretaria de Seguran\u00e7a P\u00fablica e Transporte","robots":{"index":"index","follow":"follow","max-snippet":"max-snippet:-1","max-image-preview":"max-image-preview:large","max-video-preview":"max-video-preview:-1"},"canonical":"https:\/\/www.pmpf.rs.gov.br\/secretaria-de-seguranca-publica\/2013\/03\/26\/lideres-comunitarios-apontam-locais-que-poderao-servir-de-sede-para-rs-na-paz-6257\/","og_locale":"pt_BR","og_type":"article","og_title":"L\u00edderes comunit\u00e1rios apontam locais que poder\u00e3o servir de sede para RS na Paz - Secretaria de Seguran\u00e7a P\u00fablica e Transporte","og_description":"L\u00edderes comunit\u00e1rios apontam locais que poder\u00e3o servir de sede para RS na Paz","og_url":"https:\/\/www.pmpf.rs.gov.br\/secretaria-de-seguranca-publica\/2013\/03\/26\/lideres-comunitarios-apontam-locais-que-poderao-servir-de-sede-para-rs-na-paz-6257\/","og_site_name":"Secretaria de Seguran\u00e7a P\u00fablica e Transporte","article_published_time":"2013-03-26T06:00:00+00:00","og_image":[{"width":350,"height":263,"url":"https:\/\/www.pmpf.rs.gov.br\/secretaria-de-seguranca-publica\/wp-content\/uploads\/sites\/54\/2021\/12\/I2013-12-11_033858_c9682.jpg","type":"image\/jpeg"}],"author":"mosite","twitter_card":"summary_large_image","twitter_misc":{"Escrito por":"mosite","Est. tempo de leitura":"1 minuto"},"schema":{"@context":"https:\/\/schema.org","@graph":[{"@type":"WebPage","@id":"https:\/\/www.pmpf.rs.gov.br\/secretaria-de-seguranca-publica\/2013\/03\/26\/lideres-comunitarios-apontam-locais-que-poderao-servir-de-sede-para-rs-na-paz-6257\/","url":"https:\/\/www.pmpf.rs.gov.br\/secretaria-de-seguranca-publica\/2013\/03\/26\/lideres-comunitarios-apontam-locais-que-poderao-servir-de-sede-para-rs-na-paz-6257\/","name":"L\u00edderes comunit\u00e1rios apontam locais que poder\u00e3o servir de sede para RS na Paz - Secretaria de Seguran\u00e7a P\u00fablica e Transporte","isPartOf":{"@id":"https:\/\/www.pmpf.rs.gov.br\/secretaria-de-seguranca-publica\/#website"},"primaryImageOfPage":{"@id":"https:\/\/www.pmpf.rs.gov.br\/secretaria-de-seguranca-publica\/2013\/03\/26\/lideres-comunitarios-apontam-locais-que-poderao-servir-de-sede-para-rs-na-paz-6257\/#primaryimage"},"image":{"@id":"https:\/\/www.pmpf.rs.gov.br\/secretaria-de-seguranca-publica\/2013\/03\/26\/lideres-comunitarios-apontam-locais-que-poderao-servir-de-sede-para-rs-na-paz-6257\/#primaryimage"},"thumbnailUrl":"https:\/\/www.pmpf.rs.gov.br\/secretaria-de-seguranca-publica\/wp-content\/uploads\/sites\/54\/2021\/12\/I2013-12-11_033858_c9682.jpg","datePublished":"2013-03-26T06:00:00+00:00","dateModified":"2013-03-26T06:00:00+00:00","author":{"@id":"https:\/\/www.pmpf.rs.gov.br\/secretaria-de-seguranca-publica\/#\/schema\/person\/0c355b0fa68a7aa986c8594f7a60a2d7"},"breadcrumb":{"@id":"https:\/\/www.pmpf.rs.gov.br\/secretaria-de-seguranca-publica\/2013\/03\/26\/lideres-comunitarios-apontam-locais-que-poderao-servir-de-sede-para-rs-na-paz-6257\/#breadcrumb"},"inLanguage":"pt-BR","potentialAction":[{"@type":"ReadAction","target":["https:\/\/www.pmpf.rs.gov.br\/secretaria-de-seguranca-publica\/2013\/03\/26\/lideres-comunitarios-apontam-locais-que-poderao-servir-de-sede-para-rs-na-paz-6257\/"]}]},{"@type":"ImageObject","inLanguage":"pt-BR","@id":"https:\/\/www.pmpf.rs.gov.br\/secretaria-de-seguranca-publica\/2013\/03\/26\/lideres-comunitarios-apontam-locais-que-poderao-servir-de-sede-para-rs-na-paz-6257\/#primaryimage","url":"https:\/\/www.pmpf.rs.gov.br\/secretaria-de-seguranca-publica\/wp-content\/uploads\/sites\/54\/2021\/12\/I2013-12-11_033858_c9682.jpg","contentUrl":"https:\/\/www.pmpf.rs.gov.br\/secretaria-de-seguranca-publica\/wp-content\/uploads\/sites\/54\/2021\/12\/I2013-12-11_033858_c9682.jpg","width":350,"height":263},{"@type":"BreadcrumbList","@id":"https:\/\/www.pmpf.rs.gov.br\/secretaria-de-seguranca-publica\/2013\/03\/26\/lideres-comunitarios-apontam-locais-que-poderao-servir-de-sede-para-rs-na-paz-6257\/#breadcrumb","itemListElement":[{"@type":"ListItem","position":1,"name":"In\u00edcio","item":"https:\/\/www.pmpf.rs.gov.br\/secretaria-de-seguranca-publica\/"},{"@type":"ListItem","position":2,"name":"L\u00edderes comunit\u00e1rios apontam locais que poder\u00e3o servir de sede para RS na Paz"}]},{"@type":"WebSite","@id":"https:\/\/www.pmpf.rs.gov.br\/secretaria-de-seguranca-publica\/#website","url":"https:\/\/www.pmpf.rs.gov.br\/secretaria-de-seguranca-publica\/","name":"Secretaria de Seguran\u00e7a P\u00fablica e Transporte","description":"S\u00f3 mais um site Prefeitura de Passo Fundo","potentialAction":[{"@type":"SearchAction","target":{"@type":"EntryPoint","urlTemplate":"https:\/\/www.pmpf.rs.gov.br\/secretaria-de-seguranca-publica\/?s={search_term_string}"},"query-input":{"@type":"PropertyValueSpecification","valueRequired":true,"valueName":"search_term_string"}}],"inLanguage":"pt-BR"},{"@type":"Person","@id":"https:\/\/www.pmpf.rs.gov.br\/secretaria-de-seguranca-publica\/#\/schema\/person\/0c355b0fa68a7aa986c8594f7a60a2d7","name":"mosite","image":{"@type":"ImageObject","inLanguage":"pt-BR","@id":"https:\/\/www.pmpf.rs.gov.br\/secretaria-de-seguranca-publica\/#\/schema\/person\/image\/","url":"https:\/\/secure.gravatar.com\/avatar\/63d72595d6cecfe12bd8a94829d5a26c?s=96&d=mm&r=g","contentUrl":"https:\/\/secure.gravatar.com\/avatar\/63d72595d6cecfe12bd8a94829d5a26c?s=96&d=mm&r=g","caption":"mosite"},"sameAs":["http:\/\/example.com"],"url":"https:\/\/www.pmpf.rs.gov.br\/secretaria-de-seguranca-publica\/author\/mosite\/"}]}},"_links":{"self":[{"href":"https:\/\/www.pmpf.rs.gov.br\/secretaria-de-seguranca-publica\/wp-json\/wp\/v2\/posts\/186"}],"collection":[{"href":"https:\/\/www.pmpf.rs.gov.br\/secretaria-de-seguranca-publica\/wp-json\/wp\/v2\/posts"}],"about":[{"href":"https:\/\/www.pmpf.rs.gov.br\/secretaria-de-seguranca-publica\/wp-json\/wp\/v2\/types\/post"}],"author":[{"embeddable":true,"href":"https:\/\/www.pmpf.rs.gov.br\/secretaria-de-seguranca-publica\/wp-json\/wp\/v2\/users\/1"}],"replies":[{"embeddable":true,"href":"https:\/\/www.pmpf.rs.gov.br\/secretaria-de-seguranca-publica\/wp-json\/wp\/v2\/comments?post=186"}],"version-history":[{"count":0,"href":"https:\/\/www.pmpf.rs.gov.br\/secretaria-de-seguranca-publica\/wp-json\/wp\/v2\/posts\/186\/revisions"}],"wp:featuredmedia":[{"embeddable":true,"href":"https:\/\/www.pmpf.rs.gov.br\/secretaria-de-seguranca-publica\/wp-json\/wp\/v2\/media\/187"}],"wp:attachment":[{"href":"https:\/\/www.pmpf.rs.gov.br\/secretaria-de-seguranca-publica\/wp-json\/wp\/v2\/media?parent=186"}],"wp:term":[{"taxonomy":"category","embeddable":true,"href":"https:\/\/www.pmpf.rs.gov.br\/secretaria-de-seguranca-publica\/wp-json\/wp\/v2\/categories?post=186"},{"taxonomy":"post_tag","embeddable":true,"href":"https:\/\/www.pmpf.rs.gov.br\/secretaria-de-seguranca-publica\/wp-json\/wp\/v2\/tags?post=186"}],"curies":[{"name":"wp","href":"https:\/\/api.w.org\/{rel}","templated":true}]}}