{"id":184,"date":"2013-03-26T03:00:00","date_gmt":"2013-03-26T06:00:00","guid":{"rendered":"https:\/\/www.pmpf.rs.gov.br\/secretaria-de-seguranca-publica\/2013\/03\/26\/equipamentos-sao-instalados-nos-semaforos-para-evitar-interrupcoes-de-energia-6266\/"},"modified":"2013-03-26T03:00:00","modified_gmt":"2013-03-26T06:00:00","slug":"equipamentos-sao-instalados-nos-semaforos-para-evitar-interrupcoes-de-energia-6266","status":"publish","type":"post","link":"https:\/\/www.pmpf.rs.gov.br\/secretaria-de-seguranca-publica\/2013\/03\/26\/equipamentos-sao-instalados-nos-semaforos-para-evitar-interrupcoes-de-energia-6266\/","title":{"rendered":"Equipamentos s\u00e3o instalados nos sem\u00e1foros para evitar interrup\u00e7\u00f5es de energia"},"content":{"rendered":"<p align=\"justify\" style=\"margin-bottom: 0cm;\" class=\"western\">Com o objetivo de evitar apag\u00f5es nos sem\u00e1foros a cada chuva forte e interrup\u00e7\u00f5es de energia el\u00e9trica, a Prefeitura de Passo Fundo adquiriu atrav\u00e9s de licita\u00e7\u00e3o equipamentos nobreaks para manter os sem\u00e1foros ligados nos 40 pontos de cruzamento da cidade.<\/p>\n<p align=\"justify\" style=\"margin-bottom: 0cm;\" class=\"western\">Conforme o Secret\u00e1rio de Seguran\u00e7a, Gilmar Teixeira Lopes, j\u00e1 foram instalados durante a semana passada 34 nobreaks, faltando apenas seis. Por isso, explica Lopes, alguns sem\u00e1foros dever\u00e3o estar desligados para a coloca\u00e7\u00e3o do equipamento pelos t\u00e9cnicos da empresa licitada. Ele destacou que este per\u00edodo n\u00e3o dever\u00e1 se estender para n\u00e3o afetar o tr\u00e1fego na cidade.<\/p>\n<p align=\"justify\" style=\"margin-bottom: 0cm;\" class=\"western\">A instala\u00e7\u00e3o dos nobreaks permite que os sem\u00e1foros se mantenham operantes em meio ao mau tempo ou falta de energia el\u00e9trica pelo per\u00edodo de 1h30min conforme estabelecido no edital de compra. Em testes realizados, os nobreaks est\u00e3o segurando carga por at\u00e9 duas horas.<\/p>\n","protected":false},"excerpt":{"rendered":"<p>Equipamentos s\u00e3o instalados nos sem\u00e1foros da cidade para evitar interrup\u00e7\u00f5es de energia<\/p>\n","protected":false},"author":1,"featured_media":0,"comment_status":"open","ping_status":"open","sticky":false,"template":"","format":"standard","meta":{"footnotes":""},"categories":[],"tags":[],"class_list":["post-184","post","type-post","status-publish","format-standard","hentry"],"yoast_head":"<!-- This site is optimized with the Yoast SEO plugin v23.8 - https:\/\/yoast.com\/wordpress\/plugins\/seo\/ -->\n<title>Equipamentos s\u00e3o instalados nos sem\u00e1foros para evitar interrup\u00e7\u00f5es de energia - Secretaria de Seguran\u00e7a P\u00fablica e Transporte<\/title>\n<meta name=\"robots\" content=\"index, follow, max-snippet:-1, max-image-preview:large, max-video-preview:-1\" \/>\n<link rel=\"canonical\" href=\"https:\/\/www.pmpf.rs.gov.br\/secretaria-de-seguranca-publica\/2013\/03\/26\/equipamentos-sao-instalados-nos-semaforos-para-evitar-interrupcoes-de-energia-6266\/\" \/>\n<meta property=\"og:locale\" content=\"pt_BR\" \/>\n<meta property=\"og:type\" content=\"article\" \/>\n<meta property=\"og:title\" content=\"Equipamentos s\u00e3o instalados nos sem\u00e1foros para evitar interrup\u00e7\u00f5es de energia - Secretaria de Seguran\u00e7a P\u00fablica e Transporte\" \/>\n<meta property=\"og:description\" content=\"Equipamentos s\u00e3o instalados nos sem\u00e1foros da cidade para evitar interrup\u00e7\u00f5es de energia\" \/>\n<meta property=\"og:url\" content=\"https:\/\/www.pmpf.rs.gov.br\/secretaria-de-seguranca-publica\/2013\/03\/26\/equipamentos-sao-instalados-nos-semaforos-para-evitar-interrupcoes-de-energia-6266\/\" \/>\n<meta property=\"og:site_name\" content=\"Secretaria de Seguran\u00e7a P\u00fablica e Transporte\" \/>\n<meta property=\"article:published_time\" content=\"2013-03-26T06:00:00+00:00\" \/>\n<meta name=\"author\" content=\"mosite\" \/>\n<meta name=\"twitter:card\" content=\"summary_large_image\" \/>\n<meta name=\"twitter:label1\" content=\"Escrito por\" \/>\n\t<meta name=\"twitter:data1\" content=\"mosite\" \/>\n\t<meta name=\"twitter:label2\" content=\"Est. tempo de leitura\" \/>\n\t<meta name=\"twitter:data2\" content=\"1 minuto\" \/>\n<script type=\"application\/ld+json\" class=\"yoast-schema-graph\">{\"@context\":\"https:\/\/schema.org\",\"@graph\":[{\"@type\":\"WebPage\",\"@id\":\"https:\/\/www.pmpf.rs.gov.br\/secretaria-de-seguranca-publica\/2013\/03\/26\/equipamentos-sao-instalados-nos-semaforos-para-evitar-interrupcoes-de-energia-6266\/\",\"url\":\"https:\/\/www.pmpf.rs.gov.br\/secretaria-de-seguranca-publica\/2013\/03\/26\/equipamentos-sao-instalados-nos-semaforos-para-evitar-interrupcoes-de-energia-6266\/\",\"name\":\"Equipamentos s\u00e3o instalados nos sem\u00e1foros para evitar interrup\u00e7\u00f5es de energia - Secretaria de Seguran\u00e7a P\u00fablica e Transporte\",\"isPartOf\":{\"@id\":\"https:\/\/www.pmpf.rs.gov.br\/secretaria-de-seguranca-publica\/#website\"},\"datePublished\":\"2013-03-26T06:00:00+00:00\",\"dateModified\":\"2013-03-26T06:00:00+00:00\",\"author\":{\"@id\":\"https:\/\/www.pmpf.rs.gov.br\/secretaria-de-seguranca-publica\/#\/schema\/person\/0c355b0fa68a7aa986c8594f7a60a2d7\"},\"breadcrumb\":{\"@id\":\"https:\/\/www.pmpf.rs.gov.br\/secretaria-de-seguranca-publica\/2013\/03\/26\/equipamentos-sao-instalados-nos-semaforos-para-evitar-interrupcoes-de-energia-6266\/#breadcrumb\"},\"inLanguage\":\"pt-BR\",\"potentialAction\":[{\"@type\":\"ReadAction\",\"target\":[\"https:\/\/www.pmpf.rs.gov.br\/secretaria-de-seguranca-publica\/2013\/03\/26\/equipamentos-sao-instalados-nos-semaforos-para-evitar-interrupcoes-de-energia-6266\/\"]}]},{\"@type\":\"BreadcrumbList\",\"@id\":\"https:\/\/www.pmpf.rs.gov.br\/secretaria-de-seguranca-publica\/2013\/03\/26\/equipamentos-sao-instalados-nos-semaforos-para-evitar-interrupcoes-de-energia-6266\/#breadcrumb\",\"itemListElement\":[{\"@type\":\"ListItem\",\"position\":1,\"name\":\"In\u00edcio\",\"item\":\"https:\/\/www.pmpf.rs.gov.br\/secretaria-de-seguranca-publica\/\"},{\"@type\":\"ListItem\",\"position\":2,\"name\":\"Equipamentos s\u00e3o instalados nos sem\u00e1foros para evitar interrup\u00e7\u00f5es de energia\"}]},{\"@type\":\"WebSite\",\"@id\":\"https:\/\/www.pmpf.rs.gov.br\/secretaria-de-seguranca-publica\/#website\",\"url\":\"https:\/\/www.pmpf.rs.gov.br\/secretaria-de-seguranca-publica\/\",\"name\":\"Secretaria de Seguran\u00e7a P\u00fablica e Transporte\",\"description\":\"S\u00f3 mais um site Prefeitura de Passo Fundo\",\"potentialAction\":[{\"@type\":\"SearchAction\",\"target\":{\"@type\":\"EntryPoint\",\"urlTemplate\":\"https:\/\/www.pmpf.rs.gov.br\/secretaria-de-seguranca-publica\/?s={search_term_string}\"},\"query-input\":{\"@type\":\"PropertyValueSpecification\",\"valueRequired\":true,\"valueName\":\"search_term_string\"}}],\"inLanguage\":\"pt-BR\"},{\"@type\":\"Person\",\"@id\":\"https:\/\/www.pmpf.rs.gov.br\/secretaria-de-seguranca-publica\/#\/schema\/person\/0c355b0fa68a7aa986c8594f7a60a2d7\",\"name\":\"mosite\",\"image\":{\"@type\":\"ImageObject\",\"inLanguage\":\"pt-BR\",\"@id\":\"https:\/\/www.pmpf.rs.gov.br\/secretaria-de-seguranca-publica\/#\/schema\/person\/image\/\",\"url\":\"https:\/\/secure.gravatar.com\/avatar\/63d72595d6cecfe12bd8a94829d5a26c?s=96&d=mm&r=g\",\"contentUrl\":\"https:\/\/secure.gravatar.com\/avatar\/63d72595d6cecfe12bd8a94829d5a26c?s=96&d=mm&r=g\",\"caption\":\"mosite\"},\"sameAs\":[\"http:\/\/example.com\"],\"url\":\"https:\/\/www.pmpf.rs.gov.br\/secretaria-de-seguranca-publica\/author\/mosite\/\"}]}<\/script>\n<!-- \/ Yoast SEO plugin. -->","yoast_head_json":{"title":"Equipamentos s\u00e3o instalados nos sem\u00e1foros para evitar interrup\u00e7\u00f5es de energia - Secretaria de Seguran\u00e7a P\u00fablica e Transporte","robots":{"index":"index","follow":"follow","max-snippet":"max-snippet:-1","max-image-preview":"max-image-preview:large","max-video-preview":"max-video-preview:-1"},"canonical":"https:\/\/www.pmpf.rs.gov.br\/secretaria-de-seguranca-publica\/2013\/03\/26\/equipamentos-sao-instalados-nos-semaforos-para-evitar-interrupcoes-de-energia-6266\/","og_locale":"pt_BR","og_type":"article","og_title":"Equipamentos s\u00e3o instalados nos sem\u00e1foros para evitar interrup\u00e7\u00f5es de energia - Secretaria de Seguran\u00e7a P\u00fablica e Transporte","og_description":"Equipamentos s\u00e3o instalados nos sem\u00e1foros da cidade para evitar interrup\u00e7\u00f5es de energia","og_url":"https:\/\/www.pmpf.rs.gov.br\/secretaria-de-seguranca-publica\/2013\/03\/26\/equipamentos-sao-instalados-nos-semaforos-para-evitar-interrupcoes-de-energia-6266\/","og_site_name":"Secretaria de Seguran\u00e7a P\u00fablica e Transporte","article_published_time":"2013-03-26T06:00:00+00:00","author":"mosite","twitter_card":"summary_large_image","twitter_misc":{"Escrito por":"mosite","Est. tempo de leitura":"1 minuto"},"schema":{"@context":"https:\/\/schema.org","@graph":[{"@type":"WebPage","@id":"https:\/\/www.pmpf.rs.gov.br\/secretaria-de-seguranca-publica\/2013\/03\/26\/equipamentos-sao-instalados-nos-semaforos-para-evitar-interrupcoes-de-energia-6266\/","url":"https:\/\/www.pmpf.rs.gov.br\/secretaria-de-seguranca-publica\/2013\/03\/26\/equipamentos-sao-instalados-nos-semaforos-para-evitar-interrupcoes-de-energia-6266\/","name":"Equipamentos s\u00e3o instalados nos sem\u00e1foros para evitar interrup\u00e7\u00f5es de energia - Secretaria de Seguran\u00e7a P\u00fablica e Transporte","isPartOf":{"@id":"https:\/\/www.pmpf.rs.gov.br\/secretaria-de-seguranca-publica\/#website"},"datePublished":"2013-03-26T06:00:00+00:00","dateModified":"2013-03-26T06:00:00+00:00","author":{"@id":"https:\/\/www.pmpf.rs.gov.br\/secretaria-de-seguranca-publica\/#\/schema\/person\/0c355b0fa68a7aa986c8594f7a60a2d7"},"breadcrumb":{"@id":"https:\/\/www.pmpf.rs.gov.br\/secretaria-de-seguranca-publica\/2013\/03\/26\/equipamentos-sao-instalados-nos-semaforos-para-evitar-interrupcoes-de-energia-6266\/#breadcrumb"},"inLanguage":"pt-BR","potentialAction":[{"@type":"ReadAction","target":["https:\/\/www.pmpf.rs.gov.br\/secretaria-de-seguranca-publica\/2013\/03\/26\/equipamentos-sao-instalados-nos-semaforos-para-evitar-interrupcoes-de-energia-6266\/"]}]},{"@type":"BreadcrumbList","@id":"https:\/\/www.pmpf.rs.gov.br\/secretaria-de-seguranca-publica\/2013\/03\/26\/equipamentos-sao-instalados-nos-semaforos-para-evitar-interrupcoes-de-energia-6266\/#breadcrumb","itemListElement":[{"@type":"ListItem","position":1,"name":"In\u00edcio","item":"https:\/\/www.pmpf.rs.gov.br\/secretaria-de-seguranca-publica\/"},{"@type":"ListItem","position":2,"name":"Equipamentos s\u00e3o instalados nos sem\u00e1foros para evitar interrup\u00e7\u00f5es de energia"}]},{"@type":"WebSite","@id":"https:\/\/www.pmpf.rs.gov.br\/secretaria-de-seguranca-publica\/#website","url":"https:\/\/www.pmpf.rs.gov.br\/secretaria-de-seguranca-publica\/","name":"Secretaria de Seguran\u00e7a P\u00fablica e Transporte","description":"S\u00f3 mais um site Prefeitura de Passo Fundo","potentialAction":[{"@type":"SearchAction","target":{"@type":"EntryPoint","urlTemplate":"https:\/\/www.pmpf.rs.gov.br\/secretaria-de-seguranca-publica\/?s={search_term_string}"},"query-input":{"@type":"PropertyValueSpecification","valueRequired":true,"valueName":"search_term_string"}}],"inLanguage":"pt-BR"},{"@type":"Person","@id":"https:\/\/www.pmpf.rs.gov.br\/secretaria-de-seguranca-publica\/#\/schema\/person\/0c355b0fa68a7aa986c8594f7a60a2d7","name":"mosite","image":{"@type":"ImageObject","inLanguage":"pt-BR","@id":"https:\/\/www.pmpf.rs.gov.br\/secretaria-de-seguranca-publica\/#\/schema\/person\/image\/","url":"https:\/\/secure.gravatar.com\/avatar\/63d72595d6cecfe12bd8a94829d5a26c?s=96&d=mm&r=g","contentUrl":"https:\/\/secure.gravatar.com\/avatar\/63d72595d6cecfe12bd8a94829d5a26c?s=96&d=mm&r=g","caption":"mosite"},"sameAs":["http:\/\/example.com"],"url":"https:\/\/www.pmpf.rs.gov.br\/secretaria-de-seguranca-publica\/author\/mosite\/"}]}},"_links":{"self":[{"href":"https:\/\/www.pmpf.rs.gov.br\/secretaria-de-seguranca-publica\/wp-json\/wp\/v2\/posts\/184"}],"collection":[{"href":"https:\/\/www.pmpf.rs.gov.br\/secretaria-de-seguranca-publica\/wp-json\/wp\/v2\/posts"}],"about":[{"href":"https:\/\/www.pmpf.rs.gov.br\/secretaria-de-seguranca-publica\/wp-json\/wp\/v2\/types\/post"}],"author":[{"embeddable":true,"href":"https:\/\/www.pmpf.rs.gov.br\/secretaria-de-seguranca-publica\/wp-json\/wp\/v2\/users\/1"}],"replies":[{"embeddable":true,"href":"https:\/\/www.pmpf.rs.gov.br\/secretaria-de-seguranca-publica\/wp-json\/wp\/v2\/comments?post=184"}],"version-history":[{"count":0,"href":"https:\/\/www.pmpf.rs.gov.br\/secretaria-de-seguranca-publica\/wp-json\/wp\/v2\/posts\/184\/revisions"}],"wp:attachment":[{"href":"https:\/\/www.pmpf.rs.gov.br\/secretaria-de-seguranca-publica\/wp-json\/wp\/v2\/media?parent=184"}],"wp:term":[{"taxonomy":"category","embeddable":true,"href":"https:\/\/www.pmpf.rs.gov.br\/secretaria-de-seguranca-publica\/wp-json\/wp\/v2\/categories?post=184"},{"taxonomy":"post_tag","embeddable":true,"href":"https:\/\/www.pmpf.rs.gov.br\/secretaria-de-seguranca-publica\/wp-json\/wp\/v2\/tags?post=184"}],"curies":[{"name":"wp","href":"https:\/\/api.w.org\/{rel}","templated":true}]}}