{"id":182,"date":"2013-02-20T03:00:00","date_gmt":"2013-02-20T06:00:00","guid":{"rendered":"https:\/\/www.pmpf.rs.gov.br\/secretaria-de-seguranca-publica\/2013\/02\/20\/prevencao-e-seguranca-sao-discutidos-pelo-gabinete-de-gestao-integrada-municipal-6280\/"},"modified":"2013-02-20T03:00:00","modified_gmt":"2013-02-20T06:00:00","slug":"prevencao-e-seguranca-sao-discutidos-pelo-gabinete-de-gestao-integrada-municipal-6280","status":"publish","type":"post","link":"https:\/\/www.pmpf.rs.gov.br\/secretaria-de-seguranca-publica\/2013\/02\/20\/prevencao-e-seguranca-sao-discutidos-pelo-gabinete-de-gestao-integrada-municipal-6280\/","title":{"rendered":"Preven\u00e7\u00e3o e seguran\u00e7a s\u00e3o discutidos pelo Gabinete de Gest\u00e3o Integrada Municipal"},"content":{"rendered":"<p>Todos os \u00f3rg\u00e3os do munic\u00edpio vinculados \u00e0 Seguran\u00e7a P\u00fablica discutiram  demandas e articula\u00e7\u00f5es conjuntas nesta quarta-feira, durante reuni\u00e3o do  Gabinete de Gest\u00e3o Integrada Municipal (GGI-M). O Gabinete est\u00e1 sob a  jurisdi\u00e7\u00e3o da Secretaria de Seguran\u00e7a P\u00fablica e visa colaborar com o  munic\u00edpio no sentido de desenvolver, avaliar e monitorar os programas e  a\u00e7\u00f5es estrat\u00e9gicas de preven\u00e7\u00e3o da viol\u00eancia e da criminalidade.<\/p>\n<p> \u201cO prefeito Luciano deu muita \u00eanfase para a manuten\u00e7\u00e3o do Gabinete de  Gest\u00e3o Integrada, porque aqui se decide valores relacionados \u00e0 seguran\u00e7a  p\u00fablica. Estamos tratando de quest\u00f5es importantes para Passo Fundo, e  nesta reuni\u00e3o, discutimos fatores direcionados especialmente para os  moradores da Rua Independ\u00eancia e dos bairros Cidade Nova e Santa Marta,  lugares que t\u00eam sofrido com preju\u00edzos de perturba\u00e7\u00e3o do sossego  p\u00fablico\u201d, explicou o secret\u00e1rio de Seguran\u00e7a P\u00fablica, Gilmar Teixeira  Lopes. <\/p>\n<p> As quest\u00f5es de log\u00edstica e as estrat\u00e9gias a serem utilizadas para a  manuten\u00e7\u00e3o da lei e da ordem s\u00e3o um principio b\u00e1sico do GGI-M. Com o  monitoramento e avalia\u00e7\u00e3o constante, a preven\u00e7\u00e3o para fatores de  viol\u00eancia e criminalidade podem ser controlados, medidas que atrav\u00e9s da  articula\u00e7\u00e3o entre os \u00f3rg\u00e3os \u00e9 poss\u00edvel. <\/p>\n<p> Os \u00f3rg\u00e3os e institui\u00e7\u00f5es que comp\u00f5em o colegiado do Gabinete s\u00e3o:  Executivo Municipal; Secretaria Municipal de Gabinete; Secretaria de  Cidadania e Assist\u00eancia Social; Secretaria Municipal de Seguran\u00e7a; Ordem  do Advogados (OAB); Brigada Militar; Pol\u00edcia Civil Estadual; Pol\u00edcia  Civil Federal; Pol\u00edcia Rodovi\u00e1ria Estadual; Pol\u00edcia Rodovi\u00e1ria Federal;  Instituto Geral de Per\u00edcias e SUSEPE.<\/p>\n","protected":false},"excerpt":{"rendered":"<p>Preven\u00e7\u00e3o e seguran\u00e7a s\u00e3o discutidos pelo Gabinete de Gest\u00e3o Integrada Municipal<\/p>\n","protected":false},"author":1,"featured_media":183,"comment_status":"open","ping_status":"open","sticky":false,"template":"","format":"standard","meta":{"footnotes":""},"categories":[],"tags":[],"class_list":["post-182","post","type-post","status-publish","format-standard","has-post-thumbnail","hentry"],"yoast_head":"<!-- This site is optimized with the Yoast SEO plugin v23.8 - https:\/\/yoast.com\/wordpress\/plugins\/seo\/ -->\n<title>Preven\u00e7\u00e3o e seguran\u00e7a s\u00e3o discutidos pelo Gabinete de Gest\u00e3o Integrada Municipal - Secretaria de Seguran\u00e7a P\u00fablica e Transporte<\/title>\n<meta name=\"robots\" content=\"index, follow, max-snippet:-1, max-image-preview:large, max-video-preview:-1\" \/>\n<link rel=\"canonical\" href=\"https:\/\/www.pmpf.rs.gov.br\/secretaria-de-seguranca-publica\/2013\/02\/20\/prevencao-e-seguranca-sao-discutidos-pelo-gabinete-de-gestao-integrada-municipal-6280\/\" \/>\n<meta property=\"og:locale\" content=\"pt_BR\" \/>\n<meta property=\"og:type\" content=\"article\" \/>\n<meta property=\"og:title\" content=\"Preven\u00e7\u00e3o e seguran\u00e7a s\u00e3o discutidos pelo Gabinete de Gest\u00e3o Integrada Municipal - Secretaria de Seguran\u00e7a P\u00fablica e Transporte\" \/>\n<meta property=\"og:description\" content=\"Preven\u00e7\u00e3o e seguran\u00e7a s\u00e3o discutidos pelo Gabinete de Gest\u00e3o Integrada Municipal\" \/>\n<meta property=\"og:url\" content=\"https:\/\/www.pmpf.rs.gov.br\/secretaria-de-seguranca-publica\/2013\/02\/20\/prevencao-e-seguranca-sao-discutidos-pelo-gabinete-de-gestao-integrada-municipal-6280\/\" \/>\n<meta property=\"og:site_name\" content=\"Secretaria de Seguran\u00e7a P\u00fablica e Transporte\" \/>\n<meta property=\"article:published_time\" content=\"2013-02-20T06:00:00+00:00\" \/>\n<meta property=\"og:image\" content=\"https:\/\/www.pmpf.rs.gov.br\/secretaria-de-seguranca-publica\/wp-content\/uploads\/sites\/54\/2021\/12\/I2013-12-11_033858_c9548.jpg\" \/>\n\t<meta property=\"og:image:width\" content=\"1156\" \/>\n\t<meta property=\"og:image:height\" content=\"885\" \/>\n\t<meta property=\"og:image:type\" content=\"image\/jpeg\" \/>\n<meta name=\"author\" content=\"mosite\" \/>\n<meta name=\"twitter:card\" content=\"summary_large_image\" \/>\n<meta name=\"twitter:label1\" content=\"Escrito por\" \/>\n\t<meta name=\"twitter:data1\" content=\"mosite\" \/>\n\t<meta name=\"twitter:label2\" content=\"Est. tempo de leitura\" \/>\n\t<meta name=\"twitter:data2\" content=\"1 minuto\" \/>\n<script type=\"application\/ld+json\" class=\"yoast-schema-graph\">{\"@context\":\"https:\/\/schema.org\",\"@graph\":[{\"@type\":\"WebPage\",\"@id\":\"https:\/\/www.pmpf.rs.gov.br\/secretaria-de-seguranca-publica\/2013\/02\/20\/prevencao-e-seguranca-sao-discutidos-pelo-gabinete-de-gestao-integrada-municipal-6280\/\",\"url\":\"https:\/\/www.pmpf.rs.gov.br\/secretaria-de-seguranca-publica\/2013\/02\/20\/prevencao-e-seguranca-sao-discutidos-pelo-gabinete-de-gestao-integrada-municipal-6280\/\",\"name\":\"Preven\u00e7\u00e3o e seguran\u00e7a s\u00e3o discutidos pelo Gabinete de Gest\u00e3o Integrada Municipal - Secretaria de Seguran\u00e7a P\u00fablica e Transporte\",\"isPartOf\":{\"@id\":\"https:\/\/www.pmpf.rs.gov.br\/secretaria-de-seguranca-publica\/#website\"},\"primaryImageOfPage\":{\"@id\":\"https:\/\/www.pmpf.rs.gov.br\/secretaria-de-seguranca-publica\/2013\/02\/20\/prevencao-e-seguranca-sao-discutidos-pelo-gabinete-de-gestao-integrada-municipal-6280\/#primaryimage\"},\"image\":{\"@id\":\"https:\/\/www.pmpf.rs.gov.br\/secretaria-de-seguranca-publica\/2013\/02\/20\/prevencao-e-seguranca-sao-discutidos-pelo-gabinete-de-gestao-integrada-municipal-6280\/#primaryimage\"},\"thumbnailUrl\":\"https:\/\/www.pmpf.rs.gov.br\/secretaria-de-seguranca-publica\/wp-content\/uploads\/sites\/54\/2021\/12\/I2013-12-11_033858_c9548.jpg\",\"datePublished\":\"2013-02-20T06:00:00+00:00\",\"dateModified\":\"2013-02-20T06:00:00+00:00\",\"author\":{\"@id\":\"https:\/\/www.pmpf.rs.gov.br\/secretaria-de-seguranca-publica\/#\/schema\/person\/0c355b0fa68a7aa986c8594f7a60a2d7\"},\"breadcrumb\":{\"@id\":\"https:\/\/www.pmpf.rs.gov.br\/secretaria-de-seguranca-publica\/2013\/02\/20\/prevencao-e-seguranca-sao-discutidos-pelo-gabinete-de-gestao-integrada-municipal-6280\/#breadcrumb\"},\"inLanguage\":\"pt-BR\",\"potentialAction\":[{\"@type\":\"ReadAction\",\"target\":[\"https:\/\/www.pmpf.rs.gov.br\/secretaria-de-seguranca-publica\/2013\/02\/20\/prevencao-e-seguranca-sao-discutidos-pelo-gabinete-de-gestao-integrada-municipal-6280\/\"]}]},{\"@type\":\"ImageObject\",\"inLanguage\":\"pt-BR\",\"@id\":\"https:\/\/www.pmpf.rs.gov.br\/secretaria-de-seguranca-publica\/2013\/02\/20\/prevencao-e-seguranca-sao-discutidos-pelo-gabinete-de-gestao-integrada-municipal-6280\/#primaryimage\",\"url\":\"https:\/\/www.pmpf.rs.gov.br\/secretaria-de-seguranca-publica\/wp-content\/uploads\/sites\/54\/2021\/12\/I2013-12-11_033858_c9548.jpg\",\"contentUrl\":\"https:\/\/www.pmpf.rs.gov.br\/secretaria-de-seguranca-publica\/wp-content\/uploads\/sites\/54\/2021\/12\/I2013-12-11_033858_c9548.jpg\",\"width\":1156,\"height\":885},{\"@type\":\"BreadcrumbList\",\"@id\":\"https:\/\/www.pmpf.rs.gov.br\/secretaria-de-seguranca-publica\/2013\/02\/20\/prevencao-e-seguranca-sao-discutidos-pelo-gabinete-de-gestao-integrada-municipal-6280\/#breadcrumb\",\"itemListElement\":[{\"@type\":\"ListItem\",\"position\":1,\"name\":\"In\u00edcio\",\"item\":\"https:\/\/www.pmpf.rs.gov.br\/secretaria-de-seguranca-publica\/\"},{\"@type\":\"ListItem\",\"position\":2,\"name\":\"Preven\u00e7\u00e3o e seguran\u00e7a s\u00e3o discutidos pelo Gabinete de Gest\u00e3o Integrada Municipal\"}]},{\"@type\":\"WebSite\",\"@id\":\"https:\/\/www.pmpf.rs.gov.br\/secretaria-de-seguranca-publica\/#website\",\"url\":\"https:\/\/www.pmpf.rs.gov.br\/secretaria-de-seguranca-publica\/\",\"name\":\"Secretaria de Seguran\u00e7a P\u00fablica e Transporte\",\"description\":\"S\u00f3 mais um site Prefeitura de Passo Fundo\",\"potentialAction\":[{\"@type\":\"SearchAction\",\"target\":{\"@type\":\"EntryPoint\",\"urlTemplate\":\"https:\/\/www.pmpf.rs.gov.br\/secretaria-de-seguranca-publica\/?s={search_term_string}\"},\"query-input\":{\"@type\":\"PropertyValueSpecification\",\"valueRequired\":true,\"valueName\":\"search_term_string\"}}],\"inLanguage\":\"pt-BR\"},{\"@type\":\"Person\",\"@id\":\"https:\/\/www.pmpf.rs.gov.br\/secretaria-de-seguranca-publica\/#\/schema\/person\/0c355b0fa68a7aa986c8594f7a60a2d7\",\"name\":\"mosite\",\"image\":{\"@type\":\"ImageObject\",\"inLanguage\":\"pt-BR\",\"@id\":\"https:\/\/www.pmpf.rs.gov.br\/secretaria-de-seguranca-publica\/#\/schema\/person\/image\/\",\"url\":\"https:\/\/secure.gravatar.com\/avatar\/63d72595d6cecfe12bd8a94829d5a26c?s=96&d=mm&r=g\",\"contentUrl\":\"https:\/\/secure.gravatar.com\/avatar\/63d72595d6cecfe12bd8a94829d5a26c?s=96&d=mm&r=g\",\"caption\":\"mosite\"},\"sameAs\":[\"http:\/\/example.com\"],\"url\":\"https:\/\/www.pmpf.rs.gov.br\/secretaria-de-seguranca-publica\/author\/mosite\/\"}]}<\/script>\n<!-- \/ Yoast SEO plugin. -->","yoast_head_json":{"title":"Preven\u00e7\u00e3o e seguran\u00e7a s\u00e3o discutidos pelo Gabinete de Gest\u00e3o Integrada Municipal - Secretaria de Seguran\u00e7a P\u00fablica e Transporte","robots":{"index":"index","follow":"follow","max-snippet":"max-snippet:-1","max-image-preview":"max-image-preview:large","max-video-preview":"max-video-preview:-1"},"canonical":"https:\/\/www.pmpf.rs.gov.br\/secretaria-de-seguranca-publica\/2013\/02\/20\/prevencao-e-seguranca-sao-discutidos-pelo-gabinete-de-gestao-integrada-municipal-6280\/","og_locale":"pt_BR","og_type":"article","og_title":"Preven\u00e7\u00e3o e seguran\u00e7a s\u00e3o discutidos pelo Gabinete de Gest\u00e3o Integrada Municipal - Secretaria de Seguran\u00e7a P\u00fablica e Transporte","og_description":"Preven\u00e7\u00e3o e seguran\u00e7a s\u00e3o discutidos pelo Gabinete de Gest\u00e3o Integrada Municipal","og_url":"https:\/\/www.pmpf.rs.gov.br\/secretaria-de-seguranca-publica\/2013\/02\/20\/prevencao-e-seguranca-sao-discutidos-pelo-gabinete-de-gestao-integrada-municipal-6280\/","og_site_name":"Secretaria de Seguran\u00e7a P\u00fablica e Transporte","article_published_time":"2013-02-20T06:00:00+00:00","og_image":[{"width":1156,"height":885,"url":"https:\/\/www.pmpf.rs.gov.br\/secretaria-de-seguranca-publica\/wp-content\/uploads\/sites\/54\/2021\/12\/I2013-12-11_033858_c9548.jpg","type":"image\/jpeg"}],"author":"mosite","twitter_card":"summary_large_image","twitter_misc":{"Escrito por":"mosite","Est. tempo de leitura":"1 minuto"},"schema":{"@context":"https:\/\/schema.org","@graph":[{"@type":"WebPage","@id":"https:\/\/www.pmpf.rs.gov.br\/secretaria-de-seguranca-publica\/2013\/02\/20\/prevencao-e-seguranca-sao-discutidos-pelo-gabinete-de-gestao-integrada-municipal-6280\/","url":"https:\/\/www.pmpf.rs.gov.br\/secretaria-de-seguranca-publica\/2013\/02\/20\/prevencao-e-seguranca-sao-discutidos-pelo-gabinete-de-gestao-integrada-municipal-6280\/","name":"Preven\u00e7\u00e3o e seguran\u00e7a s\u00e3o discutidos pelo Gabinete de Gest\u00e3o Integrada Municipal - Secretaria de Seguran\u00e7a P\u00fablica e Transporte","isPartOf":{"@id":"https:\/\/www.pmpf.rs.gov.br\/secretaria-de-seguranca-publica\/#website"},"primaryImageOfPage":{"@id":"https:\/\/www.pmpf.rs.gov.br\/secretaria-de-seguranca-publica\/2013\/02\/20\/prevencao-e-seguranca-sao-discutidos-pelo-gabinete-de-gestao-integrada-municipal-6280\/#primaryimage"},"image":{"@id":"https:\/\/www.pmpf.rs.gov.br\/secretaria-de-seguranca-publica\/2013\/02\/20\/prevencao-e-seguranca-sao-discutidos-pelo-gabinete-de-gestao-integrada-municipal-6280\/#primaryimage"},"thumbnailUrl":"https:\/\/www.pmpf.rs.gov.br\/secretaria-de-seguranca-publica\/wp-content\/uploads\/sites\/54\/2021\/12\/I2013-12-11_033858_c9548.jpg","datePublished":"2013-02-20T06:00:00+00:00","dateModified":"2013-02-20T06:00:00+00:00","author":{"@id":"https:\/\/www.pmpf.rs.gov.br\/secretaria-de-seguranca-publica\/#\/schema\/person\/0c355b0fa68a7aa986c8594f7a60a2d7"},"breadcrumb":{"@id":"https:\/\/www.pmpf.rs.gov.br\/secretaria-de-seguranca-publica\/2013\/02\/20\/prevencao-e-seguranca-sao-discutidos-pelo-gabinete-de-gestao-integrada-municipal-6280\/#breadcrumb"},"inLanguage":"pt-BR","potentialAction":[{"@type":"ReadAction","target":["https:\/\/www.pmpf.rs.gov.br\/secretaria-de-seguranca-publica\/2013\/02\/20\/prevencao-e-seguranca-sao-discutidos-pelo-gabinete-de-gestao-integrada-municipal-6280\/"]}]},{"@type":"ImageObject","inLanguage":"pt-BR","@id":"https:\/\/www.pmpf.rs.gov.br\/secretaria-de-seguranca-publica\/2013\/02\/20\/prevencao-e-seguranca-sao-discutidos-pelo-gabinete-de-gestao-integrada-municipal-6280\/#primaryimage","url":"https:\/\/www.pmpf.rs.gov.br\/secretaria-de-seguranca-publica\/wp-content\/uploads\/sites\/54\/2021\/12\/I2013-12-11_033858_c9548.jpg","contentUrl":"https:\/\/www.pmpf.rs.gov.br\/secretaria-de-seguranca-publica\/wp-content\/uploads\/sites\/54\/2021\/12\/I2013-12-11_033858_c9548.jpg","width":1156,"height":885},{"@type":"BreadcrumbList","@id":"https:\/\/www.pmpf.rs.gov.br\/secretaria-de-seguranca-publica\/2013\/02\/20\/prevencao-e-seguranca-sao-discutidos-pelo-gabinete-de-gestao-integrada-municipal-6280\/#breadcrumb","itemListElement":[{"@type":"ListItem","position":1,"name":"In\u00edcio","item":"https:\/\/www.pmpf.rs.gov.br\/secretaria-de-seguranca-publica\/"},{"@type":"ListItem","position":2,"name":"Preven\u00e7\u00e3o e seguran\u00e7a s\u00e3o discutidos pelo Gabinete de Gest\u00e3o Integrada Municipal"}]},{"@type":"WebSite","@id":"https:\/\/www.pmpf.rs.gov.br\/secretaria-de-seguranca-publica\/#website","url":"https:\/\/www.pmpf.rs.gov.br\/secretaria-de-seguranca-publica\/","name":"Secretaria de Seguran\u00e7a P\u00fablica e Transporte","description":"S\u00f3 mais um site Prefeitura de Passo Fundo","potentialAction":[{"@type":"SearchAction","target":{"@type":"EntryPoint","urlTemplate":"https:\/\/www.pmpf.rs.gov.br\/secretaria-de-seguranca-publica\/?s={search_term_string}"},"query-input":{"@type":"PropertyValueSpecification","valueRequired":true,"valueName":"search_term_string"}}],"inLanguage":"pt-BR"},{"@type":"Person","@id":"https:\/\/www.pmpf.rs.gov.br\/secretaria-de-seguranca-publica\/#\/schema\/person\/0c355b0fa68a7aa986c8594f7a60a2d7","name":"mosite","image":{"@type":"ImageObject","inLanguage":"pt-BR","@id":"https:\/\/www.pmpf.rs.gov.br\/secretaria-de-seguranca-publica\/#\/schema\/person\/image\/","url":"https:\/\/secure.gravatar.com\/avatar\/63d72595d6cecfe12bd8a94829d5a26c?s=96&d=mm&r=g","contentUrl":"https:\/\/secure.gravatar.com\/avatar\/63d72595d6cecfe12bd8a94829d5a26c?s=96&d=mm&r=g","caption":"mosite"},"sameAs":["http:\/\/example.com"],"url":"https:\/\/www.pmpf.rs.gov.br\/secretaria-de-seguranca-publica\/author\/mosite\/"}]}},"_links":{"self":[{"href":"https:\/\/www.pmpf.rs.gov.br\/secretaria-de-seguranca-publica\/wp-json\/wp\/v2\/posts\/182"}],"collection":[{"href":"https:\/\/www.pmpf.rs.gov.br\/secretaria-de-seguranca-publica\/wp-json\/wp\/v2\/posts"}],"about":[{"href":"https:\/\/www.pmpf.rs.gov.br\/secretaria-de-seguranca-publica\/wp-json\/wp\/v2\/types\/post"}],"author":[{"embeddable":true,"href":"https:\/\/www.pmpf.rs.gov.br\/secretaria-de-seguranca-publica\/wp-json\/wp\/v2\/users\/1"}],"replies":[{"embeddable":true,"href":"https:\/\/www.pmpf.rs.gov.br\/secretaria-de-seguranca-publica\/wp-json\/wp\/v2\/comments?post=182"}],"version-history":[{"count":0,"href":"https:\/\/www.pmpf.rs.gov.br\/secretaria-de-seguranca-publica\/wp-json\/wp\/v2\/posts\/182\/revisions"}],"wp:featuredmedia":[{"embeddable":true,"href":"https:\/\/www.pmpf.rs.gov.br\/secretaria-de-seguranca-publica\/wp-json\/wp\/v2\/media\/183"}],"wp:attachment":[{"href":"https:\/\/www.pmpf.rs.gov.br\/secretaria-de-seguranca-publica\/wp-json\/wp\/v2\/media?parent=182"}],"wp:term":[{"taxonomy":"category","embeddable":true,"href":"https:\/\/www.pmpf.rs.gov.br\/secretaria-de-seguranca-publica\/wp-json\/wp\/v2\/categories?post=182"},{"taxonomy":"post_tag","embeddable":true,"href":"https:\/\/www.pmpf.rs.gov.br\/secretaria-de-seguranca-publica\/wp-json\/wp\/v2\/tags?post=182"}],"curies":[{"name":"wp","href":"https:\/\/api.w.org\/{rel}","templated":true}]}}