{"id":175,"date":"2013-02-15T02:00:00","date_gmt":"2013-02-15T04:00:00","guid":{"rendered":"https:\/\/www.pmpf.rs.gov.br\/secretaria-de-seguranca-publica\/2013\/02\/15\/prefeitura-fara-acao-de-educacao-para-o-transito-no-bairro-leao-xiii-6368\/"},"modified":"2013-02-15T02:00:00","modified_gmt":"2013-02-15T04:00:00","slug":"prefeitura-fara-acao-de-educacao-para-o-transito-no-bairro-leao-xiii-6368","status":"publish","type":"post","link":"https:\/\/www.pmpf.rs.gov.br\/secretaria-de-seguranca-publica\/2013\/02\/15\/prefeitura-fara-acao-de-educacao-para-o-transito-no-bairro-leao-xiii-6368\/","title":{"rendered":"Prefeitura far\u00e1 a\u00e7\u00e3o de educa\u00e7\u00e3o para o tr\u00e2nsito no bairro Le\u00e3o XIII"},"content":{"rendered":"<p align=\"justify\" style=\"margin-bottom: 0cm;\" class=\"western\">A preocupa\u00e7\u00e3o com a seguran\u00e7a no trajeto dos alunos de suas casas at\u00e9 a Escola Municipal de Educa\u00e7\u00e3o Infantil Os\u00f3rio Cardoso Teixeira, do bairro Le\u00e3o XIII, foi parte da pauta de uma reuni\u00e3o realizada na manh\u00e3 desta sexta-feira, 15, entre o prefeito Luciano Azevedo, o presidente do bairro, Elo\u00ed Costa e o secretariado municipal.  <\/p>\n<div align=\"justify\"> <\/div>\n<p align=\"justify\" style=\"margin-bottom: 0cm;\" class=\"western\">Ao apontar uma poss\u00edvel interven\u00e7\u00e3o no tr\u00e2nsito das proximidades da escola, com a instala\u00e7\u00e3o de uma lombada f\u00edsica, por exemplo, o presidente foi informado pelo secret\u00e1rio de Seguran\u00e7a P\u00fablica, Gilmar Lopes, que a educa\u00e7\u00e3o dos pais e das crian\u00e7as para o tr\u00e2nsito, poderia ser a melhor op\u00e7\u00e3o para trazer mais seguran\u00e7a aos alunos no trajeto at\u00e9 a escola. As a\u00e7\u00f5es ser\u00e3o realizadas com a participa\u00e7\u00e3o da Guarda Municipal, j\u00e1 foram tratadas com a diretoria da Escola e ser\u00e3o realizadas nas pr\u00f3ximas semanas.<\/p>\n<div align=\"justify\"> <\/div>\n<p align=\"justify\" style=\"margin-bottom: 0cm;\" class=\"western\">Com a presen\u00e7a de secret\u00e1rios de diferentes pastas, a conversa com o presidente do bairro tamb\u00e9m abordou outros pedidos da comunidade do Le\u00e3o XIII, entre eles uma an\u00e1lise para melhorias na estrutura desta escola e sua futura amplia\u00e7\u00e3o. Ainda foi solicitada pavimenta\u00e7\u00e3o de ruas, a constru\u00e7\u00e3o de uma quadra de futebol de areia e a instala\u00e7\u00e3o de mais placas sinalizadoras em vias preferenciais e de maior movimento. Tamb\u00e9m participaram da reuni\u00e3o o coordenador de Rela\u00e7\u00f5es Institucionais, Leandro Rosso, e o presidente da Uampaf, Marcos Tumelero.  <\/p>\n","protected":false},"excerpt":{"rendered":"<p>Educa\u00e7\u00e3o de pais e crian\u00e7as pode ser a melhor op\u00e7\u00e3o para trazer mais seguran\u00e7a aos alunos no trajeto at\u00e9 a escola<\/p>\n","protected":false},"author":1,"featured_media":176,"comment_status":"open","ping_status":"open","sticky":false,"template":"","format":"standard","meta":{"footnotes":""},"categories":[],"tags":[],"class_list":["post-175","post","type-post","status-publish","format-standard","has-post-thumbnail","hentry"],"yoast_head":"<!-- This site is optimized with the Yoast SEO plugin v23.8 - https:\/\/yoast.com\/wordpress\/plugins\/seo\/ -->\n<title>Prefeitura far\u00e1 a\u00e7\u00e3o de educa\u00e7\u00e3o para o tr\u00e2nsito no bairro Le\u00e3o XIII - Secretaria de Seguran\u00e7a P\u00fablica e Transporte<\/title>\n<meta name=\"robots\" content=\"index, follow, max-snippet:-1, max-image-preview:large, max-video-preview:-1\" \/>\n<link rel=\"canonical\" href=\"https:\/\/www.pmpf.rs.gov.br\/secretaria-de-seguranca-publica\/2013\/02\/15\/prefeitura-fara-acao-de-educacao-para-o-transito-no-bairro-leao-xiii-6368\/\" \/>\n<meta property=\"og:locale\" content=\"pt_BR\" \/>\n<meta property=\"og:type\" content=\"article\" \/>\n<meta property=\"og:title\" content=\"Prefeitura far\u00e1 a\u00e7\u00e3o de educa\u00e7\u00e3o para o tr\u00e2nsito no bairro Le\u00e3o XIII - Secretaria de Seguran\u00e7a P\u00fablica e Transporte\" \/>\n<meta property=\"og:description\" content=\"Educa\u00e7\u00e3o de pais e crian\u00e7as pode ser a melhor op\u00e7\u00e3o para trazer mais seguran\u00e7a aos alunos no trajeto at\u00e9 a escola\" \/>\n<meta property=\"og:url\" content=\"https:\/\/www.pmpf.rs.gov.br\/secretaria-de-seguranca-publica\/2013\/02\/15\/prefeitura-fara-acao-de-educacao-para-o-transito-no-bairro-leao-xiii-6368\/\" \/>\n<meta property=\"og:site_name\" content=\"Secretaria de Seguran\u00e7a P\u00fablica e Transporte\" \/>\n<meta property=\"article:published_time\" content=\"2013-02-15T04:00:00+00:00\" \/>\n<meta property=\"og:image\" content=\"https:\/\/www.pmpf.rs.gov.br\/secretaria-de-seguranca-publica\/wp-content\/uploads\/sites\/54\/2021\/12\/I2013-12-11_033901_c9535.jpg\" \/>\n\t<meta property=\"og:image:width\" content=\"350\" \/>\n\t<meta property=\"og:image:height\" content=\"173\" \/>\n\t<meta property=\"og:image:type\" content=\"image\/jpeg\" \/>\n<meta name=\"author\" content=\"mosite\" \/>\n<meta name=\"twitter:card\" content=\"summary_large_image\" \/>\n<meta name=\"twitter:label1\" content=\"Escrito por\" \/>\n\t<meta name=\"twitter:data1\" content=\"mosite\" \/>\n\t<meta name=\"twitter:label2\" content=\"Est. tempo de leitura\" \/>\n\t<meta name=\"twitter:data2\" content=\"1 minuto\" \/>\n<script type=\"application\/ld+json\" class=\"yoast-schema-graph\">{\"@context\":\"https:\/\/schema.org\",\"@graph\":[{\"@type\":\"WebPage\",\"@id\":\"https:\/\/www.pmpf.rs.gov.br\/secretaria-de-seguranca-publica\/2013\/02\/15\/prefeitura-fara-acao-de-educacao-para-o-transito-no-bairro-leao-xiii-6368\/\",\"url\":\"https:\/\/www.pmpf.rs.gov.br\/secretaria-de-seguranca-publica\/2013\/02\/15\/prefeitura-fara-acao-de-educacao-para-o-transito-no-bairro-leao-xiii-6368\/\",\"name\":\"Prefeitura far\u00e1 a\u00e7\u00e3o de educa\u00e7\u00e3o para o tr\u00e2nsito no bairro Le\u00e3o XIII - Secretaria de Seguran\u00e7a P\u00fablica e Transporte\",\"isPartOf\":{\"@id\":\"https:\/\/www.pmpf.rs.gov.br\/secretaria-de-seguranca-publica\/#website\"},\"primaryImageOfPage\":{\"@id\":\"https:\/\/www.pmpf.rs.gov.br\/secretaria-de-seguranca-publica\/2013\/02\/15\/prefeitura-fara-acao-de-educacao-para-o-transito-no-bairro-leao-xiii-6368\/#primaryimage\"},\"image\":{\"@id\":\"https:\/\/www.pmpf.rs.gov.br\/secretaria-de-seguranca-publica\/2013\/02\/15\/prefeitura-fara-acao-de-educacao-para-o-transito-no-bairro-leao-xiii-6368\/#primaryimage\"},\"thumbnailUrl\":\"https:\/\/www.pmpf.rs.gov.br\/secretaria-de-seguranca-publica\/wp-content\/uploads\/sites\/54\/2021\/12\/I2013-12-11_033901_c9535.jpg\",\"datePublished\":\"2013-02-15T04:00:00+00:00\",\"dateModified\":\"2013-02-15T04:00:00+00:00\",\"author\":{\"@id\":\"https:\/\/www.pmpf.rs.gov.br\/secretaria-de-seguranca-publica\/#\/schema\/person\/0c355b0fa68a7aa986c8594f7a60a2d7\"},\"breadcrumb\":{\"@id\":\"https:\/\/www.pmpf.rs.gov.br\/secretaria-de-seguranca-publica\/2013\/02\/15\/prefeitura-fara-acao-de-educacao-para-o-transito-no-bairro-leao-xiii-6368\/#breadcrumb\"},\"inLanguage\":\"pt-BR\",\"potentialAction\":[{\"@type\":\"ReadAction\",\"target\":[\"https:\/\/www.pmpf.rs.gov.br\/secretaria-de-seguranca-publica\/2013\/02\/15\/prefeitura-fara-acao-de-educacao-para-o-transito-no-bairro-leao-xiii-6368\/\"]}]},{\"@type\":\"ImageObject\",\"inLanguage\":\"pt-BR\",\"@id\":\"https:\/\/www.pmpf.rs.gov.br\/secretaria-de-seguranca-publica\/2013\/02\/15\/prefeitura-fara-acao-de-educacao-para-o-transito-no-bairro-leao-xiii-6368\/#primaryimage\",\"url\":\"https:\/\/www.pmpf.rs.gov.br\/secretaria-de-seguranca-publica\/wp-content\/uploads\/sites\/54\/2021\/12\/I2013-12-11_033901_c9535.jpg\",\"contentUrl\":\"https:\/\/www.pmpf.rs.gov.br\/secretaria-de-seguranca-publica\/wp-content\/uploads\/sites\/54\/2021\/12\/I2013-12-11_033901_c9535.jpg\",\"width\":350,\"height\":173},{\"@type\":\"BreadcrumbList\",\"@id\":\"https:\/\/www.pmpf.rs.gov.br\/secretaria-de-seguranca-publica\/2013\/02\/15\/prefeitura-fara-acao-de-educacao-para-o-transito-no-bairro-leao-xiii-6368\/#breadcrumb\",\"itemListElement\":[{\"@type\":\"ListItem\",\"position\":1,\"name\":\"In\u00edcio\",\"item\":\"https:\/\/www.pmpf.rs.gov.br\/secretaria-de-seguranca-publica\/\"},{\"@type\":\"ListItem\",\"position\":2,\"name\":\"Prefeitura far\u00e1 a\u00e7\u00e3o de educa\u00e7\u00e3o para o tr\u00e2nsito no bairro Le\u00e3o XIII\"}]},{\"@type\":\"WebSite\",\"@id\":\"https:\/\/www.pmpf.rs.gov.br\/secretaria-de-seguranca-publica\/#website\",\"url\":\"https:\/\/www.pmpf.rs.gov.br\/secretaria-de-seguranca-publica\/\",\"name\":\"Secretaria de Seguran\u00e7a P\u00fablica e Transporte\",\"description\":\"S\u00f3 mais um site Prefeitura de Passo Fundo\",\"potentialAction\":[{\"@type\":\"SearchAction\",\"target\":{\"@type\":\"EntryPoint\",\"urlTemplate\":\"https:\/\/www.pmpf.rs.gov.br\/secretaria-de-seguranca-publica\/?s={search_term_string}\"},\"query-input\":{\"@type\":\"PropertyValueSpecification\",\"valueRequired\":true,\"valueName\":\"search_term_string\"}}],\"inLanguage\":\"pt-BR\"},{\"@type\":\"Person\",\"@id\":\"https:\/\/www.pmpf.rs.gov.br\/secretaria-de-seguranca-publica\/#\/schema\/person\/0c355b0fa68a7aa986c8594f7a60a2d7\",\"name\":\"mosite\",\"image\":{\"@type\":\"ImageObject\",\"inLanguage\":\"pt-BR\",\"@id\":\"https:\/\/www.pmpf.rs.gov.br\/secretaria-de-seguranca-publica\/#\/schema\/person\/image\/\",\"url\":\"https:\/\/secure.gravatar.com\/avatar\/63d72595d6cecfe12bd8a94829d5a26c?s=96&d=mm&r=g\",\"contentUrl\":\"https:\/\/secure.gravatar.com\/avatar\/63d72595d6cecfe12bd8a94829d5a26c?s=96&d=mm&r=g\",\"caption\":\"mosite\"},\"sameAs\":[\"http:\/\/example.com\"],\"url\":\"https:\/\/www.pmpf.rs.gov.br\/secretaria-de-seguranca-publica\/author\/mosite\/\"}]}<\/script>\n<!-- \/ Yoast SEO plugin. -->","yoast_head_json":{"title":"Prefeitura far\u00e1 a\u00e7\u00e3o de educa\u00e7\u00e3o para o tr\u00e2nsito no bairro Le\u00e3o XIII - Secretaria de Seguran\u00e7a P\u00fablica e Transporte","robots":{"index":"index","follow":"follow","max-snippet":"max-snippet:-1","max-image-preview":"max-image-preview:large","max-video-preview":"max-video-preview:-1"},"canonical":"https:\/\/www.pmpf.rs.gov.br\/secretaria-de-seguranca-publica\/2013\/02\/15\/prefeitura-fara-acao-de-educacao-para-o-transito-no-bairro-leao-xiii-6368\/","og_locale":"pt_BR","og_type":"article","og_title":"Prefeitura far\u00e1 a\u00e7\u00e3o de educa\u00e7\u00e3o para o tr\u00e2nsito no bairro Le\u00e3o XIII - Secretaria de Seguran\u00e7a P\u00fablica e Transporte","og_description":"Educa\u00e7\u00e3o de pais e crian\u00e7as pode ser a melhor op\u00e7\u00e3o para trazer mais seguran\u00e7a aos alunos no trajeto at\u00e9 a escola","og_url":"https:\/\/www.pmpf.rs.gov.br\/secretaria-de-seguranca-publica\/2013\/02\/15\/prefeitura-fara-acao-de-educacao-para-o-transito-no-bairro-leao-xiii-6368\/","og_site_name":"Secretaria de Seguran\u00e7a P\u00fablica e Transporte","article_published_time":"2013-02-15T04:00:00+00:00","og_image":[{"width":350,"height":173,"url":"https:\/\/www.pmpf.rs.gov.br\/secretaria-de-seguranca-publica\/wp-content\/uploads\/sites\/54\/2021\/12\/I2013-12-11_033901_c9535.jpg","type":"image\/jpeg"}],"author":"mosite","twitter_card":"summary_large_image","twitter_misc":{"Escrito por":"mosite","Est. tempo de leitura":"1 minuto"},"schema":{"@context":"https:\/\/schema.org","@graph":[{"@type":"WebPage","@id":"https:\/\/www.pmpf.rs.gov.br\/secretaria-de-seguranca-publica\/2013\/02\/15\/prefeitura-fara-acao-de-educacao-para-o-transito-no-bairro-leao-xiii-6368\/","url":"https:\/\/www.pmpf.rs.gov.br\/secretaria-de-seguranca-publica\/2013\/02\/15\/prefeitura-fara-acao-de-educacao-para-o-transito-no-bairro-leao-xiii-6368\/","name":"Prefeitura far\u00e1 a\u00e7\u00e3o de educa\u00e7\u00e3o para o tr\u00e2nsito no bairro Le\u00e3o XIII - Secretaria de Seguran\u00e7a P\u00fablica e Transporte","isPartOf":{"@id":"https:\/\/www.pmpf.rs.gov.br\/secretaria-de-seguranca-publica\/#website"},"primaryImageOfPage":{"@id":"https:\/\/www.pmpf.rs.gov.br\/secretaria-de-seguranca-publica\/2013\/02\/15\/prefeitura-fara-acao-de-educacao-para-o-transito-no-bairro-leao-xiii-6368\/#primaryimage"},"image":{"@id":"https:\/\/www.pmpf.rs.gov.br\/secretaria-de-seguranca-publica\/2013\/02\/15\/prefeitura-fara-acao-de-educacao-para-o-transito-no-bairro-leao-xiii-6368\/#primaryimage"},"thumbnailUrl":"https:\/\/www.pmpf.rs.gov.br\/secretaria-de-seguranca-publica\/wp-content\/uploads\/sites\/54\/2021\/12\/I2013-12-11_033901_c9535.jpg","datePublished":"2013-02-15T04:00:00+00:00","dateModified":"2013-02-15T04:00:00+00:00","author":{"@id":"https:\/\/www.pmpf.rs.gov.br\/secretaria-de-seguranca-publica\/#\/schema\/person\/0c355b0fa68a7aa986c8594f7a60a2d7"},"breadcrumb":{"@id":"https:\/\/www.pmpf.rs.gov.br\/secretaria-de-seguranca-publica\/2013\/02\/15\/prefeitura-fara-acao-de-educacao-para-o-transito-no-bairro-leao-xiii-6368\/#breadcrumb"},"inLanguage":"pt-BR","potentialAction":[{"@type":"ReadAction","target":["https:\/\/www.pmpf.rs.gov.br\/secretaria-de-seguranca-publica\/2013\/02\/15\/prefeitura-fara-acao-de-educacao-para-o-transito-no-bairro-leao-xiii-6368\/"]}]},{"@type":"ImageObject","inLanguage":"pt-BR","@id":"https:\/\/www.pmpf.rs.gov.br\/secretaria-de-seguranca-publica\/2013\/02\/15\/prefeitura-fara-acao-de-educacao-para-o-transito-no-bairro-leao-xiii-6368\/#primaryimage","url":"https:\/\/www.pmpf.rs.gov.br\/secretaria-de-seguranca-publica\/wp-content\/uploads\/sites\/54\/2021\/12\/I2013-12-11_033901_c9535.jpg","contentUrl":"https:\/\/www.pmpf.rs.gov.br\/secretaria-de-seguranca-publica\/wp-content\/uploads\/sites\/54\/2021\/12\/I2013-12-11_033901_c9535.jpg","width":350,"height":173},{"@type":"BreadcrumbList","@id":"https:\/\/www.pmpf.rs.gov.br\/secretaria-de-seguranca-publica\/2013\/02\/15\/prefeitura-fara-acao-de-educacao-para-o-transito-no-bairro-leao-xiii-6368\/#breadcrumb","itemListElement":[{"@type":"ListItem","position":1,"name":"In\u00edcio","item":"https:\/\/www.pmpf.rs.gov.br\/secretaria-de-seguranca-publica\/"},{"@type":"ListItem","position":2,"name":"Prefeitura far\u00e1 a\u00e7\u00e3o de educa\u00e7\u00e3o para o tr\u00e2nsito no bairro Le\u00e3o XIII"}]},{"@type":"WebSite","@id":"https:\/\/www.pmpf.rs.gov.br\/secretaria-de-seguranca-publica\/#website","url":"https:\/\/www.pmpf.rs.gov.br\/secretaria-de-seguranca-publica\/","name":"Secretaria de Seguran\u00e7a P\u00fablica e Transporte","description":"S\u00f3 mais um site Prefeitura de Passo Fundo","potentialAction":[{"@type":"SearchAction","target":{"@type":"EntryPoint","urlTemplate":"https:\/\/www.pmpf.rs.gov.br\/secretaria-de-seguranca-publica\/?s={search_term_string}"},"query-input":{"@type":"PropertyValueSpecification","valueRequired":true,"valueName":"search_term_string"}}],"inLanguage":"pt-BR"},{"@type":"Person","@id":"https:\/\/www.pmpf.rs.gov.br\/secretaria-de-seguranca-publica\/#\/schema\/person\/0c355b0fa68a7aa986c8594f7a60a2d7","name":"mosite","image":{"@type":"ImageObject","inLanguage":"pt-BR","@id":"https:\/\/www.pmpf.rs.gov.br\/secretaria-de-seguranca-publica\/#\/schema\/person\/image\/","url":"https:\/\/secure.gravatar.com\/avatar\/63d72595d6cecfe12bd8a94829d5a26c?s=96&d=mm&r=g","contentUrl":"https:\/\/secure.gravatar.com\/avatar\/63d72595d6cecfe12bd8a94829d5a26c?s=96&d=mm&r=g","caption":"mosite"},"sameAs":["http:\/\/example.com"],"url":"https:\/\/www.pmpf.rs.gov.br\/secretaria-de-seguranca-publica\/author\/mosite\/"}]}},"_links":{"self":[{"href":"https:\/\/www.pmpf.rs.gov.br\/secretaria-de-seguranca-publica\/wp-json\/wp\/v2\/posts\/175"}],"collection":[{"href":"https:\/\/www.pmpf.rs.gov.br\/secretaria-de-seguranca-publica\/wp-json\/wp\/v2\/posts"}],"about":[{"href":"https:\/\/www.pmpf.rs.gov.br\/secretaria-de-seguranca-publica\/wp-json\/wp\/v2\/types\/post"}],"author":[{"embeddable":true,"href":"https:\/\/www.pmpf.rs.gov.br\/secretaria-de-seguranca-publica\/wp-json\/wp\/v2\/users\/1"}],"replies":[{"embeddable":true,"href":"https:\/\/www.pmpf.rs.gov.br\/secretaria-de-seguranca-publica\/wp-json\/wp\/v2\/comments?post=175"}],"version-history":[{"count":0,"href":"https:\/\/www.pmpf.rs.gov.br\/secretaria-de-seguranca-publica\/wp-json\/wp\/v2\/posts\/175\/revisions"}],"wp:featuredmedia":[{"embeddable":true,"href":"https:\/\/www.pmpf.rs.gov.br\/secretaria-de-seguranca-publica\/wp-json\/wp\/v2\/media\/176"}],"wp:attachment":[{"href":"https:\/\/www.pmpf.rs.gov.br\/secretaria-de-seguranca-publica\/wp-json\/wp\/v2\/media?parent=175"}],"wp:term":[{"taxonomy":"category","embeddable":true,"href":"https:\/\/www.pmpf.rs.gov.br\/secretaria-de-seguranca-publica\/wp-json\/wp\/v2\/categories?post=175"},{"taxonomy":"post_tag","embeddable":true,"href":"https:\/\/www.pmpf.rs.gov.br\/secretaria-de-seguranca-publica\/wp-json\/wp\/v2\/tags?post=175"}],"curies":[{"name":"wp","href":"https:\/\/api.w.org\/{rel}","templated":true}]}}