{"id":169,"date":"2013-02-04T02:00:00","date_gmt":"2013-02-04T04:00:00","guid":{"rendered":"https:\/\/www.pmpf.rs.gov.br\/secretaria-de-seguranca-publica\/2013\/02\/04\/prefeitura-trabalha-com-acao-integrada-para-solucionar-problemas-no-transito-6469\/"},"modified":"2013-02-04T02:00:00","modified_gmt":"2013-02-04T04:00:00","slug":"prefeitura-trabalha-com-acao-integrada-para-solucionar-problemas-no-transito-6469","status":"publish","type":"post","link":"https:\/\/www.pmpf.rs.gov.br\/secretaria-de-seguranca-publica\/2013\/02\/04\/prefeitura-trabalha-com-acao-integrada-para-solucionar-problemas-no-transito-6469\/","title":{"rendered":"Prefeitura trabalha com a\u00e7\u00e3o integrada para solucionar problemas no tr\u00e2nsito"},"content":{"rendered":"<p align=\"justify\">Em uma a\u00e7\u00e3o integrada, os secret\u00e1rios municipais de Obras, Jo\u00e3o Ant\u00f4nio Bordin, de Seguran\u00e7a P\u00fablica, Gilmar Teixeira Lopes, e de Transportes e Servi\u00e7os Gerais, Cristiam Thans, visitaram nesta semana alguns cruzamentos considerados perigosos por motoristas que solicitam solu\u00e7\u00f5es urgentes para o tr\u00e2nsito de Passo Fundo.<\/p>\n<p align=\"justify\">Um dos entroncamentos fica ao lado da BSBIOS, no Distrito Industrial, entre as Ruas Arno Pini e Neri Gosch, e d\u00e1 acesso \u00e0 BR 285 e ao caminho para UPF e Embrapa Trigo. No local, o fluxo de ve\u00edculos \u00e9 intenso, principalmente de caminh\u00f5es que transportam soja e canola at\u00e9 a BSBIOS. S\u00e3o cerca de 150 ve\u00edculos, de funcion\u00e1rios da empresa e visitantes e, ainda, 250 caminh\u00f5es que circulam diariamente nestas vias. \u201cEste local precisa de um investimento de engenharia e sinaliza\u00e7\u00e3o para garantir a seguran\u00e7a do tr\u00e1fego \u201d explica Lopes.<\/p>\n<p align=\"justify\">De acordo com o secret\u00e1rio de Obras, Jo\u00e3o Ant\u00f4nio Bordin, as interven\u00e7\u00f5es neste cruzamento ser\u00e3o tratadas como prioridade. \u201cJ\u00e1<br \/>aconteceram in\u00fameros acidentes, inclusive envolvendo caminh\u00f5es. No tempo em que ficamos neste local, durante a visita, constatamos o perigo\u201d, destaca Bordin.<\/p>\n<p align=\"justify\">Outro cruzamento visitado foi o da Avenida Presidente Vargas com a Rua Itapetininga, no Bairro S\u00e3o Cristov\u00e3o. Segundo o secret\u00e1rio de Transportes e Servi\u00e7os Gerais, Cristiam Thans, a secretaria recebeu um grande n\u00famero de pedidos para provid\u00eancias neste local. \u201cOs moradores do Bairro Planaltina t\u00eam dificuldades para atravessar a Avenida Presidente Vargas e fazer a convers\u00e3o \u00e0 esquerda. Isso acaba gerando um ac\u00famulo de ve\u00edculos e riscos de colis\u00e3o na travessia\u201d, ressalta Thans.<\/p>\n<p align=\"justify\">Durante a visita, os secret\u00e1rios ouviram moradores e comerciantes das proximidades. Conforme a empres\u00e1ria Edi Sidoli, que h\u00e1 doze anos tem um com\u00e9rcio em frente ao cruzamento, o local precisa de interven\u00e7\u00f5es com urg\u00eancia.\u201cToda semana presenciamos acidentes, principalmente com motos\u201d, conta Edi.<\/p>\n<p align=\"justify\">O secret\u00e1rio de Seguran\u00e7a P\u00fablica, Gilmar Teixeira Lopes, salientou que com esta a\u00e7\u00e3o integrada ser\u00e1 poss\u00edvel solucionar o problema em curto prazo. \u201cA Secretaria de Seguran\u00e7a P\u00fablica ir\u00e1 realizar um estudo mais minucioso e, em seguida, as Secretarias de Obras e Servi\u00e7os Gerais executar\u00e3o as interven\u00e7\u00f5es\u201d, afirma Lopes.<\/p>\n","protected":false},"excerpt":{"rendered":"<p>Prefeitura trabalha com a\u00e7\u00e3o integrada para solucionar problemas no tr\u00e2nsito<\/p>\n","protected":false},"author":1,"featured_media":170,"comment_status":"open","ping_status":"open","sticky":false,"template":"","format":"standard","meta":{"footnotes":""},"categories":[],"tags":[],"class_list":["post-169","post","type-post","status-publish","format-standard","has-post-thumbnail","hentry"],"yoast_head":"<!-- This site is optimized with the Yoast SEO plugin v23.8 - https:\/\/yoast.com\/wordpress\/plugins\/seo\/ -->\n<title>Prefeitura trabalha com a\u00e7\u00e3o integrada para solucionar problemas no tr\u00e2nsito - Secretaria de Seguran\u00e7a P\u00fablica e Transporte<\/title>\n<meta name=\"robots\" content=\"index, follow, max-snippet:-1, max-image-preview:large, max-video-preview:-1\" \/>\n<link rel=\"canonical\" href=\"https:\/\/www.pmpf.rs.gov.br\/secretaria-de-seguranca-publica\/2013\/02\/04\/prefeitura-trabalha-com-acao-integrada-para-solucionar-problemas-no-transito-6469\/\" \/>\n<meta property=\"og:locale\" content=\"pt_BR\" \/>\n<meta property=\"og:type\" content=\"article\" \/>\n<meta property=\"og:title\" content=\"Prefeitura trabalha com a\u00e7\u00e3o integrada para solucionar problemas no tr\u00e2nsito - Secretaria de Seguran\u00e7a P\u00fablica e Transporte\" \/>\n<meta property=\"og:description\" content=\"Prefeitura trabalha com a\u00e7\u00e3o integrada para solucionar problemas no tr\u00e2nsito\" \/>\n<meta property=\"og:url\" content=\"https:\/\/www.pmpf.rs.gov.br\/secretaria-de-seguranca-publica\/2013\/02\/04\/prefeitura-trabalha-com-acao-integrada-para-solucionar-problemas-no-transito-6469\/\" \/>\n<meta property=\"og:site_name\" content=\"Secretaria de Seguran\u00e7a P\u00fablica e Transporte\" \/>\n<meta property=\"article:published_time\" content=\"2013-02-04T04:00:00+00:00\" \/>\n<meta property=\"og:image\" content=\"https:\/\/www.pmpf.rs.gov.br\/secretaria-de-seguranca-publica\/wp-content\/uploads\/sites\/54\/2021\/12\/I2013-12-11_033905_c9496.jpg\" \/>\n\t<meta property=\"og:image:width\" content=\"350\" \/>\n\t<meta property=\"og:image:height\" content=\"300\" \/>\n\t<meta property=\"og:image:type\" content=\"image\/jpeg\" \/>\n<meta name=\"author\" content=\"mosite\" \/>\n<meta name=\"twitter:card\" content=\"summary_large_image\" \/>\n<meta name=\"twitter:label1\" content=\"Escrito por\" \/>\n\t<meta name=\"twitter:data1\" content=\"mosite\" \/>\n\t<meta name=\"twitter:label2\" content=\"Est. tempo de leitura\" \/>\n\t<meta name=\"twitter:data2\" content=\"2 minutos\" \/>\n<script type=\"application\/ld+json\" class=\"yoast-schema-graph\">{\"@context\":\"https:\/\/schema.org\",\"@graph\":[{\"@type\":\"WebPage\",\"@id\":\"https:\/\/www.pmpf.rs.gov.br\/secretaria-de-seguranca-publica\/2013\/02\/04\/prefeitura-trabalha-com-acao-integrada-para-solucionar-problemas-no-transito-6469\/\",\"url\":\"https:\/\/www.pmpf.rs.gov.br\/secretaria-de-seguranca-publica\/2013\/02\/04\/prefeitura-trabalha-com-acao-integrada-para-solucionar-problemas-no-transito-6469\/\",\"name\":\"Prefeitura trabalha com a\u00e7\u00e3o integrada para solucionar problemas no tr\u00e2nsito - Secretaria de Seguran\u00e7a P\u00fablica e Transporte\",\"isPartOf\":{\"@id\":\"https:\/\/www.pmpf.rs.gov.br\/secretaria-de-seguranca-publica\/#website\"},\"primaryImageOfPage\":{\"@id\":\"https:\/\/www.pmpf.rs.gov.br\/secretaria-de-seguranca-publica\/2013\/02\/04\/prefeitura-trabalha-com-acao-integrada-para-solucionar-problemas-no-transito-6469\/#primaryimage\"},\"image\":{\"@id\":\"https:\/\/www.pmpf.rs.gov.br\/secretaria-de-seguranca-publica\/2013\/02\/04\/prefeitura-trabalha-com-acao-integrada-para-solucionar-problemas-no-transito-6469\/#primaryimage\"},\"thumbnailUrl\":\"https:\/\/www.pmpf.rs.gov.br\/secretaria-de-seguranca-publica\/wp-content\/uploads\/sites\/54\/2021\/12\/I2013-12-11_033905_c9496.jpg\",\"datePublished\":\"2013-02-04T04:00:00+00:00\",\"dateModified\":\"2013-02-04T04:00:00+00:00\",\"author\":{\"@id\":\"https:\/\/www.pmpf.rs.gov.br\/secretaria-de-seguranca-publica\/#\/schema\/person\/0c355b0fa68a7aa986c8594f7a60a2d7\"},\"breadcrumb\":{\"@id\":\"https:\/\/www.pmpf.rs.gov.br\/secretaria-de-seguranca-publica\/2013\/02\/04\/prefeitura-trabalha-com-acao-integrada-para-solucionar-problemas-no-transito-6469\/#breadcrumb\"},\"inLanguage\":\"pt-BR\",\"potentialAction\":[{\"@type\":\"ReadAction\",\"target\":[\"https:\/\/www.pmpf.rs.gov.br\/secretaria-de-seguranca-publica\/2013\/02\/04\/prefeitura-trabalha-com-acao-integrada-para-solucionar-problemas-no-transito-6469\/\"]}]},{\"@type\":\"ImageObject\",\"inLanguage\":\"pt-BR\",\"@id\":\"https:\/\/www.pmpf.rs.gov.br\/secretaria-de-seguranca-publica\/2013\/02\/04\/prefeitura-trabalha-com-acao-integrada-para-solucionar-problemas-no-transito-6469\/#primaryimage\",\"url\":\"https:\/\/www.pmpf.rs.gov.br\/secretaria-de-seguranca-publica\/wp-content\/uploads\/sites\/54\/2021\/12\/I2013-12-11_033905_c9496.jpg\",\"contentUrl\":\"https:\/\/www.pmpf.rs.gov.br\/secretaria-de-seguranca-publica\/wp-content\/uploads\/sites\/54\/2021\/12\/I2013-12-11_033905_c9496.jpg\",\"width\":350,\"height\":300},{\"@type\":\"BreadcrumbList\",\"@id\":\"https:\/\/www.pmpf.rs.gov.br\/secretaria-de-seguranca-publica\/2013\/02\/04\/prefeitura-trabalha-com-acao-integrada-para-solucionar-problemas-no-transito-6469\/#breadcrumb\",\"itemListElement\":[{\"@type\":\"ListItem\",\"position\":1,\"name\":\"In\u00edcio\",\"item\":\"https:\/\/www.pmpf.rs.gov.br\/secretaria-de-seguranca-publica\/\"},{\"@type\":\"ListItem\",\"position\":2,\"name\":\"Prefeitura trabalha com a\u00e7\u00e3o integrada para solucionar problemas no tr\u00e2nsito\"}]},{\"@type\":\"WebSite\",\"@id\":\"https:\/\/www.pmpf.rs.gov.br\/secretaria-de-seguranca-publica\/#website\",\"url\":\"https:\/\/www.pmpf.rs.gov.br\/secretaria-de-seguranca-publica\/\",\"name\":\"Secretaria de Seguran\u00e7a P\u00fablica e Transporte\",\"description\":\"S\u00f3 mais um site Prefeitura de Passo Fundo\",\"potentialAction\":[{\"@type\":\"SearchAction\",\"target\":{\"@type\":\"EntryPoint\",\"urlTemplate\":\"https:\/\/www.pmpf.rs.gov.br\/secretaria-de-seguranca-publica\/?s={search_term_string}\"},\"query-input\":{\"@type\":\"PropertyValueSpecification\",\"valueRequired\":true,\"valueName\":\"search_term_string\"}}],\"inLanguage\":\"pt-BR\"},{\"@type\":\"Person\",\"@id\":\"https:\/\/www.pmpf.rs.gov.br\/secretaria-de-seguranca-publica\/#\/schema\/person\/0c355b0fa68a7aa986c8594f7a60a2d7\",\"name\":\"mosite\",\"image\":{\"@type\":\"ImageObject\",\"inLanguage\":\"pt-BR\",\"@id\":\"https:\/\/www.pmpf.rs.gov.br\/secretaria-de-seguranca-publica\/#\/schema\/person\/image\/\",\"url\":\"https:\/\/secure.gravatar.com\/avatar\/63d72595d6cecfe12bd8a94829d5a26c?s=96&d=mm&r=g\",\"contentUrl\":\"https:\/\/secure.gravatar.com\/avatar\/63d72595d6cecfe12bd8a94829d5a26c?s=96&d=mm&r=g\",\"caption\":\"mosite\"},\"sameAs\":[\"http:\/\/example.com\"],\"url\":\"https:\/\/www.pmpf.rs.gov.br\/secretaria-de-seguranca-publica\/author\/mosite\/\"}]}<\/script>\n<!-- \/ Yoast SEO plugin. -->","yoast_head_json":{"title":"Prefeitura trabalha com a\u00e7\u00e3o integrada para solucionar problemas no tr\u00e2nsito - Secretaria de Seguran\u00e7a P\u00fablica e Transporte","robots":{"index":"index","follow":"follow","max-snippet":"max-snippet:-1","max-image-preview":"max-image-preview:large","max-video-preview":"max-video-preview:-1"},"canonical":"https:\/\/www.pmpf.rs.gov.br\/secretaria-de-seguranca-publica\/2013\/02\/04\/prefeitura-trabalha-com-acao-integrada-para-solucionar-problemas-no-transito-6469\/","og_locale":"pt_BR","og_type":"article","og_title":"Prefeitura trabalha com a\u00e7\u00e3o integrada para solucionar problemas no tr\u00e2nsito - Secretaria de Seguran\u00e7a P\u00fablica e Transporte","og_description":"Prefeitura trabalha com a\u00e7\u00e3o integrada para solucionar problemas no tr\u00e2nsito","og_url":"https:\/\/www.pmpf.rs.gov.br\/secretaria-de-seguranca-publica\/2013\/02\/04\/prefeitura-trabalha-com-acao-integrada-para-solucionar-problemas-no-transito-6469\/","og_site_name":"Secretaria de Seguran\u00e7a P\u00fablica e Transporte","article_published_time":"2013-02-04T04:00:00+00:00","og_image":[{"width":350,"height":300,"url":"https:\/\/www.pmpf.rs.gov.br\/secretaria-de-seguranca-publica\/wp-content\/uploads\/sites\/54\/2021\/12\/I2013-12-11_033905_c9496.jpg","type":"image\/jpeg"}],"author":"mosite","twitter_card":"summary_large_image","twitter_misc":{"Escrito por":"mosite","Est. tempo de leitura":"2 minutos"},"schema":{"@context":"https:\/\/schema.org","@graph":[{"@type":"WebPage","@id":"https:\/\/www.pmpf.rs.gov.br\/secretaria-de-seguranca-publica\/2013\/02\/04\/prefeitura-trabalha-com-acao-integrada-para-solucionar-problemas-no-transito-6469\/","url":"https:\/\/www.pmpf.rs.gov.br\/secretaria-de-seguranca-publica\/2013\/02\/04\/prefeitura-trabalha-com-acao-integrada-para-solucionar-problemas-no-transito-6469\/","name":"Prefeitura trabalha com a\u00e7\u00e3o integrada para solucionar problemas no tr\u00e2nsito - Secretaria de Seguran\u00e7a P\u00fablica e Transporte","isPartOf":{"@id":"https:\/\/www.pmpf.rs.gov.br\/secretaria-de-seguranca-publica\/#website"},"primaryImageOfPage":{"@id":"https:\/\/www.pmpf.rs.gov.br\/secretaria-de-seguranca-publica\/2013\/02\/04\/prefeitura-trabalha-com-acao-integrada-para-solucionar-problemas-no-transito-6469\/#primaryimage"},"image":{"@id":"https:\/\/www.pmpf.rs.gov.br\/secretaria-de-seguranca-publica\/2013\/02\/04\/prefeitura-trabalha-com-acao-integrada-para-solucionar-problemas-no-transito-6469\/#primaryimage"},"thumbnailUrl":"https:\/\/www.pmpf.rs.gov.br\/secretaria-de-seguranca-publica\/wp-content\/uploads\/sites\/54\/2021\/12\/I2013-12-11_033905_c9496.jpg","datePublished":"2013-02-04T04:00:00+00:00","dateModified":"2013-02-04T04:00:00+00:00","author":{"@id":"https:\/\/www.pmpf.rs.gov.br\/secretaria-de-seguranca-publica\/#\/schema\/person\/0c355b0fa68a7aa986c8594f7a60a2d7"},"breadcrumb":{"@id":"https:\/\/www.pmpf.rs.gov.br\/secretaria-de-seguranca-publica\/2013\/02\/04\/prefeitura-trabalha-com-acao-integrada-para-solucionar-problemas-no-transito-6469\/#breadcrumb"},"inLanguage":"pt-BR","potentialAction":[{"@type":"ReadAction","target":["https:\/\/www.pmpf.rs.gov.br\/secretaria-de-seguranca-publica\/2013\/02\/04\/prefeitura-trabalha-com-acao-integrada-para-solucionar-problemas-no-transito-6469\/"]}]},{"@type":"ImageObject","inLanguage":"pt-BR","@id":"https:\/\/www.pmpf.rs.gov.br\/secretaria-de-seguranca-publica\/2013\/02\/04\/prefeitura-trabalha-com-acao-integrada-para-solucionar-problemas-no-transito-6469\/#primaryimage","url":"https:\/\/www.pmpf.rs.gov.br\/secretaria-de-seguranca-publica\/wp-content\/uploads\/sites\/54\/2021\/12\/I2013-12-11_033905_c9496.jpg","contentUrl":"https:\/\/www.pmpf.rs.gov.br\/secretaria-de-seguranca-publica\/wp-content\/uploads\/sites\/54\/2021\/12\/I2013-12-11_033905_c9496.jpg","width":350,"height":300},{"@type":"BreadcrumbList","@id":"https:\/\/www.pmpf.rs.gov.br\/secretaria-de-seguranca-publica\/2013\/02\/04\/prefeitura-trabalha-com-acao-integrada-para-solucionar-problemas-no-transito-6469\/#breadcrumb","itemListElement":[{"@type":"ListItem","position":1,"name":"In\u00edcio","item":"https:\/\/www.pmpf.rs.gov.br\/secretaria-de-seguranca-publica\/"},{"@type":"ListItem","position":2,"name":"Prefeitura trabalha com a\u00e7\u00e3o integrada para solucionar problemas no tr\u00e2nsito"}]},{"@type":"WebSite","@id":"https:\/\/www.pmpf.rs.gov.br\/secretaria-de-seguranca-publica\/#website","url":"https:\/\/www.pmpf.rs.gov.br\/secretaria-de-seguranca-publica\/","name":"Secretaria de Seguran\u00e7a P\u00fablica e Transporte","description":"S\u00f3 mais um site Prefeitura de Passo Fundo","potentialAction":[{"@type":"SearchAction","target":{"@type":"EntryPoint","urlTemplate":"https:\/\/www.pmpf.rs.gov.br\/secretaria-de-seguranca-publica\/?s={search_term_string}"},"query-input":{"@type":"PropertyValueSpecification","valueRequired":true,"valueName":"search_term_string"}}],"inLanguage":"pt-BR"},{"@type":"Person","@id":"https:\/\/www.pmpf.rs.gov.br\/secretaria-de-seguranca-publica\/#\/schema\/person\/0c355b0fa68a7aa986c8594f7a60a2d7","name":"mosite","image":{"@type":"ImageObject","inLanguage":"pt-BR","@id":"https:\/\/www.pmpf.rs.gov.br\/secretaria-de-seguranca-publica\/#\/schema\/person\/image\/","url":"https:\/\/secure.gravatar.com\/avatar\/63d72595d6cecfe12bd8a94829d5a26c?s=96&d=mm&r=g","contentUrl":"https:\/\/secure.gravatar.com\/avatar\/63d72595d6cecfe12bd8a94829d5a26c?s=96&d=mm&r=g","caption":"mosite"},"sameAs":["http:\/\/example.com"],"url":"https:\/\/www.pmpf.rs.gov.br\/secretaria-de-seguranca-publica\/author\/mosite\/"}]}},"_links":{"self":[{"href":"https:\/\/www.pmpf.rs.gov.br\/secretaria-de-seguranca-publica\/wp-json\/wp\/v2\/posts\/169"}],"collection":[{"href":"https:\/\/www.pmpf.rs.gov.br\/secretaria-de-seguranca-publica\/wp-json\/wp\/v2\/posts"}],"about":[{"href":"https:\/\/www.pmpf.rs.gov.br\/secretaria-de-seguranca-publica\/wp-json\/wp\/v2\/types\/post"}],"author":[{"embeddable":true,"href":"https:\/\/www.pmpf.rs.gov.br\/secretaria-de-seguranca-publica\/wp-json\/wp\/v2\/users\/1"}],"replies":[{"embeddable":true,"href":"https:\/\/www.pmpf.rs.gov.br\/secretaria-de-seguranca-publica\/wp-json\/wp\/v2\/comments?post=169"}],"version-history":[{"count":0,"href":"https:\/\/www.pmpf.rs.gov.br\/secretaria-de-seguranca-publica\/wp-json\/wp\/v2\/posts\/169\/revisions"}],"wp:featuredmedia":[{"embeddable":true,"href":"https:\/\/www.pmpf.rs.gov.br\/secretaria-de-seguranca-publica\/wp-json\/wp\/v2\/media\/170"}],"wp:attachment":[{"href":"https:\/\/www.pmpf.rs.gov.br\/secretaria-de-seguranca-publica\/wp-json\/wp\/v2\/media?parent=169"}],"wp:term":[{"taxonomy":"category","embeddable":true,"href":"https:\/\/www.pmpf.rs.gov.br\/secretaria-de-seguranca-publica\/wp-json\/wp\/v2\/categories?post=169"},{"taxonomy":"post_tag","embeddable":true,"href":"https:\/\/www.pmpf.rs.gov.br\/secretaria-de-seguranca-publica\/wp-json\/wp\/v2\/tags?post=169"}],"curies":[{"name":"wp","href":"https:\/\/api.w.org\/{rel}","templated":true}]}}