{"id":154,"date":"2013-05-08T03:00:00","date_gmt":"2013-05-08T06:00:00","guid":{"rendered":"https:\/\/www.pmpf.rs.gov.br\/secretaria-de-seguranca-publica\/2013\/05\/08\/rua-uruguai-passara-a-ter-mao-unica-em-mais-quatro-quadras-6753\/"},"modified":"2013-05-08T03:00:00","modified_gmt":"2013-05-08T06:00:00","slug":"rua-uruguai-passara-a-ter-mao-unica-em-mais-quatro-quadras-6753","status":"publish","type":"post","link":"https:\/\/www.pmpf.rs.gov.br\/secretaria-de-seguranca-publica\/2013\/05\/08\/rua-uruguai-passara-a-ter-mao-unica-em-mais-quatro-quadras-6753\/","title":{"rendered":"Rua Uruguai passar\u00e1 a ter m\u00e3o \u00fanica em mais quatro quadras"},"content":{"rendered":"<p align=\"justify\" style=\"margin-bottom: 0cm;\" class=\"western\">Um trecho de quatro quadras da Rua Uruguai, localizado entre as Ruas Mascarenhas e Sete de Agosto, passar\u00e1 a ter m\u00e3o \u00fanica, no sentido centro-bairro, nos pr\u00f3ximos dias. A mudan\u00e7a ser\u00e1 permanente, j\u00e1 que a Rua Uruguai faz parte do m\u00f3dulo 1 do Projeto do Anel Vi\u00e1rio Central que est\u00e1 sendo executado atrav\u00e9s de um contrato entre a Prefeitura de Passo Fundo e o Banco Interamericano de Desenvolvimento \u2013 BID. A Rua far\u00e1 liga\u00e7\u00e3o com o m\u00f3dulo 5 do mesmo projeto, que dever\u00e1 ser licitado no segundo semestre deste ano. A inten\u00e7\u00e3o \u00e9 formar um sistema de m\u00e3o \u00fanica com a Rua Eduardo de Brito (que fez parte do mesmo projeto e hoje opera em sentido \u00fanico bairro-centro), a fim de melhorar o fluxo de ve\u00edculos e aumentar a seguran\u00e7a na \u00e1rea central.<\/p>\n<div align=\"justify\">\n<blockquote style=\"margin-left: 0cm; margin-right: 0cm; margin-bottom: 0cm; border: medium none; padding: 0cm;\" class=\"western\"><p> Conforme esclarece o secret\u00e1rio de Seguran\u00e7a P\u00fablica, Gilmar Teixeira Lopes, no momento, a \u00e1rea da Rua Uruguai est\u00e1 recebendo a pintura e est\u00e3o sendo colocadas as placas de sinaliza\u00e7\u00e3o. \u201cA pintura que est\u00e1 sendo realizada na pista \u00e9 em decorr\u00eancia dos princ\u00edpios de engenharia, que determinam que ela seja tracejada na cor branca, utilizada para o sentido \u00fanico. Nas vias de m\u00e3o dupla, a cor utilizada na sinaliza\u00e7\u00e3o no asfalto \u00e9 a amarela\u201d, ressalta.<\/p>\n<p>O secret\u00e1rio ainda destaca que a altera\u00e7\u00e3o faz parte do processo de mudan\u00e7a do fluxo vi\u00e1rio da cidade. Recentemente a \u00e1rea foi asfaltada \u2013 sendo que no trecho entre as ruas Sete de Agosto e Mascarenhas foi feita reconstitui\u00e7\u00e3o de toda a estrutura do pavimento \u2013, e est\u00e1 em fase de finaliza\u00e7\u00e3o. A previs\u00e3o \u00e9 de que as melhorias encerrem at\u00e9 a pr\u00f3xima semana. Em seguida, passar\u00e1 a valer a mudan\u00e7a do sentido da via.<\/p><\/blockquote>\n<\/div>\n","protected":false},"excerpt":{"rendered":"<p>A Rua far\u00e1 liga\u00e7\u00e3o com o m\u00f3dulo 5 do mesmo projeto, que dever\u00e1 ser licitado no segundo semestre deste ano<\/p>\n","protected":false},"author":1,"featured_media":155,"comment_status":"open","ping_status":"open","sticky":false,"template":"","format":"standard","meta":{"footnotes":""},"categories":[],"tags":[],"class_list":["post-154","post","type-post","status-publish","format-standard","has-post-thumbnail","hentry"],"yoast_head":"<!-- This site is optimized with the Yoast SEO plugin v23.8 - https:\/\/yoast.com\/wordpress\/plugins\/seo\/ -->\n<title>Rua Uruguai passar\u00e1 a ter m\u00e3o \u00fanica em mais quatro quadras - Secretaria de Seguran\u00e7a P\u00fablica e Transporte<\/title>\n<meta name=\"robots\" content=\"index, follow, max-snippet:-1, max-image-preview:large, max-video-preview:-1\" \/>\n<link rel=\"canonical\" href=\"https:\/\/www.pmpf.rs.gov.br\/secretaria-de-seguranca-publica\/2013\/05\/08\/rua-uruguai-passara-a-ter-mao-unica-em-mais-quatro-quadras-6753\/\" \/>\n<meta property=\"og:locale\" content=\"pt_BR\" \/>\n<meta property=\"og:type\" content=\"article\" \/>\n<meta property=\"og:title\" content=\"Rua Uruguai passar\u00e1 a ter m\u00e3o \u00fanica em mais quatro quadras - Secretaria de Seguran\u00e7a P\u00fablica e Transporte\" \/>\n<meta property=\"og:description\" content=\"A Rua far\u00e1 liga\u00e7\u00e3o com o m\u00f3dulo 5 do mesmo projeto, que dever\u00e1 ser licitado no segundo semestre deste ano\" \/>\n<meta property=\"og:url\" content=\"https:\/\/www.pmpf.rs.gov.br\/secretaria-de-seguranca-publica\/2013\/05\/08\/rua-uruguai-passara-a-ter-mao-unica-em-mais-quatro-quadras-6753\/\" \/>\n<meta property=\"og:site_name\" content=\"Secretaria de Seguran\u00e7a P\u00fablica e Transporte\" \/>\n<meta property=\"article:published_time\" content=\"2013-05-08T06:00:00+00:00\" \/>\n<meta property=\"og:image\" content=\"https:\/\/www.pmpf.rs.gov.br\/secretaria-de-seguranca-publica\/wp-content\/uploads\/sites\/54\/2021\/12\/I2013-12-11_033913_c9814.jpg\" \/>\n\t<meta property=\"og:image:width\" content=\"350\" \/>\n\t<meta property=\"og:image:height\" content=\"233\" \/>\n\t<meta property=\"og:image:type\" content=\"image\/jpeg\" \/>\n<meta name=\"author\" content=\"mosite\" \/>\n<meta name=\"twitter:card\" content=\"summary_large_image\" \/>\n<meta name=\"twitter:label1\" content=\"Escrito por\" \/>\n\t<meta name=\"twitter:data1\" content=\"mosite\" \/>\n\t<meta name=\"twitter:label2\" content=\"Est. tempo de leitura\" \/>\n\t<meta name=\"twitter:data2\" content=\"2 minutos\" \/>\n<script type=\"application\/ld+json\" class=\"yoast-schema-graph\">{\"@context\":\"https:\/\/schema.org\",\"@graph\":[{\"@type\":\"WebPage\",\"@id\":\"https:\/\/www.pmpf.rs.gov.br\/secretaria-de-seguranca-publica\/2013\/05\/08\/rua-uruguai-passara-a-ter-mao-unica-em-mais-quatro-quadras-6753\/\",\"url\":\"https:\/\/www.pmpf.rs.gov.br\/secretaria-de-seguranca-publica\/2013\/05\/08\/rua-uruguai-passara-a-ter-mao-unica-em-mais-quatro-quadras-6753\/\",\"name\":\"Rua Uruguai passar\u00e1 a ter m\u00e3o \u00fanica em mais quatro quadras - Secretaria de Seguran\u00e7a P\u00fablica e Transporte\",\"isPartOf\":{\"@id\":\"https:\/\/www.pmpf.rs.gov.br\/secretaria-de-seguranca-publica\/#website\"},\"primaryImageOfPage\":{\"@id\":\"https:\/\/www.pmpf.rs.gov.br\/secretaria-de-seguranca-publica\/2013\/05\/08\/rua-uruguai-passara-a-ter-mao-unica-em-mais-quatro-quadras-6753\/#primaryimage\"},\"image\":{\"@id\":\"https:\/\/www.pmpf.rs.gov.br\/secretaria-de-seguranca-publica\/2013\/05\/08\/rua-uruguai-passara-a-ter-mao-unica-em-mais-quatro-quadras-6753\/#primaryimage\"},\"thumbnailUrl\":\"https:\/\/www.pmpf.rs.gov.br\/secretaria-de-seguranca-publica\/wp-content\/uploads\/sites\/54\/2021\/12\/I2013-12-11_033913_c9814.jpg\",\"datePublished\":\"2013-05-08T06:00:00+00:00\",\"dateModified\":\"2013-05-08T06:00:00+00:00\",\"author\":{\"@id\":\"https:\/\/www.pmpf.rs.gov.br\/secretaria-de-seguranca-publica\/#\/schema\/person\/0c355b0fa68a7aa986c8594f7a60a2d7\"},\"breadcrumb\":{\"@id\":\"https:\/\/www.pmpf.rs.gov.br\/secretaria-de-seguranca-publica\/2013\/05\/08\/rua-uruguai-passara-a-ter-mao-unica-em-mais-quatro-quadras-6753\/#breadcrumb\"},\"inLanguage\":\"pt-BR\",\"potentialAction\":[{\"@type\":\"ReadAction\",\"target\":[\"https:\/\/www.pmpf.rs.gov.br\/secretaria-de-seguranca-publica\/2013\/05\/08\/rua-uruguai-passara-a-ter-mao-unica-em-mais-quatro-quadras-6753\/\"]}]},{\"@type\":\"ImageObject\",\"inLanguage\":\"pt-BR\",\"@id\":\"https:\/\/www.pmpf.rs.gov.br\/secretaria-de-seguranca-publica\/2013\/05\/08\/rua-uruguai-passara-a-ter-mao-unica-em-mais-quatro-quadras-6753\/#primaryimage\",\"url\":\"https:\/\/www.pmpf.rs.gov.br\/secretaria-de-seguranca-publica\/wp-content\/uploads\/sites\/54\/2021\/12\/I2013-12-11_033913_c9814.jpg\",\"contentUrl\":\"https:\/\/www.pmpf.rs.gov.br\/secretaria-de-seguranca-publica\/wp-content\/uploads\/sites\/54\/2021\/12\/I2013-12-11_033913_c9814.jpg\",\"width\":350,\"height\":233},{\"@type\":\"BreadcrumbList\",\"@id\":\"https:\/\/www.pmpf.rs.gov.br\/secretaria-de-seguranca-publica\/2013\/05\/08\/rua-uruguai-passara-a-ter-mao-unica-em-mais-quatro-quadras-6753\/#breadcrumb\",\"itemListElement\":[{\"@type\":\"ListItem\",\"position\":1,\"name\":\"In\u00edcio\",\"item\":\"https:\/\/www.pmpf.rs.gov.br\/secretaria-de-seguranca-publica\/\"},{\"@type\":\"ListItem\",\"position\":2,\"name\":\"Rua Uruguai passar\u00e1 a ter m\u00e3o \u00fanica em mais quatro quadras\"}]},{\"@type\":\"WebSite\",\"@id\":\"https:\/\/www.pmpf.rs.gov.br\/secretaria-de-seguranca-publica\/#website\",\"url\":\"https:\/\/www.pmpf.rs.gov.br\/secretaria-de-seguranca-publica\/\",\"name\":\"Secretaria de Seguran\u00e7a P\u00fablica e Transporte\",\"description\":\"S\u00f3 mais um site Prefeitura de Passo Fundo\",\"potentialAction\":[{\"@type\":\"SearchAction\",\"target\":{\"@type\":\"EntryPoint\",\"urlTemplate\":\"https:\/\/www.pmpf.rs.gov.br\/secretaria-de-seguranca-publica\/?s={search_term_string}\"},\"query-input\":{\"@type\":\"PropertyValueSpecification\",\"valueRequired\":true,\"valueName\":\"search_term_string\"}}],\"inLanguage\":\"pt-BR\"},{\"@type\":\"Person\",\"@id\":\"https:\/\/www.pmpf.rs.gov.br\/secretaria-de-seguranca-publica\/#\/schema\/person\/0c355b0fa68a7aa986c8594f7a60a2d7\",\"name\":\"mosite\",\"image\":{\"@type\":\"ImageObject\",\"inLanguage\":\"pt-BR\",\"@id\":\"https:\/\/www.pmpf.rs.gov.br\/secretaria-de-seguranca-publica\/#\/schema\/person\/image\/\",\"url\":\"https:\/\/secure.gravatar.com\/avatar\/63d72595d6cecfe12bd8a94829d5a26c?s=96&d=mm&r=g\",\"contentUrl\":\"https:\/\/secure.gravatar.com\/avatar\/63d72595d6cecfe12bd8a94829d5a26c?s=96&d=mm&r=g\",\"caption\":\"mosite\"},\"sameAs\":[\"http:\/\/example.com\"],\"url\":\"https:\/\/www.pmpf.rs.gov.br\/secretaria-de-seguranca-publica\/author\/mosite\/\"}]}<\/script>\n<!-- \/ Yoast SEO plugin. -->","yoast_head_json":{"title":"Rua Uruguai passar\u00e1 a ter m\u00e3o \u00fanica em mais quatro quadras - Secretaria de Seguran\u00e7a P\u00fablica e Transporte","robots":{"index":"index","follow":"follow","max-snippet":"max-snippet:-1","max-image-preview":"max-image-preview:large","max-video-preview":"max-video-preview:-1"},"canonical":"https:\/\/www.pmpf.rs.gov.br\/secretaria-de-seguranca-publica\/2013\/05\/08\/rua-uruguai-passara-a-ter-mao-unica-em-mais-quatro-quadras-6753\/","og_locale":"pt_BR","og_type":"article","og_title":"Rua Uruguai passar\u00e1 a ter m\u00e3o \u00fanica em mais quatro quadras - Secretaria de Seguran\u00e7a P\u00fablica e Transporte","og_description":"A Rua far\u00e1 liga\u00e7\u00e3o com o m\u00f3dulo 5 do mesmo projeto, que dever\u00e1 ser licitado no segundo semestre deste ano","og_url":"https:\/\/www.pmpf.rs.gov.br\/secretaria-de-seguranca-publica\/2013\/05\/08\/rua-uruguai-passara-a-ter-mao-unica-em-mais-quatro-quadras-6753\/","og_site_name":"Secretaria de Seguran\u00e7a P\u00fablica e Transporte","article_published_time":"2013-05-08T06:00:00+00:00","og_image":[{"width":350,"height":233,"url":"https:\/\/www.pmpf.rs.gov.br\/secretaria-de-seguranca-publica\/wp-content\/uploads\/sites\/54\/2021\/12\/I2013-12-11_033913_c9814.jpg","type":"image\/jpeg"}],"author":"mosite","twitter_card":"summary_large_image","twitter_misc":{"Escrito por":"mosite","Est. tempo de leitura":"2 minutos"},"schema":{"@context":"https:\/\/schema.org","@graph":[{"@type":"WebPage","@id":"https:\/\/www.pmpf.rs.gov.br\/secretaria-de-seguranca-publica\/2013\/05\/08\/rua-uruguai-passara-a-ter-mao-unica-em-mais-quatro-quadras-6753\/","url":"https:\/\/www.pmpf.rs.gov.br\/secretaria-de-seguranca-publica\/2013\/05\/08\/rua-uruguai-passara-a-ter-mao-unica-em-mais-quatro-quadras-6753\/","name":"Rua Uruguai passar\u00e1 a ter m\u00e3o \u00fanica em mais quatro quadras - Secretaria de Seguran\u00e7a P\u00fablica e Transporte","isPartOf":{"@id":"https:\/\/www.pmpf.rs.gov.br\/secretaria-de-seguranca-publica\/#website"},"primaryImageOfPage":{"@id":"https:\/\/www.pmpf.rs.gov.br\/secretaria-de-seguranca-publica\/2013\/05\/08\/rua-uruguai-passara-a-ter-mao-unica-em-mais-quatro-quadras-6753\/#primaryimage"},"image":{"@id":"https:\/\/www.pmpf.rs.gov.br\/secretaria-de-seguranca-publica\/2013\/05\/08\/rua-uruguai-passara-a-ter-mao-unica-em-mais-quatro-quadras-6753\/#primaryimage"},"thumbnailUrl":"https:\/\/www.pmpf.rs.gov.br\/secretaria-de-seguranca-publica\/wp-content\/uploads\/sites\/54\/2021\/12\/I2013-12-11_033913_c9814.jpg","datePublished":"2013-05-08T06:00:00+00:00","dateModified":"2013-05-08T06:00:00+00:00","author":{"@id":"https:\/\/www.pmpf.rs.gov.br\/secretaria-de-seguranca-publica\/#\/schema\/person\/0c355b0fa68a7aa986c8594f7a60a2d7"},"breadcrumb":{"@id":"https:\/\/www.pmpf.rs.gov.br\/secretaria-de-seguranca-publica\/2013\/05\/08\/rua-uruguai-passara-a-ter-mao-unica-em-mais-quatro-quadras-6753\/#breadcrumb"},"inLanguage":"pt-BR","potentialAction":[{"@type":"ReadAction","target":["https:\/\/www.pmpf.rs.gov.br\/secretaria-de-seguranca-publica\/2013\/05\/08\/rua-uruguai-passara-a-ter-mao-unica-em-mais-quatro-quadras-6753\/"]}]},{"@type":"ImageObject","inLanguage":"pt-BR","@id":"https:\/\/www.pmpf.rs.gov.br\/secretaria-de-seguranca-publica\/2013\/05\/08\/rua-uruguai-passara-a-ter-mao-unica-em-mais-quatro-quadras-6753\/#primaryimage","url":"https:\/\/www.pmpf.rs.gov.br\/secretaria-de-seguranca-publica\/wp-content\/uploads\/sites\/54\/2021\/12\/I2013-12-11_033913_c9814.jpg","contentUrl":"https:\/\/www.pmpf.rs.gov.br\/secretaria-de-seguranca-publica\/wp-content\/uploads\/sites\/54\/2021\/12\/I2013-12-11_033913_c9814.jpg","width":350,"height":233},{"@type":"BreadcrumbList","@id":"https:\/\/www.pmpf.rs.gov.br\/secretaria-de-seguranca-publica\/2013\/05\/08\/rua-uruguai-passara-a-ter-mao-unica-em-mais-quatro-quadras-6753\/#breadcrumb","itemListElement":[{"@type":"ListItem","position":1,"name":"In\u00edcio","item":"https:\/\/www.pmpf.rs.gov.br\/secretaria-de-seguranca-publica\/"},{"@type":"ListItem","position":2,"name":"Rua Uruguai passar\u00e1 a ter m\u00e3o \u00fanica em mais quatro quadras"}]},{"@type":"WebSite","@id":"https:\/\/www.pmpf.rs.gov.br\/secretaria-de-seguranca-publica\/#website","url":"https:\/\/www.pmpf.rs.gov.br\/secretaria-de-seguranca-publica\/","name":"Secretaria de Seguran\u00e7a P\u00fablica e Transporte","description":"S\u00f3 mais um site Prefeitura de Passo Fundo","potentialAction":[{"@type":"SearchAction","target":{"@type":"EntryPoint","urlTemplate":"https:\/\/www.pmpf.rs.gov.br\/secretaria-de-seguranca-publica\/?s={search_term_string}"},"query-input":{"@type":"PropertyValueSpecification","valueRequired":true,"valueName":"search_term_string"}}],"inLanguage":"pt-BR"},{"@type":"Person","@id":"https:\/\/www.pmpf.rs.gov.br\/secretaria-de-seguranca-publica\/#\/schema\/person\/0c355b0fa68a7aa986c8594f7a60a2d7","name":"mosite","image":{"@type":"ImageObject","inLanguage":"pt-BR","@id":"https:\/\/www.pmpf.rs.gov.br\/secretaria-de-seguranca-publica\/#\/schema\/person\/image\/","url":"https:\/\/secure.gravatar.com\/avatar\/63d72595d6cecfe12bd8a94829d5a26c?s=96&d=mm&r=g","contentUrl":"https:\/\/secure.gravatar.com\/avatar\/63d72595d6cecfe12bd8a94829d5a26c?s=96&d=mm&r=g","caption":"mosite"},"sameAs":["http:\/\/example.com"],"url":"https:\/\/www.pmpf.rs.gov.br\/secretaria-de-seguranca-publica\/author\/mosite\/"}]}},"_links":{"self":[{"href":"https:\/\/www.pmpf.rs.gov.br\/secretaria-de-seguranca-publica\/wp-json\/wp\/v2\/posts\/154"}],"collection":[{"href":"https:\/\/www.pmpf.rs.gov.br\/secretaria-de-seguranca-publica\/wp-json\/wp\/v2\/posts"}],"about":[{"href":"https:\/\/www.pmpf.rs.gov.br\/secretaria-de-seguranca-publica\/wp-json\/wp\/v2\/types\/post"}],"author":[{"embeddable":true,"href":"https:\/\/www.pmpf.rs.gov.br\/secretaria-de-seguranca-publica\/wp-json\/wp\/v2\/users\/1"}],"replies":[{"embeddable":true,"href":"https:\/\/www.pmpf.rs.gov.br\/secretaria-de-seguranca-publica\/wp-json\/wp\/v2\/comments?post=154"}],"version-history":[{"count":0,"href":"https:\/\/www.pmpf.rs.gov.br\/secretaria-de-seguranca-publica\/wp-json\/wp\/v2\/posts\/154\/revisions"}],"wp:featuredmedia":[{"embeddable":true,"href":"https:\/\/www.pmpf.rs.gov.br\/secretaria-de-seguranca-publica\/wp-json\/wp\/v2\/media\/155"}],"wp:attachment":[{"href":"https:\/\/www.pmpf.rs.gov.br\/secretaria-de-seguranca-publica\/wp-json\/wp\/v2\/media?parent=154"}],"wp:term":[{"taxonomy":"category","embeddable":true,"href":"https:\/\/www.pmpf.rs.gov.br\/secretaria-de-seguranca-publica\/wp-json\/wp\/v2\/categories?post=154"},{"taxonomy":"post_tag","embeddable":true,"href":"https:\/\/www.pmpf.rs.gov.br\/secretaria-de-seguranca-publica\/wp-json\/wp\/v2\/tags?post=154"}],"curies":[{"name":"wp","href":"https:\/\/api.w.org\/{rel}","templated":true}]}}