{"id":149,"date":"2013-05-20T03:00:00","date_gmt":"2013-05-20T06:00:00","guid":{"rendered":"https:\/\/www.pmpf.rs.gov.br\/secretaria-de-seguranca-publica\/2013\/05\/20\/prefeitura-trabalha-para-instituir-politica-nacional-de-protecao-e-defesa-civil-6830\/"},"modified":"2013-05-20T03:00:00","modified_gmt":"2013-05-20T06:00:00","slug":"prefeitura-trabalha-para-instituir-politica-nacional-de-protecao-e-defesa-civil-6830","status":"publish","type":"post","link":"https:\/\/www.pmpf.rs.gov.br\/secretaria-de-seguranca-publica\/2013\/05\/20\/prefeitura-trabalha-para-instituir-politica-nacional-de-protecao-e-defesa-civil-6830\/","title":{"rendered":"Prefeitura trabalha para instituir Pol\u00edtica Nacional de Prote\u00e7\u00e3o e Defesa Civil"},"content":{"rendered":"<p align=\"justify\" style=\"margin-bottom: 0cm;\" class=\"western\">O prefeito em exerc\u00edcio, Juliano Roso, participou de uma reuni\u00e3o nesta segunda-feira para iniciar o processo de habilita\u00e7\u00e3o da lei 12.608 de abril de 2012, que prev\u00ea o amparo da Pol\u00edtica Nacional de Prote\u00e7\u00e3o e Defesa Civil (PNPDEC).  <\/p>\n<div align=\"justify\"> <\/div>\n<div align=\"justify\"> <\/div>\n<p align=\"justify\" style=\"margin-bottom: 0cm;\" class=\"western\">A medida foi discutida para que Passo Fundo possa contar com os servi\u00e7os prestados pela Defesa Civil, principalmente contra desastres como vendavais e contamina\u00e7\u00e3o qu\u00edmica, por exemplo, al\u00e9m do monitoramento constante.  <\/p>\n<div align=\"justify\"> <\/div>\n<div align=\"justify\"> <\/div>\n<p align=\"justify\" style=\"margin-bottom: 0cm;\" class=\"western\">A institui\u00e7\u00e3o do Sistema Nacional de Prote\u00e7\u00e3o e Defesa Civil (SINPDEC) e do Conselho Nacional de Prote\u00e7\u00e3o e Defesa Civil (CONPDEC) tamb\u00e9m est\u00e1 prevista. Para isso, \u00e9 necess\u00e1rio que seja realizada uma normatiza\u00e7\u00e3o, com cria\u00e7\u00e3o de uma lei municipal que prev\u00ea o <span style=\"font-weight: normal;\">Fundo Especial para Calamidades P\u00fablicas, institui\u00e7\u00e3o deste Fundo e cria\u00e7\u00e3o de um Conselho. <\/span> <\/p>\n<div align=\"justify\"> <\/div>\n<div align=\"justify\"> <\/div>\n<p align=\"justify\" style=\"margin-bottom: 0cm; font-weight: normal;\" class=\"western\"> \u201cIniciaremos este processo junto \u00e0 Procuradoria Geral do Munic\u00edpio para fazer e avaliar o projeto e seguiremos com todos os passos necess\u00e1rios para que Passo Fundo possa contar com as disposi\u00e7\u00f5es desta lei\u201d, ressaltou o prefeito em exerc\u00edcio, Juliano Roso.  <\/p>\n<div align=\"justify\"> <\/div>\n<div align=\"justify\"> <\/div>\n<p align=\"justify\" style=\"margin-bottom: 0cm; font-weight: normal;\" class=\"western\"> Participaram da reuni\u00e3o o <span style=\"font-style: normal;\">coordenador regional da Defesa Civil em Passo Fundo, Jamir Lago; <\/span>o coordenador do v\u00eddeo monitoramento da Secretaria de Seguran\u00e7a P\u00fablica, Coronel Pedro Luiz Lima; a coordenadora de projetos da Secretaria de Seguran\u00e7a P\u00fablica, Marisa R\u00e9 De Rocco; o coordenador de Projetos Especiais e Capta\u00e7\u00e3o de Recursos, \u00c9dison Nunes; e o secret\u00e1rio de Servi\u00e7os e Transportes Gerais, Cristiam Thans.  <\/p>\n","protected":false},"excerpt":{"rendered":"<p>Institui\u00e7\u00e3o do Sistema Nacional de Prote\u00e7\u00e3o e Defesa Civil (SINPDEC) e do Conselho Nacional de Prote\u00e7\u00e3o e Defesa Civil (CONPDEC) tamb\u00e9m est\u00e1 prevista<\/p>\n","protected":false},"author":1,"featured_media":150,"comment_status":"open","ping_status":"open","sticky":false,"template":"","format":"standard","meta":{"footnotes":""},"categories":[],"tags":[],"class_list":["post-149","post","type-post","status-publish","format-standard","has-post-thumbnail","hentry"],"yoast_head":"<!-- This site is optimized with the Yoast SEO plugin v23.8 - https:\/\/yoast.com\/wordpress\/plugins\/seo\/ -->\n<title>Prefeitura trabalha para instituir Pol\u00edtica Nacional de Prote\u00e7\u00e3o e Defesa Civil - Secretaria de Seguran\u00e7a P\u00fablica e Transporte<\/title>\n<meta name=\"robots\" content=\"index, follow, max-snippet:-1, max-image-preview:large, max-video-preview:-1\" \/>\n<link rel=\"canonical\" href=\"https:\/\/www.pmpf.rs.gov.br\/secretaria-de-seguranca-publica\/2013\/05\/20\/prefeitura-trabalha-para-instituir-politica-nacional-de-protecao-e-defesa-civil-6830\/\" \/>\n<meta property=\"og:locale\" content=\"pt_BR\" \/>\n<meta property=\"og:type\" content=\"article\" \/>\n<meta property=\"og:title\" content=\"Prefeitura trabalha para instituir Pol\u00edtica Nacional de Prote\u00e7\u00e3o e Defesa Civil - Secretaria de Seguran\u00e7a P\u00fablica e Transporte\" \/>\n<meta property=\"og:description\" content=\"Institui\u00e7\u00e3o do Sistema Nacional de Prote\u00e7\u00e3o e Defesa Civil (SINPDEC) e do Conselho Nacional de Prote\u00e7\u00e3o e Defesa Civil (CONPDEC) tamb\u00e9m est\u00e1 prevista\" \/>\n<meta property=\"og:url\" content=\"https:\/\/www.pmpf.rs.gov.br\/secretaria-de-seguranca-publica\/2013\/05\/20\/prefeitura-trabalha-para-instituir-politica-nacional-de-protecao-e-defesa-civil-6830\/\" \/>\n<meta property=\"og:site_name\" content=\"Secretaria de Seguran\u00e7a P\u00fablica e Transporte\" \/>\n<meta property=\"article:published_time\" content=\"2013-05-20T06:00:00+00:00\" \/>\n<meta property=\"og:image\" content=\"https:\/\/www.pmpf.rs.gov.br\/secretaria-de-seguranca-publica\/wp-content\/uploads\/sites\/54\/2021\/12\/I2013-12-11_033915_c9852.jpg\" \/>\n\t<meta property=\"og:image:width\" content=\"350\" \/>\n\t<meta property=\"og:image:height\" content=\"262\" \/>\n\t<meta property=\"og:image:type\" content=\"image\/jpeg\" \/>\n<meta name=\"author\" content=\"mosite\" \/>\n<meta name=\"twitter:card\" content=\"summary_large_image\" \/>\n<meta name=\"twitter:label1\" content=\"Escrito por\" \/>\n\t<meta name=\"twitter:data1\" content=\"mosite\" \/>\n\t<meta name=\"twitter:label2\" content=\"Est. tempo de leitura\" \/>\n\t<meta name=\"twitter:data2\" content=\"1 minuto\" \/>\n<script type=\"application\/ld+json\" class=\"yoast-schema-graph\">{\"@context\":\"https:\/\/schema.org\",\"@graph\":[{\"@type\":\"WebPage\",\"@id\":\"https:\/\/www.pmpf.rs.gov.br\/secretaria-de-seguranca-publica\/2013\/05\/20\/prefeitura-trabalha-para-instituir-politica-nacional-de-protecao-e-defesa-civil-6830\/\",\"url\":\"https:\/\/www.pmpf.rs.gov.br\/secretaria-de-seguranca-publica\/2013\/05\/20\/prefeitura-trabalha-para-instituir-politica-nacional-de-protecao-e-defesa-civil-6830\/\",\"name\":\"Prefeitura trabalha para instituir Pol\u00edtica Nacional de Prote\u00e7\u00e3o e Defesa Civil - Secretaria de Seguran\u00e7a P\u00fablica e Transporte\",\"isPartOf\":{\"@id\":\"https:\/\/www.pmpf.rs.gov.br\/secretaria-de-seguranca-publica\/#website\"},\"primaryImageOfPage\":{\"@id\":\"https:\/\/www.pmpf.rs.gov.br\/secretaria-de-seguranca-publica\/2013\/05\/20\/prefeitura-trabalha-para-instituir-politica-nacional-de-protecao-e-defesa-civil-6830\/#primaryimage\"},\"image\":{\"@id\":\"https:\/\/www.pmpf.rs.gov.br\/secretaria-de-seguranca-publica\/2013\/05\/20\/prefeitura-trabalha-para-instituir-politica-nacional-de-protecao-e-defesa-civil-6830\/#primaryimage\"},\"thumbnailUrl\":\"https:\/\/www.pmpf.rs.gov.br\/secretaria-de-seguranca-publica\/wp-content\/uploads\/sites\/54\/2021\/12\/I2013-12-11_033915_c9852.jpg\",\"datePublished\":\"2013-05-20T06:00:00+00:00\",\"dateModified\":\"2013-05-20T06:00:00+00:00\",\"author\":{\"@id\":\"https:\/\/www.pmpf.rs.gov.br\/secretaria-de-seguranca-publica\/#\/schema\/person\/0c355b0fa68a7aa986c8594f7a60a2d7\"},\"breadcrumb\":{\"@id\":\"https:\/\/www.pmpf.rs.gov.br\/secretaria-de-seguranca-publica\/2013\/05\/20\/prefeitura-trabalha-para-instituir-politica-nacional-de-protecao-e-defesa-civil-6830\/#breadcrumb\"},\"inLanguage\":\"pt-BR\",\"potentialAction\":[{\"@type\":\"ReadAction\",\"target\":[\"https:\/\/www.pmpf.rs.gov.br\/secretaria-de-seguranca-publica\/2013\/05\/20\/prefeitura-trabalha-para-instituir-politica-nacional-de-protecao-e-defesa-civil-6830\/\"]}]},{\"@type\":\"ImageObject\",\"inLanguage\":\"pt-BR\",\"@id\":\"https:\/\/www.pmpf.rs.gov.br\/secretaria-de-seguranca-publica\/2013\/05\/20\/prefeitura-trabalha-para-instituir-politica-nacional-de-protecao-e-defesa-civil-6830\/#primaryimage\",\"url\":\"https:\/\/www.pmpf.rs.gov.br\/secretaria-de-seguranca-publica\/wp-content\/uploads\/sites\/54\/2021\/12\/I2013-12-11_033915_c9852.jpg\",\"contentUrl\":\"https:\/\/www.pmpf.rs.gov.br\/secretaria-de-seguranca-publica\/wp-content\/uploads\/sites\/54\/2021\/12\/I2013-12-11_033915_c9852.jpg\",\"width\":350,\"height\":262},{\"@type\":\"BreadcrumbList\",\"@id\":\"https:\/\/www.pmpf.rs.gov.br\/secretaria-de-seguranca-publica\/2013\/05\/20\/prefeitura-trabalha-para-instituir-politica-nacional-de-protecao-e-defesa-civil-6830\/#breadcrumb\",\"itemListElement\":[{\"@type\":\"ListItem\",\"position\":1,\"name\":\"In\u00edcio\",\"item\":\"https:\/\/www.pmpf.rs.gov.br\/secretaria-de-seguranca-publica\/\"},{\"@type\":\"ListItem\",\"position\":2,\"name\":\"Prefeitura trabalha para instituir Pol\u00edtica Nacional de Prote\u00e7\u00e3o e Defesa Civil\"}]},{\"@type\":\"WebSite\",\"@id\":\"https:\/\/www.pmpf.rs.gov.br\/secretaria-de-seguranca-publica\/#website\",\"url\":\"https:\/\/www.pmpf.rs.gov.br\/secretaria-de-seguranca-publica\/\",\"name\":\"Secretaria de Seguran\u00e7a P\u00fablica e Transporte\",\"description\":\"S\u00f3 mais um site Prefeitura de Passo Fundo\",\"potentialAction\":[{\"@type\":\"SearchAction\",\"target\":{\"@type\":\"EntryPoint\",\"urlTemplate\":\"https:\/\/www.pmpf.rs.gov.br\/secretaria-de-seguranca-publica\/?s={search_term_string}\"},\"query-input\":{\"@type\":\"PropertyValueSpecification\",\"valueRequired\":true,\"valueName\":\"search_term_string\"}}],\"inLanguage\":\"pt-BR\"},{\"@type\":\"Person\",\"@id\":\"https:\/\/www.pmpf.rs.gov.br\/secretaria-de-seguranca-publica\/#\/schema\/person\/0c355b0fa68a7aa986c8594f7a60a2d7\",\"name\":\"mosite\",\"image\":{\"@type\":\"ImageObject\",\"inLanguage\":\"pt-BR\",\"@id\":\"https:\/\/www.pmpf.rs.gov.br\/secretaria-de-seguranca-publica\/#\/schema\/person\/image\/\",\"url\":\"https:\/\/secure.gravatar.com\/avatar\/63d72595d6cecfe12bd8a94829d5a26c?s=96&d=mm&r=g\",\"contentUrl\":\"https:\/\/secure.gravatar.com\/avatar\/63d72595d6cecfe12bd8a94829d5a26c?s=96&d=mm&r=g\",\"caption\":\"mosite\"},\"sameAs\":[\"http:\/\/example.com\"],\"url\":\"https:\/\/www.pmpf.rs.gov.br\/secretaria-de-seguranca-publica\/author\/mosite\/\"}]}<\/script>\n<!-- \/ Yoast SEO plugin. -->","yoast_head_json":{"title":"Prefeitura trabalha para instituir Pol\u00edtica Nacional de Prote\u00e7\u00e3o e Defesa Civil - Secretaria de Seguran\u00e7a P\u00fablica e Transporte","robots":{"index":"index","follow":"follow","max-snippet":"max-snippet:-1","max-image-preview":"max-image-preview:large","max-video-preview":"max-video-preview:-1"},"canonical":"https:\/\/www.pmpf.rs.gov.br\/secretaria-de-seguranca-publica\/2013\/05\/20\/prefeitura-trabalha-para-instituir-politica-nacional-de-protecao-e-defesa-civil-6830\/","og_locale":"pt_BR","og_type":"article","og_title":"Prefeitura trabalha para instituir Pol\u00edtica Nacional de Prote\u00e7\u00e3o e Defesa Civil - Secretaria de Seguran\u00e7a P\u00fablica e Transporte","og_description":"Institui\u00e7\u00e3o do Sistema Nacional de Prote\u00e7\u00e3o e Defesa Civil (SINPDEC) e do Conselho Nacional de Prote\u00e7\u00e3o e Defesa Civil (CONPDEC) tamb\u00e9m est\u00e1 prevista","og_url":"https:\/\/www.pmpf.rs.gov.br\/secretaria-de-seguranca-publica\/2013\/05\/20\/prefeitura-trabalha-para-instituir-politica-nacional-de-protecao-e-defesa-civil-6830\/","og_site_name":"Secretaria de Seguran\u00e7a P\u00fablica e Transporte","article_published_time":"2013-05-20T06:00:00+00:00","og_image":[{"width":350,"height":262,"url":"https:\/\/www.pmpf.rs.gov.br\/secretaria-de-seguranca-publica\/wp-content\/uploads\/sites\/54\/2021\/12\/I2013-12-11_033915_c9852.jpg","type":"image\/jpeg"}],"author":"mosite","twitter_card":"summary_large_image","twitter_misc":{"Escrito por":"mosite","Est. tempo de leitura":"1 minuto"},"schema":{"@context":"https:\/\/schema.org","@graph":[{"@type":"WebPage","@id":"https:\/\/www.pmpf.rs.gov.br\/secretaria-de-seguranca-publica\/2013\/05\/20\/prefeitura-trabalha-para-instituir-politica-nacional-de-protecao-e-defesa-civil-6830\/","url":"https:\/\/www.pmpf.rs.gov.br\/secretaria-de-seguranca-publica\/2013\/05\/20\/prefeitura-trabalha-para-instituir-politica-nacional-de-protecao-e-defesa-civil-6830\/","name":"Prefeitura trabalha para instituir Pol\u00edtica Nacional de Prote\u00e7\u00e3o e Defesa Civil - Secretaria de Seguran\u00e7a P\u00fablica e Transporte","isPartOf":{"@id":"https:\/\/www.pmpf.rs.gov.br\/secretaria-de-seguranca-publica\/#website"},"primaryImageOfPage":{"@id":"https:\/\/www.pmpf.rs.gov.br\/secretaria-de-seguranca-publica\/2013\/05\/20\/prefeitura-trabalha-para-instituir-politica-nacional-de-protecao-e-defesa-civil-6830\/#primaryimage"},"image":{"@id":"https:\/\/www.pmpf.rs.gov.br\/secretaria-de-seguranca-publica\/2013\/05\/20\/prefeitura-trabalha-para-instituir-politica-nacional-de-protecao-e-defesa-civil-6830\/#primaryimage"},"thumbnailUrl":"https:\/\/www.pmpf.rs.gov.br\/secretaria-de-seguranca-publica\/wp-content\/uploads\/sites\/54\/2021\/12\/I2013-12-11_033915_c9852.jpg","datePublished":"2013-05-20T06:00:00+00:00","dateModified":"2013-05-20T06:00:00+00:00","author":{"@id":"https:\/\/www.pmpf.rs.gov.br\/secretaria-de-seguranca-publica\/#\/schema\/person\/0c355b0fa68a7aa986c8594f7a60a2d7"},"breadcrumb":{"@id":"https:\/\/www.pmpf.rs.gov.br\/secretaria-de-seguranca-publica\/2013\/05\/20\/prefeitura-trabalha-para-instituir-politica-nacional-de-protecao-e-defesa-civil-6830\/#breadcrumb"},"inLanguage":"pt-BR","potentialAction":[{"@type":"ReadAction","target":["https:\/\/www.pmpf.rs.gov.br\/secretaria-de-seguranca-publica\/2013\/05\/20\/prefeitura-trabalha-para-instituir-politica-nacional-de-protecao-e-defesa-civil-6830\/"]}]},{"@type":"ImageObject","inLanguage":"pt-BR","@id":"https:\/\/www.pmpf.rs.gov.br\/secretaria-de-seguranca-publica\/2013\/05\/20\/prefeitura-trabalha-para-instituir-politica-nacional-de-protecao-e-defesa-civil-6830\/#primaryimage","url":"https:\/\/www.pmpf.rs.gov.br\/secretaria-de-seguranca-publica\/wp-content\/uploads\/sites\/54\/2021\/12\/I2013-12-11_033915_c9852.jpg","contentUrl":"https:\/\/www.pmpf.rs.gov.br\/secretaria-de-seguranca-publica\/wp-content\/uploads\/sites\/54\/2021\/12\/I2013-12-11_033915_c9852.jpg","width":350,"height":262},{"@type":"BreadcrumbList","@id":"https:\/\/www.pmpf.rs.gov.br\/secretaria-de-seguranca-publica\/2013\/05\/20\/prefeitura-trabalha-para-instituir-politica-nacional-de-protecao-e-defesa-civil-6830\/#breadcrumb","itemListElement":[{"@type":"ListItem","position":1,"name":"In\u00edcio","item":"https:\/\/www.pmpf.rs.gov.br\/secretaria-de-seguranca-publica\/"},{"@type":"ListItem","position":2,"name":"Prefeitura trabalha para instituir Pol\u00edtica Nacional de Prote\u00e7\u00e3o e Defesa Civil"}]},{"@type":"WebSite","@id":"https:\/\/www.pmpf.rs.gov.br\/secretaria-de-seguranca-publica\/#website","url":"https:\/\/www.pmpf.rs.gov.br\/secretaria-de-seguranca-publica\/","name":"Secretaria de Seguran\u00e7a P\u00fablica e Transporte","description":"S\u00f3 mais um site Prefeitura de Passo Fundo","potentialAction":[{"@type":"SearchAction","target":{"@type":"EntryPoint","urlTemplate":"https:\/\/www.pmpf.rs.gov.br\/secretaria-de-seguranca-publica\/?s={search_term_string}"},"query-input":{"@type":"PropertyValueSpecification","valueRequired":true,"valueName":"search_term_string"}}],"inLanguage":"pt-BR"},{"@type":"Person","@id":"https:\/\/www.pmpf.rs.gov.br\/secretaria-de-seguranca-publica\/#\/schema\/person\/0c355b0fa68a7aa986c8594f7a60a2d7","name":"mosite","image":{"@type":"ImageObject","inLanguage":"pt-BR","@id":"https:\/\/www.pmpf.rs.gov.br\/secretaria-de-seguranca-publica\/#\/schema\/person\/image\/","url":"https:\/\/secure.gravatar.com\/avatar\/63d72595d6cecfe12bd8a94829d5a26c?s=96&d=mm&r=g","contentUrl":"https:\/\/secure.gravatar.com\/avatar\/63d72595d6cecfe12bd8a94829d5a26c?s=96&d=mm&r=g","caption":"mosite"},"sameAs":["http:\/\/example.com"],"url":"https:\/\/www.pmpf.rs.gov.br\/secretaria-de-seguranca-publica\/author\/mosite\/"}]}},"_links":{"self":[{"href":"https:\/\/www.pmpf.rs.gov.br\/secretaria-de-seguranca-publica\/wp-json\/wp\/v2\/posts\/149"}],"collection":[{"href":"https:\/\/www.pmpf.rs.gov.br\/secretaria-de-seguranca-publica\/wp-json\/wp\/v2\/posts"}],"about":[{"href":"https:\/\/www.pmpf.rs.gov.br\/secretaria-de-seguranca-publica\/wp-json\/wp\/v2\/types\/post"}],"author":[{"embeddable":true,"href":"https:\/\/www.pmpf.rs.gov.br\/secretaria-de-seguranca-publica\/wp-json\/wp\/v2\/users\/1"}],"replies":[{"embeddable":true,"href":"https:\/\/www.pmpf.rs.gov.br\/secretaria-de-seguranca-publica\/wp-json\/wp\/v2\/comments?post=149"}],"version-history":[{"count":0,"href":"https:\/\/www.pmpf.rs.gov.br\/secretaria-de-seguranca-publica\/wp-json\/wp\/v2\/posts\/149\/revisions"}],"wp:featuredmedia":[{"embeddable":true,"href":"https:\/\/www.pmpf.rs.gov.br\/secretaria-de-seguranca-publica\/wp-json\/wp\/v2\/media\/150"}],"wp:attachment":[{"href":"https:\/\/www.pmpf.rs.gov.br\/secretaria-de-seguranca-publica\/wp-json\/wp\/v2\/media?parent=149"}],"wp:term":[{"taxonomy":"category","embeddable":true,"href":"https:\/\/www.pmpf.rs.gov.br\/secretaria-de-seguranca-publica\/wp-json\/wp\/v2\/categories?post=149"},{"taxonomy":"post_tag","embeddable":true,"href":"https:\/\/www.pmpf.rs.gov.br\/secretaria-de-seguranca-publica\/wp-json\/wp\/v2\/tags?post=149"}],"curies":[{"name":"wp","href":"https:\/\/api.w.org\/{rel}","templated":true}]}}