{"id":148,"date":"2013-05-29T03:00:00","date_gmt":"2013-05-29T06:00:00","guid":{"rendered":"https:\/\/www.pmpf.rs.gov.br\/secretaria-de-seguranca-publica\/2013\/05\/29\/prefeitura-participa-de-discussao-sobre-nova-legislacao-de-prevencao-a-incendios-6872\/"},"modified":"2013-05-29T03:00:00","modified_gmt":"2013-05-29T06:00:00","slug":"prefeitura-participa-de-discussao-sobre-nova-legislacao-de-prevencao-a-incendios-6872","status":"publish","type":"post","link":"https:\/\/www.pmpf.rs.gov.br\/secretaria-de-seguranca-publica\/2013\/05\/29\/prefeitura-participa-de-discussao-sobre-nova-legislacao-de-prevencao-a-incendios-6872\/","title":{"rendered":"Prefeitura participa de discuss\u00e3o sobre nova legisla\u00e7\u00e3o de preven\u00e7\u00e3o a inc\u00eandios"},"content":{"rendered":"<p style=\"margin-bottom: 0cm; text-align: justify;\" class=\"western\"><a name=\"dnn_ctr8047_ViewalrsAgExibeNoticiaDestaque_lblTextoDestaque\" \/> <span style=\"\">Representando a Prefeitura de Passo Fundo, o secret\u00e1rio municipal de Seguran\u00e7a P\u00fablica, Gilmar Teixeira Lopes, participou da \u00faltima reuni\u00e3o realizada pela Comiss\u00e3o Especial de Revis\u00e3o e Atualiza\u00e7\u00e3o de Leis Contra Inc\u00eandio, da Assembleia Legislativa do RS, na \u00faltima segunda-feira, 27, quando foi apresentada a minuta de anteprojeto para a nova legisla\u00e7\u00e3o de preven\u00e7\u00e3o e prote\u00e7\u00e3o contra inc\u00eandios no Estado.  <\/span><\/p>\n<p style=\"margin-bottom: 0cm;  text-align: justify;\" class=\"western\">Conforme o secret\u00e1rio, o objetivo foi buscar uma mudan\u00e7a de paradigma na quest\u00e3o da seguran\u00e7a contra inc\u00eandio e, acima de tudo, apresentar uma legisla\u00e7\u00e3o t\u00e9cnica, clara e mais rigorosa. \u201cA discuss\u00e3o teve grande import\u00e2ncia porque tamb\u00e9m recomenda que todos os munic\u00edpios apliquem multas de car\u00e1ter pedag\u00f3gico e punitivo. A partir deste encontro, ainda, se denota facilmente a import\u00e2ncia da adequa\u00e7\u00e3o dos munic\u00edpios especialmente na quest\u00e3o da legisla\u00e7\u00e3o municipal\u201d, disse.<\/p>\n<p style=\"margin-bottom: 0cm;  text-align: justify;\" class=\"western\">O secret\u00e1rio tamb\u00e9m explica que, em s\u00edntese, a nova legisla\u00e7\u00e3o estadual visa proteger a vida, dando seguran\u00e7a e prote\u00e7\u00e3o, especialmente, no funcionamento das edifica\u00e7\u00f5es, resguardando o patrim\u00f4nio e a vida humana. Tamb\u00e9m ir\u00e1 proibir a expedi\u00e7\u00e3o de licen\u00e7a de  funcionamento sem a exist\u00eancia do Alvar\u00e1 de Preven\u00e7\u00e3o e Prote\u00e7\u00e3o Contra Inc\u00eandio (APPCI), fornecido pelo Corpo de Bombeiros.  <\/p>\n<p style=\"margin-bottom: 0cm;  text-align: justify;\" class=\"western\">Conforme apresentou o presidente da Comiss\u00e3o, Ad\u00e3o Villaverde (PT), passam a ser exig\u00eancias da lei a capacidade de lota\u00e7\u00e3o, o tipo de uso do im\u00f3vel, a carga de inc\u00eandio e o controle e extra\u00e7\u00e3o de fuma\u00e7a das edifica\u00e7\u00f5es. O Corpo de Bombeiros tamb\u00e9m poder\u00e1 interditar a edifica\u00e7\u00e3o que apresente falhas, mesmo ap\u00f3s a libera\u00e7\u00e3o do alvar\u00e1, para a resolu\u00e7\u00e3o do problema. O munic\u00edpio ser\u00e1 respons\u00e1vel por embargar o local at\u00e9 a expedi\u00e7\u00e3o de uma nova licen\u00e7a APPCI para que possa voltar a funcionar.  <\/p>\n","protected":false},"excerpt":{"rendered":"<p>Prefeitura participa de discuss\u00e3o sobre nova legisla\u00e7\u00e3o estadual de preven\u00e7\u00e3o a inc\u00eandios<\/p>\n","protected":false},"author":1,"featured_media":0,"comment_status":"open","ping_status":"open","sticky":false,"template":"","format":"standard","meta":{"footnotes":""},"categories":[],"tags":[],"class_list":["post-148","post","type-post","status-publish","format-standard","hentry"],"yoast_head":"<!-- This site is optimized with the Yoast SEO plugin v23.8 - https:\/\/yoast.com\/wordpress\/plugins\/seo\/ -->\n<title>Prefeitura participa de discuss\u00e3o sobre nova legisla\u00e7\u00e3o de preven\u00e7\u00e3o a inc\u00eandios - Secretaria de Seguran\u00e7a P\u00fablica e Transporte<\/title>\n<meta name=\"robots\" content=\"index, follow, max-snippet:-1, max-image-preview:large, max-video-preview:-1\" \/>\n<link rel=\"canonical\" href=\"https:\/\/www.pmpf.rs.gov.br\/secretaria-de-seguranca-publica\/2013\/05\/29\/prefeitura-participa-de-discussao-sobre-nova-legislacao-de-prevencao-a-incendios-6872\/\" \/>\n<meta property=\"og:locale\" content=\"pt_BR\" \/>\n<meta property=\"og:type\" content=\"article\" \/>\n<meta property=\"og:title\" content=\"Prefeitura participa de discuss\u00e3o sobre nova legisla\u00e7\u00e3o de preven\u00e7\u00e3o a inc\u00eandios - Secretaria de Seguran\u00e7a P\u00fablica e Transporte\" \/>\n<meta property=\"og:description\" content=\"Prefeitura participa de discuss\u00e3o sobre nova legisla\u00e7\u00e3o estadual de preven\u00e7\u00e3o a inc\u00eandios\" \/>\n<meta property=\"og:url\" content=\"https:\/\/www.pmpf.rs.gov.br\/secretaria-de-seguranca-publica\/2013\/05\/29\/prefeitura-participa-de-discussao-sobre-nova-legislacao-de-prevencao-a-incendios-6872\/\" \/>\n<meta property=\"og:site_name\" content=\"Secretaria de Seguran\u00e7a P\u00fablica e Transporte\" \/>\n<meta property=\"article:published_time\" content=\"2013-05-29T06:00:00+00:00\" \/>\n<meta name=\"author\" content=\"mosite\" \/>\n<meta name=\"twitter:card\" content=\"summary_large_image\" \/>\n<meta name=\"twitter:label1\" content=\"Escrito por\" \/>\n\t<meta name=\"twitter:data1\" content=\"mosite\" \/>\n\t<meta name=\"twitter:label2\" content=\"Est. tempo de leitura\" \/>\n\t<meta name=\"twitter:data2\" content=\"2 minutos\" \/>\n<script type=\"application\/ld+json\" class=\"yoast-schema-graph\">{\"@context\":\"https:\/\/schema.org\",\"@graph\":[{\"@type\":\"WebPage\",\"@id\":\"https:\/\/www.pmpf.rs.gov.br\/secretaria-de-seguranca-publica\/2013\/05\/29\/prefeitura-participa-de-discussao-sobre-nova-legislacao-de-prevencao-a-incendios-6872\/\",\"url\":\"https:\/\/www.pmpf.rs.gov.br\/secretaria-de-seguranca-publica\/2013\/05\/29\/prefeitura-participa-de-discussao-sobre-nova-legislacao-de-prevencao-a-incendios-6872\/\",\"name\":\"Prefeitura participa de discuss\u00e3o sobre nova legisla\u00e7\u00e3o de preven\u00e7\u00e3o a inc\u00eandios - Secretaria de Seguran\u00e7a P\u00fablica e Transporte\",\"isPartOf\":{\"@id\":\"https:\/\/www.pmpf.rs.gov.br\/secretaria-de-seguranca-publica\/#website\"},\"datePublished\":\"2013-05-29T06:00:00+00:00\",\"dateModified\":\"2013-05-29T06:00:00+00:00\",\"author\":{\"@id\":\"https:\/\/www.pmpf.rs.gov.br\/secretaria-de-seguranca-publica\/#\/schema\/person\/0c355b0fa68a7aa986c8594f7a60a2d7\"},\"breadcrumb\":{\"@id\":\"https:\/\/www.pmpf.rs.gov.br\/secretaria-de-seguranca-publica\/2013\/05\/29\/prefeitura-participa-de-discussao-sobre-nova-legislacao-de-prevencao-a-incendios-6872\/#breadcrumb\"},\"inLanguage\":\"pt-BR\",\"potentialAction\":[{\"@type\":\"ReadAction\",\"target\":[\"https:\/\/www.pmpf.rs.gov.br\/secretaria-de-seguranca-publica\/2013\/05\/29\/prefeitura-participa-de-discussao-sobre-nova-legislacao-de-prevencao-a-incendios-6872\/\"]}]},{\"@type\":\"BreadcrumbList\",\"@id\":\"https:\/\/www.pmpf.rs.gov.br\/secretaria-de-seguranca-publica\/2013\/05\/29\/prefeitura-participa-de-discussao-sobre-nova-legislacao-de-prevencao-a-incendios-6872\/#breadcrumb\",\"itemListElement\":[{\"@type\":\"ListItem\",\"position\":1,\"name\":\"In\u00edcio\",\"item\":\"https:\/\/www.pmpf.rs.gov.br\/secretaria-de-seguranca-publica\/\"},{\"@type\":\"ListItem\",\"position\":2,\"name\":\"Prefeitura participa de discuss\u00e3o sobre nova legisla\u00e7\u00e3o de preven\u00e7\u00e3o a inc\u00eandios\"}]},{\"@type\":\"WebSite\",\"@id\":\"https:\/\/www.pmpf.rs.gov.br\/secretaria-de-seguranca-publica\/#website\",\"url\":\"https:\/\/www.pmpf.rs.gov.br\/secretaria-de-seguranca-publica\/\",\"name\":\"Secretaria de Seguran\u00e7a P\u00fablica e Transporte\",\"description\":\"S\u00f3 mais um site Prefeitura de Passo Fundo\",\"potentialAction\":[{\"@type\":\"SearchAction\",\"target\":{\"@type\":\"EntryPoint\",\"urlTemplate\":\"https:\/\/www.pmpf.rs.gov.br\/secretaria-de-seguranca-publica\/?s={search_term_string}\"},\"query-input\":{\"@type\":\"PropertyValueSpecification\",\"valueRequired\":true,\"valueName\":\"search_term_string\"}}],\"inLanguage\":\"pt-BR\"},{\"@type\":\"Person\",\"@id\":\"https:\/\/www.pmpf.rs.gov.br\/secretaria-de-seguranca-publica\/#\/schema\/person\/0c355b0fa68a7aa986c8594f7a60a2d7\",\"name\":\"mosite\",\"image\":{\"@type\":\"ImageObject\",\"inLanguage\":\"pt-BR\",\"@id\":\"https:\/\/www.pmpf.rs.gov.br\/secretaria-de-seguranca-publica\/#\/schema\/person\/image\/\",\"url\":\"https:\/\/secure.gravatar.com\/avatar\/63d72595d6cecfe12bd8a94829d5a26c?s=96&d=mm&r=g\",\"contentUrl\":\"https:\/\/secure.gravatar.com\/avatar\/63d72595d6cecfe12bd8a94829d5a26c?s=96&d=mm&r=g\",\"caption\":\"mosite\"},\"sameAs\":[\"http:\/\/example.com\"],\"url\":\"https:\/\/www.pmpf.rs.gov.br\/secretaria-de-seguranca-publica\/author\/mosite\/\"}]}<\/script>\n<!-- \/ Yoast SEO plugin. -->","yoast_head_json":{"title":"Prefeitura participa de discuss\u00e3o sobre nova legisla\u00e7\u00e3o de preven\u00e7\u00e3o a inc\u00eandios - Secretaria de Seguran\u00e7a P\u00fablica e Transporte","robots":{"index":"index","follow":"follow","max-snippet":"max-snippet:-1","max-image-preview":"max-image-preview:large","max-video-preview":"max-video-preview:-1"},"canonical":"https:\/\/www.pmpf.rs.gov.br\/secretaria-de-seguranca-publica\/2013\/05\/29\/prefeitura-participa-de-discussao-sobre-nova-legislacao-de-prevencao-a-incendios-6872\/","og_locale":"pt_BR","og_type":"article","og_title":"Prefeitura participa de discuss\u00e3o sobre nova legisla\u00e7\u00e3o de preven\u00e7\u00e3o a inc\u00eandios - Secretaria de Seguran\u00e7a P\u00fablica e Transporte","og_description":"Prefeitura participa de discuss\u00e3o sobre nova legisla\u00e7\u00e3o estadual de preven\u00e7\u00e3o a inc\u00eandios","og_url":"https:\/\/www.pmpf.rs.gov.br\/secretaria-de-seguranca-publica\/2013\/05\/29\/prefeitura-participa-de-discussao-sobre-nova-legislacao-de-prevencao-a-incendios-6872\/","og_site_name":"Secretaria de Seguran\u00e7a P\u00fablica e Transporte","article_published_time":"2013-05-29T06:00:00+00:00","author":"mosite","twitter_card":"summary_large_image","twitter_misc":{"Escrito por":"mosite","Est. tempo de leitura":"2 minutos"},"schema":{"@context":"https:\/\/schema.org","@graph":[{"@type":"WebPage","@id":"https:\/\/www.pmpf.rs.gov.br\/secretaria-de-seguranca-publica\/2013\/05\/29\/prefeitura-participa-de-discussao-sobre-nova-legislacao-de-prevencao-a-incendios-6872\/","url":"https:\/\/www.pmpf.rs.gov.br\/secretaria-de-seguranca-publica\/2013\/05\/29\/prefeitura-participa-de-discussao-sobre-nova-legislacao-de-prevencao-a-incendios-6872\/","name":"Prefeitura participa de discuss\u00e3o sobre nova legisla\u00e7\u00e3o de preven\u00e7\u00e3o a inc\u00eandios - Secretaria de Seguran\u00e7a P\u00fablica e Transporte","isPartOf":{"@id":"https:\/\/www.pmpf.rs.gov.br\/secretaria-de-seguranca-publica\/#website"},"datePublished":"2013-05-29T06:00:00+00:00","dateModified":"2013-05-29T06:00:00+00:00","author":{"@id":"https:\/\/www.pmpf.rs.gov.br\/secretaria-de-seguranca-publica\/#\/schema\/person\/0c355b0fa68a7aa986c8594f7a60a2d7"},"breadcrumb":{"@id":"https:\/\/www.pmpf.rs.gov.br\/secretaria-de-seguranca-publica\/2013\/05\/29\/prefeitura-participa-de-discussao-sobre-nova-legislacao-de-prevencao-a-incendios-6872\/#breadcrumb"},"inLanguage":"pt-BR","potentialAction":[{"@type":"ReadAction","target":["https:\/\/www.pmpf.rs.gov.br\/secretaria-de-seguranca-publica\/2013\/05\/29\/prefeitura-participa-de-discussao-sobre-nova-legislacao-de-prevencao-a-incendios-6872\/"]}]},{"@type":"BreadcrumbList","@id":"https:\/\/www.pmpf.rs.gov.br\/secretaria-de-seguranca-publica\/2013\/05\/29\/prefeitura-participa-de-discussao-sobre-nova-legislacao-de-prevencao-a-incendios-6872\/#breadcrumb","itemListElement":[{"@type":"ListItem","position":1,"name":"In\u00edcio","item":"https:\/\/www.pmpf.rs.gov.br\/secretaria-de-seguranca-publica\/"},{"@type":"ListItem","position":2,"name":"Prefeitura participa de discuss\u00e3o sobre nova legisla\u00e7\u00e3o de preven\u00e7\u00e3o a inc\u00eandios"}]},{"@type":"WebSite","@id":"https:\/\/www.pmpf.rs.gov.br\/secretaria-de-seguranca-publica\/#website","url":"https:\/\/www.pmpf.rs.gov.br\/secretaria-de-seguranca-publica\/","name":"Secretaria de Seguran\u00e7a P\u00fablica e Transporte","description":"S\u00f3 mais um site Prefeitura de Passo Fundo","potentialAction":[{"@type":"SearchAction","target":{"@type":"EntryPoint","urlTemplate":"https:\/\/www.pmpf.rs.gov.br\/secretaria-de-seguranca-publica\/?s={search_term_string}"},"query-input":{"@type":"PropertyValueSpecification","valueRequired":true,"valueName":"search_term_string"}}],"inLanguage":"pt-BR"},{"@type":"Person","@id":"https:\/\/www.pmpf.rs.gov.br\/secretaria-de-seguranca-publica\/#\/schema\/person\/0c355b0fa68a7aa986c8594f7a60a2d7","name":"mosite","image":{"@type":"ImageObject","inLanguage":"pt-BR","@id":"https:\/\/www.pmpf.rs.gov.br\/secretaria-de-seguranca-publica\/#\/schema\/person\/image\/","url":"https:\/\/secure.gravatar.com\/avatar\/63d72595d6cecfe12bd8a94829d5a26c?s=96&d=mm&r=g","contentUrl":"https:\/\/secure.gravatar.com\/avatar\/63d72595d6cecfe12bd8a94829d5a26c?s=96&d=mm&r=g","caption":"mosite"},"sameAs":["http:\/\/example.com"],"url":"https:\/\/www.pmpf.rs.gov.br\/secretaria-de-seguranca-publica\/author\/mosite\/"}]}},"_links":{"self":[{"href":"https:\/\/www.pmpf.rs.gov.br\/secretaria-de-seguranca-publica\/wp-json\/wp\/v2\/posts\/148"}],"collection":[{"href":"https:\/\/www.pmpf.rs.gov.br\/secretaria-de-seguranca-publica\/wp-json\/wp\/v2\/posts"}],"about":[{"href":"https:\/\/www.pmpf.rs.gov.br\/secretaria-de-seguranca-publica\/wp-json\/wp\/v2\/types\/post"}],"author":[{"embeddable":true,"href":"https:\/\/www.pmpf.rs.gov.br\/secretaria-de-seguranca-publica\/wp-json\/wp\/v2\/users\/1"}],"replies":[{"embeddable":true,"href":"https:\/\/www.pmpf.rs.gov.br\/secretaria-de-seguranca-publica\/wp-json\/wp\/v2\/comments?post=148"}],"version-history":[{"count":0,"href":"https:\/\/www.pmpf.rs.gov.br\/secretaria-de-seguranca-publica\/wp-json\/wp\/v2\/posts\/148\/revisions"}],"wp:attachment":[{"href":"https:\/\/www.pmpf.rs.gov.br\/secretaria-de-seguranca-publica\/wp-json\/wp\/v2\/media?parent=148"}],"wp:term":[{"taxonomy":"category","embeddable":true,"href":"https:\/\/www.pmpf.rs.gov.br\/secretaria-de-seguranca-publica\/wp-json\/wp\/v2\/categories?post=148"},{"taxonomy":"post_tag","embeddable":true,"href":"https:\/\/www.pmpf.rs.gov.br\/secretaria-de-seguranca-publica\/wp-json\/wp\/v2\/tags?post=148"}],"curies":[{"name":"wp","href":"https:\/\/api.w.org\/{rel}","templated":true}]}}