{"id":145,"date":"2013-06-08T03:00:00","date_gmt":"2013-06-08T06:00:00","guid":{"rendered":"https:\/\/www.pmpf.rs.gov.br\/secretaria-de-seguranca-publica\/2013\/06\/08\/prefeitura-participa-de-debate-sobre-politicas-de-seguranca-na-assembleia-6926\/"},"modified":"2013-06-08T03:00:00","modified_gmt":"2013-06-08T06:00:00","slug":"prefeitura-participa-de-debate-sobre-politicas-de-seguranca-na-assembleia-6926","status":"publish","type":"post","link":"https:\/\/www.pmpf.rs.gov.br\/secretaria-de-seguranca-publica\/2013\/06\/08\/prefeitura-participa-de-debate-sobre-politicas-de-seguranca-na-assembleia-6926\/","title":{"rendered":"Prefeitura participa de debate sobre pol\u00edticas de seguran\u00e7a na Assembl\u00e9ia"},"content":{"rendered":"<p style=\"margin-bottom: 0cm\">A import\u00e2ncia do Gabinete de Gest\u00e3o Integrada Municipal nas pol\u00edticas p\u00fablicas de seguran\u00e7a foi tema de debate de um semin\u00e1rio realizado nesta sexta-feira, 07, na Assembleia Legislativa do RS, promovido pela Comiss\u00e3o de Seguran\u00e7a e Servi\u00e7os P\u00fablicos. <\/p>\n<p style=\"margin-bottom: 0cm\">Conforme ressalta o secret\u00e1rio municipal de Seguran\u00e7a P\u00fablica, Gilmar Teixeira Lopes, que representou a Prefeitura de Passo Fundo no evento, a inten\u00e7\u00e3o foi buscar uma proposta de inova\u00e7\u00e3o estrat\u00e9gica aos modelos atuais. \u201cEstou convencido de que \u00e9 preciso se relacionar com a comunidade, a fim de diagnosticar, avaliar e implantar as estrat\u00e9gias de uma nova gest\u00e3o de pol\u00edtica p\u00fablica de seguran\u00e7a para o enfrentamento da criminalidade. Todos os procedimentos devem ser realizados em conjunto com os demais \u00f3rg\u00e3os de seguran\u00e7a\u201d, disse o secret\u00e1rio. <\/p>\n<p style=\"margin-bottom: 0cm\">Ele ainda ressalta que, nesta nova gest\u00e3o de pol\u00edtica p\u00fablica proposta no debate, \u00e9 importante que sejam coletados dados operacionais estrat\u00e9gicos para an\u00e1lise junto ao observat\u00f3rio e que devem ser analisados pelo Gabinete de Gest\u00e3o Integrada \u2013 GGI. Desta forma poder\u00e3o ser adotados procedimentos de preven\u00e7\u00e3o em defesa da sociedade. <\/p>\n","protected":false},"excerpt":{"rendered":"<p>Prefeitura participa de debate sobre pol\u00edticas de seguran\u00e7a na Assembleia Legislativa do RS<\/p>\n","protected":false},"author":1,"featured_media":0,"comment_status":"open","ping_status":"open","sticky":false,"template":"","format":"standard","meta":{"footnotes":""},"categories":[],"tags":[],"class_list":["post-145","post","type-post","status-publish","format-standard","hentry"],"yoast_head":"<!-- This site is optimized with the Yoast SEO plugin v23.8 - https:\/\/yoast.com\/wordpress\/plugins\/seo\/ -->\n<title>Prefeitura participa de debate sobre pol\u00edticas de seguran\u00e7a na Assembl\u00e9ia - Secretaria de Seguran\u00e7a P\u00fablica e Transporte<\/title>\n<meta name=\"robots\" content=\"index, follow, max-snippet:-1, max-image-preview:large, max-video-preview:-1\" \/>\n<link rel=\"canonical\" href=\"https:\/\/www.pmpf.rs.gov.br\/secretaria-de-seguranca-publica\/2013\/06\/08\/prefeitura-participa-de-debate-sobre-politicas-de-seguranca-na-assembleia-6926\/\" \/>\n<meta property=\"og:locale\" content=\"pt_BR\" \/>\n<meta property=\"og:type\" content=\"article\" \/>\n<meta property=\"og:title\" content=\"Prefeitura participa de debate sobre pol\u00edticas de seguran\u00e7a na Assembl\u00e9ia - Secretaria de Seguran\u00e7a P\u00fablica e Transporte\" \/>\n<meta property=\"og:description\" content=\"Prefeitura participa de debate sobre pol\u00edticas de seguran\u00e7a na Assembleia Legislativa do RS\" \/>\n<meta property=\"og:url\" content=\"https:\/\/www.pmpf.rs.gov.br\/secretaria-de-seguranca-publica\/2013\/06\/08\/prefeitura-participa-de-debate-sobre-politicas-de-seguranca-na-assembleia-6926\/\" \/>\n<meta property=\"og:site_name\" content=\"Secretaria de Seguran\u00e7a P\u00fablica e Transporte\" \/>\n<meta property=\"article:published_time\" content=\"2013-06-08T06:00:00+00:00\" \/>\n<meta name=\"author\" content=\"mosite\" \/>\n<meta name=\"twitter:card\" content=\"summary_large_image\" \/>\n<meta name=\"twitter:label1\" content=\"Escrito por\" \/>\n\t<meta name=\"twitter:data1\" content=\"mosite\" \/>\n\t<meta name=\"twitter:label2\" content=\"Est. tempo de leitura\" \/>\n\t<meta name=\"twitter:data2\" content=\"1 minuto\" \/>\n<script type=\"application\/ld+json\" class=\"yoast-schema-graph\">{\"@context\":\"https:\/\/schema.org\",\"@graph\":[{\"@type\":\"WebPage\",\"@id\":\"https:\/\/www.pmpf.rs.gov.br\/secretaria-de-seguranca-publica\/2013\/06\/08\/prefeitura-participa-de-debate-sobre-politicas-de-seguranca-na-assembleia-6926\/\",\"url\":\"https:\/\/www.pmpf.rs.gov.br\/secretaria-de-seguranca-publica\/2013\/06\/08\/prefeitura-participa-de-debate-sobre-politicas-de-seguranca-na-assembleia-6926\/\",\"name\":\"Prefeitura participa de debate sobre pol\u00edticas de seguran\u00e7a na Assembl\u00e9ia - Secretaria de Seguran\u00e7a P\u00fablica e Transporte\",\"isPartOf\":{\"@id\":\"https:\/\/www.pmpf.rs.gov.br\/secretaria-de-seguranca-publica\/#website\"},\"datePublished\":\"2013-06-08T06:00:00+00:00\",\"dateModified\":\"2013-06-08T06:00:00+00:00\",\"author\":{\"@id\":\"https:\/\/www.pmpf.rs.gov.br\/secretaria-de-seguranca-publica\/#\/schema\/person\/0c355b0fa68a7aa986c8594f7a60a2d7\"},\"breadcrumb\":{\"@id\":\"https:\/\/www.pmpf.rs.gov.br\/secretaria-de-seguranca-publica\/2013\/06\/08\/prefeitura-participa-de-debate-sobre-politicas-de-seguranca-na-assembleia-6926\/#breadcrumb\"},\"inLanguage\":\"pt-BR\",\"potentialAction\":[{\"@type\":\"ReadAction\",\"target\":[\"https:\/\/www.pmpf.rs.gov.br\/secretaria-de-seguranca-publica\/2013\/06\/08\/prefeitura-participa-de-debate-sobre-politicas-de-seguranca-na-assembleia-6926\/\"]}]},{\"@type\":\"BreadcrumbList\",\"@id\":\"https:\/\/www.pmpf.rs.gov.br\/secretaria-de-seguranca-publica\/2013\/06\/08\/prefeitura-participa-de-debate-sobre-politicas-de-seguranca-na-assembleia-6926\/#breadcrumb\",\"itemListElement\":[{\"@type\":\"ListItem\",\"position\":1,\"name\":\"In\u00edcio\",\"item\":\"https:\/\/www.pmpf.rs.gov.br\/secretaria-de-seguranca-publica\/\"},{\"@type\":\"ListItem\",\"position\":2,\"name\":\"Prefeitura participa de debate sobre pol\u00edticas de seguran\u00e7a na Assembl\u00e9ia\"}]},{\"@type\":\"WebSite\",\"@id\":\"https:\/\/www.pmpf.rs.gov.br\/secretaria-de-seguranca-publica\/#website\",\"url\":\"https:\/\/www.pmpf.rs.gov.br\/secretaria-de-seguranca-publica\/\",\"name\":\"Secretaria de Seguran\u00e7a P\u00fablica e Transporte\",\"description\":\"S\u00f3 mais um site Prefeitura de Passo Fundo\",\"potentialAction\":[{\"@type\":\"SearchAction\",\"target\":{\"@type\":\"EntryPoint\",\"urlTemplate\":\"https:\/\/www.pmpf.rs.gov.br\/secretaria-de-seguranca-publica\/?s={search_term_string}\"},\"query-input\":{\"@type\":\"PropertyValueSpecification\",\"valueRequired\":true,\"valueName\":\"search_term_string\"}}],\"inLanguage\":\"pt-BR\"},{\"@type\":\"Person\",\"@id\":\"https:\/\/www.pmpf.rs.gov.br\/secretaria-de-seguranca-publica\/#\/schema\/person\/0c355b0fa68a7aa986c8594f7a60a2d7\",\"name\":\"mosite\",\"image\":{\"@type\":\"ImageObject\",\"inLanguage\":\"pt-BR\",\"@id\":\"https:\/\/www.pmpf.rs.gov.br\/secretaria-de-seguranca-publica\/#\/schema\/person\/image\/\",\"url\":\"https:\/\/secure.gravatar.com\/avatar\/63d72595d6cecfe12bd8a94829d5a26c?s=96&d=mm&r=g\",\"contentUrl\":\"https:\/\/secure.gravatar.com\/avatar\/63d72595d6cecfe12bd8a94829d5a26c?s=96&d=mm&r=g\",\"caption\":\"mosite\"},\"sameAs\":[\"http:\/\/example.com\"],\"url\":\"https:\/\/www.pmpf.rs.gov.br\/secretaria-de-seguranca-publica\/author\/mosite\/\"}]}<\/script>\n<!-- \/ Yoast SEO plugin. -->","yoast_head_json":{"title":"Prefeitura participa de debate sobre pol\u00edticas de seguran\u00e7a na Assembl\u00e9ia - Secretaria de Seguran\u00e7a P\u00fablica e Transporte","robots":{"index":"index","follow":"follow","max-snippet":"max-snippet:-1","max-image-preview":"max-image-preview:large","max-video-preview":"max-video-preview:-1"},"canonical":"https:\/\/www.pmpf.rs.gov.br\/secretaria-de-seguranca-publica\/2013\/06\/08\/prefeitura-participa-de-debate-sobre-politicas-de-seguranca-na-assembleia-6926\/","og_locale":"pt_BR","og_type":"article","og_title":"Prefeitura participa de debate sobre pol\u00edticas de seguran\u00e7a na Assembl\u00e9ia - Secretaria de Seguran\u00e7a P\u00fablica e Transporte","og_description":"Prefeitura participa de debate sobre pol\u00edticas de seguran\u00e7a na Assembleia Legislativa do RS","og_url":"https:\/\/www.pmpf.rs.gov.br\/secretaria-de-seguranca-publica\/2013\/06\/08\/prefeitura-participa-de-debate-sobre-politicas-de-seguranca-na-assembleia-6926\/","og_site_name":"Secretaria de Seguran\u00e7a P\u00fablica e Transporte","article_published_time":"2013-06-08T06:00:00+00:00","author":"mosite","twitter_card":"summary_large_image","twitter_misc":{"Escrito por":"mosite","Est. tempo de leitura":"1 minuto"},"schema":{"@context":"https:\/\/schema.org","@graph":[{"@type":"WebPage","@id":"https:\/\/www.pmpf.rs.gov.br\/secretaria-de-seguranca-publica\/2013\/06\/08\/prefeitura-participa-de-debate-sobre-politicas-de-seguranca-na-assembleia-6926\/","url":"https:\/\/www.pmpf.rs.gov.br\/secretaria-de-seguranca-publica\/2013\/06\/08\/prefeitura-participa-de-debate-sobre-politicas-de-seguranca-na-assembleia-6926\/","name":"Prefeitura participa de debate sobre pol\u00edticas de seguran\u00e7a na Assembl\u00e9ia - Secretaria de Seguran\u00e7a P\u00fablica e Transporte","isPartOf":{"@id":"https:\/\/www.pmpf.rs.gov.br\/secretaria-de-seguranca-publica\/#website"},"datePublished":"2013-06-08T06:00:00+00:00","dateModified":"2013-06-08T06:00:00+00:00","author":{"@id":"https:\/\/www.pmpf.rs.gov.br\/secretaria-de-seguranca-publica\/#\/schema\/person\/0c355b0fa68a7aa986c8594f7a60a2d7"},"breadcrumb":{"@id":"https:\/\/www.pmpf.rs.gov.br\/secretaria-de-seguranca-publica\/2013\/06\/08\/prefeitura-participa-de-debate-sobre-politicas-de-seguranca-na-assembleia-6926\/#breadcrumb"},"inLanguage":"pt-BR","potentialAction":[{"@type":"ReadAction","target":["https:\/\/www.pmpf.rs.gov.br\/secretaria-de-seguranca-publica\/2013\/06\/08\/prefeitura-participa-de-debate-sobre-politicas-de-seguranca-na-assembleia-6926\/"]}]},{"@type":"BreadcrumbList","@id":"https:\/\/www.pmpf.rs.gov.br\/secretaria-de-seguranca-publica\/2013\/06\/08\/prefeitura-participa-de-debate-sobre-politicas-de-seguranca-na-assembleia-6926\/#breadcrumb","itemListElement":[{"@type":"ListItem","position":1,"name":"In\u00edcio","item":"https:\/\/www.pmpf.rs.gov.br\/secretaria-de-seguranca-publica\/"},{"@type":"ListItem","position":2,"name":"Prefeitura participa de debate sobre pol\u00edticas de seguran\u00e7a na Assembl\u00e9ia"}]},{"@type":"WebSite","@id":"https:\/\/www.pmpf.rs.gov.br\/secretaria-de-seguranca-publica\/#website","url":"https:\/\/www.pmpf.rs.gov.br\/secretaria-de-seguranca-publica\/","name":"Secretaria de Seguran\u00e7a P\u00fablica e Transporte","description":"S\u00f3 mais um site Prefeitura de Passo Fundo","potentialAction":[{"@type":"SearchAction","target":{"@type":"EntryPoint","urlTemplate":"https:\/\/www.pmpf.rs.gov.br\/secretaria-de-seguranca-publica\/?s={search_term_string}"},"query-input":{"@type":"PropertyValueSpecification","valueRequired":true,"valueName":"search_term_string"}}],"inLanguage":"pt-BR"},{"@type":"Person","@id":"https:\/\/www.pmpf.rs.gov.br\/secretaria-de-seguranca-publica\/#\/schema\/person\/0c355b0fa68a7aa986c8594f7a60a2d7","name":"mosite","image":{"@type":"ImageObject","inLanguage":"pt-BR","@id":"https:\/\/www.pmpf.rs.gov.br\/secretaria-de-seguranca-publica\/#\/schema\/person\/image\/","url":"https:\/\/secure.gravatar.com\/avatar\/63d72595d6cecfe12bd8a94829d5a26c?s=96&d=mm&r=g","contentUrl":"https:\/\/secure.gravatar.com\/avatar\/63d72595d6cecfe12bd8a94829d5a26c?s=96&d=mm&r=g","caption":"mosite"},"sameAs":["http:\/\/example.com"],"url":"https:\/\/www.pmpf.rs.gov.br\/secretaria-de-seguranca-publica\/author\/mosite\/"}]}},"_links":{"self":[{"href":"https:\/\/www.pmpf.rs.gov.br\/secretaria-de-seguranca-publica\/wp-json\/wp\/v2\/posts\/145"}],"collection":[{"href":"https:\/\/www.pmpf.rs.gov.br\/secretaria-de-seguranca-publica\/wp-json\/wp\/v2\/posts"}],"about":[{"href":"https:\/\/www.pmpf.rs.gov.br\/secretaria-de-seguranca-publica\/wp-json\/wp\/v2\/types\/post"}],"author":[{"embeddable":true,"href":"https:\/\/www.pmpf.rs.gov.br\/secretaria-de-seguranca-publica\/wp-json\/wp\/v2\/users\/1"}],"replies":[{"embeddable":true,"href":"https:\/\/www.pmpf.rs.gov.br\/secretaria-de-seguranca-publica\/wp-json\/wp\/v2\/comments?post=145"}],"version-history":[{"count":0,"href":"https:\/\/www.pmpf.rs.gov.br\/secretaria-de-seguranca-publica\/wp-json\/wp\/v2\/posts\/145\/revisions"}],"wp:attachment":[{"href":"https:\/\/www.pmpf.rs.gov.br\/secretaria-de-seguranca-publica\/wp-json\/wp\/v2\/media?parent=145"}],"wp:term":[{"taxonomy":"category","embeddable":true,"href":"https:\/\/www.pmpf.rs.gov.br\/secretaria-de-seguranca-publica\/wp-json\/wp\/v2\/categories?post=145"},{"taxonomy":"post_tag","embeddable":true,"href":"https:\/\/www.pmpf.rs.gov.br\/secretaria-de-seguranca-publica\/wp-json\/wp\/v2\/tags?post=145"}],"curies":[{"name":"wp","href":"https:\/\/api.w.org\/{rel}","templated":true}]}}