{"id":1373,"date":"2026-03-16T10:17:45","date_gmt":"2026-03-16T13:17:45","guid":{"rendered":"https:\/\/www.pmpf.rs.gov.br\/secretaria-de-seguranca-publica\/?p=1373"},"modified":"2026-03-16T10:17:48","modified_gmt":"2026-03-16T13:17:48","slug":"operacao-fim-de-festa-aborda-motociclistas-e-registra-autuacoes-em-passo-fundo","status":"publish","type":"post","link":"https:\/\/www.pmpf.rs.gov.br\/secretaria-de-seguranca-publica\/2026\/03\/16\/operacao-fim-de-festa-aborda-motociclistas-e-registra-autuacoes-em-passo-fundo\/","title":{"rendered":"Opera\u00e7\u00e3o \u201cFim de Festa\u201d aborda motociclistas e registra autua\u00e7\u00f5es em Passo Fundo"},"content":{"rendered":"\n<p><\/p>\n\n\n\n<p>Na manh\u00e3 deste s\u00e1bado (14), a Secretaria de Seguran\u00e7a e Transportes, por meio da Guarda Municipal de Tr\u00e2nsito Prefeitura de Passo Fundo realizou mais uma edi\u00e7\u00e3o da opera\u00e7\u00e3o \u201cFim de Festa\u201d.<\/p>\n\n\n\n<p>A a\u00e7\u00e3o ocorreu na \u00e1rea central e no bairro Petr\u00f3polis. Durante a opera\u00e7\u00e3o, diversos condutores foram autuados por recusa ao teste do etil\u00f4metro (baf\u00f4metro).<\/p>\n\n\n\n<p>Em uma das ocorr\u00eancias, um condutor tentou fugir da abordagem dos agentes, desobedecendo \u00e0s ordens de parada e dirigindo de forma perigosa. Durante a tentativa de evas\u00e3o, ele se envolveu em um acidente com outras motocicletas que tamb\u00e9m tentavam fugir da fiscaliza\u00e7\u00e3o.<br>O motorista foi socorrido e encaminhado ao hospital.<\/p>\n\n\n\n<p>A ocorr\u00eancia por desobedi\u00eancia e dire\u00e7\u00e3o perigosa foi registrada na Delegacia de Pol\u00edcia de Pronto Atendimento (DPPA).<br>De acordo com os agentes, as motocicletas foram abordadas ap\u00f3s den\u00fancias de que estariam acelerando e provocando ru\u00eddos excessivos, perturbando o sossego de moradores da regi\u00e3o.<\/p>\n\n\n\n<p>A Prefeitura de Passo Fundo destaca que seguir\u00e1 realizando opera\u00e7\u00f5es de fiscaliza\u00e7\u00e3o no tr\u00e2nsito com foco na seguran\u00e7a e na preserva\u00e7\u00e3o da ordem p\u00fablica, em especial aos finais de semana.<\/p>\n","protected":false},"excerpt":{"rendered":"<p>Na manh\u00e3 deste s\u00e1bado (14), a Secretaria de Seguran\u00e7a e Transportes, por meio da Guarda Municipal de Tr\u00e2nsito Prefeitura de Passo Fundo realizou mais uma edi\u00e7\u00e3o da opera\u00e7\u00e3o \u201cFim de Festa\u201d. A [&hellip;]<\/p>\n","protected":false},"author":24,"featured_media":1374,"comment_status":"closed","ping_status":"closed","sticky":false,"template":"","format":"standard","meta":{"footnotes":""},"categories":[1],"tags":[],"class_list":["post-1373","post","type-post","status-publish","format-standard","has-post-thumbnail","hentry","category-sem-categoria"],"yoast_head":"<!-- This site is optimized with the Yoast SEO plugin v23.8 - https:\/\/yoast.com\/wordpress\/plugins\/seo\/ -->\n<title>Opera\u00e7\u00e3o \u201cFim de Festa\u201d aborda motociclistas e registra autua\u00e7\u00f5es em Passo Fundo - Secretaria de Seguran\u00e7a P\u00fablica e Transporte<\/title>\n<meta name=\"robots\" content=\"index, follow, max-snippet:-1, max-image-preview:large, max-video-preview:-1\" \/>\n<link rel=\"canonical\" href=\"https:\/\/www.pmpf.rs.gov.br\/secretaria-de-seguranca-publica\/2026\/03\/16\/operacao-fim-de-festa-aborda-motociclistas-e-registra-autuacoes-em-passo-fundo\/\" \/>\n<meta property=\"og:locale\" content=\"pt_BR\" \/>\n<meta property=\"og:type\" content=\"article\" \/>\n<meta property=\"og:title\" content=\"Opera\u00e7\u00e3o \u201cFim de Festa\u201d aborda motociclistas e registra autua\u00e7\u00f5es em Passo Fundo - Secretaria de Seguran\u00e7a P\u00fablica e Transporte\" \/>\n<meta property=\"og:description\" content=\"Na manh\u00e3 deste s\u00e1bado (14), a Secretaria de Seguran\u00e7a e Transportes, por meio da Guarda Municipal de Tr\u00e2nsito Prefeitura de Passo Fundo realizou mais uma edi\u00e7\u00e3o da opera\u00e7\u00e3o \u201cFim de Festa\u201d. A [&hellip;]\" \/>\n<meta property=\"og:url\" content=\"https:\/\/www.pmpf.rs.gov.br\/secretaria-de-seguranca-publica\/2026\/03\/16\/operacao-fim-de-festa-aborda-motociclistas-e-registra-autuacoes-em-passo-fundo\/\" \/>\n<meta property=\"og:site_name\" content=\"Secretaria de Seguran\u00e7a P\u00fablica e Transporte\" \/>\n<meta property=\"article:published_time\" content=\"2026-03-16T13:17:45+00:00\" \/>\n<meta property=\"article:modified_time\" content=\"2026-03-16T13:17:48+00:00\" \/>\n<meta name=\"author\" content=\"lilicrivello\" \/>\n<meta name=\"twitter:card\" content=\"summary_large_image\" \/>\n<meta name=\"twitter:label1\" content=\"Escrito por\" \/>\n\t<meta name=\"twitter:data1\" content=\"lilicrivello\" \/>\n\t<meta name=\"twitter:label2\" content=\"Est. tempo de leitura\" \/>\n\t<meta name=\"twitter:data2\" content=\"1 minuto\" \/>\n<script type=\"application\/ld+json\" class=\"yoast-schema-graph\">{\"@context\":\"https:\/\/schema.org\",\"@graph\":[{\"@type\":\"WebPage\",\"@id\":\"https:\/\/www.pmpf.rs.gov.br\/secretaria-de-seguranca-publica\/2026\/03\/16\/operacao-fim-de-festa-aborda-motociclistas-e-registra-autuacoes-em-passo-fundo\/\",\"url\":\"https:\/\/www.pmpf.rs.gov.br\/secretaria-de-seguranca-publica\/2026\/03\/16\/operacao-fim-de-festa-aborda-motociclistas-e-registra-autuacoes-em-passo-fundo\/\",\"name\":\"Opera\u00e7\u00e3o \u201cFim de Festa\u201d aborda motociclistas e registra autua\u00e7\u00f5es em Passo Fundo - Secretaria de Seguran\u00e7a P\u00fablica e Transporte\",\"isPartOf\":{\"@id\":\"https:\/\/www.pmpf.rs.gov.br\/secretaria-de-seguranca-publica\/#website\"},\"primaryImageOfPage\":{\"@id\":\"https:\/\/www.pmpf.rs.gov.br\/secretaria-de-seguranca-publica\/2026\/03\/16\/operacao-fim-de-festa-aborda-motociclistas-e-registra-autuacoes-em-passo-fundo\/#primaryimage\"},\"image\":{\"@id\":\"https:\/\/www.pmpf.rs.gov.br\/secretaria-de-seguranca-publica\/2026\/03\/16\/operacao-fim-de-festa-aborda-motociclistas-e-registra-autuacoes-em-passo-fundo\/#primaryimage\"},\"thumbnailUrl\":\"https:\/\/www.pmpf.rs.gov.br\/secretaria-de-seguranca-publica\/wp-content\/uploads\/sites\/54\/2026\/03\/WhatsApp-Image-2026-03-14-at-13.12.08.jpeg\",\"datePublished\":\"2026-03-16T13:17:45+00:00\",\"dateModified\":\"2026-03-16T13:17:48+00:00\",\"author\":{\"@id\":\"https:\/\/www.pmpf.rs.gov.br\/secretaria-de-seguranca-publica\/#\/schema\/person\/6e93b0ab2174b69f691ac4f278ba2d0a\"},\"breadcrumb\":{\"@id\":\"https:\/\/www.pmpf.rs.gov.br\/secretaria-de-seguranca-publica\/2026\/03\/16\/operacao-fim-de-festa-aborda-motociclistas-e-registra-autuacoes-em-passo-fundo\/#breadcrumb\"},\"inLanguage\":\"pt-BR\",\"potentialAction\":[{\"@type\":\"ReadAction\",\"target\":[\"https:\/\/www.pmpf.rs.gov.br\/secretaria-de-seguranca-publica\/2026\/03\/16\/operacao-fim-de-festa-aborda-motociclistas-e-registra-autuacoes-em-passo-fundo\/\"]}]},{\"@type\":\"ImageObject\",\"inLanguage\":\"pt-BR\",\"@id\":\"https:\/\/www.pmpf.rs.gov.br\/secretaria-de-seguranca-publica\/2026\/03\/16\/operacao-fim-de-festa-aborda-motociclistas-e-registra-autuacoes-em-passo-fundo\/#primaryimage\",\"url\":\"https:\/\/www.pmpf.rs.gov.br\/secretaria-de-seguranca-publica\/wp-content\/uploads\/sites\/54\/2026\/03\/WhatsApp-Image-2026-03-14-at-13.12.08.jpeg\",\"contentUrl\":\"https:\/\/www.pmpf.rs.gov.br\/secretaria-de-seguranca-publica\/wp-content\/uploads\/sites\/54\/2026\/03\/WhatsApp-Image-2026-03-14-at-13.12.08.jpeg\",\"width\":1200,\"height\":1600},{\"@type\":\"BreadcrumbList\",\"@id\":\"https:\/\/www.pmpf.rs.gov.br\/secretaria-de-seguranca-publica\/2026\/03\/16\/operacao-fim-de-festa-aborda-motociclistas-e-registra-autuacoes-em-passo-fundo\/#breadcrumb\",\"itemListElement\":[{\"@type\":\"ListItem\",\"position\":1,\"name\":\"In\u00edcio\",\"item\":\"https:\/\/www.pmpf.rs.gov.br\/secretaria-de-seguranca-publica\/\"},{\"@type\":\"ListItem\",\"position\":2,\"name\":\"Opera\u00e7\u00e3o \u201cFim de Festa\u201d aborda motociclistas e registra autua\u00e7\u00f5es em Passo Fundo\"}]},{\"@type\":\"WebSite\",\"@id\":\"https:\/\/www.pmpf.rs.gov.br\/secretaria-de-seguranca-publica\/#website\",\"url\":\"https:\/\/www.pmpf.rs.gov.br\/secretaria-de-seguranca-publica\/\",\"name\":\"Secretaria de Seguran\u00e7a P\u00fablica e Transporte\",\"description\":\"S\u00f3 mais um site Prefeitura de Passo Fundo\",\"potentialAction\":[{\"@type\":\"SearchAction\",\"target\":{\"@type\":\"EntryPoint\",\"urlTemplate\":\"https:\/\/www.pmpf.rs.gov.br\/secretaria-de-seguranca-publica\/?s={search_term_string}\"},\"query-input\":{\"@type\":\"PropertyValueSpecification\",\"valueRequired\":true,\"valueName\":\"search_term_string\"}}],\"inLanguage\":\"pt-BR\"},{\"@type\":\"Person\",\"@id\":\"https:\/\/www.pmpf.rs.gov.br\/secretaria-de-seguranca-publica\/#\/schema\/person\/6e93b0ab2174b69f691ac4f278ba2d0a\",\"name\":\"lilicrivello\",\"image\":{\"@type\":\"ImageObject\",\"inLanguage\":\"pt-BR\",\"@id\":\"https:\/\/www.pmpf.rs.gov.br\/secretaria-de-seguranca-publica\/#\/schema\/person\/image\/\",\"url\":\"https:\/\/secure.gravatar.com\/avatar\/0b546b667388f8edb7b67d70a57b5e46?s=96&d=mm&r=g\",\"contentUrl\":\"https:\/\/secure.gravatar.com\/avatar\/0b546b667388f8edb7b67d70a57b5e46?s=96&d=mm&r=g\",\"caption\":\"lilicrivello\"},\"url\":\"https:\/\/www.pmpf.rs.gov.br\/secretaria-de-seguranca-publica\/author\/lilicrivello\/\"}]}<\/script>\n<!-- \/ Yoast SEO plugin. -->","yoast_head_json":{"title":"Opera\u00e7\u00e3o \u201cFim de Festa\u201d aborda motociclistas e registra autua\u00e7\u00f5es em Passo Fundo - Secretaria de Seguran\u00e7a P\u00fablica e Transporte","robots":{"index":"index","follow":"follow","max-snippet":"max-snippet:-1","max-image-preview":"max-image-preview:large","max-video-preview":"max-video-preview:-1"},"canonical":"https:\/\/www.pmpf.rs.gov.br\/secretaria-de-seguranca-publica\/2026\/03\/16\/operacao-fim-de-festa-aborda-motociclistas-e-registra-autuacoes-em-passo-fundo\/","og_locale":"pt_BR","og_type":"article","og_title":"Opera\u00e7\u00e3o \u201cFim de Festa\u201d aborda motociclistas e registra autua\u00e7\u00f5es em Passo Fundo - Secretaria de Seguran\u00e7a P\u00fablica e Transporte","og_description":"Na manh\u00e3 deste s\u00e1bado (14), a Secretaria de Seguran\u00e7a e Transportes, por meio da Guarda Municipal de Tr\u00e2nsito Prefeitura de Passo Fundo realizou mais uma edi\u00e7\u00e3o da opera\u00e7\u00e3o \u201cFim de Festa\u201d. A [&hellip;]","og_url":"https:\/\/www.pmpf.rs.gov.br\/secretaria-de-seguranca-publica\/2026\/03\/16\/operacao-fim-de-festa-aborda-motociclistas-e-registra-autuacoes-em-passo-fundo\/","og_site_name":"Secretaria de Seguran\u00e7a P\u00fablica e Transporte","article_published_time":"2026-03-16T13:17:45+00:00","article_modified_time":"2026-03-16T13:17:48+00:00","author":"lilicrivello","twitter_card":"summary_large_image","twitter_misc":{"Escrito por":"lilicrivello","Est. tempo de leitura":"1 minuto"},"schema":{"@context":"https:\/\/schema.org","@graph":[{"@type":"WebPage","@id":"https:\/\/www.pmpf.rs.gov.br\/secretaria-de-seguranca-publica\/2026\/03\/16\/operacao-fim-de-festa-aborda-motociclistas-e-registra-autuacoes-em-passo-fundo\/","url":"https:\/\/www.pmpf.rs.gov.br\/secretaria-de-seguranca-publica\/2026\/03\/16\/operacao-fim-de-festa-aborda-motociclistas-e-registra-autuacoes-em-passo-fundo\/","name":"Opera\u00e7\u00e3o \u201cFim de Festa\u201d aborda motociclistas e registra autua\u00e7\u00f5es em Passo Fundo - Secretaria de Seguran\u00e7a P\u00fablica e Transporte","isPartOf":{"@id":"https:\/\/www.pmpf.rs.gov.br\/secretaria-de-seguranca-publica\/#website"},"primaryImageOfPage":{"@id":"https:\/\/www.pmpf.rs.gov.br\/secretaria-de-seguranca-publica\/2026\/03\/16\/operacao-fim-de-festa-aborda-motociclistas-e-registra-autuacoes-em-passo-fundo\/#primaryimage"},"image":{"@id":"https:\/\/www.pmpf.rs.gov.br\/secretaria-de-seguranca-publica\/2026\/03\/16\/operacao-fim-de-festa-aborda-motociclistas-e-registra-autuacoes-em-passo-fundo\/#primaryimage"},"thumbnailUrl":"https:\/\/www.pmpf.rs.gov.br\/secretaria-de-seguranca-publica\/wp-content\/uploads\/sites\/54\/2026\/03\/WhatsApp-Image-2026-03-14-at-13.12.08.jpeg","datePublished":"2026-03-16T13:17:45+00:00","dateModified":"2026-03-16T13:17:48+00:00","author":{"@id":"https:\/\/www.pmpf.rs.gov.br\/secretaria-de-seguranca-publica\/#\/schema\/person\/6e93b0ab2174b69f691ac4f278ba2d0a"},"breadcrumb":{"@id":"https:\/\/www.pmpf.rs.gov.br\/secretaria-de-seguranca-publica\/2026\/03\/16\/operacao-fim-de-festa-aborda-motociclistas-e-registra-autuacoes-em-passo-fundo\/#breadcrumb"},"inLanguage":"pt-BR","potentialAction":[{"@type":"ReadAction","target":["https:\/\/www.pmpf.rs.gov.br\/secretaria-de-seguranca-publica\/2026\/03\/16\/operacao-fim-de-festa-aborda-motociclistas-e-registra-autuacoes-em-passo-fundo\/"]}]},{"@type":"ImageObject","inLanguage":"pt-BR","@id":"https:\/\/www.pmpf.rs.gov.br\/secretaria-de-seguranca-publica\/2026\/03\/16\/operacao-fim-de-festa-aborda-motociclistas-e-registra-autuacoes-em-passo-fundo\/#primaryimage","url":"https:\/\/www.pmpf.rs.gov.br\/secretaria-de-seguranca-publica\/wp-content\/uploads\/sites\/54\/2026\/03\/WhatsApp-Image-2026-03-14-at-13.12.08.jpeg","contentUrl":"https:\/\/www.pmpf.rs.gov.br\/secretaria-de-seguranca-publica\/wp-content\/uploads\/sites\/54\/2026\/03\/WhatsApp-Image-2026-03-14-at-13.12.08.jpeg","width":1200,"height":1600},{"@type":"BreadcrumbList","@id":"https:\/\/www.pmpf.rs.gov.br\/secretaria-de-seguranca-publica\/2026\/03\/16\/operacao-fim-de-festa-aborda-motociclistas-e-registra-autuacoes-em-passo-fundo\/#breadcrumb","itemListElement":[{"@type":"ListItem","position":1,"name":"In\u00edcio","item":"https:\/\/www.pmpf.rs.gov.br\/secretaria-de-seguranca-publica\/"},{"@type":"ListItem","position":2,"name":"Opera\u00e7\u00e3o \u201cFim de Festa\u201d aborda motociclistas e registra autua\u00e7\u00f5es em Passo Fundo"}]},{"@type":"WebSite","@id":"https:\/\/www.pmpf.rs.gov.br\/secretaria-de-seguranca-publica\/#website","url":"https:\/\/www.pmpf.rs.gov.br\/secretaria-de-seguranca-publica\/","name":"Secretaria de Seguran\u00e7a P\u00fablica e Transporte","description":"S\u00f3 mais um site Prefeitura de Passo Fundo","potentialAction":[{"@type":"SearchAction","target":{"@type":"EntryPoint","urlTemplate":"https:\/\/www.pmpf.rs.gov.br\/secretaria-de-seguranca-publica\/?s={search_term_string}"},"query-input":{"@type":"PropertyValueSpecification","valueRequired":true,"valueName":"search_term_string"}}],"inLanguage":"pt-BR"},{"@type":"Person","@id":"https:\/\/www.pmpf.rs.gov.br\/secretaria-de-seguranca-publica\/#\/schema\/person\/6e93b0ab2174b69f691ac4f278ba2d0a","name":"lilicrivello","image":{"@type":"ImageObject","inLanguage":"pt-BR","@id":"https:\/\/www.pmpf.rs.gov.br\/secretaria-de-seguranca-publica\/#\/schema\/person\/image\/","url":"https:\/\/secure.gravatar.com\/avatar\/0b546b667388f8edb7b67d70a57b5e46?s=96&d=mm&r=g","contentUrl":"https:\/\/secure.gravatar.com\/avatar\/0b546b667388f8edb7b67d70a57b5e46?s=96&d=mm&r=g","caption":"lilicrivello"},"url":"https:\/\/www.pmpf.rs.gov.br\/secretaria-de-seguranca-publica\/author\/lilicrivello\/"}]}},"_links":{"self":[{"href":"https:\/\/www.pmpf.rs.gov.br\/secretaria-de-seguranca-publica\/wp-json\/wp\/v2\/posts\/1373"}],"collection":[{"href":"https:\/\/www.pmpf.rs.gov.br\/secretaria-de-seguranca-publica\/wp-json\/wp\/v2\/posts"}],"about":[{"href":"https:\/\/www.pmpf.rs.gov.br\/secretaria-de-seguranca-publica\/wp-json\/wp\/v2\/types\/post"}],"author":[{"embeddable":true,"href":"https:\/\/www.pmpf.rs.gov.br\/secretaria-de-seguranca-publica\/wp-json\/wp\/v2\/users\/24"}],"replies":[{"embeddable":true,"href":"https:\/\/www.pmpf.rs.gov.br\/secretaria-de-seguranca-publica\/wp-json\/wp\/v2\/comments?post=1373"}],"version-history":[{"count":1,"href":"https:\/\/www.pmpf.rs.gov.br\/secretaria-de-seguranca-publica\/wp-json\/wp\/v2\/posts\/1373\/revisions"}],"predecessor-version":[{"id":1375,"href":"https:\/\/www.pmpf.rs.gov.br\/secretaria-de-seguranca-publica\/wp-json\/wp\/v2\/posts\/1373\/revisions\/1375"}],"wp:featuredmedia":[{"embeddable":true,"href":"https:\/\/www.pmpf.rs.gov.br\/secretaria-de-seguranca-publica\/wp-json\/wp\/v2\/media\/1374"}],"wp:attachment":[{"href":"https:\/\/www.pmpf.rs.gov.br\/secretaria-de-seguranca-publica\/wp-json\/wp\/v2\/media?parent=1373"}],"wp:term":[{"taxonomy":"category","embeddable":true,"href":"https:\/\/www.pmpf.rs.gov.br\/secretaria-de-seguranca-publica\/wp-json\/wp\/v2\/categories?post=1373"},{"taxonomy":"post_tag","embeddable":true,"href":"https:\/\/www.pmpf.rs.gov.br\/secretaria-de-seguranca-publica\/wp-json\/wp\/v2\/tags?post=1373"}],"curies":[{"name":"wp","href":"https:\/\/api.w.org\/{rel}","templated":true}]}}