{"id":1364,"date":"2026-03-10T11:03:58","date_gmt":"2026-03-10T14:03:58","guid":{"rendered":"https:\/\/www.pmpf.rs.gov.br\/secretaria-de-seguranca-publica\/?p=1364"},"modified":"2026-03-10T11:04:00","modified_gmt":"2026-03-10T14:04:00","slug":"prefeitura-reforca-fiscalizacao-no-aeroporto-lauro-kortz-durante-a-expodireto","status":"publish","type":"post","link":"https:\/\/www.pmpf.rs.gov.br\/secretaria-de-seguranca-publica\/2026\/03\/10\/prefeitura-reforca-fiscalizacao-no-aeroporto-lauro-kortz-durante-a-expodireto\/","title":{"rendered":"Prefeitura refor\u00e7a fiscaliza\u00e7\u00e3o no Aeroporto Lauro Kortz durante a Expodireto"},"content":{"rendered":"\n<p><\/p>\n\n\n\n<p>A Prefeitura de Passo Fundo, por meio da Secretaria de Seguran\u00e7a P\u00fablica com a Guarda Municipal de Tr\u00e2nsito intensificou nesta semana as a\u00e7\u00f5es de fiscaliza\u00e7\u00e3o no Aeroporto Lauro Kortz em fun\u00e7\u00e3o do aumento no fluxo de passageiros provocado pela Expodireto Cotrijal, feira do agroneg\u00f3cio realizada em N\u00e3o-Me-Toque at\u00e9 sexta-feira, dia 13.<\/p>\n\n\n\n<p>Os agentes da guarda de tr\u00e2nsito atuam no local e no entorno do aeroporto para organizar o tr\u00e2nsito, orientar visitantes e realizar fiscaliza\u00e7\u00f5es de carros de aplicativo, quanto a licen\u00e7a e valores cobrados. A movimenta\u00e7\u00e3o maior ocorre porque muitos participantes do evento utilizam Passo Fundo como principal ponto de chegada a\u00e9rea na regi\u00e3o para o evento e estadia.<\/p>\n\n\n\n<p>Segundo o secret\u00e1rio da pasta, Tadeu Trindade, o foco principal das a\u00e7\u00f5es, s\u00e3o as abordagens para coibir o transporte clandestino de passageiros. A medida busca garantir que o servi\u00e7o de transporte seja realizado por ve\u00edculos regularizados e dentro das normas de seguran\u00e7a. \u201cDurante toda esta semana, em raz\u00e3o da grande movimenta\u00e7\u00e3o de usu\u00e1rios do Aeroporto Lauro Kortz gerada pela Expodireto intensificamos as a\u00e7\u00f5es no aeroporto e em seu entorno. Al\u00e9m da organiza\u00e7\u00e3o do tr\u00e2nsito e do apoio aos visitantes, tamb\u00e9m estamos realizando fiscaliza\u00e7\u00f5es para coibir o transporte clandestino de passageiros\u201d, informou o Secret\u00e1rio de Seguran\u00e7a P\u00fablica.<\/p>\n","protected":false},"excerpt":{"rendered":"<p>A\u00e7\u00f5es de fiscaliza\u00e7\u00e3o ser\u00e3o realizadas at\u00e9 sexta-feira (13)<\/p>\n","protected":false},"author":24,"featured_media":1365,"comment_status":"closed","ping_status":"closed","sticky":false,"template":"","format":"standard","meta":{"footnotes":""},"categories":[1],"tags":[],"class_list":["post-1364","post","type-post","status-publish","format-standard","has-post-thumbnail","hentry","category-sem-categoria"],"yoast_head":"<!-- This site is optimized with the Yoast SEO plugin v23.8 - https:\/\/yoast.com\/wordpress\/plugins\/seo\/ -->\n<title>Prefeitura refor\u00e7a fiscaliza\u00e7\u00e3o no Aeroporto Lauro Kortz durante a Expodireto - Secretaria de Seguran\u00e7a P\u00fablica e Transporte<\/title>\n<meta name=\"robots\" content=\"index, follow, max-snippet:-1, max-image-preview:large, max-video-preview:-1\" \/>\n<link rel=\"canonical\" href=\"https:\/\/www.pmpf.rs.gov.br\/secretaria-de-seguranca-publica\/2026\/03\/10\/prefeitura-reforca-fiscalizacao-no-aeroporto-lauro-kortz-durante-a-expodireto\/\" \/>\n<meta property=\"og:locale\" content=\"pt_BR\" \/>\n<meta property=\"og:type\" content=\"article\" \/>\n<meta property=\"og:title\" content=\"Prefeitura refor\u00e7a fiscaliza\u00e7\u00e3o no Aeroporto Lauro Kortz durante a Expodireto - Secretaria de Seguran\u00e7a P\u00fablica e Transporte\" \/>\n<meta property=\"og:description\" content=\"A\u00e7\u00f5es de fiscaliza\u00e7\u00e3o ser\u00e3o realizadas at\u00e9 sexta-feira (13)\" \/>\n<meta property=\"og:url\" content=\"https:\/\/www.pmpf.rs.gov.br\/secretaria-de-seguranca-publica\/2026\/03\/10\/prefeitura-reforca-fiscalizacao-no-aeroporto-lauro-kortz-durante-a-expodireto\/\" \/>\n<meta property=\"og:site_name\" content=\"Secretaria de Seguran\u00e7a P\u00fablica e Transporte\" \/>\n<meta property=\"article:published_time\" content=\"2026-03-10T14:03:58+00:00\" \/>\n<meta property=\"article:modified_time\" content=\"2026-03-10T14:04:00+00:00\" \/>\n<meta name=\"author\" content=\"lilicrivello\" \/>\n<meta name=\"twitter:card\" content=\"summary_large_image\" \/>\n<meta name=\"twitter:label1\" content=\"Escrito por\" \/>\n\t<meta name=\"twitter:data1\" content=\"lilicrivello\" \/>\n\t<meta name=\"twitter:label2\" content=\"Est. tempo de leitura\" \/>\n\t<meta name=\"twitter:data2\" content=\"1 minuto\" \/>\n<script type=\"application\/ld+json\" class=\"yoast-schema-graph\">{\"@context\":\"https:\/\/schema.org\",\"@graph\":[{\"@type\":\"WebPage\",\"@id\":\"https:\/\/www.pmpf.rs.gov.br\/secretaria-de-seguranca-publica\/2026\/03\/10\/prefeitura-reforca-fiscalizacao-no-aeroporto-lauro-kortz-durante-a-expodireto\/\",\"url\":\"https:\/\/www.pmpf.rs.gov.br\/secretaria-de-seguranca-publica\/2026\/03\/10\/prefeitura-reforca-fiscalizacao-no-aeroporto-lauro-kortz-durante-a-expodireto\/\",\"name\":\"Prefeitura refor\u00e7a fiscaliza\u00e7\u00e3o no Aeroporto Lauro Kortz durante a Expodireto - Secretaria de Seguran\u00e7a P\u00fablica e Transporte\",\"isPartOf\":{\"@id\":\"https:\/\/www.pmpf.rs.gov.br\/secretaria-de-seguranca-publica\/#website\"},\"primaryImageOfPage\":{\"@id\":\"https:\/\/www.pmpf.rs.gov.br\/secretaria-de-seguranca-publica\/2026\/03\/10\/prefeitura-reforca-fiscalizacao-no-aeroporto-lauro-kortz-durante-a-expodireto\/#primaryimage\"},\"image\":{\"@id\":\"https:\/\/www.pmpf.rs.gov.br\/secretaria-de-seguranca-publica\/2026\/03\/10\/prefeitura-reforca-fiscalizacao-no-aeroporto-lauro-kortz-durante-a-expodireto\/#primaryimage\"},\"thumbnailUrl\":\"https:\/\/www.pmpf.rs.gov.br\/secretaria-de-seguranca-publica\/wp-content\/uploads\/sites\/54\/2026\/03\/WhatsApp-Image-2026-03-09-at-14.57.13.jpeg\",\"datePublished\":\"2026-03-10T14:03:58+00:00\",\"dateModified\":\"2026-03-10T14:04:00+00:00\",\"author\":{\"@id\":\"https:\/\/www.pmpf.rs.gov.br\/secretaria-de-seguranca-publica\/#\/schema\/person\/6e93b0ab2174b69f691ac4f278ba2d0a\"},\"breadcrumb\":{\"@id\":\"https:\/\/www.pmpf.rs.gov.br\/secretaria-de-seguranca-publica\/2026\/03\/10\/prefeitura-reforca-fiscalizacao-no-aeroporto-lauro-kortz-durante-a-expodireto\/#breadcrumb\"},\"inLanguage\":\"pt-BR\",\"potentialAction\":[{\"@type\":\"ReadAction\",\"target\":[\"https:\/\/www.pmpf.rs.gov.br\/secretaria-de-seguranca-publica\/2026\/03\/10\/prefeitura-reforca-fiscalizacao-no-aeroporto-lauro-kortz-durante-a-expodireto\/\"]}]},{\"@type\":\"ImageObject\",\"inLanguage\":\"pt-BR\",\"@id\":\"https:\/\/www.pmpf.rs.gov.br\/secretaria-de-seguranca-publica\/2026\/03\/10\/prefeitura-reforca-fiscalizacao-no-aeroporto-lauro-kortz-durante-a-expodireto\/#primaryimage\",\"url\":\"https:\/\/www.pmpf.rs.gov.br\/secretaria-de-seguranca-publica\/wp-content\/uploads\/sites\/54\/2026\/03\/WhatsApp-Image-2026-03-09-at-14.57.13.jpeg\",\"contentUrl\":\"https:\/\/www.pmpf.rs.gov.br\/secretaria-de-seguranca-publica\/wp-content\/uploads\/sites\/54\/2026\/03\/WhatsApp-Image-2026-03-09-at-14.57.13.jpeg\",\"width\":546,\"height\":390},{\"@type\":\"BreadcrumbList\",\"@id\":\"https:\/\/www.pmpf.rs.gov.br\/secretaria-de-seguranca-publica\/2026\/03\/10\/prefeitura-reforca-fiscalizacao-no-aeroporto-lauro-kortz-durante-a-expodireto\/#breadcrumb\",\"itemListElement\":[{\"@type\":\"ListItem\",\"position\":1,\"name\":\"In\u00edcio\",\"item\":\"https:\/\/www.pmpf.rs.gov.br\/secretaria-de-seguranca-publica\/\"},{\"@type\":\"ListItem\",\"position\":2,\"name\":\"Prefeitura refor\u00e7a fiscaliza\u00e7\u00e3o no Aeroporto Lauro Kortz durante a Expodireto\"}]},{\"@type\":\"WebSite\",\"@id\":\"https:\/\/www.pmpf.rs.gov.br\/secretaria-de-seguranca-publica\/#website\",\"url\":\"https:\/\/www.pmpf.rs.gov.br\/secretaria-de-seguranca-publica\/\",\"name\":\"Secretaria de Seguran\u00e7a P\u00fablica e Transporte\",\"description\":\"S\u00f3 mais um site Prefeitura de Passo Fundo\",\"potentialAction\":[{\"@type\":\"SearchAction\",\"target\":{\"@type\":\"EntryPoint\",\"urlTemplate\":\"https:\/\/www.pmpf.rs.gov.br\/secretaria-de-seguranca-publica\/?s={search_term_string}\"},\"query-input\":{\"@type\":\"PropertyValueSpecification\",\"valueRequired\":true,\"valueName\":\"search_term_string\"}}],\"inLanguage\":\"pt-BR\"},{\"@type\":\"Person\",\"@id\":\"https:\/\/www.pmpf.rs.gov.br\/secretaria-de-seguranca-publica\/#\/schema\/person\/6e93b0ab2174b69f691ac4f278ba2d0a\",\"name\":\"lilicrivello\",\"image\":{\"@type\":\"ImageObject\",\"inLanguage\":\"pt-BR\",\"@id\":\"https:\/\/www.pmpf.rs.gov.br\/secretaria-de-seguranca-publica\/#\/schema\/person\/image\/\",\"url\":\"https:\/\/secure.gravatar.com\/avatar\/0b546b667388f8edb7b67d70a57b5e46?s=96&d=mm&r=g\",\"contentUrl\":\"https:\/\/secure.gravatar.com\/avatar\/0b546b667388f8edb7b67d70a57b5e46?s=96&d=mm&r=g\",\"caption\":\"lilicrivello\"},\"url\":\"https:\/\/www.pmpf.rs.gov.br\/secretaria-de-seguranca-publica\/author\/lilicrivello\/\"}]}<\/script>\n<!-- \/ Yoast SEO plugin. -->","yoast_head_json":{"title":"Prefeitura refor\u00e7a fiscaliza\u00e7\u00e3o no Aeroporto Lauro Kortz durante a Expodireto - Secretaria de Seguran\u00e7a P\u00fablica e Transporte","robots":{"index":"index","follow":"follow","max-snippet":"max-snippet:-1","max-image-preview":"max-image-preview:large","max-video-preview":"max-video-preview:-1"},"canonical":"https:\/\/www.pmpf.rs.gov.br\/secretaria-de-seguranca-publica\/2026\/03\/10\/prefeitura-reforca-fiscalizacao-no-aeroporto-lauro-kortz-durante-a-expodireto\/","og_locale":"pt_BR","og_type":"article","og_title":"Prefeitura refor\u00e7a fiscaliza\u00e7\u00e3o no Aeroporto Lauro Kortz durante a Expodireto - Secretaria de Seguran\u00e7a P\u00fablica e Transporte","og_description":"A\u00e7\u00f5es de fiscaliza\u00e7\u00e3o ser\u00e3o realizadas at\u00e9 sexta-feira (13)","og_url":"https:\/\/www.pmpf.rs.gov.br\/secretaria-de-seguranca-publica\/2026\/03\/10\/prefeitura-reforca-fiscalizacao-no-aeroporto-lauro-kortz-durante-a-expodireto\/","og_site_name":"Secretaria de Seguran\u00e7a P\u00fablica e Transporte","article_published_time":"2026-03-10T14:03:58+00:00","article_modified_time":"2026-03-10T14:04:00+00:00","author":"lilicrivello","twitter_card":"summary_large_image","twitter_misc":{"Escrito por":"lilicrivello","Est. tempo de leitura":"1 minuto"},"schema":{"@context":"https:\/\/schema.org","@graph":[{"@type":"WebPage","@id":"https:\/\/www.pmpf.rs.gov.br\/secretaria-de-seguranca-publica\/2026\/03\/10\/prefeitura-reforca-fiscalizacao-no-aeroporto-lauro-kortz-durante-a-expodireto\/","url":"https:\/\/www.pmpf.rs.gov.br\/secretaria-de-seguranca-publica\/2026\/03\/10\/prefeitura-reforca-fiscalizacao-no-aeroporto-lauro-kortz-durante-a-expodireto\/","name":"Prefeitura refor\u00e7a fiscaliza\u00e7\u00e3o no Aeroporto Lauro Kortz durante a Expodireto - Secretaria de Seguran\u00e7a P\u00fablica e Transporte","isPartOf":{"@id":"https:\/\/www.pmpf.rs.gov.br\/secretaria-de-seguranca-publica\/#website"},"primaryImageOfPage":{"@id":"https:\/\/www.pmpf.rs.gov.br\/secretaria-de-seguranca-publica\/2026\/03\/10\/prefeitura-reforca-fiscalizacao-no-aeroporto-lauro-kortz-durante-a-expodireto\/#primaryimage"},"image":{"@id":"https:\/\/www.pmpf.rs.gov.br\/secretaria-de-seguranca-publica\/2026\/03\/10\/prefeitura-reforca-fiscalizacao-no-aeroporto-lauro-kortz-durante-a-expodireto\/#primaryimage"},"thumbnailUrl":"https:\/\/www.pmpf.rs.gov.br\/secretaria-de-seguranca-publica\/wp-content\/uploads\/sites\/54\/2026\/03\/WhatsApp-Image-2026-03-09-at-14.57.13.jpeg","datePublished":"2026-03-10T14:03:58+00:00","dateModified":"2026-03-10T14:04:00+00:00","author":{"@id":"https:\/\/www.pmpf.rs.gov.br\/secretaria-de-seguranca-publica\/#\/schema\/person\/6e93b0ab2174b69f691ac4f278ba2d0a"},"breadcrumb":{"@id":"https:\/\/www.pmpf.rs.gov.br\/secretaria-de-seguranca-publica\/2026\/03\/10\/prefeitura-reforca-fiscalizacao-no-aeroporto-lauro-kortz-durante-a-expodireto\/#breadcrumb"},"inLanguage":"pt-BR","potentialAction":[{"@type":"ReadAction","target":["https:\/\/www.pmpf.rs.gov.br\/secretaria-de-seguranca-publica\/2026\/03\/10\/prefeitura-reforca-fiscalizacao-no-aeroporto-lauro-kortz-durante-a-expodireto\/"]}]},{"@type":"ImageObject","inLanguage":"pt-BR","@id":"https:\/\/www.pmpf.rs.gov.br\/secretaria-de-seguranca-publica\/2026\/03\/10\/prefeitura-reforca-fiscalizacao-no-aeroporto-lauro-kortz-durante-a-expodireto\/#primaryimage","url":"https:\/\/www.pmpf.rs.gov.br\/secretaria-de-seguranca-publica\/wp-content\/uploads\/sites\/54\/2026\/03\/WhatsApp-Image-2026-03-09-at-14.57.13.jpeg","contentUrl":"https:\/\/www.pmpf.rs.gov.br\/secretaria-de-seguranca-publica\/wp-content\/uploads\/sites\/54\/2026\/03\/WhatsApp-Image-2026-03-09-at-14.57.13.jpeg","width":546,"height":390},{"@type":"BreadcrumbList","@id":"https:\/\/www.pmpf.rs.gov.br\/secretaria-de-seguranca-publica\/2026\/03\/10\/prefeitura-reforca-fiscalizacao-no-aeroporto-lauro-kortz-durante-a-expodireto\/#breadcrumb","itemListElement":[{"@type":"ListItem","position":1,"name":"In\u00edcio","item":"https:\/\/www.pmpf.rs.gov.br\/secretaria-de-seguranca-publica\/"},{"@type":"ListItem","position":2,"name":"Prefeitura refor\u00e7a fiscaliza\u00e7\u00e3o no Aeroporto Lauro Kortz durante a Expodireto"}]},{"@type":"WebSite","@id":"https:\/\/www.pmpf.rs.gov.br\/secretaria-de-seguranca-publica\/#website","url":"https:\/\/www.pmpf.rs.gov.br\/secretaria-de-seguranca-publica\/","name":"Secretaria de Seguran\u00e7a P\u00fablica e Transporte","description":"S\u00f3 mais um site Prefeitura de Passo Fundo","potentialAction":[{"@type":"SearchAction","target":{"@type":"EntryPoint","urlTemplate":"https:\/\/www.pmpf.rs.gov.br\/secretaria-de-seguranca-publica\/?s={search_term_string}"},"query-input":{"@type":"PropertyValueSpecification","valueRequired":true,"valueName":"search_term_string"}}],"inLanguage":"pt-BR"},{"@type":"Person","@id":"https:\/\/www.pmpf.rs.gov.br\/secretaria-de-seguranca-publica\/#\/schema\/person\/6e93b0ab2174b69f691ac4f278ba2d0a","name":"lilicrivello","image":{"@type":"ImageObject","inLanguage":"pt-BR","@id":"https:\/\/www.pmpf.rs.gov.br\/secretaria-de-seguranca-publica\/#\/schema\/person\/image\/","url":"https:\/\/secure.gravatar.com\/avatar\/0b546b667388f8edb7b67d70a57b5e46?s=96&d=mm&r=g","contentUrl":"https:\/\/secure.gravatar.com\/avatar\/0b546b667388f8edb7b67d70a57b5e46?s=96&d=mm&r=g","caption":"lilicrivello"},"url":"https:\/\/www.pmpf.rs.gov.br\/secretaria-de-seguranca-publica\/author\/lilicrivello\/"}]}},"_links":{"self":[{"href":"https:\/\/www.pmpf.rs.gov.br\/secretaria-de-seguranca-publica\/wp-json\/wp\/v2\/posts\/1364"}],"collection":[{"href":"https:\/\/www.pmpf.rs.gov.br\/secretaria-de-seguranca-publica\/wp-json\/wp\/v2\/posts"}],"about":[{"href":"https:\/\/www.pmpf.rs.gov.br\/secretaria-de-seguranca-publica\/wp-json\/wp\/v2\/types\/post"}],"author":[{"embeddable":true,"href":"https:\/\/www.pmpf.rs.gov.br\/secretaria-de-seguranca-publica\/wp-json\/wp\/v2\/users\/24"}],"replies":[{"embeddable":true,"href":"https:\/\/www.pmpf.rs.gov.br\/secretaria-de-seguranca-publica\/wp-json\/wp\/v2\/comments?post=1364"}],"version-history":[{"count":1,"href":"https:\/\/www.pmpf.rs.gov.br\/secretaria-de-seguranca-publica\/wp-json\/wp\/v2\/posts\/1364\/revisions"}],"predecessor-version":[{"id":1366,"href":"https:\/\/www.pmpf.rs.gov.br\/secretaria-de-seguranca-publica\/wp-json\/wp\/v2\/posts\/1364\/revisions\/1366"}],"wp:featuredmedia":[{"embeddable":true,"href":"https:\/\/www.pmpf.rs.gov.br\/secretaria-de-seguranca-publica\/wp-json\/wp\/v2\/media\/1365"}],"wp:attachment":[{"href":"https:\/\/www.pmpf.rs.gov.br\/secretaria-de-seguranca-publica\/wp-json\/wp\/v2\/media?parent=1364"}],"wp:term":[{"taxonomy":"category","embeddable":true,"href":"https:\/\/www.pmpf.rs.gov.br\/secretaria-de-seguranca-publica\/wp-json\/wp\/v2\/categories?post=1364"},{"taxonomy":"post_tag","embeddable":true,"href":"https:\/\/www.pmpf.rs.gov.br\/secretaria-de-seguranca-publica\/wp-json\/wp\/v2\/tags?post=1364"}],"curies":[{"name":"wp","href":"https:\/\/api.w.org\/{rel}","templated":true}]}}