{"id":1362,"date":"2026-03-04T09:36:06","date_gmt":"2026-03-04T12:36:06","guid":{"rendered":"https:\/\/www.pmpf.rs.gov.br\/secretaria-de-seguranca-publica\/?p=1362"},"modified":"2026-03-04T09:36:09","modified_gmt":"2026-03-04T12:36:09","slug":"carreta-cinema-rodoviario-da-prf-chega-pela-primeira-vez-a-passo-fundo-para-reforcar-educacao-no-transito-junto-as-escolas","status":"publish","type":"post","link":"https:\/\/www.pmpf.rs.gov.br\/secretaria-de-seguranca-publica\/2026\/03\/04\/carreta-cinema-rodoviario-da-prf-chega-pela-primeira-vez-a-passo-fundo-para-reforcar-educacao-no-transito-junto-as-escolas\/","title":{"rendered":"Carreta Cinema Rodovi\u00e1rio da PRF chega pela primeira vez a Passo Fundo para refor\u00e7ar educa\u00e7\u00e3o no tr\u00e2nsito junto \u00e0s escolas"},"content":{"rendered":"\n<p><\/p>\n\n\n\n<p>Como forma de refor\u00e7ar a educa\u00e7\u00e3o no tr\u00e2nsito e principalmente na orienta\u00e7\u00e3o aos jovens, a Pol\u00edcia Rodovi\u00e1ria Federal (PRF), dentro das a\u00e7\u00f5es da escola p\u00fablica de Tr\u00e2nsito da Secret\u00e1ria Municipal de Educa\u00e7\u00e3o, a Carreta Cinema Rodovi\u00e1rio, unidade itinerante de educa\u00e7\u00e3o para o tr\u00e2nsito que percorre todo o Brasil levando informa\u00e7\u00e3o e conscientiza\u00e7\u00e3o \u00e0 popula\u00e7\u00e3o estar\u00e1 em Passo Fundo a partir dessa quarta-feira(04) at\u00e9 sexta-feira(06).<br>Conforme a secretaria de Educa\u00e7\u00e3o, \u00e9 uma a\u00e7\u00e3o no \u00e2mbito da Carta das Cidades Educadoras que \u00e9 promovida pela Escola P\u00fablica de Tr\u00e2nsito. Aproximadamente 240 crian\u00e7as de Pr\u00e9 I e II da rede municipal de Educa\u00e7\u00e3o devem visitar o espa\u00e7o na quinta-feira nos dois per\u00edodos representando as EMEIs Margarida, Estrela da Manh\u00e3 e Padre Alcides.<br>O espa\u00e7o Carreta Cinema Rodovi\u00e1rio conta com ambiente climatizado, tel\u00e3o de cinema e palestras educativas gratuitas abertas a toda a comunidade entre os dias 04 e 06 de fevereiro com sess\u00f5es as 8h15 \u00e0s 9h15 e 09h15 \u00e0s 10h15 pela manh\u00e3 e das 14h \u00e0s 15h e 15h \u00e0s 16h pela tarde, na 8\u00aa Delegacia da PRF na BR-285, km 293 \/7 no bairro S\u00e3o Jos\u00e9.<\/p>\n","protected":false},"excerpt":{"rendered":"<p>Como forma de refor\u00e7ar a educa\u00e7\u00e3o no tr\u00e2nsito e principalmente na orienta\u00e7\u00e3o aos jovens, a Pol\u00edcia Rodovi\u00e1ria Federal (PRF), dentro das a\u00e7\u00f5es da escola p\u00fablica de Tr\u00e2nsito da Secret\u00e1ria Municipal de Educa\u00e7\u00e3o, [&hellip;]<\/p>\n","protected":false},"author":24,"featured_media":0,"comment_status":"closed","ping_status":"closed","sticky":false,"template":"","format":"standard","meta":{"footnotes":""},"categories":[1],"tags":[],"class_list":["post-1362","post","type-post","status-publish","format-standard","hentry","category-sem-categoria"],"yoast_head":"<!-- This site is optimized with the Yoast SEO plugin v23.8 - https:\/\/yoast.com\/wordpress\/plugins\/seo\/ -->\n<title>Carreta Cinema Rodovi\u00e1rio da PRF chega pela primeira vez a Passo Fundo para refor\u00e7ar educa\u00e7\u00e3o no tr\u00e2nsito junto \u00e0s escolas - Secretaria de Seguran\u00e7a P\u00fablica e Transporte<\/title>\n<meta name=\"robots\" content=\"index, follow, max-snippet:-1, max-image-preview:large, max-video-preview:-1\" \/>\n<link rel=\"canonical\" href=\"https:\/\/www.pmpf.rs.gov.br\/secretaria-de-seguranca-publica\/2026\/03\/04\/carreta-cinema-rodoviario-da-prf-chega-pela-primeira-vez-a-passo-fundo-para-reforcar-educacao-no-transito-junto-as-escolas\/\" \/>\n<meta property=\"og:locale\" content=\"pt_BR\" \/>\n<meta property=\"og:type\" content=\"article\" \/>\n<meta property=\"og:title\" content=\"Carreta Cinema Rodovi\u00e1rio da PRF chega pela primeira vez a Passo Fundo para refor\u00e7ar educa\u00e7\u00e3o no tr\u00e2nsito junto \u00e0s escolas - Secretaria de Seguran\u00e7a P\u00fablica e Transporte\" \/>\n<meta property=\"og:description\" content=\"Como forma de refor\u00e7ar a educa\u00e7\u00e3o no tr\u00e2nsito e principalmente na orienta\u00e7\u00e3o aos jovens, a Pol\u00edcia Rodovi\u00e1ria Federal (PRF), dentro das a\u00e7\u00f5es da escola p\u00fablica de Tr\u00e2nsito da Secret\u00e1ria Municipal de Educa\u00e7\u00e3o, [&hellip;]\" \/>\n<meta property=\"og:url\" content=\"https:\/\/www.pmpf.rs.gov.br\/secretaria-de-seguranca-publica\/2026\/03\/04\/carreta-cinema-rodoviario-da-prf-chega-pela-primeira-vez-a-passo-fundo-para-reforcar-educacao-no-transito-junto-as-escolas\/\" \/>\n<meta property=\"og:site_name\" content=\"Secretaria de Seguran\u00e7a P\u00fablica e Transporte\" \/>\n<meta property=\"article:published_time\" content=\"2026-03-04T12:36:06+00:00\" \/>\n<meta property=\"article:modified_time\" content=\"2026-03-04T12:36:09+00:00\" \/>\n<meta name=\"author\" content=\"lilicrivello\" \/>\n<meta name=\"twitter:card\" content=\"summary_large_image\" \/>\n<meta name=\"twitter:label1\" content=\"Escrito por\" \/>\n\t<meta name=\"twitter:data1\" content=\"lilicrivello\" \/>\n\t<meta name=\"twitter:label2\" content=\"Est. tempo de leitura\" \/>\n\t<meta name=\"twitter:data2\" content=\"1 minuto\" \/>\n<script type=\"application\/ld+json\" class=\"yoast-schema-graph\">{\"@context\":\"https:\/\/schema.org\",\"@graph\":[{\"@type\":\"WebPage\",\"@id\":\"https:\/\/www.pmpf.rs.gov.br\/secretaria-de-seguranca-publica\/2026\/03\/04\/carreta-cinema-rodoviario-da-prf-chega-pela-primeira-vez-a-passo-fundo-para-reforcar-educacao-no-transito-junto-as-escolas\/\",\"url\":\"https:\/\/www.pmpf.rs.gov.br\/secretaria-de-seguranca-publica\/2026\/03\/04\/carreta-cinema-rodoviario-da-prf-chega-pela-primeira-vez-a-passo-fundo-para-reforcar-educacao-no-transito-junto-as-escolas\/\",\"name\":\"Carreta Cinema Rodovi\u00e1rio da PRF chega pela primeira vez a Passo Fundo para refor\u00e7ar educa\u00e7\u00e3o no tr\u00e2nsito junto \u00e0s escolas - Secretaria de Seguran\u00e7a P\u00fablica e Transporte\",\"isPartOf\":{\"@id\":\"https:\/\/www.pmpf.rs.gov.br\/secretaria-de-seguranca-publica\/#website\"},\"datePublished\":\"2026-03-04T12:36:06+00:00\",\"dateModified\":\"2026-03-04T12:36:09+00:00\",\"author\":{\"@id\":\"https:\/\/www.pmpf.rs.gov.br\/secretaria-de-seguranca-publica\/#\/schema\/person\/6e93b0ab2174b69f691ac4f278ba2d0a\"},\"breadcrumb\":{\"@id\":\"https:\/\/www.pmpf.rs.gov.br\/secretaria-de-seguranca-publica\/2026\/03\/04\/carreta-cinema-rodoviario-da-prf-chega-pela-primeira-vez-a-passo-fundo-para-reforcar-educacao-no-transito-junto-as-escolas\/#breadcrumb\"},\"inLanguage\":\"pt-BR\",\"potentialAction\":[{\"@type\":\"ReadAction\",\"target\":[\"https:\/\/www.pmpf.rs.gov.br\/secretaria-de-seguranca-publica\/2026\/03\/04\/carreta-cinema-rodoviario-da-prf-chega-pela-primeira-vez-a-passo-fundo-para-reforcar-educacao-no-transito-junto-as-escolas\/\"]}]},{\"@type\":\"BreadcrumbList\",\"@id\":\"https:\/\/www.pmpf.rs.gov.br\/secretaria-de-seguranca-publica\/2026\/03\/04\/carreta-cinema-rodoviario-da-prf-chega-pela-primeira-vez-a-passo-fundo-para-reforcar-educacao-no-transito-junto-as-escolas\/#breadcrumb\",\"itemListElement\":[{\"@type\":\"ListItem\",\"position\":1,\"name\":\"In\u00edcio\",\"item\":\"https:\/\/www.pmpf.rs.gov.br\/secretaria-de-seguranca-publica\/\"},{\"@type\":\"ListItem\",\"position\":2,\"name\":\"Carreta Cinema Rodovi\u00e1rio da PRF chega pela primeira vez a Passo Fundo para refor\u00e7ar educa\u00e7\u00e3o no tr\u00e2nsito junto \u00e0s escolas\"}]},{\"@type\":\"WebSite\",\"@id\":\"https:\/\/www.pmpf.rs.gov.br\/secretaria-de-seguranca-publica\/#website\",\"url\":\"https:\/\/www.pmpf.rs.gov.br\/secretaria-de-seguranca-publica\/\",\"name\":\"Secretaria de Seguran\u00e7a P\u00fablica e Transporte\",\"description\":\"S\u00f3 mais um site Prefeitura de Passo Fundo\",\"potentialAction\":[{\"@type\":\"SearchAction\",\"target\":{\"@type\":\"EntryPoint\",\"urlTemplate\":\"https:\/\/www.pmpf.rs.gov.br\/secretaria-de-seguranca-publica\/?s={search_term_string}\"},\"query-input\":{\"@type\":\"PropertyValueSpecification\",\"valueRequired\":true,\"valueName\":\"search_term_string\"}}],\"inLanguage\":\"pt-BR\"},{\"@type\":\"Person\",\"@id\":\"https:\/\/www.pmpf.rs.gov.br\/secretaria-de-seguranca-publica\/#\/schema\/person\/6e93b0ab2174b69f691ac4f278ba2d0a\",\"name\":\"lilicrivello\",\"image\":{\"@type\":\"ImageObject\",\"inLanguage\":\"pt-BR\",\"@id\":\"https:\/\/www.pmpf.rs.gov.br\/secretaria-de-seguranca-publica\/#\/schema\/person\/image\/\",\"url\":\"https:\/\/secure.gravatar.com\/avatar\/0b546b667388f8edb7b67d70a57b5e46?s=96&d=mm&r=g\",\"contentUrl\":\"https:\/\/secure.gravatar.com\/avatar\/0b546b667388f8edb7b67d70a57b5e46?s=96&d=mm&r=g\",\"caption\":\"lilicrivello\"},\"url\":\"https:\/\/www.pmpf.rs.gov.br\/secretaria-de-seguranca-publica\/author\/lilicrivello\/\"}]}<\/script>\n<!-- \/ Yoast SEO plugin. -->","yoast_head_json":{"title":"Carreta Cinema Rodovi\u00e1rio da PRF chega pela primeira vez a Passo Fundo para refor\u00e7ar educa\u00e7\u00e3o no tr\u00e2nsito junto \u00e0s escolas - Secretaria de Seguran\u00e7a P\u00fablica e Transporte","robots":{"index":"index","follow":"follow","max-snippet":"max-snippet:-1","max-image-preview":"max-image-preview:large","max-video-preview":"max-video-preview:-1"},"canonical":"https:\/\/www.pmpf.rs.gov.br\/secretaria-de-seguranca-publica\/2026\/03\/04\/carreta-cinema-rodoviario-da-prf-chega-pela-primeira-vez-a-passo-fundo-para-reforcar-educacao-no-transito-junto-as-escolas\/","og_locale":"pt_BR","og_type":"article","og_title":"Carreta Cinema Rodovi\u00e1rio da PRF chega pela primeira vez a Passo Fundo para refor\u00e7ar educa\u00e7\u00e3o no tr\u00e2nsito junto \u00e0s escolas - Secretaria de Seguran\u00e7a P\u00fablica e Transporte","og_description":"Como forma de refor\u00e7ar a educa\u00e7\u00e3o no tr\u00e2nsito e principalmente na orienta\u00e7\u00e3o aos jovens, a Pol\u00edcia Rodovi\u00e1ria Federal (PRF), dentro das a\u00e7\u00f5es da escola p\u00fablica de Tr\u00e2nsito da Secret\u00e1ria Municipal de Educa\u00e7\u00e3o, [&hellip;]","og_url":"https:\/\/www.pmpf.rs.gov.br\/secretaria-de-seguranca-publica\/2026\/03\/04\/carreta-cinema-rodoviario-da-prf-chega-pela-primeira-vez-a-passo-fundo-para-reforcar-educacao-no-transito-junto-as-escolas\/","og_site_name":"Secretaria de Seguran\u00e7a P\u00fablica e Transporte","article_published_time":"2026-03-04T12:36:06+00:00","article_modified_time":"2026-03-04T12:36:09+00:00","author":"lilicrivello","twitter_card":"summary_large_image","twitter_misc":{"Escrito por":"lilicrivello","Est. tempo de leitura":"1 minuto"},"schema":{"@context":"https:\/\/schema.org","@graph":[{"@type":"WebPage","@id":"https:\/\/www.pmpf.rs.gov.br\/secretaria-de-seguranca-publica\/2026\/03\/04\/carreta-cinema-rodoviario-da-prf-chega-pela-primeira-vez-a-passo-fundo-para-reforcar-educacao-no-transito-junto-as-escolas\/","url":"https:\/\/www.pmpf.rs.gov.br\/secretaria-de-seguranca-publica\/2026\/03\/04\/carreta-cinema-rodoviario-da-prf-chega-pela-primeira-vez-a-passo-fundo-para-reforcar-educacao-no-transito-junto-as-escolas\/","name":"Carreta Cinema Rodovi\u00e1rio da PRF chega pela primeira vez a Passo Fundo para refor\u00e7ar educa\u00e7\u00e3o no tr\u00e2nsito junto \u00e0s escolas - Secretaria de Seguran\u00e7a P\u00fablica e Transporte","isPartOf":{"@id":"https:\/\/www.pmpf.rs.gov.br\/secretaria-de-seguranca-publica\/#website"},"datePublished":"2026-03-04T12:36:06+00:00","dateModified":"2026-03-04T12:36:09+00:00","author":{"@id":"https:\/\/www.pmpf.rs.gov.br\/secretaria-de-seguranca-publica\/#\/schema\/person\/6e93b0ab2174b69f691ac4f278ba2d0a"},"breadcrumb":{"@id":"https:\/\/www.pmpf.rs.gov.br\/secretaria-de-seguranca-publica\/2026\/03\/04\/carreta-cinema-rodoviario-da-prf-chega-pela-primeira-vez-a-passo-fundo-para-reforcar-educacao-no-transito-junto-as-escolas\/#breadcrumb"},"inLanguage":"pt-BR","potentialAction":[{"@type":"ReadAction","target":["https:\/\/www.pmpf.rs.gov.br\/secretaria-de-seguranca-publica\/2026\/03\/04\/carreta-cinema-rodoviario-da-prf-chega-pela-primeira-vez-a-passo-fundo-para-reforcar-educacao-no-transito-junto-as-escolas\/"]}]},{"@type":"BreadcrumbList","@id":"https:\/\/www.pmpf.rs.gov.br\/secretaria-de-seguranca-publica\/2026\/03\/04\/carreta-cinema-rodoviario-da-prf-chega-pela-primeira-vez-a-passo-fundo-para-reforcar-educacao-no-transito-junto-as-escolas\/#breadcrumb","itemListElement":[{"@type":"ListItem","position":1,"name":"In\u00edcio","item":"https:\/\/www.pmpf.rs.gov.br\/secretaria-de-seguranca-publica\/"},{"@type":"ListItem","position":2,"name":"Carreta Cinema Rodovi\u00e1rio da PRF chega pela primeira vez a Passo Fundo para refor\u00e7ar educa\u00e7\u00e3o no tr\u00e2nsito junto \u00e0s escolas"}]},{"@type":"WebSite","@id":"https:\/\/www.pmpf.rs.gov.br\/secretaria-de-seguranca-publica\/#website","url":"https:\/\/www.pmpf.rs.gov.br\/secretaria-de-seguranca-publica\/","name":"Secretaria de Seguran\u00e7a P\u00fablica e Transporte","description":"S\u00f3 mais um site Prefeitura de Passo Fundo","potentialAction":[{"@type":"SearchAction","target":{"@type":"EntryPoint","urlTemplate":"https:\/\/www.pmpf.rs.gov.br\/secretaria-de-seguranca-publica\/?s={search_term_string}"},"query-input":{"@type":"PropertyValueSpecification","valueRequired":true,"valueName":"search_term_string"}}],"inLanguage":"pt-BR"},{"@type":"Person","@id":"https:\/\/www.pmpf.rs.gov.br\/secretaria-de-seguranca-publica\/#\/schema\/person\/6e93b0ab2174b69f691ac4f278ba2d0a","name":"lilicrivello","image":{"@type":"ImageObject","inLanguage":"pt-BR","@id":"https:\/\/www.pmpf.rs.gov.br\/secretaria-de-seguranca-publica\/#\/schema\/person\/image\/","url":"https:\/\/secure.gravatar.com\/avatar\/0b546b667388f8edb7b67d70a57b5e46?s=96&d=mm&r=g","contentUrl":"https:\/\/secure.gravatar.com\/avatar\/0b546b667388f8edb7b67d70a57b5e46?s=96&d=mm&r=g","caption":"lilicrivello"},"url":"https:\/\/www.pmpf.rs.gov.br\/secretaria-de-seguranca-publica\/author\/lilicrivello\/"}]}},"_links":{"self":[{"href":"https:\/\/www.pmpf.rs.gov.br\/secretaria-de-seguranca-publica\/wp-json\/wp\/v2\/posts\/1362"}],"collection":[{"href":"https:\/\/www.pmpf.rs.gov.br\/secretaria-de-seguranca-publica\/wp-json\/wp\/v2\/posts"}],"about":[{"href":"https:\/\/www.pmpf.rs.gov.br\/secretaria-de-seguranca-publica\/wp-json\/wp\/v2\/types\/post"}],"author":[{"embeddable":true,"href":"https:\/\/www.pmpf.rs.gov.br\/secretaria-de-seguranca-publica\/wp-json\/wp\/v2\/users\/24"}],"replies":[{"embeddable":true,"href":"https:\/\/www.pmpf.rs.gov.br\/secretaria-de-seguranca-publica\/wp-json\/wp\/v2\/comments?post=1362"}],"version-history":[{"count":1,"href":"https:\/\/www.pmpf.rs.gov.br\/secretaria-de-seguranca-publica\/wp-json\/wp\/v2\/posts\/1362\/revisions"}],"predecessor-version":[{"id":1363,"href":"https:\/\/www.pmpf.rs.gov.br\/secretaria-de-seguranca-publica\/wp-json\/wp\/v2\/posts\/1362\/revisions\/1363"}],"wp:attachment":[{"href":"https:\/\/www.pmpf.rs.gov.br\/secretaria-de-seguranca-publica\/wp-json\/wp\/v2\/media?parent=1362"}],"wp:term":[{"taxonomy":"category","embeddable":true,"href":"https:\/\/www.pmpf.rs.gov.br\/secretaria-de-seguranca-publica\/wp-json\/wp\/v2\/categories?post=1362"},{"taxonomy":"post_tag","embeddable":true,"href":"https:\/\/www.pmpf.rs.gov.br\/secretaria-de-seguranca-publica\/wp-json\/wp\/v2\/tags?post=1362"}],"curies":[{"name":"wp","href":"https:\/\/api.w.org\/{rel}","templated":true}]}}