{"id":1350,"date":"2026-02-19T10:43:08","date_gmt":"2026-02-19T13:43:08","guid":{"rendered":"https:\/\/www.pmpf.rs.gov.br\/secretaria-de-seguranca-publica\/?p=1350"},"modified":"2026-02-19T10:43:11","modified_gmt":"2026-02-19T13:43:11","slug":"prefeitura-intensifica-operacoes-de-transito-durante-o-carnaval-em-passo-fundo","status":"publish","type":"post","link":"https:\/\/www.pmpf.rs.gov.br\/secretaria-de-seguranca-publica\/2026\/02\/19\/prefeitura-intensifica-operacoes-de-transito-durante-o-carnaval-em-passo-fundo\/","title":{"rendered":"Prefeitura intensifica opera\u00e7\u00f5es de tr\u00e2nsito durante o Carnaval em Passo Fundo"},"content":{"rendered":"\n<p><\/p>\n\n\n\n<p>Em meio aos dias de folia, a Prefeitura de Passo Fundo refor\u00e7ou as a\u00e7\u00f5es de fiscaliza\u00e7\u00e3o para garantir que a divers\u00e3o viesse acompanhada de seguran\u00e7a e responsabilidade no tr\u00e2nsito.<\/p>\n\n\n\n<p>Por meio da Secretaria de Seguran\u00e7a e Transportes e da Guarda Municipal de Tr\u00e2nsito, com apoio da Brigada Militar, foram realizadas duas opera\u00e7\u00f5es especiais no per\u00edodo: a a\u00e7\u00e3o Fim de Festa, na madrugada de domingo (15), e a Balada Segura, na madrugada desta ter\u00e7a-feira (17).<\/p>\n\n\n\n<p>A Opera\u00e7\u00e3o Balada Segura ocorreu na Rua Bento Gon\u00e7alves, n\u00ba 349, onde foram abordados 103 ve\u00edculos e identificadas 115 pessoas.<\/p>\n\n\n\n<p>Resultados da opera\u00e7\u00e3o<\/p>\n\n\n\n<p>4 ve\u00edculos recolhidos ao p\u00e1tio do guincho Petr\u00f3polis;<br>12 Carteiras Nacionais de Habilita\u00e7\u00e3o (CNHs) recolhidas preventivamente;<br>8 condutores autuados por recusa ao teste do etil\u00f4metro;<br>4 condutores autuados por embriaguez ao volante.<\/p>\n\n\n\n<p>Entre os casos de embriaguez constatada, dois motoristas foram encaminhados \u00e0 Delegacia de Pol\u00edcia de Pronto Atendimento (DPPA) para registro do crime, ap\u00f3s apresentarem \u00edndices de 0,83 mg\/L e 0,57 mg\/L no teste do etil\u00f4metro \u2014 valores superiores ao limite que configura crime de tr\u00e2nsito.<\/p>\n\n\n\n<p>Ao todo, foram lavrados 32 autos de infra\u00e7\u00e3o por diversas irregularidades.<br>\u201cAs opera\u00e7\u00f5es Balada Segura e Fim de Festa t\u00eam como objetivo principal preservar vidas e orientar os condutores. Atuamos de forma preventiva e ostensiva, especialmente nos hor\u00e1rios e locais de maior concentra\u00e7\u00e3o de pessoas, para coibir a combina\u00e7\u00e3o de \u00e1lcool e dire\u00e7\u00e3o, o excesso de velocidade e outras condutas de risco. Nosso compromisso \u00e9 garantir que as pessoas possam aproveitar o Carnaval e retornar para casa com seguran\u00e7a&#8221;, disse o secret\u00e1rio da pasta, Tadeu Trindade.<\/p>\n\n\n\n<p>As a\u00e7\u00f5es Fim de Festa e Balada Segura integram a estrat\u00e9gia permanente do munic\u00edpio de refor\u00e7o \u00e0 fiscaliza\u00e7\u00e3o vi\u00e1ria, especialmente em per\u00edodos de maior circula\u00e7\u00e3o, como foi no carnaval.<\/p>\n","protected":false},"excerpt":{"rendered":"<p>Em meio aos dias de folia, a Prefeitura de Passo Fundo refor\u00e7ou as a\u00e7\u00f5es de fiscaliza\u00e7\u00e3o para garantir que a divers\u00e3o viesse acompanhada de seguran\u00e7a e responsabilidade no tr\u00e2nsito. Por meio da [&hellip;]<\/p>\n","protected":false},"author":24,"featured_media":1351,"comment_status":"closed","ping_status":"closed","sticky":false,"template":"","format":"standard","meta":{"footnotes":""},"categories":[1],"tags":[],"class_list":["post-1350","post","type-post","status-publish","format-standard","has-post-thumbnail","hentry","category-sem-categoria"],"yoast_head":"<!-- This site is optimized with the Yoast SEO plugin v23.8 - https:\/\/yoast.com\/wordpress\/plugins\/seo\/ -->\n<title>Prefeitura intensifica opera\u00e7\u00f5es de tr\u00e2nsito durante o Carnaval em Passo Fundo - Secretaria de Seguran\u00e7a P\u00fablica e Transporte<\/title>\n<meta name=\"robots\" content=\"index, follow, max-snippet:-1, max-image-preview:large, max-video-preview:-1\" \/>\n<link rel=\"canonical\" href=\"https:\/\/www.pmpf.rs.gov.br\/secretaria-de-seguranca-publica\/2026\/02\/19\/prefeitura-intensifica-operacoes-de-transito-durante-o-carnaval-em-passo-fundo\/\" \/>\n<meta property=\"og:locale\" content=\"pt_BR\" \/>\n<meta property=\"og:type\" content=\"article\" \/>\n<meta property=\"og:title\" content=\"Prefeitura intensifica opera\u00e7\u00f5es de tr\u00e2nsito durante o Carnaval em Passo Fundo - Secretaria de Seguran\u00e7a P\u00fablica e Transporte\" \/>\n<meta property=\"og:description\" content=\"Em meio aos dias de folia, a Prefeitura de Passo Fundo refor\u00e7ou as a\u00e7\u00f5es de fiscaliza\u00e7\u00e3o para garantir que a divers\u00e3o viesse acompanhada de seguran\u00e7a e responsabilidade no tr\u00e2nsito. Por meio da [&hellip;]\" \/>\n<meta property=\"og:url\" content=\"https:\/\/www.pmpf.rs.gov.br\/secretaria-de-seguranca-publica\/2026\/02\/19\/prefeitura-intensifica-operacoes-de-transito-durante-o-carnaval-em-passo-fundo\/\" \/>\n<meta property=\"og:site_name\" content=\"Secretaria de Seguran\u00e7a P\u00fablica e Transporte\" \/>\n<meta property=\"article:published_time\" content=\"2026-02-19T13:43:08+00:00\" \/>\n<meta property=\"article:modified_time\" content=\"2026-02-19T13:43:11+00:00\" \/>\n<meta name=\"author\" content=\"lilicrivello\" \/>\n<meta name=\"twitter:card\" content=\"summary_large_image\" \/>\n<meta name=\"twitter:label1\" content=\"Escrito por\" \/>\n\t<meta name=\"twitter:data1\" content=\"lilicrivello\" \/>\n\t<meta name=\"twitter:label2\" content=\"Est. tempo de leitura\" \/>\n\t<meta name=\"twitter:data2\" content=\"2 minutos\" \/>\n<script type=\"application\/ld+json\" class=\"yoast-schema-graph\">{\"@context\":\"https:\/\/schema.org\",\"@graph\":[{\"@type\":\"WebPage\",\"@id\":\"https:\/\/www.pmpf.rs.gov.br\/secretaria-de-seguranca-publica\/2026\/02\/19\/prefeitura-intensifica-operacoes-de-transito-durante-o-carnaval-em-passo-fundo\/\",\"url\":\"https:\/\/www.pmpf.rs.gov.br\/secretaria-de-seguranca-publica\/2026\/02\/19\/prefeitura-intensifica-operacoes-de-transito-durante-o-carnaval-em-passo-fundo\/\",\"name\":\"Prefeitura intensifica opera\u00e7\u00f5es de tr\u00e2nsito durante o Carnaval em Passo Fundo - Secretaria de Seguran\u00e7a P\u00fablica e Transporte\",\"isPartOf\":{\"@id\":\"https:\/\/www.pmpf.rs.gov.br\/secretaria-de-seguranca-publica\/#website\"},\"primaryImageOfPage\":{\"@id\":\"https:\/\/www.pmpf.rs.gov.br\/secretaria-de-seguranca-publica\/2026\/02\/19\/prefeitura-intensifica-operacoes-de-transito-durante-o-carnaval-em-passo-fundo\/#primaryimage\"},\"image\":{\"@id\":\"https:\/\/www.pmpf.rs.gov.br\/secretaria-de-seguranca-publica\/2026\/02\/19\/prefeitura-intensifica-operacoes-de-transito-durante-o-carnaval-em-passo-fundo\/#primaryimage\"},\"thumbnailUrl\":\"https:\/\/www.pmpf.rs.gov.br\/secretaria-de-seguranca-publica\/wp-content\/uploads\/sites\/54\/2026\/02\/Captura-de-tela-2026-02-19-104246.png\",\"datePublished\":\"2026-02-19T13:43:08+00:00\",\"dateModified\":\"2026-02-19T13:43:11+00:00\",\"author\":{\"@id\":\"https:\/\/www.pmpf.rs.gov.br\/secretaria-de-seguranca-publica\/#\/schema\/person\/6e93b0ab2174b69f691ac4f278ba2d0a\"},\"breadcrumb\":{\"@id\":\"https:\/\/www.pmpf.rs.gov.br\/secretaria-de-seguranca-publica\/2026\/02\/19\/prefeitura-intensifica-operacoes-de-transito-durante-o-carnaval-em-passo-fundo\/#breadcrumb\"},\"inLanguage\":\"pt-BR\",\"potentialAction\":[{\"@type\":\"ReadAction\",\"target\":[\"https:\/\/www.pmpf.rs.gov.br\/secretaria-de-seguranca-publica\/2026\/02\/19\/prefeitura-intensifica-operacoes-de-transito-durante-o-carnaval-em-passo-fundo\/\"]}]},{\"@type\":\"ImageObject\",\"inLanguage\":\"pt-BR\",\"@id\":\"https:\/\/www.pmpf.rs.gov.br\/secretaria-de-seguranca-publica\/2026\/02\/19\/prefeitura-intensifica-operacoes-de-transito-durante-o-carnaval-em-passo-fundo\/#primaryimage\",\"url\":\"https:\/\/www.pmpf.rs.gov.br\/secretaria-de-seguranca-publica\/wp-content\/uploads\/sites\/54\/2026\/02\/Captura-de-tela-2026-02-19-104246.png\",\"contentUrl\":\"https:\/\/www.pmpf.rs.gov.br\/secretaria-de-seguranca-publica\/wp-content\/uploads\/sites\/54\/2026\/02\/Captura-de-tela-2026-02-19-104246.png\",\"width\":880,\"height\":584},{\"@type\":\"BreadcrumbList\",\"@id\":\"https:\/\/www.pmpf.rs.gov.br\/secretaria-de-seguranca-publica\/2026\/02\/19\/prefeitura-intensifica-operacoes-de-transito-durante-o-carnaval-em-passo-fundo\/#breadcrumb\",\"itemListElement\":[{\"@type\":\"ListItem\",\"position\":1,\"name\":\"In\u00edcio\",\"item\":\"https:\/\/www.pmpf.rs.gov.br\/secretaria-de-seguranca-publica\/\"},{\"@type\":\"ListItem\",\"position\":2,\"name\":\"Prefeitura intensifica opera\u00e7\u00f5es de tr\u00e2nsito durante o Carnaval em Passo Fundo\"}]},{\"@type\":\"WebSite\",\"@id\":\"https:\/\/www.pmpf.rs.gov.br\/secretaria-de-seguranca-publica\/#website\",\"url\":\"https:\/\/www.pmpf.rs.gov.br\/secretaria-de-seguranca-publica\/\",\"name\":\"Secretaria de Seguran\u00e7a P\u00fablica e Transporte\",\"description\":\"S\u00f3 mais um site Prefeitura de Passo Fundo\",\"potentialAction\":[{\"@type\":\"SearchAction\",\"target\":{\"@type\":\"EntryPoint\",\"urlTemplate\":\"https:\/\/www.pmpf.rs.gov.br\/secretaria-de-seguranca-publica\/?s={search_term_string}\"},\"query-input\":{\"@type\":\"PropertyValueSpecification\",\"valueRequired\":true,\"valueName\":\"search_term_string\"}}],\"inLanguage\":\"pt-BR\"},{\"@type\":\"Person\",\"@id\":\"https:\/\/www.pmpf.rs.gov.br\/secretaria-de-seguranca-publica\/#\/schema\/person\/6e93b0ab2174b69f691ac4f278ba2d0a\",\"name\":\"lilicrivello\",\"image\":{\"@type\":\"ImageObject\",\"inLanguage\":\"pt-BR\",\"@id\":\"https:\/\/www.pmpf.rs.gov.br\/secretaria-de-seguranca-publica\/#\/schema\/person\/image\/\",\"url\":\"https:\/\/secure.gravatar.com\/avatar\/0b546b667388f8edb7b67d70a57b5e46?s=96&d=mm&r=g\",\"contentUrl\":\"https:\/\/secure.gravatar.com\/avatar\/0b546b667388f8edb7b67d70a57b5e46?s=96&d=mm&r=g\",\"caption\":\"lilicrivello\"},\"url\":\"https:\/\/www.pmpf.rs.gov.br\/secretaria-de-seguranca-publica\/author\/lilicrivello\/\"}]}<\/script>\n<!-- \/ Yoast SEO plugin. -->","yoast_head_json":{"title":"Prefeitura intensifica opera\u00e7\u00f5es de tr\u00e2nsito durante o Carnaval em Passo Fundo - Secretaria de Seguran\u00e7a P\u00fablica e Transporte","robots":{"index":"index","follow":"follow","max-snippet":"max-snippet:-1","max-image-preview":"max-image-preview:large","max-video-preview":"max-video-preview:-1"},"canonical":"https:\/\/www.pmpf.rs.gov.br\/secretaria-de-seguranca-publica\/2026\/02\/19\/prefeitura-intensifica-operacoes-de-transito-durante-o-carnaval-em-passo-fundo\/","og_locale":"pt_BR","og_type":"article","og_title":"Prefeitura intensifica opera\u00e7\u00f5es de tr\u00e2nsito durante o Carnaval em Passo Fundo - Secretaria de Seguran\u00e7a P\u00fablica e Transporte","og_description":"Em meio aos dias de folia, a Prefeitura de Passo Fundo refor\u00e7ou as a\u00e7\u00f5es de fiscaliza\u00e7\u00e3o para garantir que a divers\u00e3o viesse acompanhada de seguran\u00e7a e responsabilidade no tr\u00e2nsito. Por meio da [&hellip;]","og_url":"https:\/\/www.pmpf.rs.gov.br\/secretaria-de-seguranca-publica\/2026\/02\/19\/prefeitura-intensifica-operacoes-de-transito-durante-o-carnaval-em-passo-fundo\/","og_site_name":"Secretaria de Seguran\u00e7a P\u00fablica e Transporte","article_published_time":"2026-02-19T13:43:08+00:00","article_modified_time":"2026-02-19T13:43:11+00:00","author":"lilicrivello","twitter_card":"summary_large_image","twitter_misc":{"Escrito por":"lilicrivello","Est. tempo de leitura":"2 minutos"},"schema":{"@context":"https:\/\/schema.org","@graph":[{"@type":"WebPage","@id":"https:\/\/www.pmpf.rs.gov.br\/secretaria-de-seguranca-publica\/2026\/02\/19\/prefeitura-intensifica-operacoes-de-transito-durante-o-carnaval-em-passo-fundo\/","url":"https:\/\/www.pmpf.rs.gov.br\/secretaria-de-seguranca-publica\/2026\/02\/19\/prefeitura-intensifica-operacoes-de-transito-durante-o-carnaval-em-passo-fundo\/","name":"Prefeitura intensifica opera\u00e7\u00f5es de tr\u00e2nsito durante o Carnaval em Passo Fundo - Secretaria de Seguran\u00e7a P\u00fablica e Transporte","isPartOf":{"@id":"https:\/\/www.pmpf.rs.gov.br\/secretaria-de-seguranca-publica\/#website"},"primaryImageOfPage":{"@id":"https:\/\/www.pmpf.rs.gov.br\/secretaria-de-seguranca-publica\/2026\/02\/19\/prefeitura-intensifica-operacoes-de-transito-durante-o-carnaval-em-passo-fundo\/#primaryimage"},"image":{"@id":"https:\/\/www.pmpf.rs.gov.br\/secretaria-de-seguranca-publica\/2026\/02\/19\/prefeitura-intensifica-operacoes-de-transito-durante-o-carnaval-em-passo-fundo\/#primaryimage"},"thumbnailUrl":"https:\/\/www.pmpf.rs.gov.br\/secretaria-de-seguranca-publica\/wp-content\/uploads\/sites\/54\/2026\/02\/Captura-de-tela-2026-02-19-104246.png","datePublished":"2026-02-19T13:43:08+00:00","dateModified":"2026-02-19T13:43:11+00:00","author":{"@id":"https:\/\/www.pmpf.rs.gov.br\/secretaria-de-seguranca-publica\/#\/schema\/person\/6e93b0ab2174b69f691ac4f278ba2d0a"},"breadcrumb":{"@id":"https:\/\/www.pmpf.rs.gov.br\/secretaria-de-seguranca-publica\/2026\/02\/19\/prefeitura-intensifica-operacoes-de-transito-durante-o-carnaval-em-passo-fundo\/#breadcrumb"},"inLanguage":"pt-BR","potentialAction":[{"@type":"ReadAction","target":["https:\/\/www.pmpf.rs.gov.br\/secretaria-de-seguranca-publica\/2026\/02\/19\/prefeitura-intensifica-operacoes-de-transito-durante-o-carnaval-em-passo-fundo\/"]}]},{"@type":"ImageObject","inLanguage":"pt-BR","@id":"https:\/\/www.pmpf.rs.gov.br\/secretaria-de-seguranca-publica\/2026\/02\/19\/prefeitura-intensifica-operacoes-de-transito-durante-o-carnaval-em-passo-fundo\/#primaryimage","url":"https:\/\/www.pmpf.rs.gov.br\/secretaria-de-seguranca-publica\/wp-content\/uploads\/sites\/54\/2026\/02\/Captura-de-tela-2026-02-19-104246.png","contentUrl":"https:\/\/www.pmpf.rs.gov.br\/secretaria-de-seguranca-publica\/wp-content\/uploads\/sites\/54\/2026\/02\/Captura-de-tela-2026-02-19-104246.png","width":880,"height":584},{"@type":"BreadcrumbList","@id":"https:\/\/www.pmpf.rs.gov.br\/secretaria-de-seguranca-publica\/2026\/02\/19\/prefeitura-intensifica-operacoes-de-transito-durante-o-carnaval-em-passo-fundo\/#breadcrumb","itemListElement":[{"@type":"ListItem","position":1,"name":"In\u00edcio","item":"https:\/\/www.pmpf.rs.gov.br\/secretaria-de-seguranca-publica\/"},{"@type":"ListItem","position":2,"name":"Prefeitura intensifica opera\u00e7\u00f5es de tr\u00e2nsito durante o Carnaval em Passo Fundo"}]},{"@type":"WebSite","@id":"https:\/\/www.pmpf.rs.gov.br\/secretaria-de-seguranca-publica\/#website","url":"https:\/\/www.pmpf.rs.gov.br\/secretaria-de-seguranca-publica\/","name":"Secretaria de Seguran\u00e7a P\u00fablica e Transporte","description":"S\u00f3 mais um site Prefeitura de Passo Fundo","potentialAction":[{"@type":"SearchAction","target":{"@type":"EntryPoint","urlTemplate":"https:\/\/www.pmpf.rs.gov.br\/secretaria-de-seguranca-publica\/?s={search_term_string}"},"query-input":{"@type":"PropertyValueSpecification","valueRequired":true,"valueName":"search_term_string"}}],"inLanguage":"pt-BR"},{"@type":"Person","@id":"https:\/\/www.pmpf.rs.gov.br\/secretaria-de-seguranca-publica\/#\/schema\/person\/6e93b0ab2174b69f691ac4f278ba2d0a","name":"lilicrivello","image":{"@type":"ImageObject","inLanguage":"pt-BR","@id":"https:\/\/www.pmpf.rs.gov.br\/secretaria-de-seguranca-publica\/#\/schema\/person\/image\/","url":"https:\/\/secure.gravatar.com\/avatar\/0b546b667388f8edb7b67d70a57b5e46?s=96&d=mm&r=g","contentUrl":"https:\/\/secure.gravatar.com\/avatar\/0b546b667388f8edb7b67d70a57b5e46?s=96&d=mm&r=g","caption":"lilicrivello"},"url":"https:\/\/www.pmpf.rs.gov.br\/secretaria-de-seguranca-publica\/author\/lilicrivello\/"}]}},"_links":{"self":[{"href":"https:\/\/www.pmpf.rs.gov.br\/secretaria-de-seguranca-publica\/wp-json\/wp\/v2\/posts\/1350"}],"collection":[{"href":"https:\/\/www.pmpf.rs.gov.br\/secretaria-de-seguranca-publica\/wp-json\/wp\/v2\/posts"}],"about":[{"href":"https:\/\/www.pmpf.rs.gov.br\/secretaria-de-seguranca-publica\/wp-json\/wp\/v2\/types\/post"}],"author":[{"embeddable":true,"href":"https:\/\/www.pmpf.rs.gov.br\/secretaria-de-seguranca-publica\/wp-json\/wp\/v2\/users\/24"}],"replies":[{"embeddable":true,"href":"https:\/\/www.pmpf.rs.gov.br\/secretaria-de-seguranca-publica\/wp-json\/wp\/v2\/comments?post=1350"}],"version-history":[{"count":1,"href":"https:\/\/www.pmpf.rs.gov.br\/secretaria-de-seguranca-publica\/wp-json\/wp\/v2\/posts\/1350\/revisions"}],"predecessor-version":[{"id":1352,"href":"https:\/\/www.pmpf.rs.gov.br\/secretaria-de-seguranca-publica\/wp-json\/wp\/v2\/posts\/1350\/revisions\/1352"}],"wp:featuredmedia":[{"embeddable":true,"href":"https:\/\/www.pmpf.rs.gov.br\/secretaria-de-seguranca-publica\/wp-json\/wp\/v2\/media\/1351"}],"wp:attachment":[{"href":"https:\/\/www.pmpf.rs.gov.br\/secretaria-de-seguranca-publica\/wp-json\/wp\/v2\/media?parent=1350"}],"wp:term":[{"taxonomy":"category","embeddable":true,"href":"https:\/\/www.pmpf.rs.gov.br\/secretaria-de-seguranca-publica\/wp-json\/wp\/v2\/categories?post=1350"},{"taxonomy":"post_tag","embeddable":true,"href":"https:\/\/www.pmpf.rs.gov.br\/secretaria-de-seguranca-publica\/wp-json\/wp\/v2\/tags?post=1350"}],"curies":[{"name":"wp","href":"https:\/\/api.w.org\/{rel}","templated":true}]}}