{"id":1326,"date":"2025-12-23T10:08:11","date_gmt":"2025-12-23T13:08:11","guid":{"rendered":"https:\/\/www.pmpf.rs.gov.br\/secretaria-de-seguranca-publica\/?p=1326"},"modified":"2025-12-23T10:08:15","modified_gmt":"2025-12-23T13:08:15","slug":"com-operacao-fim-de-festa-prefeitura-intensifica-combate-a-embriaguez-ao-volante","status":"publish","type":"post","link":"https:\/\/www.pmpf.rs.gov.br\/secretaria-de-seguranca-publica\/2025\/12\/23\/com-operacao-fim-de-festa-prefeitura-intensifica-combate-a-embriaguez-ao-volante\/","title":{"rendered":"Com Opera\u00e7\u00e3o Fim de Festa, Prefeitura intensifica combate \u00e0 embriaguez ao volante"},"content":{"rendered":"\n<p><\/p>\n\n\n\n<p>Com o objetivo de reduzir acidentes e aumentar a seguran\u00e7a no tr\u00e2nsito, a Secretaria Municipal de Seguran\u00e7a P\u00fablica est\u00e1 realizando uma opera\u00e7\u00e3o espec\u00edfica de fiscaliza\u00e7\u00e3o voltada aos condutores que circulam principalmente nas sa\u00eddas de festas e casas noturnas, locais onde os \u00edndices de ocorr\u00eancias relacionadas ao consumo de \u00e1lcool costumam ser mais elevados.<\/p>\n\n\n\n<p>A a\u00e7\u00e3o ocorre de forma itinerante, sem ponto fixo de abordagem, permitindo que os agentes realizem fiscaliza\u00e7\u00f5es din\u00e2micas em diferentes regi\u00f5es da cidade. Os ve\u00edculos s\u00e3o abordados em movimento, estrat\u00e9gia que amplia o alcance da opera\u00e7\u00e3o e dificulta a previsibilidade por parte dos motoristas.<\/p>\n\n\n\n<p>A iniciativa \u00e9 conduzida exclusivamente pela Secretaria de Seguran\u00e7a, atrav\u00e9s da Guarda de Tr\u00e2nsito, e est\u00e1 programada para acontecer semanalmente, refor\u00e7ando o car\u00e1ter cont\u00ednuo da fiscaliza\u00e7\u00e3o. Conforme o secret\u00e1rio Tadeu Trindade, a proposta \u00e9 atuar de forma preventiva, inibindo a combina\u00e7\u00e3o de \u00e1lcool e dire\u00e7\u00e3o e promovendo um tr\u00e2nsito mais seguro para motoristas, passageiros e pedestres.<\/p>\n\n\n\n<p>De acordo com o secret\u00e1rio, a presen\u00e7a constante das equipes nas madrugadas e em hor\u00e1rios de maior circula\u00e7\u00e3o ap\u00f3s eventos busca conscientizar os condutores sobre os riscos da embriaguez ao volante, al\u00e9m de preservar vidas e reduzir danos causados por acidentes evit\u00e1veis. A Secretaria de Seguran\u00e7a refor\u00e7a a orienta\u00e7\u00e3o para que, em situa\u00e7\u00f5es de consumo de bebida alco\u00f3lica, a popula\u00e7\u00e3o opte por alternativas como transporte por aplicativo, t\u00e1xi ou carona.<\/p>\n","protected":false},"excerpt":{"rendered":"<p>Com o objetivo de reduzir acidentes e aumentar a seguran\u00e7a no tr\u00e2nsito, a Secretaria Municipal de Seguran\u00e7a P\u00fablica est\u00e1 realizando uma opera\u00e7\u00e3o espec\u00edfica de fiscaliza\u00e7\u00e3o voltada aos condutores que circulam principalmente nas [&hellip;]<\/p>\n","protected":false},"author":24,"featured_media":1327,"comment_status":"closed","ping_status":"closed","sticky":false,"template":"","format":"standard","meta":{"footnotes":""},"categories":[1],"tags":[],"class_list":["post-1326","post","type-post","status-publish","format-standard","has-post-thumbnail","hentry","category-sem-categoria"],"yoast_head":"<!-- This site is optimized with the Yoast SEO plugin v23.8 - https:\/\/yoast.com\/wordpress\/plugins\/seo\/ -->\n<title>Com Opera\u00e7\u00e3o Fim de Festa, Prefeitura intensifica combate \u00e0 embriaguez ao volante - Secretaria de Seguran\u00e7a P\u00fablica e Transporte<\/title>\n<meta name=\"robots\" content=\"index, follow, max-snippet:-1, max-image-preview:large, max-video-preview:-1\" \/>\n<link rel=\"canonical\" href=\"https:\/\/www.pmpf.rs.gov.br\/secretaria-de-seguranca-publica\/2025\/12\/23\/com-operacao-fim-de-festa-prefeitura-intensifica-combate-a-embriaguez-ao-volante\/\" \/>\n<meta property=\"og:locale\" content=\"pt_BR\" \/>\n<meta property=\"og:type\" content=\"article\" \/>\n<meta property=\"og:title\" content=\"Com Opera\u00e7\u00e3o Fim de Festa, Prefeitura intensifica combate \u00e0 embriaguez ao volante - Secretaria de Seguran\u00e7a P\u00fablica e Transporte\" \/>\n<meta property=\"og:description\" content=\"Com o objetivo de reduzir acidentes e aumentar a seguran\u00e7a no tr\u00e2nsito, a Secretaria Municipal de Seguran\u00e7a P\u00fablica est\u00e1 realizando uma opera\u00e7\u00e3o espec\u00edfica de fiscaliza\u00e7\u00e3o voltada aos condutores que circulam principalmente nas [&hellip;]\" \/>\n<meta property=\"og:url\" content=\"https:\/\/www.pmpf.rs.gov.br\/secretaria-de-seguranca-publica\/2025\/12\/23\/com-operacao-fim-de-festa-prefeitura-intensifica-combate-a-embriaguez-ao-volante\/\" \/>\n<meta property=\"og:site_name\" content=\"Secretaria de Seguran\u00e7a P\u00fablica e Transporte\" \/>\n<meta property=\"article:published_time\" content=\"2025-12-23T13:08:11+00:00\" \/>\n<meta property=\"article:modified_time\" content=\"2025-12-23T13:08:15+00:00\" \/>\n<meta name=\"author\" content=\"lilicrivello\" \/>\n<meta name=\"twitter:card\" content=\"summary_large_image\" \/>\n<meta name=\"twitter:label1\" content=\"Escrito por\" \/>\n\t<meta name=\"twitter:data1\" content=\"lilicrivello\" \/>\n\t<meta name=\"twitter:label2\" content=\"Est. tempo de leitura\" \/>\n\t<meta name=\"twitter:data2\" content=\"1 minuto\" \/>\n<script type=\"application\/ld+json\" class=\"yoast-schema-graph\">{\"@context\":\"https:\/\/schema.org\",\"@graph\":[{\"@type\":\"WebPage\",\"@id\":\"https:\/\/www.pmpf.rs.gov.br\/secretaria-de-seguranca-publica\/2025\/12\/23\/com-operacao-fim-de-festa-prefeitura-intensifica-combate-a-embriaguez-ao-volante\/\",\"url\":\"https:\/\/www.pmpf.rs.gov.br\/secretaria-de-seguranca-publica\/2025\/12\/23\/com-operacao-fim-de-festa-prefeitura-intensifica-combate-a-embriaguez-ao-volante\/\",\"name\":\"Com Opera\u00e7\u00e3o Fim de Festa, Prefeitura intensifica combate \u00e0 embriaguez ao volante - Secretaria de Seguran\u00e7a P\u00fablica e Transporte\",\"isPartOf\":{\"@id\":\"https:\/\/www.pmpf.rs.gov.br\/secretaria-de-seguranca-publica\/#website\"},\"primaryImageOfPage\":{\"@id\":\"https:\/\/www.pmpf.rs.gov.br\/secretaria-de-seguranca-publica\/2025\/12\/23\/com-operacao-fim-de-festa-prefeitura-intensifica-combate-a-embriaguez-ao-volante\/#primaryimage\"},\"image\":{\"@id\":\"https:\/\/www.pmpf.rs.gov.br\/secretaria-de-seguranca-publica\/2025\/12\/23\/com-operacao-fim-de-festa-prefeitura-intensifica-combate-a-embriaguez-ao-volante\/#primaryimage\"},\"thumbnailUrl\":\"https:\/\/www.pmpf.rs.gov.br\/secretaria-de-seguranca-publica\/wp-content\/uploads\/sites\/54\/2025\/12\/WhatsApp-Image-2025-12-22-at-14.56.59.jpeg\",\"datePublished\":\"2025-12-23T13:08:11+00:00\",\"dateModified\":\"2025-12-23T13:08:15+00:00\",\"author\":{\"@id\":\"https:\/\/www.pmpf.rs.gov.br\/secretaria-de-seguranca-publica\/#\/schema\/person\/6e93b0ab2174b69f691ac4f278ba2d0a\"},\"breadcrumb\":{\"@id\":\"https:\/\/www.pmpf.rs.gov.br\/secretaria-de-seguranca-publica\/2025\/12\/23\/com-operacao-fim-de-festa-prefeitura-intensifica-combate-a-embriaguez-ao-volante\/#breadcrumb\"},\"inLanguage\":\"pt-BR\",\"potentialAction\":[{\"@type\":\"ReadAction\",\"target\":[\"https:\/\/www.pmpf.rs.gov.br\/secretaria-de-seguranca-publica\/2025\/12\/23\/com-operacao-fim-de-festa-prefeitura-intensifica-combate-a-embriaguez-ao-volante\/\"]}]},{\"@type\":\"ImageObject\",\"inLanguage\":\"pt-BR\",\"@id\":\"https:\/\/www.pmpf.rs.gov.br\/secretaria-de-seguranca-publica\/2025\/12\/23\/com-operacao-fim-de-festa-prefeitura-intensifica-combate-a-embriaguez-ao-volante\/#primaryimage\",\"url\":\"https:\/\/www.pmpf.rs.gov.br\/secretaria-de-seguranca-publica\/wp-content\/uploads\/sites\/54\/2025\/12\/WhatsApp-Image-2025-12-22-at-14.56.59.jpeg\",\"contentUrl\":\"https:\/\/www.pmpf.rs.gov.br\/secretaria-de-seguranca-publica\/wp-content\/uploads\/sites\/54\/2025\/12\/WhatsApp-Image-2025-12-22-at-14.56.59.jpeg\",\"width\":1200,\"height\":1600},{\"@type\":\"BreadcrumbList\",\"@id\":\"https:\/\/www.pmpf.rs.gov.br\/secretaria-de-seguranca-publica\/2025\/12\/23\/com-operacao-fim-de-festa-prefeitura-intensifica-combate-a-embriaguez-ao-volante\/#breadcrumb\",\"itemListElement\":[{\"@type\":\"ListItem\",\"position\":1,\"name\":\"In\u00edcio\",\"item\":\"https:\/\/www.pmpf.rs.gov.br\/secretaria-de-seguranca-publica\/\"},{\"@type\":\"ListItem\",\"position\":2,\"name\":\"Com Opera\u00e7\u00e3o Fim de Festa, Prefeitura intensifica combate \u00e0 embriaguez ao volante\"}]},{\"@type\":\"WebSite\",\"@id\":\"https:\/\/www.pmpf.rs.gov.br\/secretaria-de-seguranca-publica\/#website\",\"url\":\"https:\/\/www.pmpf.rs.gov.br\/secretaria-de-seguranca-publica\/\",\"name\":\"Secretaria de Seguran\u00e7a P\u00fablica e Transporte\",\"description\":\"S\u00f3 mais um site Prefeitura de Passo Fundo\",\"potentialAction\":[{\"@type\":\"SearchAction\",\"target\":{\"@type\":\"EntryPoint\",\"urlTemplate\":\"https:\/\/www.pmpf.rs.gov.br\/secretaria-de-seguranca-publica\/?s={search_term_string}\"},\"query-input\":{\"@type\":\"PropertyValueSpecification\",\"valueRequired\":true,\"valueName\":\"search_term_string\"}}],\"inLanguage\":\"pt-BR\"},{\"@type\":\"Person\",\"@id\":\"https:\/\/www.pmpf.rs.gov.br\/secretaria-de-seguranca-publica\/#\/schema\/person\/6e93b0ab2174b69f691ac4f278ba2d0a\",\"name\":\"lilicrivello\",\"image\":{\"@type\":\"ImageObject\",\"inLanguage\":\"pt-BR\",\"@id\":\"https:\/\/www.pmpf.rs.gov.br\/secretaria-de-seguranca-publica\/#\/schema\/person\/image\/\",\"url\":\"https:\/\/secure.gravatar.com\/avatar\/0b546b667388f8edb7b67d70a57b5e46?s=96&d=mm&r=g\",\"contentUrl\":\"https:\/\/secure.gravatar.com\/avatar\/0b546b667388f8edb7b67d70a57b5e46?s=96&d=mm&r=g\",\"caption\":\"lilicrivello\"},\"url\":\"https:\/\/www.pmpf.rs.gov.br\/secretaria-de-seguranca-publica\/author\/lilicrivello\/\"}]}<\/script>\n<!-- \/ Yoast SEO plugin. -->","yoast_head_json":{"title":"Com Opera\u00e7\u00e3o Fim de Festa, Prefeitura intensifica combate \u00e0 embriaguez ao volante - Secretaria de Seguran\u00e7a P\u00fablica e Transporte","robots":{"index":"index","follow":"follow","max-snippet":"max-snippet:-1","max-image-preview":"max-image-preview:large","max-video-preview":"max-video-preview:-1"},"canonical":"https:\/\/www.pmpf.rs.gov.br\/secretaria-de-seguranca-publica\/2025\/12\/23\/com-operacao-fim-de-festa-prefeitura-intensifica-combate-a-embriaguez-ao-volante\/","og_locale":"pt_BR","og_type":"article","og_title":"Com Opera\u00e7\u00e3o Fim de Festa, Prefeitura intensifica combate \u00e0 embriaguez ao volante - Secretaria de Seguran\u00e7a P\u00fablica e Transporte","og_description":"Com o objetivo de reduzir acidentes e aumentar a seguran\u00e7a no tr\u00e2nsito, a Secretaria Municipal de Seguran\u00e7a P\u00fablica est\u00e1 realizando uma opera\u00e7\u00e3o espec\u00edfica de fiscaliza\u00e7\u00e3o voltada aos condutores que circulam principalmente nas [&hellip;]","og_url":"https:\/\/www.pmpf.rs.gov.br\/secretaria-de-seguranca-publica\/2025\/12\/23\/com-operacao-fim-de-festa-prefeitura-intensifica-combate-a-embriaguez-ao-volante\/","og_site_name":"Secretaria de Seguran\u00e7a P\u00fablica e Transporte","article_published_time":"2025-12-23T13:08:11+00:00","article_modified_time":"2025-12-23T13:08:15+00:00","author":"lilicrivello","twitter_card":"summary_large_image","twitter_misc":{"Escrito por":"lilicrivello","Est. tempo de leitura":"1 minuto"},"schema":{"@context":"https:\/\/schema.org","@graph":[{"@type":"WebPage","@id":"https:\/\/www.pmpf.rs.gov.br\/secretaria-de-seguranca-publica\/2025\/12\/23\/com-operacao-fim-de-festa-prefeitura-intensifica-combate-a-embriaguez-ao-volante\/","url":"https:\/\/www.pmpf.rs.gov.br\/secretaria-de-seguranca-publica\/2025\/12\/23\/com-operacao-fim-de-festa-prefeitura-intensifica-combate-a-embriaguez-ao-volante\/","name":"Com Opera\u00e7\u00e3o Fim de Festa, Prefeitura intensifica combate \u00e0 embriaguez ao volante - Secretaria de Seguran\u00e7a P\u00fablica e Transporte","isPartOf":{"@id":"https:\/\/www.pmpf.rs.gov.br\/secretaria-de-seguranca-publica\/#website"},"primaryImageOfPage":{"@id":"https:\/\/www.pmpf.rs.gov.br\/secretaria-de-seguranca-publica\/2025\/12\/23\/com-operacao-fim-de-festa-prefeitura-intensifica-combate-a-embriaguez-ao-volante\/#primaryimage"},"image":{"@id":"https:\/\/www.pmpf.rs.gov.br\/secretaria-de-seguranca-publica\/2025\/12\/23\/com-operacao-fim-de-festa-prefeitura-intensifica-combate-a-embriaguez-ao-volante\/#primaryimage"},"thumbnailUrl":"https:\/\/www.pmpf.rs.gov.br\/secretaria-de-seguranca-publica\/wp-content\/uploads\/sites\/54\/2025\/12\/WhatsApp-Image-2025-12-22-at-14.56.59.jpeg","datePublished":"2025-12-23T13:08:11+00:00","dateModified":"2025-12-23T13:08:15+00:00","author":{"@id":"https:\/\/www.pmpf.rs.gov.br\/secretaria-de-seguranca-publica\/#\/schema\/person\/6e93b0ab2174b69f691ac4f278ba2d0a"},"breadcrumb":{"@id":"https:\/\/www.pmpf.rs.gov.br\/secretaria-de-seguranca-publica\/2025\/12\/23\/com-operacao-fim-de-festa-prefeitura-intensifica-combate-a-embriaguez-ao-volante\/#breadcrumb"},"inLanguage":"pt-BR","potentialAction":[{"@type":"ReadAction","target":["https:\/\/www.pmpf.rs.gov.br\/secretaria-de-seguranca-publica\/2025\/12\/23\/com-operacao-fim-de-festa-prefeitura-intensifica-combate-a-embriaguez-ao-volante\/"]}]},{"@type":"ImageObject","inLanguage":"pt-BR","@id":"https:\/\/www.pmpf.rs.gov.br\/secretaria-de-seguranca-publica\/2025\/12\/23\/com-operacao-fim-de-festa-prefeitura-intensifica-combate-a-embriaguez-ao-volante\/#primaryimage","url":"https:\/\/www.pmpf.rs.gov.br\/secretaria-de-seguranca-publica\/wp-content\/uploads\/sites\/54\/2025\/12\/WhatsApp-Image-2025-12-22-at-14.56.59.jpeg","contentUrl":"https:\/\/www.pmpf.rs.gov.br\/secretaria-de-seguranca-publica\/wp-content\/uploads\/sites\/54\/2025\/12\/WhatsApp-Image-2025-12-22-at-14.56.59.jpeg","width":1200,"height":1600},{"@type":"BreadcrumbList","@id":"https:\/\/www.pmpf.rs.gov.br\/secretaria-de-seguranca-publica\/2025\/12\/23\/com-operacao-fim-de-festa-prefeitura-intensifica-combate-a-embriaguez-ao-volante\/#breadcrumb","itemListElement":[{"@type":"ListItem","position":1,"name":"In\u00edcio","item":"https:\/\/www.pmpf.rs.gov.br\/secretaria-de-seguranca-publica\/"},{"@type":"ListItem","position":2,"name":"Com Opera\u00e7\u00e3o Fim de Festa, Prefeitura intensifica combate \u00e0 embriaguez ao volante"}]},{"@type":"WebSite","@id":"https:\/\/www.pmpf.rs.gov.br\/secretaria-de-seguranca-publica\/#website","url":"https:\/\/www.pmpf.rs.gov.br\/secretaria-de-seguranca-publica\/","name":"Secretaria de Seguran\u00e7a P\u00fablica e Transporte","description":"S\u00f3 mais um site Prefeitura de Passo Fundo","potentialAction":[{"@type":"SearchAction","target":{"@type":"EntryPoint","urlTemplate":"https:\/\/www.pmpf.rs.gov.br\/secretaria-de-seguranca-publica\/?s={search_term_string}"},"query-input":{"@type":"PropertyValueSpecification","valueRequired":true,"valueName":"search_term_string"}}],"inLanguage":"pt-BR"},{"@type":"Person","@id":"https:\/\/www.pmpf.rs.gov.br\/secretaria-de-seguranca-publica\/#\/schema\/person\/6e93b0ab2174b69f691ac4f278ba2d0a","name":"lilicrivello","image":{"@type":"ImageObject","inLanguage":"pt-BR","@id":"https:\/\/www.pmpf.rs.gov.br\/secretaria-de-seguranca-publica\/#\/schema\/person\/image\/","url":"https:\/\/secure.gravatar.com\/avatar\/0b546b667388f8edb7b67d70a57b5e46?s=96&d=mm&r=g","contentUrl":"https:\/\/secure.gravatar.com\/avatar\/0b546b667388f8edb7b67d70a57b5e46?s=96&d=mm&r=g","caption":"lilicrivello"},"url":"https:\/\/www.pmpf.rs.gov.br\/secretaria-de-seguranca-publica\/author\/lilicrivello\/"}]}},"_links":{"self":[{"href":"https:\/\/www.pmpf.rs.gov.br\/secretaria-de-seguranca-publica\/wp-json\/wp\/v2\/posts\/1326"}],"collection":[{"href":"https:\/\/www.pmpf.rs.gov.br\/secretaria-de-seguranca-publica\/wp-json\/wp\/v2\/posts"}],"about":[{"href":"https:\/\/www.pmpf.rs.gov.br\/secretaria-de-seguranca-publica\/wp-json\/wp\/v2\/types\/post"}],"author":[{"embeddable":true,"href":"https:\/\/www.pmpf.rs.gov.br\/secretaria-de-seguranca-publica\/wp-json\/wp\/v2\/users\/24"}],"replies":[{"embeddable":true,"href":"https:\/\/www.pmpf.rs.gov.br\/secretaria-de-seguranca-publica\/wp-json\/wp\/v2\/comments?post=1326"}],"version-history":[{"count":1,"href":"https:\/\/www.pmpf.rs.gov.br\/secretaria-de-seguranca-publica\/wp-json\/wp\/v2\/posts\/1326\/revisions"}],"predecessor-version":[{"id":1328,"href":"https:\/\/www.pmpf.rs.gov.br\/secretaria-de-seguranca-publica\/wp-json\/wp\/v2\/posts\/1326\/revisions\/1328"}],"wp:featuredmedia":[{"embeddable":true,"href":"https:\/\/www.pmpf.rs.gov.br\/secretaria-de-seguranca-publica\/wp-json\/wp\/v2\/media\/1327"}],"wp:attachment":[{"href":"https:\/\/www.pmpf.rs.gov.br\/secretaria-de-seguranca-publica\/wp-json\/wp\/v2\/media?parent=1326"}],"wp:term":[{"taxonomy":"category","embeddable":true,"href":"https:\/\/www.pmpf.rs.gov.br\/secretaria-de-seguranca-publica\/wp-json\/wp\/v2\/categories?post=1326"},{"taxonomy":"post_tag","embeddable":true,"href":"https:\/\/www.pmpf.rs.gov.br\/secretaria-de-seguranca-publica\/wp-json\/wp\/v2\/tags?post=1326"}],"curies":[{"name":"wp","href":"https:\/\/api.w.org\/{rel}","templated":true}]}}