{"id":1323,"date":"2025-12-19T10:14:02","date_gmt":"2025-12-19T13:14:02","guid":{"rendered":"https:\/\/www.pmpf.rs.gov.br\/secretaria-de-seguranca-publica\/?p=1323"},"modified":"2025-12-19T10:14:05","modified_gmt":"2025-12-19T13:14:05","slug":"imprudencia-e-responsavel-por-67-dos-acidentes-de-transito-em-passo-fundo-aponta-levantamento-da-prefeitura","status":"publish","type":"post","link":"https:\/\/www.pmpf.rs.gov.br\/secretaria-de-seguranca-publica\/2025\/12\/19\/imprudencia-e-responsavel-por-67-dos-acidentes-de-transito-em-passo-fundo-aponta-levantamento-da-prefeitura\/","title":{"rendered":"Imprud\u00eancia \u00e9 respons\u00e1vel por 67% dos acidentes de tr\u00e2nsito em Passo Fundo, aponta levantamento da Prefeitura"},"content":{"rendered":"\n<p><\/p>\n\n\n\n<p>Um levantamento da Prefeitura de Passo Fundo, por meio da Secretaria de Seguran\u00e7a P\u00fablica e Transportes, aponta que 67% dos acidentes de tr\u00e2nsito registrados no munic\u00edpio em 2025 t\u00eam como principal causa a imprud\u00eancia. Entre as ocorr\u00eancias mais recorrentes est\u00e3o o avan\u00e7o do sinal vermelho, o excesso de velocidade, o uso de aparelho celular ao volante e a embriaguez, fatores que seguem liderando os \u00edndices de acidentalidade na cidade.<\/p>\n\n\n\n<p>Somente neste ano, foram 69.981 infra\u00e7\u00f5es de tr\u00e2nsito registradas, n\u00famero que, apesar de expressivo, representa uma redu\u00e7\u00e3o de 8% em rela\u00e7\u00e3o ao mesmo per\u00edodo de 2024, demonstrando avan\u00e7os nas a\u00e7\u00f5es de fiscaliza\u00e7\u00e3o e conscientiza\u00e7\u00e3o promovidas pelo Munic\u00edpio.<\/p>\n\n\n\n<p>O secret\u00e1rio de Seguran\u00e7a P\u00fablica e Transportes, Tadeu Trindade, ressalta que a maioria das ocorr\u00eancias poderia ser evitada com atitudes mais respons\u00e1veis no tr\u00e2nsito. \u201cGrande parte das ocorr\u00eancias que registramos s\u00e3o em virtude da imprud\u00eancia e do descuido no tr\u00e2nsito, e podemos evit\u00e1-las com a conscientiza\u00e7\u00e3o de todos. A Prefeitura Municipal tem realizado investimentos importantes em infraestrutura vi\u00e1ria, aquisi\u00e7\u00e3o de novos equipamentos, contrata\u00e7\u00e3o de novos agentes e na cria\u00e7\u00e3o da Escola P\u00fablica de Tr\u00e2nsito, que orienta as pessoas desde a inf\u00e2ncia at\u00e9 a melhor idade. A seguran\u00e7a no tr\u00e2nsito das nossas ruas depende de cada um de n\u00f3s\u201d, destaca.<\/p>\n\n\n\n<p>A an\u00e1lise do perfil dos envolvidos nos acidentes mostra que o g\u00eanero masculino \u00e9 predominante, com maior concentra\u00e7\u00e3o na faixa et\u00e1ria entre 18 e 35 anos, o que refor\u00e7a a necessidade de campanhas educativas direcionadas a esse p\u00fablico.<\/p>\n\n\n\n<p>Nos \u00faltimos anos, a Prefeitura de Passo Fundo vem ampliando as pol\u00edticas p\u00fablicas voltadas \u00e0 seguran\u00e7a vi\u00e1ria, unindo educa\u00e7\u00e3o, fiscaliza\u00e7\u00e3o e melhorias na infraestrutura urbana. A atua\u00e7\u00e3o da Escola P\u00fablica de Tr\u00e2nsito tem papel estrat\u00e9gico nesse processo, promovendo a forma\u00e7\u00e3o de condutores e pedestres mais conscientes e comprometidos com a preserva\u00e7\u00e3o da vida.<\/p>\n\n\n\n<p>Os levantamentos estat\u00edsticos s\u00e3o fundamentais para orientar pol\u00edticas p\u00fablicas, definir estrat\u00e9gias de fiscaliza\u00e7\u00e3o e planejar a\u00e7\u00f5es educativas, com foco na redu\u00e7\u00e3o de acidentes e na preserva\u00e7\u00e3o de vidas.<\/p>\n","protected":false},"excerpt":{"rendered":"<p>Um levantamento da Prefeitura de Passo Fundo, por meio da Secretaria de Seguran\u00e7a P\u00fablica e Transportes, aponta que 67% dos acidentes de tr\u00e2nsito registrados no munic\u00edpio em 2025 t\u00eam como principal causa [&hellip;]<\/p>\n","protected":false},"author":24,"featured_media":1324,"comment_status":"closed","ping_status":"closed","sticky":false,"template":"","format":"standard","meta":{"footnotes":""},"categories":[1],"tags":[],"class_list":["post-1323","post","type-post","status-publish","format-standard","has-post-thumbnail","hentry","category-sem-categoria"],"yoast_head":"<!-- This site is optimized with the Yoast SEO plugin v23.8 - https:\/\/yoast.com\/wordpress\/plugins\/seo\/ -->\n<title>Imprud\u00eancia \u00e9 respons\u00e1vel por 67% dos acidentes de tr\u00e2nsito em Passo Fundo, aponta levantamento da Prefeitura - Secretaria de Seguran\u00e7a P\u00fablica e Transporte<\/title>\n<meta name=\"robots\" content=\"index, follow, max-snippet:-1, max-image-preview:large, max-video-preview:-1\" \/>\n<link rel=\"canonical\" href=\"https:\/\/www.pmpf.rs.gov.br\/secretaria-de-seguranca-publica\/2025\/12\/19\/imprudencia-e-responsavel-por-67-dos-acidentes-de-transito-em-passo-fundo-aponta-levantamento-da-prefeitura\/\" \/>\n<meta property=\"og:locale\" content=\"pt_BR\" \/>\n<meta property=\"og:type\" content=\"article\" \/>\n<meta property=\"og:title\" content=\"Imprud\u00eancia \u00e9 respons\u00e1vel por 67% dos acidentes de tr\u00e2nsito em Passo Fundo, aponta levantamento da Prefeitura - Secretaria de Seguran\u00e7a P\u00fablica e Transporte\" \/>\n<meta property=\"og:description\" content=\"Um levantamento da Prefeitura de Passo Fundo, por meio da Secretaria de Seguran\u00e7a P\u00fablica e Transportes, aponta que 67% dos acidentes de tr\u00e2nsito registrados no munic\u00edpio em 2025 t\u00eam como principal causa [&hellip;]\" \/>\n<meta property=\"og:url\" content=\"https:\/\/www.pmpf.rs.gov.br\/secretaria-de-seguranca-publica\/2025\/12\/19\/imprudencia-e-responsavel-por-67-dos-acidentes-de-transito-em-passo-fundo-aponta-levantamento-da-prefeitura\/\" \/>\n<meta property=\"og:site_name\" content=\"Secretaria de Seguran\u00e7a P\u00fablica e Transporte\" \/>\n<meta property=\"article:published_time\" content=\"2025-12-19T13:14:02+00:00\" \/>\n<meta property=\"article:modified_time\" content=\"2025-12-19T13:14:05+00:00\" \/>\n<meta name=\"author\" content=\"lilicrivello\" \/>\n<meta name=\"twitter:card\" content=\"summary_large_image\" \/>\n<meta name=\"twitter:label1\" content=\"Escrito por\" \/>\n\t<meta name=\"twitter:data1\" content=\"lilicrivello\" \/>\n\t<meta name=\"twitter:label2\" content=\"Est. tempo de leitura\" \/>\n\t<meta name=\"twitter:data2\" content=\"2 minutos\" \/>\n<script type=\"application\/ld+json\" class=\"yoast-schema-graph\">{\"@context\":\"https:\/\/schema.org\",\"@graph\":[{\"@type\":\"WebPage\",\"@id\":\"https:\/\/www.pmpf.rs.gov.br\/secretaria-de-seguranca-publica\/2025\/12\/19\/imprudencia-e-responsavel-por-67-dos-acidentes-de-transito-em-passo-fundo-aponta-levantamento-da-prefeitura\/\",\"url\":\"https:\/\/www.pmpf.rs.gov.br\/secretaria-de-seguranca-publica\/2025\/12\/19\/imprudencia-e-responsavel-por-67-dos-acidentes-de-transito-em-passo-fundo-aponta-levantamento-da-prefeitura\/\",\"name\":\"Imprud\u00eancia \u00e9 respons\u00e1vel por 67% dos acidentes de tr\u00e2nsito em Passo Fundo, aponta levantamento da Prefeitura - Secretaria de Seguran\u00e7a P\u00fablica e Transporte\",\"isPartOf\":{\"@id\":\"https:\/\/www.pmpf.rs.gov.br\/secretaria-de-seguranca-publica\/#website\"},\"primaryImageOfPage\":{\"@id\":\"https:\/\/www.pmpf.rs.gov.br\/secretaria-de-seguranca-publica\/2025\/12\/19\/imprudencia-e-responsavel-por-67-dos-acidentes-de-transito-em-passo-fundo-aponta-levantamento-da-prefeitura\/#primaryimage\"},\"image\":{\"@id\":\"https:\/\/www.pmpf.rs.gov.br\/secretaria-de-seguranca-publica\/2025\/12\/19\/imprudencia-e-responsavel-por-67-dos-acidentes-de-transito-em-passo-fundo-aponta-levantamento-da-prefeitura\/#primaryimage\"},\"thumbnailUrl\":\"https:\/\/www.pmpf.rs.gov.br\/secretaria-de-seguranca-publica\/wp-content\/uploads\/sites\/54\/2025\/12\/WhatsApp-Image-2025-12-19-at-10.07.06.jpeg\",\"datePublished\":\"2025-12-19T13:14:02+00:00\",\"dateModified\":\"2025-12-19T13:14:05+00:00\",\"author\":{\"@id\":\"https:\/\/www.pmpf.rs.gov.br\/secretaria-de-seguranca-publica\/#\/schema\/person\/6e93b0ab2174b69f691ac4f278ba2d0a\"},\"breadcrumb\":{\"@id\":\"https:\/\/www.pmpf.rs.gov.br\/secretaria-de-seguranca-publica\/2025\/12\/19\/imprudencia-e-responsavel-por-67-dos-acidentes-de-transito-em-passo-fundo-aponta-levantamento-da-prefeitura\/#breadcrumb\"},\"inLanguage\":\"pt-BR\",\"potentialAction\":[{\"@type\":\"ReadAction\",\"target\":[\"https:\/\/www.pmpf.rs.gov.br\/secretaria-de-seguranca-publica\/2025\/12\/19\/imprudencia-e-responsavel-por-67-dos-acidentes-de-transito-em-passo-fundo-aponta-levantamento-da-prefeitura\/\"]}]},{\"@type\":\"ImageObject\",\"inLanguage\":\"pt-BR\",\"@id\":\"https:\/\/www.pmpf.rs.gov.br\/secretaria-de-seguranca-publica\/2025\/12\/19\/imprudencia-e-responsavel-por-67-dos-acidentes-de-transito-em-passo-fundo-aponta-levantamento-da-prefeitura\/#primaryimage\",\"url\":\"https:\/\/www.pmpf.rs.gov.br\/secretaria-de-seguranca-publica\/wp-content\/uploads\/sites\/54\/2025\/12\/WhatsApp-Image-2025-12-19-at-10.07.06.jpeg\",\"contentUrl\":\"https:\/\/www.pmpf.rs.gov.br\/secretaria-de-seguranca-publica\/wp-content\/uploads\/sites\/54\/2025\/12\/WhatsApp-Image-2025-12-19-at-10.07.06.jpeg\",\"width\":1600,\"height\":1066},{\"@type\":\"BreadcrumbList\",\"@id\":\"https:\/\/www.pmpf.rs.gov.br\/secretaria-de-seguranca-publica\/2025\/12\/19\/imprudencia-e-responsavel-por-67-dos-acidentes-de-transito-em-passo-fundo-aponta-levantamento-da-prefeitura\/#breadcrumb\",\"itemListElement\":[{\"@type\":\"ListItem\",\"position\":1,\"name\":\"In\u00edcio\",\"item\":\"https:\/\/www.pmpf.rs.gov.br\/secretaria-de-seguranca-publica\/\"},{\"@type\":\"ListItem\",\"position\":2,\"name\":\"Imprud\u00eancia \u00e9 respons\u00e1vel por 67% dos acidentes de tr\u00e2nsito em Passo Fundo, aponta levantamento da Prefeitura\"}]},{\"@type\":\"WebSite\",\"@id\":\"https:\/\/www.pmpf.rs.gov.br\/secretaria-de-seguranca-publica\/#website\",\"url\":\"https:\/\/www.pmpf.rs.gov.br\/secretaria-de-seguranca-publica\/\",\"name\":\"Secretaria de Seguran\u00e7a P\u00fablica e Transporte\",\"description\":\"S\u00f3 mais um site Prefeitura de Passo Fundo\",\"potentialAction\":[{\"@type\":\"SearchAction\",\"target\":{\"@type\":\"EntryPoint\",\"urlTemplate\":\"https:\/\/www.pmpf.rs.gov.br\/secretaria-de-seguranca-publica\/?s={search_term_string}\"},\"query-input\":{\"@type\":\"PropertyValueSpecification\",\"valueRequired\":true,\"valueName\":\"search_term_string\"}}],\"inLanguage\":\"pt-BR\"},{\"@type\":\"Person\",\"@id\":\"https:\/\/www.pmpf.rs.gov.br\/secretaria-de-seguranca-publica\/#\/schema\/person\/6e93b0ab2174b69f691ac4f278ba2d0a\",\"name\":\"lilicrivello\",\"image\":{\"@type\":\"ImageObject\",\"inLanguage\":\"pt-BR\",\"@id\":\"https:\/\/www.pmpf.rs.gov.br\/secretaria-de-seguranca-publica\/#\/schema\/person\/image\/\",\"url\":\"https:\/\/secure.gravatar.com\/avatar\/0b546b667388f8edb7b67d70a57b5e46?s=96&d=mm&r=g\",\"contentUrl\":\"https:\/\/secure.gravatar.com\/avatar\/0b546b667388f8edb7b67d70a57b5e46?s=96&d=mm&r=g\",\"caption\":\"lilicrivello\"},\"url\":\"https:\/\/www.pmpf.rs.gov.br\/secretaria-de-seguranca-publica\/author\/lilicrivello\/\"}]}<\/script>\n<!-- \/ Yoast SEO plugin. -->","yoast_head_json":{"title":"Imprud\u00eancia \u00e9 respons\u00e1vel por 67% dos acidentes de tr\u00e2nsito em Passo Fundo, aponta levantamento da Prefeitura - Secretaria de Seguran\u00e7a P\u00fablica e Transporte","robots":{"index":"index","follow":"follow","max-snippet":"max-snippet:-1","max-image-preview":"max-image-preview:large","max-video-preview":"max-video-preview:-1"},"canonical":"https:\/\/www.pmpf.rs.gov.br\/secretaria-de-seguranca-publica\/2025\/12\/19\/imprudencia-e-responsavel-por-67-dos-acidentes-de-transito-em-passo-fundo-aponta-levantamento-da-prefeitura\/","og_locale":"pt_BR","og_type":"article","og_title":"Imprud\u00eancia \u00e9 respons\u00e1vel por 67% dos acidentes de tr\u00e2nsito em Passo Fundo, aponta levantamento da Prefeitura - Secretaria de Seguran\u00e7a P\u00fablica e Transporte","og_description":"Um levantamento da Prefeitura de Passo Fundo, por meio da Secretaria de Seguran\u00e7a P\u00fablica e Transportes, aponta que 67% dos acidentes de tr\u00e2nsito registrados no munic\u00edpio em 2025 t\u00eam como principal causa [&hellip;]","og_url":"https:\/\/www.pmpf.rs.gov.br\/secretaria-de-seguranca-publica\/2025\/12\/19\/imprudencia-e-responsavel-por-67-dos-acidentes-de-transito-em-passo-fundo-aponta-levantamento-da-prefeitura\/","og_site_name":"Secretaria de Seguran\u00e7a P\u00fablica e Transporte","article_published_time":"2025-12-19T13:14:02+00:00","article_modified_time":"2025-12-19T13:14:05+00:00","author":"lilicrivello","twitter_card":"summary_large_image","twitter_misc":{"Escrito por":"lilicrivello","Est. tempo de leitura":"2 minutos"},"schema":{"@context":"https:\/\/schema.org","@graph":[{"@type":"WebPage","@id":"https:\/\/www.pmpf.rs.gov.br\/secretaria-de-seguranca-publica\/2025\/12\/19\/imprudencia-e-responsavel-por-67-dos-acidentes-de-transito-em-passo-fundo-aponta-levantamento-da-prefeitura\/","url":"https:\/\/www.pmpf.rs.gov.br\/secretaria-de-seguranca-publica\/2025\/12\/19\/imprudencia-e-responsavel-por-67-dos-acidentes-de-transito-em-passo-fundo-aponta-levantamento-da-prefeitura\/","name":"Imprud\u00eancia \u00e9 respons\u00e1vel por 67% dos acidentes de tr\u00e2nsito em Passo Fundo, aponta levantamento da Prefeitura - Secretaria de Seguran\u00e7a P\u00fablica e Transporte","isPartOf":{"@id":"https:\/\/www.pmpf.rs.gov.br\/secretaria-de-seguranca-publica\/#website"},"primaryImageOfPage":{"@id":"https:\/\/www.pmpf.rs.gov.br\/secretaria-de-seguranca-publica\/2025\/12\/19\/imprudencia-e-responsavel-por-67-dos-acidentes-de-transito-em-passo-fundo-aponta-levantamento-da-prefeitura\/#primaryimage"},"image":{"@id":"https:\/\/www.pmpf.rs.gov.br\/secretaria-de-seguranca-publica\/2025\/12\/19\/imprudencia-e-responsavel-por-67-dos-acidentes-de-transito-em-passo-fundo-aponta-levantamento-da-prefeitura\/#primaryimage"},"thumbnailUrl":"https:\/\/www.pmpf.rs.gov.br\/secretaria-de-seguranca-publica\/wp-content\/uploads\/sites\/54\/2025\/12\/WhatsApp-Image-2025-12-19-at-10.07.06.jpeg","datePublished":"2025-12-19T13:14:02+00:00","dateModified":"2025-12-19T13:14:05+00:00","author":{"@id":"https:\/\/www.pmpf.rs.gov.br\/secretaria-de-seguranca-publica\/#\/schema\/person\/6e93b0ab2174b69f691ac4f278ba2d0a"},"breadcrumb":{"@id":"https:\/\/www.pmpf.rs.gov.br\/secretaria-de-seguranca-publica\/2025\/12\/19\/imprudencia-e-responsavel-por-67-dos-acidentes-de-transito-em-passo-fundo-aponta-levantamento-da-prefeitura\/#breadcrumb"},"inLanguage":"pt-BR","potentialAction":[{"@type":"ReadAction","target":["https:\/\/www.pmpf.rs.gov.br\/secretaria-de-seguranca-publica\/2025\/12\/19\/imprudencia-e-responsavel-por-67-dos-acidentes-de-transito-em-passo-fundo-aponta-levantamento-da-prefeitura\/"]}]},{"@type":"ImageObject","inLanguage":"pt-BR","@id":"https:\/\/www.pmpf.rs.gov.br\/secretaria-de-seguranca-publica\/2025\/12\/19\/imprudencia-e-responsavel-por-67-dos-acidentes-de-transito-em-passo-fundo-aponta-levantamento-da-prefeitura\/#primaryimage","url":"https:\/\/www.pmpf.rs.gov.br\/secretaria-de-seguranca-publica\/wp-content\/uploads\/sites\/54\/2025\/12\/WhatsApp-Image-2025-12-19-at-10.07.06.jpeg","contentUrl":"https:\/\/www.pmpf.rs.gov.br\/secretaria-de-seguranca-publica\/wp-content\/uploads\/sites\/54\/2025\/12\/WhatsApp-Image-2025-12-19-at-10.07.06.jpeg","width":1600,"height":1066},{"@type":"BreadcrumbList","@id":"https:\/\/www.pmpf.rs.gov.br\/secretaria-de-seguranca-publica\/2025\/12\/19\/imprudencia-e-responsavel-por-67-dos-acidentes-de-transito-em-passo-fundo-aponta-levantamento-da-prefeitura\/#breadcrumb","itemListElement":[{"@type":"ListItem","position":1,"name":"In\u00edcio","item":"https:\/\/www.pmpf.rs.gov.br\/secretaria-de-seguranca-publica\/"},{"@type":"ListItem","position":2,"name":"Imprud\u00eancia \u00e9 respons\u00e1vel por 67% dos acidentes de tr\u00e2nsito em Passo Fundo, aponta levantamento da Prefeitura"}]},{"@type":"WebSite","@id":"https:\/\/www.pmpf.rs.gov.br\/secretaria-de-seguranca-publica\/#website","url":"https:\/\/www.pmpf.rs.gov.br\/secretaria-de-seguranca-publica\/","name":"Secretaria de Seguran\u00e7a P\u00fablica e Transporte","description":"S\u00f3 mais um site Prefeitura de Passo Fundo","potentialAction":[{"@type":"SearchAction","target":{"@type":"EntryPoint","urlTemplate":"https:\/\/www.pmpf.rs.gov.br\/secretaria-de-seguranca-publica\/?s={search_term_string}"},"query-input":{"@type":"PropertyValueSpecification","valueRequired":true,"valueName":"search_term_string"}}],"inLanguage":"pt-BR"},{"@type":"Person","@id":"https:\/\/www.pmpf.rs.gov.br\/secretaria-de-seguranca-publica\/#\/schema\/person\/6e93b0ab2174b69f691ac4f278ba2d0a","name":"lilicrivello","image":{"@type":"ImageObject","inLanguage":"pt-BR","@id":"https:\/\/www.pmpf.rs.gov.br\/secretaria-de-seguranca-publica\/#\/schema\/person\/image\/","url":"https:\/\/secure.gravatar.com\/avatar\/0b546b667388f8edb7b67d70a57b5e46?s=96&d=mm&r=g","contentUrl":"https:\/\/secure.gravatar.com\/avatar\/0b546b667388f8edb7b67d70a57b5e46?s=96&d=mm&r=g","caption":"lilicrivello"},"url":"https:\/\/www.pmpf.rs.gov.br\/secretaria-de-seguranca-publica\/author\/lilicrivello\/"}]}},"_links":{"self":[{"href":"https:\/\/www.pmpf.rs.gov.br\/secretaria-de-seguranca-publica\/wp-json\/wp\/v2\/posts\/1323"}],"collection":[{"href":"https:\/\/www.pmpf.rs.gov.br\/secretaria-de-seguranca-publica\/wp-json\/wp\/v2\/posts"}],"about":[{"href":"https:\/\/www.pmpf.rs.gov.br\/secretaria-de-seguranca-publica\/wp-json\/wp\/v2\/types\/post"}],"author":[{"embeddable":true,"href":"https:\/\/www.pmpf.rs.gov.br\/secretaria-de-seguranca-publica\/wp-json\/wp\/v2\/users\/24"}],"replies":[{"embeddable":true,"href":"https:\/\/www.pmpf.rs.gov.br\/secretaria-de-seguranca-publica\/wp-json\/wp\/v2\/comments?post=1323"}],"version-history":[{"count":1,"href":"https:\/\/www.pmpf.rs.gov.br\/secretaria-de-seguranca-publica\/wp-json\/wp\/v2\/posts\/1323\/revisions"}],"predecessor-version":[{"id":1325,"href":"https:\/\/www.pmpf.rs.gov.br\/secretaria-de-seguranca-publica\/wp-json\/wp\/v2\/posts\/1323\/revisions\/1325"}],"wp:featuredmedia":[{"embeddable":true,"href":"https:\/\/www.pmpf.rs.gov.br\/secretaria-de-seguranca-publica\/wp-json\/wp\/v2\/media\/1324"}],"wp:attachment":[{"href":"https:\/\/www.pmpf.rs.gov.br\/secretaria-de-seguranca-publica\/wp-json\/wp\/v2\/media?parent=1323"}],"wp:term":[{"taxonomy":"category","embeddable":true,"href":"https:\/\/www.pmpf.rs.gov.br\/secretaria-de-seguranca-publica\/wp-json\/wp\/v2\/categories?post=1323"},{"taxonomy":"post_tag","embeddable":true,"href":"https:\/\/www.pmpf.rs.gov.br\/secretaria-de-seguranca-publica\/wp-json\/wp\/v2\/tags?post=1323"}],"curies":[{"name":"wp","href":"https:\/\/api.w.org\/{rel}","templated":true}]}}