{"id":1308,"date":"2025-09-24T11:21:47","date_gmt":"2025-09-24T14:21:47","guid":{"rendered":"https:\/\/www.pmpf.rs.gov.br\/secretaria-de-seguranca-publica\/?p=1308"},"modified":"2025-09-24T19:27:41","modified_gmt":"2025-09-24T22:27:41","slug":"prefeitura-entrega-cameras-de-videomonitoramento-ao-consepro-para-reforco-da-seguranca-em-passo-fundo","status":"publish","type":"post","link":"https:\/\/www.pmpf.rs.gov.br\/secretaria-de-seguranca-publica\/2025\/09\/24\/prefeitura-entrega-cameras-de-videomonitoramento-ao-consepro-para-reforco-da-seguranca-em-passo-fundo\/","title":{"rendered":"Prefeitura entrega c\u00e2meras de videomonitoramento ao Consepro para refor\u00e7o da seguran\u00e7a em Passo Fundo"},"content":{"rendered":"\n<p><\/p>\n\n\n\n<p>A Prefeitura de Passo Fundo realizou, nesta quarta-feira (24), a entrega simb\u00f3lica de seis novas c\u00e2meras do tipo OCR (Optical Character Recognition) ao Conselho Comunit\u00e1rio Pr\u00f3-Seguran\u00e7a P\u00fablica (Consepro). Os equipamentos passam a integrar o sistema de videomonitoramento do munic\u00edpio, um dos mais modernos e abrangentes do interior do Estado, com 1.104 c\u00e2meras em funcionamento.<\/p>\n\n\n\n<p>Os novos equipamentos foram adquiridos com recursos de emendas impositivas apresentadas pelos vereadores da 18\u00aa Legislatura, Gio Krug, Leandro Rosso e Tadeu Trindade, e ser\u00e3o destinados pelo Consepro \u00e0 Brigada Militar.<\/p>\n\n\n\n<p>O prefeito Pedro Almeida destacou que a amplia\u00e7\u00e3o do sistema de monitoramento \u00e9 uma demonstra\u00e7\u00e3o pr\u00e1tica do trabalho conjunto entre diferentes institui\u00e7\u00f5es em prol da seguran\u00e7a. \u201cEstamos avan\u00e7ando de forma permanente no fortalecimento da seguran\u00e7a em Passo Fundo. Essas c\u00e2meras v\u00e3o trazer mais efici\u00eancia no enfrentamento \u00e0 criminalidade e na recupera\u00e7\u00e3o de ve\u00edculos, mas, sobretudo, refor\u00e7am a uni\u00e3o entre Prefeitura, C\u00e2mara de Vereadores, Consepro, Brigada Militar, Pol\u00edcia Civil e demais entidades. \u00c9 um esfor\u00e7o coletivo para garantir mais tranquilidade \u00e0 nossa popula\u00e7\u00e3o\u201d, afirmou.<\/p>\n\n\n\n<p>O secret\u00e1rio de Seguran\u00e7a P\u00fablica e Transportes, Tadeu Trindade, ressaltou a import\u00e2ncia da tecnologia OCR como ferramenta estrat\u00e9gica. \u201cEssas c\u00e2meras representam um salto de qualidade no nosso sistema, pois permitem identificar placas em tempo real, o que amplia significativamente a capacidade de resposta das for\u00e7as de seguran\u00e7a. \u00c9 um investimento que fortalece o trabalho integrado e garante que Passo Fundo continue sendo refer\u00eancia em monitoramento no Estado\u201d, destacou.<\/p>\n\n\n\n<p>Com a instala\u00e7\u00e3o dos novos equipamentos, o munic\u00edpio amplia sua rede de prote\u00e7\u00e3o tecnol\u00f3gica, utilizando inova\u00e7\u00e3o e integra\u00e7\u00e3o para melhorar a seguran\u00e7a p\u00fablica.<\/p>\n","protected":false},"excerpt":{"rendered":"<p>A Prefeitura de Passo Fundo realizou, nesta quarta-feira (24), a entrega simb\u00f3lica de seis novas c\u00e2meras do tipo OCR (Optical Character Recognition) ao Conselho Comunit\u00e1rio Pr\u00f3-Seguran\u00e7a P\u00fablica (Consepro). Os equipamentos passam a [&hellip;]<\/p>\n","protected":false},"author":24,"featured_media":0,"comment_status":"closed","ping_status":"closed","sticky":false,"template":"","format":"standard","meta":{"footnotes":""},"categories":[1],"tags":[],"class_list":["post-1308","post","type-post","status-publish","format-standard","hentry","category-sem-categoria"],"yoast_head":"<!-- This site is optimized with the Yoast SEO plugin v23.8 - https:\/\/yoast.com\/wordpress\/plugins\/seo\/ -->\n<title>Prefeitura entrega c\u00e2meras de videomonitoramento ao Consepro para refor\u00e7o da seguran\u00e7a em Passo Fundo - Secretaria de Seguran\u00e7a P\u00fablica e Transporte<\/title>\n<meta name=\"robots\" content=\"index, follow, max-snippet:-1, max-image-preview:large, max-video-preview:-1\" \/>\n<link rel=\"canonical\" href=\"https:\/\/www.pmpf.rs.gov.br\/secretaria-de-seguranca-publica\/2025\/09\/24\/prefeitura-entrega-cameras-de-videomonitoramento-ao-consepro-para-reforco-da-seguranca-em-passo-fundo\/\" \/>\n<meta property=\"og:locale\" content=\"pt_BR\" \/>\n<meta property=\"og:type\" content=\"article\" \/>\n<meta property=\"og:title\" content=\"Prefeitura entrega c\u00e2meras de videomonitoramento ao Consepro para refor\u00e7o da seguran\u00e7a em Passo Fundo - Secretaria de Seguran\u00e7a P\u00fablica e Transporte\" \/>\n<meta property=\"og:description\" content=\"A Prefeitura de Passo Fundo realizou, nesta quarta-feira (24), a entrega simb\u00f3lica de seis novas c\u00e2meras do tipo OCR (Optical Character Recognition) ao Conselho Comunit\u00e1rio Pr\u00f3-Seguran\u00e7a P\u00fablica (Consepro). Os equipamentos passam a [&hellip;]\" \/>\n<meta property=\"og:url\" content=\"https:\/\/www.pmpf.rs.gov.br\/secretaria-de-seguranca-publica\/2025\/09\/24\/prefeitura-entrega-cameras-de-videomonitoramento-ao-consepro-para-reforco-da-seguranca-em-passo-fundo\/\" \/>\n<meta property=\"og:site_name\" content=\"Secretaria de Seguran\u00e7a P\u00fablica e Transporte\" \/>\n<meta property=\"article:published_time\" content=\"2025-09-24T14:21:47+00:00\" \/>\n<meta property=\"article:modified_time\" content=\"2025-09-24T22:27:41+00:00\" \/>\n<meta name=\"author\" content=\"lilicrivello\" \/>\n<meta name=\"twitter:card\" content=\"summary_large_image\" \/>\n<meta name=\"twitter:label1\" content=\"Escrito por\" \/>\n\t<meta name=\"twitter:data1\" content=\"lilicrivello\" \/>\n\t<meta name=\"twitter:label2\" content=\"Est. tempo de leitura\" \/>\n\t<meta name=\"twitter:data2\" content=\"1 minuto\" \/>\n<script type=\"application\/ld+json\" class=\"yoast-schema-graph\">{\"@context\":\"https:\/\/schema.org\",\"@graph\":[{\"@type\":\"WebPage\",\"@id\":\"https:\/\/www.pmpf.rs.gov.br\/secretaria-de-seguranca-publica\/2025\/09\/24\/prefeitura-entrega-cameras-de-videomonitoramento-ao-consepro-para-reforco-da-seguranca-em-passo-fundo\/\",\"url\":\"https:\/\/www.pmpf.rs.gov.br\/secretaria-de-seguranca-publica\/2025\/09\/24\/prefeitura-entrega-cameras-de-videomonitoramento-ao-consepro-para-reforco-da-seguranca-em-passo-fundo\/\",\"name\":\"Prefeitura entrega c\u00e2meras de videomonitoramento ao Consepro para refor\u00e7o da seguran\u00e7a em Passo Fundo - Secretaria de Seguran\u00e7a P\u00fablica e Transporte\",\"isPartOf\":{\"@id\":\"https:\/\/www.pmpf.rs.gov.br\/secretaria-de-seguranca-publica\/#website\"},\"datePublished\":\"2025-09-24T14:21:47+00:00\",\"dateModified\":\"2025-09-24T22:27:41+00:00\",\"author\":{\"@id\":\"https:\/\/www.pmpf.rs.gov.br\/secretaria-de-seguranca-publica\/#\/schema\/person\/6e93b0ab2174b69f691ac4f278ba2d0a\"},\"breadcrumb\":{\"@id\":\"https:\/\/www.pmpf.rs.gov.br\/secretaria-de-seguranca-publica\/2025\/09\/24\/prefeitura-entrega-cameras-de-videomonitoramento-ao-consepro-para-reforco-da-seguranca-em-passo-fundo\/#breadcrumb\"},\"inLanguage\":\"pt-BR\",\"potentialAction\":[{\"@type\":\"ReadAction\",\"target\":[\"https:\/\/www.pmpf.rs.gov.br\/secretaria-de-seguranca-publica\/2025\/09\/24\/prefeitura-entrega-cameras-de-videomonitoramento-ao-consepro-para-reforco-da-seguranca-em-passo-fundo\/\"]}]},{\"@type\":\"BreadcrumbList\",\"@id\":\"https:\/\/www.pmpf.rs.gov.br\/secretaria-de-seguranca-publica\/2025\/09\/24\/prefeitura-entrega-cameras-de-videomonitoramento-ao-consepro-para-reforco-da-seguranca-em-passo-fundo\/#breadcrumb\",\"itemListElement\":[{\"@type\":\"ListItem\",\"position\":1,\"name\":\"In\u00edcio\",\"item\":\"https:\/\/www.pmpf.rs.gov.br\/secretaria-de-seguranca-publica\/\"},{\"@type\":\"ListItem\",\"position\":2,\"name\":\"Prefeitura entrega c\u00e2meras de videomonitoramento ao Consepro para refor\u00e7o da seguran\u00e7a em Passo Fundo\"}]},{\"@type\":\"WebSite\",\"@id\":\"https:\/\/www.pmpf.rs.gov.br\/secretaria-de-seguranca-publica\/#website\",\"url\":\"https:\/\/www.pmpf.rs.gov.br\/secretaria-de-seguranca-publica\/\",\"name\":\"Secretaria de Seguran\u00e7a P\u00fablica e Transporte\",\"description\":\"S\u00f3 mais um site Prefeitura de Passo Fundo\",\"potentialAction\":[{\"@type\":\"SearchAction\",\"target\":{\"@type\":\"EntryPoint\",\"urlTemplate\":\"https:\/\/www.pmpf.rs.gov.br\/secretaria-de-seguranca-publica\/?s={search_term_string}\"},\"query-input\":{\"@type\":\"PropertyValueSpecification\",\"valueRequired\":true,\"valueName\":\"search_term_string\"}}],\"inLanguage\":\"pt-BR\"},{\"@type\":\"Person\",\"@id\":\"https:\/\/www.pmpf.rs.gov.br\/secretaria-de-seguranca-publica\/#\/schema\/person\/6e93b0ab2174b69f691ac4f278ba2d0a\",\"name\":\"lilicrivello\",\"image\":{\"@type\":\"ImageObject\",\"inLanguage\":\"pt-BR\",\"@id\":\"https:\/\/www.pmpf.rs.gov.br\/secretaria-de-seguranca-publica\/#\/schema\/person\/image\/\",\"url\":\"https:\/\/secure.gravatar.com\/avatar\/0b546b667388f8edb7b67d70a57b5e46?s=96&d=mm&r=g\",\"contentUrl\":\"https:\/\/secure.gravatar.com\/avatar\/0b546b667388f8edb7b67d70a57b5e46?s=96&d=mm&r=g\",\"caption\":\"lilicrivello\"},\"url\":\"https:\/\/www.pmpf.rs.gov.br\/secretaria-de-seguranca-publica\/author\/lilicrivello\/\"}]}<\/script>\n<!-- \/ Yoast SEO plugin. -->","yoast_head_json":{"title":"Prefeitura entrega c\u00e2meras de videomonitoramento ao Consepro para refor\u00e7o da seguran\u00e7a em Passo Fundo - Secretaria de Seguran\u00e7a P\u00fablica e Transporte","robots":{"index":"index","follow":"follow","max-snippet":"max-snippet:-1","max-image-preview":"max-image-preview:large","max-video-preview":"max-video-preview:-1"},"canonical":"https:\/\/www.pmpf.rs.gov.br\/secretaria-de-seguranca-publica\/2025\/09\/24\/prefeitura-entrega-cameras-de-videomonitoramento-ao-consepro-para-reforco-da-seguranca-em-passo-fundo\/","og_locale":"pt_BR","og_type":"article","og_title":"Prefeitura entrega c\u00e2meras de videomonitoramento ao Consepro para refor\u00e7o da seguran\u00e7a em Passo Fundo - Secretaria de Seguran\u00e7a P\u00fablica e Transporte","og_description":"A Prefeitura de Passo Fundo realizou, nesta quarta-feira (24), a entrega simb\u00f3lica de seis novas c\u00e2meras do tipo OCR (Optical Character Recognition) ao Conselho Comunit\u00e1rio Pr\u00f3-Seguran\u00e7a P\u00fablica (Consepro). Os equipamentos passam a [&hellip;]","og_url":"https:\/\/www.pmpf.rs.gov.br\/secretaria-de-seguranca-publica\/2025\/09\/24\/prefeitura-entrega-cameras-de-videomonitoramento-ao-consepro-para-reforco-da-seguranca-em-passo-fundo\/","og_site_name":"Secretaria de Seguran\u00e7a P\u00fablica e Transporte","article_published_time":"2025-09-24T14:21:47+00:00","article_modified_time":"2025-09-24T22:27:41+00:00","author":"lilicrivello","twitter_card":"summary_large_image","twitter_misc":{"Escrito por":"lilicrivello","Est. tempo de leitura":"1 minuto"},"schema":{"@context":"https:\/\/schema.org","@graph":[{"@type":"WebPage","@id":"https:\/\/www.pmpf.rs.gov.br\/secretaria-de-seguranca-publica\/2025\/09\/24\/prefeitura-entrega-cameras-de-videomonitoramento-ao-consepro-para-reforco-da-seguranca-em-passo-fundo\/","url":"https:\/\/www.pmpf.rs.gov.br\/secretaria-de-seguranca-publica\/2025\/09\/24\/prefeitura-entrega-cameras-de-videomonitoramento-ao-consepro-para-reforco-da-seguranca-em-passo-fundo\/","name":"Prefeitura entrega c\u00e2meras de videomonitoramento ao Consepro para refor\u00e7o da seguran\u00e7a em Passo Fundo - Secretaria de Seguran\u00e7a P\u00fablica e Transporte","isPartOf":{"@id":"https:\/\/www.pmpf.rs.gov.br\/secretaria-de-seguranca-publica\/#website"},"datePublished":"2025-09-24T14:21:47+00:00","dateModified":"2025-09-24T22:27:41+00:00","author":{"@id":"https:\/\/www.pmpf.rs.gov.br\/secretaria-de-seguranca-publica\/#\/schema\/person\/6e93b0ab2174b69f691ac4f278ba2d0a"},"breadcrumb":{"@id":"https:\/\/www.pmpf.rs.gov.br\/secretaria-de-seguranca-publica\/2025\/09\/24\/prefeitura-entrega-cameras-de-videomonitoramento-ao-consepro-para-reforco-da-seguranca-em-passo-fundo\/#breadcrumb"},"inLanguage":"pt-BR","potentialAction":[{"@type":"ReadAction","target":["https:\/\/www.pmpf.rs.gov.br\/secretaria-de-seguranca-publica\/2025\/09\/24\/prefeitura-entrega-cameras-de-videomonitoramento-ao-consepro-para-reforco-da-seguranca-em-passo-fundo\/"]}]},{"@type":"BreadcrumbList","@id":"https:\/\/www.pmpf.rs.gov.br\/secretaria-de-seguranca-publica\/2025\/09\/24\/prefeitura-entrega-cameras-de-videomonitoramento-ao-consepro-para-reforco-da-seguranca-em-passo-fundo\/#breadcrumb","itemListElement":[{"@type":"ListItem","position":1,"name":"In\u00edcio","item":"https:\/\/www.pmpf.rs.gov.br\/secretaria-de-seguranca-publica\/"},{"@type":"ListItem","position":2,"name":"Prefeitura entrega c\u00e2meras de videomonitoramento ao Consepro para refor\u00e7o da seguran\u00e7a em Passo Fundo"}]},{"@type":"WebSite","@id":"https:\/\/www.pmpf.rs.gov.br\/secretaria-de-seguranca-publica\/#website","url":"https:\/\/www.pmpf.rs.gov.br\/secretaria-de-seguranca-publica\/","name":"Secretaria de Seguran\u00e7a P\u00fablica e Transporte","description":"S\u00f3 mais um site Prefeitura de Passo Fundo","potentialAction":[{"@type":"SearchAction","target":{"@type":"EntryPoint","urlTemplate":"https:\/\/www.pmpf.rs.gov.br\/secretaria-de-seguranca-publica\/?s={search_term_string}"},"query-input":{"@type":"PropertyValueSpecification","valueRequired":true,"valueName":"search_term_string"}}],"inLanguage":"pt-BR"},{"@type":"Person","@id":"https:\/\/www.pmpf.rs.gov.br\/secretaria-de-seguranca-publica\/#\/schema\/person\/6e93b0ab2174b69f691ac4f278ba2d0a","name":"lilicrivello","image":{"@type":"ImageObject","inLanguage":"pt-BR","@id":"https:\/\/www.pmpf.rs.gov.br\/secretaria-de-seguranca-publica\/#\/schema\/person\/image\/","url":"https:\/\/secure.gravatar.com\/avatar\/0b546b667388f8edb7b67d70a57b5e46?s=96&d=mm&r=g","contentUrl":"https:\/\/secure.gravatar.com\/avatar\/0b546b667388f8edb7b67d70a57b5e46?s=96&d=mm&r=g","caption":"lilicrivello"},"url":"https:\/\/www.pmpf.rs.gov.br\/secretaria-de-seguranca-publica\/author\/lilicrivello\/"}]}},"_links":{"self":[{"href":"https:\/\/www.pmpf.rs.gov.br\/secretaria-de-seguranca-publica\/wp-json\/wp\/v2\/posts\/1308"}],"collection":[{"href":"https:\/\/www.pmpf.rs.gov.br\/secretaria-de-seguranca-publica\/wp-json\/wp\/v2\/posts"}],"about":[{"href":"https:\/\/www.pmpf.rs.gov.br\/secretaria-de-seguranca-publica\/wp-json\/wp\/v2\/types\/post"}],"author":[{"embeddable":true,"href":"https:\/\/www.pmpf.rs.gov.br\/secretaria-de-seguranca-publica\/wp-json\/wp\/v2\/users\/24"}],"replies":[{"embeddable":true,"href":"https:\/\/www.pmpf.rs.gov.br\/secretaria-de-seguranca-publica\/wp-json\/wp\/v2\/comments?post=1308"}],"version-history":[{"count":2,"href":"https:\/\/www.pmpf.rs.gov.br\/secretaria-de-seguranca-publica\/wp-json\/wp\/v2\/posts\/1308\/revisions"}],"predecessor-version":[{"id":1310,"href":"https:\/\/www.pmpf.rs.gov.br\/secretaria-de-seguranca-publica\/wp-json\/wp\/v2\/posts\/1308\/revisions\/1310"}],"wp:attachment":[{"href":"https:\/\/www.pmpf.rs.gov.br\/secretaria-de-seguranca-publica\/wp-json\/wp\/v2\/media?parent=1308"}],"wp:term":[{"taxonomy":"category","embeddable":true,"href":"https:\/\/www.pmpf.rs.gov.br\/secretaria-de-seguranca-publica\/wp-json\/wp\/v2\/categories?post=1308"},{"taxonomy":"post_tag","embeddable":true,"href":"https:\/\/www.pmpf.rs.gov.br\/secretaria-de-seguranca-publica\/wp-json\/wp\/v2\/tags?post=1308"}],"curies":[{"name":"wp","href":"https:\/\/api.w.org\/{rel}","templated":true}]}}