{"id":1300,"date":"2025-09-03T11:22:57","date_gmt":"2025-09-03T14:22:57","guid":{"rendered":"https:\/\/www.pmpf.rs.gov.br\/secretaria-de-seguranca-publica\/?p=1300"},"modified":"2025-09-03T11:22:58","modified_gmt":"2025-09-03T14:22:58","slug":"alteracoes-no-transito-para-o-desfile-de-7-de-setembro","status":"publish","type":"post","link":"https:\/\/www.pmpf.rs.gov.br\/secretaria-de-seguranca-publica\/2025\/09\/03\/alteracoes-no-transito-para-o-desfile-de-7-de-setembro\/","title":{"rendered":"Altera\u00e7\u00f5es no tr\u00e2nsito para o desfile de 7 de Setembro"},"content":{"rendered":"\n<p><\/p>\n\n\n\n<p>Em fun\u00e7\u00e3o da realiza\u00e7\u00e3o do desfile c\u00edvico-militar de 7 de Setembro, a Secretaria de Seguran\u00e7a P\u00fablica e Transportes de Passo Fundo informa que haver\u00e1 altera\u00e7\u00f5es no tr\u00e2nsito a partir desta quarta-feira (3). As mudan\u00e7as afetam principalmente a Avenida Sete de Setembro e a Avenida Presidente Vargas, nos trechos que concentram a programa\u00e7\u00e3o.<\/p>\n\n\n\n<p>Na quarta-feira \u00e0 tarde, o tr\u00e1fego ser\u00e1 interrompido na Avenida Sete de Setembro entre a Rua Coronel Chicuta e a Avenida Presidente Vargas.<br>J\u00e1 no domingo (7), data do desfile, o bloqueio inicia \u00e0s 5h e seguir\u00e1 at\u00e9 as 12h nos seguintes trechos:<br>Avenida Sete de Setembro, entre a Rua General Os\u00f3rio e a Avenida Presidente Vargas;<br>Avenida Presidente Vargas, entre a Rua General Canabarro e a Rua Campos Salles.<\/p>\n\n\n\n<p>Ap\u00f3s o meio-dia de domingo, as vias ser\u00e3o liberadas gradualmente, permanecendo fechado at\u00e9 a segunda-feira (8) apenas o trecho da Avenida Sete de Setembro, no sentido Centro\u2013S\u00e3o Crist\u00f3v\u00e3o, entre a Rua Coronel Chicuta e a Avenida Presidente Vargas.<br>A orienta\u00e7\u00e3o da Prefeitura \u00e9 que motoristas e pedestres estejam atentos \u00e0 sinaliza\u00e7\u00e3o e utilizem rotas alternativas durante os per\u00edodos de bloqueio.<\/p>\n","protected":false},"excerpt":{"rendered":"<p>Bloqueios come\u00e7am na quarta-feira (3) e seguem at\u00e9 a manh\u00e3 de segunda-feira (8) em trechos da Avenida Sete de Setembro e da Presidente Vargas<\/p>\n","protected":false},"author":24,"featured_media":0,"comment_status":"closed","ping_status":"closed","sticky":false,"template":"","format":"standard","meta":{"footnotes":""},"categories":[1],"tags":[],"class_list":["post-1300","post","type-post","status-publish","format-standard","hentry","category-sem-categoria"],"yoast_head":"<!-- This site is optimized with the Yoast SEO plugin v23.8 - https:\/\/yoast.com\/wordpress\/plugins\/seo\/ -->\n<title>Altera\u00e7\u00f5es no tr\u00e2nsito para o desfile de 7 de Setembro - Secretaria de Seguran\u00e7a P\u00fablica e Transporte<\/title>\n<meta name=\"robots\" content=\"index, follow, max-snippet:-1, max-image-preview:large, max-video-preview:-1\" \/>\n<link rel=\"canonical\" href=\"https:\/\/www.pmpf.rs.gov.br\/secretaria-de-seguranca-publica\/2025\/09\/03\/alteracoes-no-transito-para-o-desfile-de-7-de-setembro\/\" \/>\n<meta property=\"og:locale\" content=\"pt_BR\" \/>\n<meta property=\"og:type\" content=\"article\" \/>\n<meta property=\"og:title\" content=\"Altera\u00e7\u00f5es no tr\u00e2nsito para o desfile de 7 de Setembro - Secretaria de Seguran\u00e7a P\u00fablica e Transporte\" \/>\n<meta property=\"og:description\" content=\"Bloqueios come\u00e7am na quarta-feira (3) e seguem at\u00e9 a manh\u00e3 de segunda-feira (8) em trechos da Avenida Sete de Setembro e da Presidente Vargas\" \/>\n<meta property=\"og:url\" content=\"https:\/\/www.pmpf.rs.gov.br\/secretaria-de-seguranca-publica\/2025\/09\/03\/alteracoes-no-transito-para-o-desfile-de-7-de-setembro\/\" \/>\n<meta property=\"og:site_name\" content=\"Secretaria de Seguran\u00e7a P\u00fablica e Transporte\" \/>\n<meta property=\"article:published_time\" content=\"2025-09-03T14:22:57+00:00\" \/>\n<meta property=\"article:modified_time\" content=\"2025-09-03T14:22:58+00:00\" \/>\n<meta name=\"author\" content=\"lilicrivello\" \/>\n<meta name=\"twitter:card\" content=\"summary_large_image\" \/>\n<meta name=\"twitter:label1\" content=\"Escrito por\" \/>\n\t<meta name=\"twitter:data1\" content=\"lilicrivello\" \/>\n\t<meta name=\"twitter:label2\" content=\"Est. tempo de leitura\" \/>\n\t<meta name=\"twitter:data2\" content=\"1 minuto\" \/>\n<script type=\"application\/ld+json\" class=\"yoast-schema-graph\">{\"@context\":\"https:\/\/schema.org\",\"@graph\":[{\"@type\":\"WebPage\",\"@id\":\"https:\/\/www.pmpf.rs.gov.br\/secretaria-de-seguranca-publica\/2025\/09\/03\/alteracoes-no-transito-para-o-desfile-de-7-de-setembro\/\",\"url\":\"https:\/\/www.pmpf.rs.gov.br\/secretaria-de-seguranca-publica\/2025\/09\/03\/alteracoes-no-transito-para-o-desfile-de-7-de-setembro\/\",\"name\":\"Altera\u00e7\u00f5es no tr\u00e2nsito para o desfile de 7 de Setembro - Secretaria de Seguran\u00e7a P\u00fablica e Transporte\",\"isPartOf\":{\"@id\":\"https:\/\/www.pmpf.rs.gov.br\/secretaria-de-seguranca-publica\/#website\"},\"datePublished\":\"2025-09-03T14:22:57+00:00\",\"dateModified\":\"2025-09-03T14:22:58+00:00\",\"author\":{\"@id\":\"https:\/\/www.pmpf.rs.gov.br\/secretaria-de-seguranca-publica\/#\/schema\/person\/6e93b0ab2174b69f691ac4f278ba2d0a\"},\"breadcrumb\":{\"@id\":\"https:\/\/www.pmpf.rs.gov.br\/secretaria-de-seguranca-publica\/2025\/09\/03\/alteracoes-no-transito-para-o-desfile-de-7-de-setembro\/#breadcrumb\"},\"inLanguage\":\"pt-BR\",\"potentialAction\":[{\"@type\":\"ReadAction\",\"target\":[\"https:\/\/www.pmpf.rs.gov.br\/secretaria-de-seguranca-publica\/2025\/09\/03\/alteracoes-no-transito-para-o-desfile-de-7-de-setembro\/\"]}]},{\"@type\":\"BreadcrumbList\",\"@id\":\"https:\/\/www.pmpf.rs.gov.br\/secretaria-de-seguranca-publica\/2025\/09\/03\/alteracoes-no-transito-para-o-desfile-de-7-de-setembro\/#breadcrumb\",\"itemListElement\":[{\"@type\":\"ListItem\",\"position\":1,\"name\":\"In\u00edcio\",\"item\":\"https:\/\/www.pmpf.rs.gov.br\/secretaria-de-seguranca-publica\/\"},{\"@type\":\"ListItem\",\"position\":2,\"name\":\"Altera\u00e7\u00f5es no tr\u00e2nsito para o desfile de 7 de Setembro\"}]},{\"@type\":\"WebSite\",\"@id\":\"https:\/\/www.pmpf.rs.gov.br\/secretaria-de-seguranca-publica\/#website\",\"url\":\"https:\/\/www.pmpf.rs.gov.br\/secretaria-de-seguranca-publica\/\",\"name\":\"Secretaria de Seguran\u00e7a P\u00fablica e Transporte\",\"description\":\"S\u00f3 mais um site Prefeitura de Passo Fundo\",\"potentialAction\":[{\"@type\":\"SearchAction\",\"target\":{\"@type\":\"EntryPoint\",\"urlTemplate\":\"https:\/\/www.pmpf.rs.gov.br\/secretaria-de-seguranca-publica\/?s={search_term_string}\"},\"query-input\":{\"@type\":\"PropertyValueSpecification\",\"valueRequired\":true,\"valueName\":\"search_term_string\"}}],\"inLanguage\":\"pt-BR\"},{\"@type\":\"Person\",\"@id\":\"https:\/\/www.pmpf.rs.gov.br\/secretaria-de-seguranca-publica\/#\/schema\/person\/6e93b0ab2174b69f691ac4f278ba2d0a\",\"name\":\"lilicrivello\",\"image\":{\"@type\":\"ImageObject\",\"inLanguage\":\"pt-BR\",\"@id\":\"https:\/\/www.pmpf.rs.gov.br\/secretaria-de-seguranca-publica\/#\/schema\/person\/image\/\",\"url\":\"https:\/\/secure.gravatar.com\/avatar\/0b546b667388f8edb7b67d70a57b5e46?s=96&d=mm&r=g\",\"contentUrl\":\"https:\/\/secure.gravatar.com\/avatar\/0b546b667388f8edb7b67d70a57b5e46?s=96&d=mm&r=g\",\"caption\":\"lilicrivello\"},\"url\":\"https:\/\/www.pmpf.rs.gov.br\/secretaria-de-seguranca-publica\/author\/lilicrivello\/\"}]}<\/script>\n<!-- \/ Yoast SEO plugin. -->","yoast_head_json":{"title":"Altera\u00e7\u00f5es no tr\u00e2nsito para o desfile de 7 de Setembro - Secretaria de Seguran\u00e7a P\u00fablica e Transporte","robots":{"index":"index","follow":"follow","max-snippet":"max-snippet:-1","max-image-preview":"max-image-preview:large","max-video-preview":"max-video-preview:-1"},"canonical":"https:\/\/www.pmpf.rs.gov.br\/secretaria-de-seguranca-publica\/2025\/09\/03\/alteracoes-no-transito-para-o-desfile-de-7-de-setembro\/","og_locale":"pt_BR","og_type":"article","og_title":"Altera\u00e7\u00f5es no tr\u00e2nsito para o desfile de 7 de Setembro - Secretaria de Seguran\u00e7a P\u00fablica e Transporte","og_description":"Bloqueios come\u00e7am na quarta-feira (3) e seguem at\u00e9 a manh\u00e3 de segunda-feira (8) em trechos da Avenida Sete de Setembro e da Presidente Vargas","og_url":"https:\/\/www.pmpf.rs.gov.br\/secretaria-de-seguranca-publica\/2025\/09\/03\/alteracoes-no-transito-para-o-desfile-de-7-de-setembro\/","og_site_name":"Secretaria de Seguran\u00e7a P\u00fablica e Transporte","article_published_time":"2025-09-03T14:22:57+00:00","article_modified_time":"2025-09-03T14:22:58+00:00","author":"lilicrivello","twitter_card":"summary_large_image","twitter_misc":{"Escrito por":"lilicrivello","Est. tempo de leitura":"1 minuto"},"schema":{"@context":"https:\/\/schema.org","@graph":[{"@type":"WebPage","@id":"https:\/\/www.pmpf.rs.gov.br\/secretaria-de-seguranca-publica\/2025\/09\/03\/alteracoes-no-transito-para-o-desfile-de-7-de-setembro\/","url":"https:\/\/www.pmpf.rs.gov.br\/secretaria-de-seguranca-publica\/2025\/09\/03\/alteracoes-no-transito-para-o-desfile-de-7-de-setembro\/","name":"Altera\u00e7\u00f5es no tr\u00e2nsito para o desfile de 7 de Setembro - Secretaria de Seguran\u00e7a P\u00fablica e Transporte","isPartOf":{"@id":"https:\/\/www.pmpf.rs.gov.br\/secretaria-de-seguranca-publica\/#website"},"datePublished":"2025-09-03T14:22:57+00:00","dateModified":"2025-09-03T14:22:58+00:00","author":{"@id":"https:\/\/www.pmpf.rs.gov.br\/secretaria-de-seguranca-publica\/#\/schema\/person\/6e93b0ab2174b69f691ac4f278ba2d0a"},"breadcrumb":{"@id":"https:\/\/www.pmpf.rs.gov.br\/secretaria-de-seguranca-publica\/2025\/09\/03\/alteracoes-no-transito-para-o-desfile-de-7-de-setembro\/#breadcrumb"},"inLanguage":"pt-BR","potentialAction":[{"@type":"ReadAction","target":["https:\/\/www.pmpf.rs.gov.br\/secretaria-de-seguranca-publica\/2025\/09\/03\/alteracoes-no-transito-para-o-desfile-de-7-de-setembro\/"]}]},{"@type":"BreadcrumbList","@id":"https:\/\/www.pmpf.rs.gov.br\/secretaria-de-seguranca-publica\/2025\/09\/03\/alteracoes-no-transito-para-o-desfile-de-7-de-setembro\/#breadcrumb","itemListElement":[{"@type":"ListItem","position":1,"name":"In\u00edcio","item":"https:\/\/www.pmpf.rs.gov.br\/secretaria-de-seguranca-publica\/"},{"@type":"ListItem","position":2,"name":"Altera\u00e7\u00f5es no tr\u00e2nsito para o desfile de 7 de Setembro"}]},{"@type":"WebSite","@id":"https:\/\/www.pmpf.rs.gov.br\/secretaria-de-seguranca-publica\/#website","url":"https:\/\/www.pmpf.rs.gov.br\/secretaria-de-seguranca-publica\/","name":"Secretaria de Seguran\u00e7a P\u00fablica e Transporte","description":"S\u00f3 mais um site Prefeitura de Passo Fundo","potentialAction":[{"@type":"SearchAction","target":{"@type":"EntryPoint","urlTemplate":"https:\/\/www.pmpf.rs.gov.br\/secretaria-de-seguranca-publica\/?s={search_term_string}"},"query-input":{"@type":"PropertyValueSpecification","valueRequired":true,"valueName":"search_term_string"}}],"inLanguage":"pt-BR"},{"@type":"Person","@id":"https:\/\/www.pmpf.rs.gov.br\/secretaria-de-seguranca-publica\/#\/schema\/person\/6e93b0ab2174b69f691ac4f278ba2d0a","name":"lilicrivello","image":{"@type":"ImageObject","inLanguage":"pt-BR","@id":"https:\/\/www.pmpf.rs.gov.br\/secretaria-de-seguranca-publica\/#\/schema\/person\/image\/","url":"https:\/\/secure.gravatar.com\/avatar\/0b546b667388f8edb7b67d70a57b5e46?s=96&d=mm&r=g","contentUrl":"https:\/\/secure.gravatar.com\/avatar\/0b546b667388f8edb7b67d70a57b5e46?s=96&d=mm&r=g","caption":"lilicrivello"},"url":"https:\/\/www.pmpf.rs.gov.br\/secretaria-de-seguranca-publica\/author\/lilicrivello\/"}]}},"_links":{"self":[{"href":"https:\/\/www.pmpf.rs.gov.br\/secretaria-de-seguranca-publica\/wp-json\/wp\/v2\/posts\/1300"}],"collection":[{"href":"https:\/\/www.pmpf.rs.gov.br\/secretaria-de-seguranca-publica\/wp-json\/wp\/v2\/posts"}],"about":[{"href":"https:\/\/www.pmpf.rs.gov.br\/secretaria-de-seguranca-publica\/wp-json\/wp\/v2\/types\/post"}],"author":[{"embeddable":true,"href":"https:\/\/www.pmpf.rs.gov.br\/secretaria-de-seguranca-publica\/wp-json\/wp\/v2\/users\/24"}],"replies":[{"embeddable":true,"href":"https:\/\/www.pmpf.rs.gov.br\/secretaria-de-seguranca-publica\/wp-json\/wp\/v2\/comments?post=1300"}],"version-history":[{"count":1,"href":"https:\/\/www.pmpf.rs.gov.br\/secretaria-de-seguranca-publica\/wp-json\/wp\/v2\/posts\/1300\/revisions"}],"predecessor-version":[{"id":1301,"href":"https:\/\/www.pmpf.rs.gov.br\/secretaria-de-seguranca-publica\/wp-json\/wp\/v2\/posts\/1300\/revisions\/1301"}],"wp:attachment":[{"href":"https:\/\/www.pmpf.rs.gov.br\/secretaria-de-seguranca-publica\/wp-json\/wp\/v2\/media?parent=1300"}],"wp:term":[{"taxonomy":"category","embeddable":true,"href":"https:\/\/www.pmpf.rs.gov.br\/secretaria-de-seguranca-publica\/wp-json\/wp\/v2\/categories?post=1300"},{"taxonomy":"post_tag","embeddable":true,"href":"https:\/\/www.pmpf.rs.gov.br\/secretaria-de-seguranca-publica\/wp-json\/wp\/v2\/tags?post=1300"}],"curies":[{"name":"wp","href":"https:\/\/api.w.org\/{rel}","templated":true}]}}