{"id":1296,"date":"2025-09-03T11:15:48","date_gmt":"2025-09-03T14:15:48","guid":{"rendered":"https:\/\/www.pmpf.rs.gov.br\/secretaria-de-seguranca-publica\/?p=1296"},"modified":"2025-09-03T11:21:45","modified_gmt":"2025-09-03T14:21:45","slug":"prefeitura-promove-semana-nacional-do-transito-com-programacao-educativa-e-comunitaria","status":"publish","type":"post","link":"https:\/\/www.pmpf.rs.gov.br\/secretaria-de-seguranca-publica\/2025\/09\/03\/prefeitura-promove-semana-nacional-do-transito-com-programacao-educativa-e-comunitaria\/","title":{"rendered":"Prefeitura promove Semana Nacional do Tr\u00e2nsito com programa\u00e7\u00e3o educativa e comunit\u00e1ria"},"content":{"rendered":"\n<p><\/p>\n\n\n\n<p>Entre os dias 10 de setembro e 4 de outubro, Passo Fundo vai viver a Semana Nacional do Tr\u00e2nsito 2025. A iniciativa \u00e9 promovida pela Prefeitura, por meio da Escola P\u00fablica de Tr\u00e2nsito Eloy Fiebig, em parceria com diversas institui\u00e7\u00f5es. O tema deste ano \u2013 \u201cDesacelere. Seu bem maior \u00e9 a vida\u201d \u2013 prop\u00f5e uma reflex\u00e3o sobre atitudes mais conscientes e respons\u00e1veis no tr\u00e2nsito, refor\u00e7ando a valoriza\u00e7\u00e3o da vida e a constru\u00e7\u00e3o de uma mobilidade mais humana e segura.<\/p>\n\n\n\n<p>A programa\u00e7\u00e3o contempla debates, rodas de conversa, exposi\u00e7\u00f5es, blitz educativas, a\u00e7\u00f5es esportivas e culturais, envolvendo motoristas, ciclistas e pedestres. \u201cA Semana Nacional do Tr\u00e2nsito \u00e9 um convite \u00e0 comunidade para que todos n\u00f3s, juntos, possamos repensar nossa forma de nos relacionar com a cidade. O tr\u00e2nsito \u00e9 feito por pessoas e para pessoas, por isso cada escolha que fazemos impacta diretamente na seguran\u00e7a de todos\u201d, destacou o coordenador da Escola P\u00fablica de Tr\u00e2nsito, Emerson Drebes.<\/p>\n\n\n\n<p>A abertura oficial ser\u00e1 no dia 10 de setembro, \u00e0s 15h, na C\u00e2mara Municipal de Passo Fundo, com exposi\u00e7\u00e3o de trabalhos desenvolvidos pela Escola P\u00fablica de Tr\u00e2nsito e tribuna popular conduzida pelo coordenador. Entre as demais atividades, est\u00e3o o debate sobre ciclomotores (18\/09), blitz educativa (22\/09), participa\u00e7\u00e3o no evento Conecta Mulher (23\/09), o Caf\u00e9 &amp; Tr\u00e2nsito: A Vida em Primeiro Lugar (25\/09) e a roda de conversa Vozes que Movem a Cidade (27\/09).<\/p>\n\n\n\n<p>O encerramento acontece no dia 4 de outubro, com um passeio cicl\u00edstico que sair\u00e1 da Secretaria Municipal de Esportes e seguir\u00e1 at\u00e9 a Escola P\u00fablica de Tr\u00e2nsito, no bairro Cohab Secchi. No local, haver\u00e1 uma mateada com atividades de integra\u00e7\u00e3o comunit\u00e1ria e bicicletas compartilhadas dispon\u00edveis.<br>Toda a comunidade est\u00e1 convidada a participar. Informa\u00e7\u00f5es e inscri\u00e7\u00f5es podem ser feitas pelo e-mail: escoladetransito@pmpf.rs.gov.br.<\/p>\n\n\n\n<p><strong>Destaques da programa\u00e7\u00e3o<br><\/strong>10\/09 \u2013 Abertura oficial &#8211; C\u00e2mara Municipal de Passo Fundo \u2013 15h Exposi\u00e7\u00e3o de trabalhos da Escola P\u00fablica de Tr\u00e2nsito e tribuna popular com Emerson Drebes, abordando o tema central da campanha.<\/p>\n\n\n\n<p>18\/09 \u2013 Debate sobre ciclomotores &#8211; Escola P\u00fablica de Tr\u00e2nsito \u2013 9h Encontro com propriet\u00e1rios e colaboradores de empresas de ciclomotores para di\u00e1logo e distribui\u00e7\u00e3o de materiais educativos.<\/p>\n\n\n\n<p>22\/09 \u2013 Blitz educativa ciclomotores &#8211; Pra\u00e7a do Teixeirinha (Avenida Sete de Setembro com a Avenida Brasil) -15h. Evento de distribui\u00e7\u00e3o de material educativo sobre ciclomotores.<\/p>\n\n\n\n<p>23\/09 \u2013 Conecta Mulher &#8211; CEPEV \u2013 19h Participa\u00e7\u00e3o em evento de mulheres empreendedoras com apresenta\u00e7\u00e3o da simula\u00e7\u00e3o de embriaguez no tr\u00e2nsito.<\/p>\n\n\n\n<p>25\/09 \u2013 Caf\u00e9 &amp; Tr\u00e2nsito: A Vida em Primeiro Lugar &#8211; Escola P\u00fablica de Tr\u00e2nsito \u2013 8h30<br>A\u00e7\u00e3o especial no Dia Nacional do Tr\u00e2nsito, em parceria com a Biometria da Prefeitura de Passo Fundo, com foco na sensibiliza\u00e7\u00e3o sobre os perigos e responsabilidades no tr\u00e2nsito.<\/p>\n\n\n\n<p>27\/09 \u2013 Caf\u00e9 com Tr\u00e2nsito: Vozes que Movem a Cidade &#8211; Escola P\u00fablica de Tr\u00e2nsito \u2013 9h Roda de conversa aberta \u00e0 comunidade, reunindo diferentes atores do tr\u00e2nsito para trocar experi\u00eancias e propostas de conviv\u00eancia mais segura.<\/p>\n\n\n\n<p>04\/10 \u2013 Passeio Cicl\u00edstico e Mateada In\u00edcio \u00e0s 15:30h &#8211; Sa\u00edda: Secretaria Municipal de Esportes (Av. Brasil Centro, 792) \u2013 Chegada: Escola P\u00fablica de Tr\u00e2nsito Eloy Fiebig. (Esquina entre as ruas Artur Canfield e Bernardino Bento, bairro Cohab Secchi, parque Alviverde.) Haver\u00e1 bicicletas compartilhadas no local. Mateada com diversas atividades para a popula\u00e7\u00e3o na Escola P\u00fablica de Tr\u00e2nsito Eloy Fiebig Encerramento da programa\u00e7\u00e3o com atividade esportiva e integra\u00e7\u00e3o comunit\u00e1ria.<\/p>\n","protected":false},"excerpt":{"rendered":"<p>Atividades come\u00e7am no dia 10 de setembro com o tema \u201cDesacelere. Seu bem maior \u00e9 a vida\u201d<\/p>\n","protected":false},"author":24,"featured_media":1297,"comment_status":"closed","ping_status":"closed","sticky":false,"template":"","format":"standard","meta":{"footnotes":""},"categories":[1],"tags":[],"class_list":["post-1296","post","type-post","status-publish","format-standard","has-post-thumbnail","hentry","category-sem-categoria"],"yoast_head":"<!-- This site is optimized with the Yoast SEO plugin v23.8 - https:\/\/yoast.com\/wordpress\/plugins\/seo\/ -->\n<title>Prefeitura promove Semana Nacional do Tr\u00e2nsito com programa\u00e7\u00e3o educativa e comunit\u00e1ria - Secretaria de Seguran\u00e7a P\u00fablica e Transporte<\/title>\n<meta name=\"robots\" content=\"index, follow, max-snippet:-1, max-image-preview:large, max-video-preview:-1\" \/>\n<link rel=\"canonical\" href=\"https:\/\/www.pmpf.rs.gov.br\/secretaria-de-seguranca-publica\/2025\/09\/03\/prefeitura-promove-semana-nacional-do-transito-com-programacao-educativa-e-comunitaria\/\" \/>\n<meta property=\"og:locale\" content=\"pt_BR\" \/>\n<meta property=\"og:type\" content=\"article\" \/>\n<meta property=\"og:title\" content=\"Prefeitura promove Semana Nacional do Tr\u00e2nsito com programa\u00e7\u00e3o educativa e comunit\u00e1ria - Secretaria de Seguran\u00e7a P\u00fablica e Transporte\" \/>\n<meta property=\"og:description\" content=\"Atividades come\u00e7am no dia 10 de setembro com o tema \u201cDesacelere. Seu bem maior \u00e9 a vida\u201d\" \/>\n<meta property=\"og:url\" content=\"https:\/\/www.pmpf.rs.gov.br\/secretaria-de-seguranca-publica\/2025\/09\/03\/prefeitura-promove-semana-nacional-do-transito-com-programacao-educativa-e-comunitaria\/\" \/>\n<meta property=\"og:site_name\" content=\"Secretaria de Seguran\u00e7a P\u00fablica e Transporte\" \/>\n<meta property=\"article:published_time\" content=\"2025-09-03T14:15:48+00:00\" \/>\n<meta property=\"article:modified_time\" content=\"2025-09-03T14:21:45+00:00\" \/>\n<meta property=\"og:image\" content=\"https:\/\/www.pmpf.rs.gov.br\/secretaria-de-seguranca-publica\/wp-content\/uploads\/sites\/54\/2025\/09\/Captura-de-tela-2025-09-03-111505.png\" \/>\n\t<meta property=\"og:image:width\" content=\"1043\" \/>\n\t<meta property=\"og:image:height\" content=\"687\" \/>\n\t<meta property=\"og:image:type\" content=\"image\/png\" \/>\n<meta name=\"author\" content=\"lilicrivello\" \/>\n<meta name=\"twitter:card\" content=\"summary_large_image\" \/>\n<meta name=\"twitter:label1\" content=\"Escrito por\" \/>\n\t<meta name=\"twitter:data1\" content=\"lilicrivello\" \/>\n\t<meta name=\"twitter:label2\" content=\"Est. tempo de leitura\" \/>\n\t<meta name=\"twitter:data2\" content=\"3 minutos\" \/>\n<script type=\"application\/ld+json\" class=\"yoast-schema-graph\">{\"@context\":\"https:\/\/schema.org\",\"@graph\":[{\"@type\":\"WebPage\",\"@id\":\"https:\/\/www.pmpf.rs.gov.br\/secretaria-de-seguranca-publica\/2025\/09\/03\/prefeitura-promove-semana-nacional-do-transito-com-programacao-educativa-e-comunitaria\/\",\"url\":\"https:\/\/www.pmpf.rs.gov.br\/secretaria-de-seguranca-publica\/2025\/09\/03\/prefeitura-promove-semana-nacional-do-transito-com-programacao-educativa-e-comunitaria\/\",\"name\":\"Prefeitura promove Semana Nacional do Tr\u00e2nsito com programa\u00e7\u00e3o educativa e comunit\u00e1ria - Secretaria de Seguran\u00e7a P\u00fablica e Transporte\",\"isPartOf\":{\"@id\":\"https:\/\/www.pmpf.rs.gov.br\/secretaria-de-seguranca-publica\/#website\"},\"primaryImageOfPage\":{\"@id\":\"https:\/\/www.pmpf.rs.gov.br\/secretaria-de-seguranca-publica\/2025\/09\/03\/prefeitura-promove-semana-nacional-do-transito-com-programacao-educativa-e-comunitaria\/#primaryimage\"},\"image\":{\"@id\":\"https:\/\/www.pmpf.rs.gov.br\/secretaria-de-seguranca-publica\/2025\/09\/03\/prefeitura-promove-semana-nacional-do-transito-com-programacao-educativa-e-comunitaria\/#primaryimage\"},\"thumbnailUrl\":\"https:\/\/www.pmpf.rs.gov.br\/secretaria-de-seguranca-publica\/wp-content\/uploads\/sites\/54\/2025\/09\/Captura-de-tela-2025-09-03-111505.png\",\"datePublished\":\"2025-09-03T14:15:48+00:00\",\"dateModified\":\"2025-09-03T14:21:45+00:00\",\"author\":{\"@id\":\"https:\/\/www.pmpf.rs.gov.br\/secretaria-de-seguranca-publica\/#\/schema\/person\/6e93b0ab2174b69f691ac4f278ba2d0a\"},\"breadcrumb\":{\"@id\":\"https:\/\/www.pmpf.rs.gov.br\/secretaria-de-seguranca-publica\/2025\/09\/03\/prefeitura-promove-semana-nacional-do-transito-com-programacao-educativa-e-comunitaria\/#breadcrumb\"},\"inLanguage\":\"pt-BR\",\"potentialAction\":[{\"@type\":\"ReadAction\",\"target\":[\"https:\/\/www.pmpf.rs.gov.br\/secretaria-de-seguranca-publica\/2025\/09\/03\/prefeitura-promove-semana-nacional-do-transito-com-programacao-educativa-e-comunitaria\/\"]}]},{\"@type\":\"ImageObject\",\"inLanguage\":\"pt-BR\",\"@id\":\"https:\/\/www.pmpf.rs.gov.br\/secretaria-de-seguranca-publica\/2025\/09\/03\/prefeitura-promove-semana-nacional-do-transito-com-programacao-educativa-e-comunitaria\/#primaryimage\",\"url\":\"https:\/\/www.pmpf.rs.gov.br\/secretaria-de-seguranca-publica\/wp-content\/uploads\/sites\/54\/2025\/09\/Captura-de-tela-2025-09-03-111505.png\",\"contentUrl\":\"https:\/\/www.pmpf.rs.gov.br\/secretaria-de-seguranca-publica\/wp-content\/uploads\/sites\/54\/2025\/09\/Captura-de-tela-2025-09-03-111505.png\",\"width\":1043,\"height\":687},{\"@type\":\"BreadcrumbList\",\"@id\":\"https:\/\/www.pmpf.rs.gov.br\/secretaria-de-seguranca-publica\/2025\/09\/03\/prefeitura-promove-semana-nacional-do-transito-com-programacao-educativa-e-comunitaria\/#breadcrumb\",\"itemListElement\":[{\"@type\":\"ListItem\",\"position\":1,\"name\":\"In\u00edcio\",\"item\":\"https:\/\/www.pmpf.rs.gov.br\/secretaria-de-seguranca-publica\/\"},{\"@type\":\"ListItem\",\"position\":2,\"name\":\"Prefeitura promove Semana Nacional do Tr\u00e2nsito com programa\u00e7\u00e3o educativa e comunit\u00e1ria\"}]},{\"@type\":\"WebSite\",\"@id\":\"https:\/\/www.pmpf.rs.gov.br\/secretaria-de-seguranca-publica\/#website\",\"url\":\"https:\/\/www.pmpf.rs.gov.br\/secretaria-de-seguranca-publica\/\",\"name\":\"Secretaria de Seguran\u00e7a P\u00fablica e Transporte\",\"description\":\"S\u00f3 mais um site Prefeitura de Passo Fundo\",\"potentialAction\":[{\"@type\":\"SearchAction\",\"target\":{\"@type\":\"EntryPoint\",\"urlTemplate\":\"https:\/\/www.pmpf.rs.gov.br\/secretaria-de-seguranca-publica\/?s={search_term_string}\"},\"query-input\":{\"@type\":\"PropertyValueSpecification\",\"valueRequired\":true,\"valueName\":\"search_term_string\"}}],\"inLanguage\":\"pt-BR\"},{\"@type\":\"Person\",\"@id\":\"https:\/\/www.pmpf.rs.gov.br\/secretaria-de-seguranca-publica\/#\/schema\/person\/6e93b0ab2174b69f691ac4f278ba2d0a\",\"name\":\"lilicrivello\",\"image\":{\"@type\":\"ImageObject\",\"inLanguage\":\"pt-BR\",\"@id\":\"https:\/\/www.pmpf.rs.gov.br\/secretaria-de-seguranca-publica\/#\/schema\/person\/image\/\",\"url\":\"https:\/\/secure.gravatar.com\/avatar\/0b546b667388f8edb7b67d70a57b5e46?s=96&d=mm&r=g\",\"contentUrl\":\"https:\/\/secure.gravatar.com\/avatar\/0b546b667388f8edb7b67d70a57b5e46?s=96&d=mm&r=g\",\"caption\":\"lilicrivello\"},\"url\":\"https:\/\/www.pmpf.rs.gov.br\/secretaria-de-seguranca-publica\/author\/lilicrivello\/\"}]}<\/script>\n<!-- \/ Yoast SEO plugin. -->","yoast_head_json":{"title":"Prefeitura promove Semana Nacional do Tr\u00e2nsito com programa\u00e7\u00e3o educativa e comunit\u00e1ria - Secretaria de Seguran\u00e7a P\u00fablica e Transporte","robots":{"index":"index","follow":"follow","max-snippet":"max-snippet:-1","max-image-preview":"max-image-preview:large","max-video-preview":"max-video-preview:-1"},"canonical":"https:\/\/www.pmpf.rs.gov.br\/secretaria-de-seguranca-publica\/2025\/09\/03\/prefeitura-promove-semana-nacional-do-transito-com-programacao-educativa-e-comunitaria\/","og_locale":"pt_BR","og_type":"article","og_title":"Prefeitura promove Semana Nacional do Tr\u00e2nsito com programa\u00e7\u00e3o educativa e comunit\u00e1ria - Secretaria de Seguran\u00e7a P\u00fablica e Transporte","og_description":"Atividades come\u00e7am no dia 10 de setembro com o tema \u201cDesacelere. Seu bem maior \u00e9 a vida\u201d","og_url":"https:\/\/www.pmpf.rs.gov.br\/secretaria-de-seguranca-publica\/2025\/09\/03\/prefeitura-promove-semana-nacional-do-transito-com-programacao-educativa-e-comunitaria\/","og_site_name":"Secretaria de Seguran\u00e7a P\u00fablica e Transporte","article_published_time":"2025-09-03T14:15:48+00:00","article_modified_time":"2025-09-03T14:21:45+00:00","og_image":[{"width":1043,"height":687,"url":"https:\/\/www.pmpf.rs.gov.br\/secretaria-de-seguranca-publica\/wp-content\/uploads\/sites\/54\/2025\/09\/Captura-de-tela-2025-09-03-111505.png","type":"image\/png"}],"author":"lilicrivello","twitter_card":"summary_large_image","twitter_misc":{"Escrito por":"lilicrivello","Est. tempo de leitura":"3 minutos"},"schema":{"@context":"https:\/\/schema.org","@graph":[{"@type":"WebPage","@id":"https:\/\/www.pmpf.rs.gov.br\/secretaria-de-seguranca-publica\/2025\/09\/03\/prefeitura-promove-semana-nacional-do-transito-com-programacao-educativa-e-comunitaria\/","url":"https:\/\/www.pmpf.rs.gov.br\/secretaria-de-seguranca-publica\/2025\/09\/03\/prefeitura-promove-semana-nacional-do-transito-com-programacao-educativa-e-comunitaria\/","name":"Prefeitura promove Semana Nacional do Tr\u00e2nsito com programa\u00e7\u00e3o educativa e comunit\u00e1ria - Secretaria de Seguran\u00e7a P\u00fablica e Transporte","isPartOf":{"@id":"https:\/\/www.pmpf.rs.gov.br\/secretaria-de-seguranca-publica\/#website"},"primaryImageOfPage":{"@id":"https:\/\/www.pmpf.rs.gov.br\/secretaria-de-seguranca-publica\/2025\/09\/03\/prefeitura-promove-semana-nacional-do-transito-com-programacao-educativa-e-comunitaria\/#primaryimage"},"image":{"@id":"https:\/\/www.pmpf.rs.gov.br\/secretaria-de-seguranca-publica\/2025\/09\/03\/prefeitura-promove-semana-nacional-do-transito-com-programacao-educativa-e-comunitaria\/#primaryimage"},"thumbnailUrl":"https:\/\/www.pmpf.rs.gov.br\/secretaria-de-seguranca-publica\/wp-content\/uploads\/sites\/54\/2025\/09\/Captura-de-tela-2025-09-03-111505.png","datePublished":"2025-09-03T14:15:48+00:00","dateModified":"2025-09-03T14:21:45+00:00","author":{"@id":"https:\/\/www.pmpf.rs.gov.br\/secretaria-de-seguranca-publica\/#\/schema\/person\/6e93b0ab2174b69f691ac4f278ba2d0a"},"breadcrumb":{"@id":"https:\/\/www.pmpf.rs.gov.br\/secretaria-de-seguranca-publica\/2025\/09\/03\/prefeitura-promove-semana-nacional-do-transito-com-programacao-educativa-e-comunitaria\/#breadcrumb"},"inLanguage":"pt-BR","potentialAction":[{"@type":"ReadAction","target":["https:\/\/www.pmpf.rs.gov.br\/secretaria-de-seguranca-publica\/2025\/09\/03\/prefeitura-promove-semana-nacional-do-transito-com-programacao-educativa-e-comunitaria\/"]}]},{"@type":"ImageObject","inLanguage":"pt-BR","@id":"https:\/\/www.pmpf.rs.gov.br\/secretaria-de-seguranca-publica\/2025\/09\/03\/prefeitura-promove-semana-nacional-do-transito-com-programacao-educativa-e-comunitaria\/#primaryimage","url":"https:\/\/www.pmpf.rs.gov.br\/secretaria-de-seguranca-publica\/wp-content\/uploads\/sites\/54\/2025\/09\/Captura-de-tela-2025-09-03-111505.png","contentUrl":"https:\/\/www.pmpf.rs.gov.br\/secretaria-de-seguranca-publica\/wp-content\/uploads\/sites\/54\/2025\/09\/Captura-de-tela-2025-09-03-111505.png","width":1043,"height":687},{"@type":"BreadcrumbList","@id":"https:\/\/www.pmpf.rs.gov.br\/secretaria-de-seguranca-publica\/2025\/09\/03\/prefeitura-promove-semana-nacional-do-transito-com-programacao-educativa-e-comunitaria\/#breadcrumb","itemListElement":[{"@type":"ListItem","position":1,"name":"In\u00edcio","item":"https:\/\/www.pmpf.rs.gov.br\/secretaria-de-seguranca-publica\/"},{"@type":"ListItem","position":2,"name":"Prefeitura promove Semana Nacional do Tr\u00e2nsito com programa\u00e7\u00e3o educativa e comunit\u00e1ria"}]},{"@type":"WebSite","@id":"https:\/\/www.pmpf.rs.gov.br\/secretaria-de-seguranca-publica\/#website","url":"https:\/\/www.pmpf.rs.gov.br\/secretaria-de-seguranca-publica\/","name":"Secretaria de Seguran\u00e7a P\u00fablica e Transporte","description":"S\u00f3 mais um site Prefeitura de Passo Fundo","potentialAction":[{"@type":"SearchAction","target":{"@type":"EntryPoint","urlTemplate":"https:\/\/www.pmpf.rs.gov.br\/secretaria-de-seguranca-publica\/?s={search_term_string}"},"query-input":{"@type":"PropertyValueSpecification","valueRequired":true,"valueName":"search_term_string"}}],"inLanguage":"pt-BR"},{"@type":"Person","@id":"https:\/\/www.pmpf.rs.gov.br\/secretaria-de-seguranca-publica\/#\/schema\/person\/6e93b0ab2174b69f691ac4f278ba2d0a","name":"lilicrivello","image":{"@type":"ImageObject","inLanguage":"pt-BR","@id":"https:\/\/www.pmpf.rs.gov.br\/secretaria-de-seguranca-publica\/#\/schema\/person\/image\/","url":"https:\/\/secure.gravatar.com\/avatar\/0b546b667388f8edb7b67d70a57b5e46?s=96&d=mm&r=g","contentUrl":"https:\/\/secure.gravatar.com\/avatar\/0b546b667388f8edb7b67d70a57b5e46?s=96&d=mm&r=g","caption":"lilicrivello"},"url":"https:\/\/www.pmpf.rs.gov.br\/secretaria-de-seguranca-publica\/author\/lilicrivello\/"}]}},"_links":{"self":[{"href":"https:\/\/www.pmpf.rs.gov.br\/secretaria-de-seguranca-publica\/wp-json\/wp\/v2\/posts\/1296"}],"collection":[{"href":"https:\/\/www.pmpf.rs.gov.br\/secretaria-de-seguranca-publica\/wp-json\/wp\/v2\/posts"}],"about":[{"href":"https:\/\/www.pmpf.rs.gov.br\/secretaria-de-seguranca-publica\/wp-json\/wp\/v2\/types\/post"}],"author":[{"embeddable":true,"href":"https:\/\/www.pmpf.rs.gov.br\/secretaria-de-seguranca-publica\/wp-json\/wp\/v2\/users\/24"}],"replies":[{"embeddable":true,"href":"https:\/\/www.pmpf.rs.gov.br\/secretaria-de-seguranca-publica\/wp-json\/wp\/v2\/comments?post=1296"}],"version-history":[{"count":2,"href":"https:\/\/www.pmpf.rs.gov.br\/secretaria-de-seguranca-publica\/wp-json\/wp\/v2\/posts\/1296\/revisions"}],"predecessor-version":[{"id":1299,"href":"https:\/\/www.pmpf.rs.gov.br\/secretaria-de-seguranca-publica\/wp-json\/wp\/v2\/posts\/1296\/revisions\/1299"}],"wp:featuredmedia":[{"embeddable":true,"href":"https:\/\/www.pmpf.rs.gov.br\/secretaria-de-seguranca-publica\/wp-json\/wp\/v2\/media\/1297"}],"wp:attachment":[{"href":"https:\/\/www.pmpf.rs.gov.br\/secretaria-de-seguranca-publica\/wp-json\/wp\/v2\/media?parent=1296"}],"wp:term":[{"taxonomy":"category","embeddable":true,"href":"https:\/\/www.pmpf.rs.gov.br\/secretaria-de-seguranca-publica\/wp-json\/wp\/v2\/categories?post=1296"},{"taxonomy":"post_tag","embeddable":true,"href":"https:\/\/www.pmpf.rs.gov.br\/secretaria-de-seguranca-publica\/wp-json\/wp\/v2\/tags?post=1296"}],"curies":[{"name":"wp","href":"https:\/\/api.w.org\/{rel}","templated":true}]}}