{"id":1293,"date":"2025-09-01T09:09:27","date_gmt":"2025-09-01T12:09:27","guid":{"rendered":"https:\/\/www.pmpf.rs.gov.br\/secretaria-de-seguranca-publica\/?p=1293"},"modified":"2025-09-01T09:09:32","modified_gmt":"2025-09-01T12:09:32","slug":"operacao-balada-segura-autua-motoristas-por-embriaguez-em-acao-conjunta-da-guarda-municipal-e-brigada-militar","status":"publish","type":"post","link":"https:\/\/www.pmpf.rs.gov.br\/secretaria-de-seguranca-publica\/2025\/09\/01\/operacao-balada-segura-autua-motoristas-por-embriaguez-em-acao-conjunta-da-guarda-municipal-e-brigada-militar\/","title":{"rendered":"Opera\u00e7\u00e3o Balada Segura autua motoristas por embriaguez em a\u00e7\u00e3o conjunta da Guarda Municipal e Brigada Militar"},"content":{"rendered":"\n<p><\/p>\n\n\n\n<p>Na madrugada deste s\u00e1bado (30), a Prefeitura de Passo Fundo, por meio da Guarda Municipal de Tr\u00e2nsito, com apoio da Brigada Militar, realizou mais uma edi\u00e7\u00e3o da Opera\u00e7\u00e3o Balada Segura. A fiscaliza\u00e7\u00e3o ocorreu na Rua Benjamin Constant, nas proximidades do n\u00famero 608.<\/p>\n\n\n\n<p>Durante a a\u00e7\u00e3o, foram abordados 66 ve\u00edculos e identificadas 84 pessoas. Sete carros acabaram recolhidos ao p\u00e1tio do guincho Petr\u00f3polis, enquanto 13 Carteiras Nacionais de Habilita\u00e7\u00e3o (CNHs) foram recolhidas de forma preventiva.<\/p>\n\n\n\n<p>Entre as autua\u00e7\u00f5es, 11 condutores se recusaram a realizar o teste do etil\u00f4metro e tr\u00eas foram flagrados dirigindo sob efeito de \u00e1lcool. Outros dois motoristas foram apresentados na Delegacia de Pol\u00edcia de Pronto Atendimento (DPPA), enquadrados nos artigos 165 do C\u00f3digo de Tr\u00e2nsito Brasileiro e 306 do C\u00f3digo Penal, que configuram crime de tr\u00e2nsito por embriaguez.<\/p>\n\n\n\n<p>Ao todo, foram lavrados 33 autos de infra\u00e7\u00f5es diversas. Segundo a Guarda Municipal, o n\u00famero relativamente baixo de abordagens nesta edi\u00e7\u00e3o da opera\u00e7\u00e3o se deveu ao grande volume de ocorr\u00eancias registradas durante a madrugada, que exigiram o deslocamento das guarni\u00e7\u00f5es para atendimentos emergenciais.<\/p>\n\n\n\n<p>A Opera\u00e7\u00e3o Balada Segura \u00e9 uma iniciativa cont\u00ednua de fiscaliza\u00e7\u00e3o que tem como objetivo reduzir acidentes e salvar vidas, retirando das ruas motoristas que dirigem sob efeito de \u00e1lcool ou cometem outras infra\u00e7\u00f5es graves.<\/p>\n","protected":false},"excerpt":{"rendered":"<p>Na madrugada deste s\u00e1bado (30), a Prefeitura de Passo Fundo, por meio da Guarda Municipal de Tr\u00e2nsito, com apoio da Brigada Militar, realizou mais uma edi\u00e7\u00e3o da Opera\u00e7\u00e3o Balada Segura. A fiscaliza\u00e7\u00e3o [&hellip;]<\/p>\n","protected":false},"author":24,"featured_media":1294,"comment_status":"closed","ping_status":"closed","sticky":false,"template":"","format":"standard","meta":{"footnotes":""},"categories":[1],"tags":[],"class_list":["post-1293","post","type-post","status-publish","format-standard","has-post-thumbnail","hentry","category-sem-categoria"],"yoast_head":"<!-- This site is optimized with the Yoast SEO plugin v23.8 - https:\/\/yoast.com\/wordpress\/plugins\/seo\/ -->\n<title>Opera\u00e7\u00e3o Balada Segura autua motoristas por embriaguez em a\u00e7\u00e3o conjunta da Guarda Municipal e Brigada Militar - Secretaria de Seguran\u00e7a P\u00fablica e Transporte<\/title>\n<meta name=\"robots\" content=\"index, follow, max-snippet:-1, max-image-preview:large, max-video-preview:-1\" \/>\n<link rel=\"canonical\" href=\"https:\/\/www.pmpf.rs.gov.br\/secretaria-de-seguranca-publica\/2025\/09\/01\/operacao-balada-segura-autua-motoristas-por-embriaguez-em-acao-conjunta-da-guarda-municipal-e-brigada-militar\/\" \/>\n<meta property=\"og:locale\" content=\"pt_BR\" \/>\n<meta property=\"og:type\" content=\"article\" \/>\n<meta property=\"og:title\" content=\"Opera\u00e7\u00e3o Balada Segura autua motoristas por embriaguez em a\u00e7\u00e3o conjunta da Guarda Municipal e Brigada Militar - Secretaria de Seguran\u00e7a P\u00fablica e Transporte\" \/>\n<meta property=\"og:description\" content=\"Na madrugada deste s\u00e1bado (30), a Prefeitura de Passo Fundo, por meio da Guarda Municipal de Tr\u00e2nsito, com apoio da Brigada Militar, realizou mais uma edi\u00e7\u00e3o da Opera\u00e7\u00e3o Balada Segura. A fiscaliza\u00e7\u00e3o [&hellip;]\" \/>\n<meta property=\"og:url\" content=\"https:\/\/www.pmpf.rs.gov.br\/secretaria-de-seguranca-publica\/2025\/09\/01\/operacao-balada-segura-autua-motoristas-por-embriaguez-em-acao-conjunta-da-guarda-municipal-e-brigada-militar\/\" \/>\n<meta property=\"og:site_name\" content=\"Secretaria de Seguran\u00e7a P\u00fablica e Transporte\" \/>\n<meta property=\"article:published_time\" content=\"2025-09-01T12:09:27+00:00\" \/>\n<meta property=\"article:modified_time\" content=\"2025-09-01T12:09:32+00:00\" \/>\n<meta name=\"author\" content=\"lilicrivello\" \/>\n<meta name=\"twitter:card\" content=\"summary_large_image\" \/>\n<meta name=\"twitter:label1\" content=\"Escrito por\" \/>\n\t<meta name=\"twitter:data1\" content=\"lilicrivello\" \/>\n\t<meta name=\"twitter:label2\" content=\"Est. tempo de leitura\" \/>\n\t<meta name=\"twitter:data2\" content=\"1 minuto\" \/>\n<script type=\"application\/ld+json\" class=\"yoast-schema-graph\">{\"@context\":\"https:\/\/schema.org\",\"@graph\":[{\"@type\":\"WebPage\",\"@id\":\"https:\/\/www.pmpf.rs.gov.br\/secretaria-de-seguranca-publica\/2025\/09\/01\/operacao-balada-segura-autua-motoristas-por-embriaguez-em-acao-conjunta-da-guarda-municipal-e-brigada-militar\/\",\"url\":\"https:\/\/www.pmpf.rs.gov.br\/secretaria-de-seguranca-publica\/2025\/09\/01\/operacao-balada-segura-autua-motoristas-por-embriaguez-em-acao-conjunta-da-guarda-municipal-e-brigada-militar\/\",\"name\":\"Opera\u00e7\u00e3o Balada Segura autua motoristas por embriaguez em a\u00e7\u00e3o conjunta da Guarda Municipal e Brigada Militar - Secretaria de Seguran\u00e7a P\u00fablica e Transporte\",\"isPartOf\":{\"@id\":\"https:\/\/www.pmpf.rs.gov.br\/secretaria-de-seguranca-publica\/#website\"},\"primaryImageOfPage\":{\"@id\":\"https:\/\/www.pmpf.rs.gov.br\/secretaria-de-seguranca-publica\/2025\/09\/01\/operacao-balada-segura-autua-motoristas-por-embriaguez-em-acao-conjunta-da-guarda-municipal-e-brigada-militar\/#primaryimage\"},\"image\":{\"@id\":\"https:\/\/www.pmpf.rs.gov.br\/secretaria-de-seguranca-publica\/2025\/09\/01\/operacao-balada-segura-autua-motoristas-por-embriaguez-em-acao-conjunta-da-guarda-municipal-e-brigada-militar\/#primaryimage\"},\"thumbnailUrl\":\"https:\/\/www.pmpf.rs.gov.br\/secretaria-de-seguranca-publica\/wp-content\/uploads\/sites\/54\/2025\/09\/WhatsApp-Image-2025-08-30-at-07.54.05.jpeg\",\"datePublished\":\"2025-09-01T12:09:27+00:00\",\"dateModified\":\"2025-09-01T12:09:32+00:00\",\"author\":{\"@id\":\"https:\/\/www.pmpf.rs.gov.br\/secretaria-de-seguranca-publica\/#\/schema\/person\/6e93b0ab2174b69f691ac4f278ba2d0a\"},\"breadcrumb\":{\"@id\":\"https:\/\/www.pmpf.rs.gov.br\/secretaria-de-seguranca-publica\/2025\/09\/01\/operacao-balada-segura-autua-motoristas-por-embriaguez-em-acao-conjunta-da-guarda-municipal-e-brigada-militar\/#breadcrumb\"},\"inLanguage\":\"pt-BR\",\"potentialAction\":[{\"@type\":\"ReadAction\",\"target\":[\"https:\/\/www.pmpf.rs.gov.br\/secretaria-de-seguranca-publica\/2025\/09\/01\/operacao-balada-segura-autua-motoristas-por-embriaguez-em-acao-conjunta-da-guarda-municipal-e-brigada-militar\/\"]}]},{\"@type\":\"ImageObject\",\"inLanguage\":\"pt-BR\",\"@id\":\"https:\/\/www.pmpf.rs.gov.br\/secretaria-de-seguranca-publica\/2025\/09\/01\/operacao-balada-segura-autua-motoristas-por-embriaguez-em-acao-conjunta-da-guarda-municipal-e-brigada-militar\/#primaryimage\",\"url\":\"https:\/\/www.pmpf.rs.gov.br\/secretaria-de-seguranca-publica\/wp-content\/uploads\/sites\/54\/2025\/09\/WhatsApp-Image-2025-08-30-at-07.54.05.jpeg\",\"contentUrl\":\"https:\/\/www.pmpf.rs.gov.br\/secretaria-de-seguranca-publica\/wp-content\/uploads\/sites\/54\/2025\/09\/WhatsApp-Image-2025-08-30-at-07.54.05.jpeg\",\"width\":1600,\"height\":1204},{\"@type\":\"BreadcrumbList\",\"@id\":\"https:\/\/www.pmpf.rs.gov.br\/secretaria-de-seguranca-publica\/2025\/09\/01\/operacao-balada-segura-autua-motoristas-por-embriaguez-em-acao-conjunta-da-guarda-municipal-e-brigada-militar\/#breadcrumb\",\"itemListElement\":[{\"@type\":\"ListItem\",\"position\":1,\"name\":\"In\u00edcio\",\"item\":\"https:\/\/www.pmpf.rs.gov.br\/secretaria-de-seguranca-publica\/\"},{\"@type\":\"ListItem\",\"position\":2,\"name\":\"Opera\u00e7\u00e3o Balada Segura autua motoristas por embriaguez em a\u00e7\u00e3o conjunta da Guarda Municipal e Brigada Militar\"}]},{\"@type\":\"WebSite\",\"@id\":\"https:\/\/www.pmpf.rs.gov.br\/secretaria-de-seguranca-publica\/#website\",\"url\":\"https:\/\/www.pmpf.rs.gov.br\/secretaria-de-seguranca-publica\/\",\"name\":\"Secretaria de Seguran\u00e7a P\u00fablica e Transporte\",\"description\":\"S\u00f3 mais um site Prefeitura de Passo Fundo\",\"potentialAction\":[{\"@type\":\"SearchAction\",\"target\":{\"@type\":\"EntryPoint\",\"urlTemplate\":\"https:\/\/www.pmpf.rs.gov.br\/secretaria-de-seguranca-publica\/?s={search_term_string}\"},\"query-input\":{\"@type\":\"PropertyValueSpecification\",\"valueRequired\":true,\"valueName\":\"search_term_string\"}}],\"inLanguage\":\"pt-BR\"},{\"@type\":\"Person\",\"@id\":\"https:\/\/www.pmpf.rs.gov.br\/secretaria-de-seguranca-publica\/#\/schema\/person\/6e93b0ab2174b69f691ac4f278ba2d0a\",\"name\":\"lilicrivello\",\"image\":{\"@type\":\"ImageObject\",\"inLanguage\":\"pt-BR\",\"@id\":\"https:\/\/www.pmpf.rs.gov.br\/secretaria-de-seguranca-publica\/#\/schema\/person\/image\/\",\"url\":\"https:\/\/secure.gravatar.com\/avatar\/0b546b667388f8edb7b67d70a57b5e46?s=96&d=mm&r=g\",\"contentUrl\":\"https:\/\/secure.gravatar.com\/avatar\/0b546b667388f8edb7b67d70a57b5e46?s=96&d=mm&r=g\",\"caption\":\"lilicrivello\"},\"url\":\"https:\/\/www.pmpf.rs.gov.br\/secretaria-de-seguranca-publica\/author\/lilicrivello\/\"}]}<\/script>\n<!-- \/ Yoast SEO plugin. -->","yoast_head_json":{"title":"Opera\u00e7\u00e3o Balada Segura autua motoristas por embriaguez em a\u00e7\u00e3o conjunta da Guarda Municipal e Brigada Militar - Secretaria de Seguran\u00e7a P\u00fablica e Transporte","robots":{"index":"index","follow":"follow","max-snippet":"max-snippet:-1","max-image-preview":"max-image-preview:large","max-video-preview":"max-video-preview:-1"},"canonical":"https:\/\/www.pmpf.rs.gov.br\/secretaria-de-seguranca-publica\/2025\/09\/01\/operacao-balada-segura-autua-motoristas-por-embriaguez-em-acao-conjunta-da-guarda-municipal-e-brigada-militar\/","og_locale":"pt_BR","og_type":"article","og_title":"Opera\u00e7\u00e3o Balada Segura autua motoristas por embriaguez em a\u00e7\u00e3o conjunta da Guarda Municipal e Brigada Militar - Secretaria de Seguran\u00e7a P\u00fablica e Transporte","og_description":"Na madrugada deste s\u00e1bado (30), a Prefeitura de Passo Fundo, por meio da Guarda Municipal de Tr\u00e2nsito, com apoio da Brigada Militar, realizou mais uma edi\u00e7\u00e3o da Opera\u00e7\u00e3o Balada Segura. A fiscaliza\u00e7\u00e3o [&hellip;]","og_url":"https:\/\/www.pmpf.rs.gov.br\/secretaria-de-seguranca-publica\/2025\/09\/01\/operacao-balada-segura-autua-motoristas-por-embriaguez-em-acao-conjunta-da-guarda-municipal-e-brigada-militar\/","og_site_name":"Secretaria de Seguran\u00e7a P\u00fablica e Transporte","article_published_time":"2025-09-01T12:09:27+00:00","article_modified_time":"2025-09-01T12:09:32+00:00","author":"lilicrivello","twitter_card":"summary_large_image","twitter_misc":{"Escrito por":"lilicrivello","Est. tempo de leitura":"1 minuto"},"schema":{"@context":"https:\/\/schema.org","@graph":[{"@type":"WebPage","@id":"https:\/\/www.pmpf.rs.gov.br\/secretaria-de-seguranca-publica\/2025\/09\/01\/operacao-balada-segura-autua-motoristas-por-embriaguez-em-acao-conjunta-da-guarda-municipal-e-brigada-militar\/","url":"https:\/\/www.pmpf.rs.gov.br\/secretaria-de-seguranca-publica\/2025\/09\/01\/operacao-balada-segura-autua-motoristas-por-embriaguez-em-acao-conjunta-da-guarda-municipal-e-brigada-militar\/","name":"Opera\u00e7\u00e3o Balada Segura autua motoristas por embriaguez em a\u00e7\u00e3o conjunta da Guarda Municipal e Brigada Militar - Secretaria de Seguran\u00e7a P\u00fablica e Transporte","isPartOf":{"@id":"https:\/\/www.pmpf.rs.gov.br\/secretaria-de-seguranca-publica\/#website"},"primaryImageOfPage":{"@id":"https:\/\/www.pmpf.rs.gov.br\/secretaria-de-seguranca-publica\/2025\/09\/01\/operacao-balada-segura-autua-motoristas-por-embriaguez-em-acao-conjunta-da-guarda-municipal-e-brigada-militar\/#primaryimage"},"image":{"@id":"https:\/\/www.pmpf.rs.gov.br\/secretaria-de-seguranca-publica\/2025\/09\/01\/operacao-balada-segura-autua-motoristas-por-embriaguez-em-acao-conjunta-da-guarda-municipal-e-brigada-militar\/#primaryimage"},"thumbnailUrl":"https:\/\/www.pmpf.rs.gov.br\/secretaria-de-seguranca-publica\/wp-content\/uploads\/sites\/54\/2025\/09\/WhatsApp-Image-2025-08-30-at-07.54.05.jpeg","datePublished":"2025-09-01T12:09:27+00:00","dateModified":"2025-09-01T12:09:32+00:00","author":{"@id":"https:\/\/www.pmpf.rs.gov.br\/secretaria-de-seguranca-publica\/#\/schema\/person\/6e93b0ab2174b69f691ac4f278ba2d0a"},"breadcrumb":{"@id":"https:\/\/www.pmpf.rs.gov.br\/secretaria-de-seguranca-publica\/2025\/09\/01\/operacao-balada-segura-autua-motoristas-por-embriaguez-em-acao-conjunta-da-guarda-municipal-e-brigada-militar\/#breadcrumb"},"inLanguage":"pt-BR","potentialAction":[{"@type":"ReadAction","target":["https:\/\/www.pmpf.rs.gov.br\/secretaria-de-seguranca-publica\/2025\/09\/01\/operacao-balada-segura-autua-motoristas-por-embriaguez-em-acao-conjunta-da-guarda-municipal-e-brigada-militar\/"]}]},{"@type":"ImageObject","inLanguage":"pt-BR","@id":"https:\/\/www.pmpf.rs.gov.br\/secretaria-de-seguranca-publica\/2025\/09\/01\/operacao-balada-segura-autua-motoristas-por-embriaguez-em-acao-conjunta-da-guarda-municipal-e-brigada-militar\/#primaryimage","url":"https:\/\/www.pmpf.rs.gov.br\/secretaria-de-seguranca-publica\/wp-content\/uploads\/sites\/54\/2025\/09\/WhatsApp-Image-2025-08-30-at-07.54.05.jpeg","contentUrl":"https:\/\/www.pmpf.rs.gov.br\/secretaria-de-seguranca-publica\/wp-content\/uploads\/sites\/54\/2025\/09\/WhatsApp-Image-2025-08-30-at-07.54.05.jpeg","width":1600,"height":1204},{"@type":"BreadcrumbList","@id":"https:\/\/www.pmpf.rs.gov.br\/secretaria-de-seguranca-publica\/2025\/09\/01\/operacao-balada-segura-autua-motoristas-por-embriaguez-em-acao-conjunta-da-guarda-municipal-e-brigada-militar\/#breadcrumb","itemListElement":[{"@type":"ListItem","position":1,"name":"In\u00edcio","item":"https:\/\/www.pmpf.rs.gov.br\/secretaria-de-seguranca-publica\/"},{"@type":"ListItem","position":2,"name":"Opera\u00e7\u00e3o Balada Segura autua motoristas por embriaguez em a\u00e7\u00e3o conjunta da Guarda Municipal e Brigada Militar"}]},{"@type":"WebSite","@id":"https:\/\/www.pmpf.rs.gov.br\/secretaria-de-seguranca-publica\/#website","url":"https:\/\/www.pmpf.rs.gov.br\/secretaria-de-seguranca-publica\/","name":"Secretaria de Seguran\u00e7a P\u00fablica e Transporte","description":"S\u00f3 mais um site Prefeitura de Passo Fundo","potentialAction":[{"@type":"SearchAction","target":{"@type":"EntryPoint","urlTemplate":"https:\/\/www.pmpf.rs.gov.br\/secretaria-de-seguranca-publica\/?s={search_term_string}"},"query-input":{"@type":"PropertyValueSpecification","valueRequired":true,"valueName":"search_term_string"}}],"inLanguage":"pt-BR"},{"@type":"Person","@id":"https:\/\/www.pmpf.rs.gov.br\/secretaria-de-seguranca-publica\/#\/schema\/person\/6e93b0ab2174b69f691ac4f278ba2d0a","name":"lilicrivello","image":{"@type":"ImageObject","inLanguage":"pt-BR","@id":"https:\/\/www.pmpf.rs.gov.br\/secretaria-de-seguranca-publica\/#\/schema\/person\/image\/","url":"https:\/\/secure.gravatar.com\/avatar\/0b546b667388f8edb7b67d70a57b5e46?s=96&d=mm&r=g","contentUrl":"https:\/\/secure.gravatar.com\/avatar\/0b546b667388f8edb7b67d70a57b5e46?s=96&d=mm&r=g","caption":"lilicrivello"},"url":"https:\/\/www.pmpf.rs.gov.br\/secretaria-de-seguranca-publica\/author\/lilicrivello\/"}]}},"_links":{"self":[{"href":"https:\/\/www.pmpf.rs.gov.br\/secretaria-de-seguranca-publica\/wp-json\/wp\/v2\/posts\/1293"}],"collection":[{"href":"https:\/\/www.pmpf.rs.gov.br\/secretaria-de-seguranca-publica\/wp-json\/wp\/v2\/posts"}],"about":[{"href":"https:\/\/www.pmpf.rs.gov.br\/secretaria-de-seguranca-publica\/wp-json\/wp\/v2\/types\/post"}],"author":[{"embeddable":true,"href":"https:\/\/www.pmpf.rs.gov.br\/secretaria-de-seguranca-publica\/wp-json\/wp\/v2\/users\/24"}],"replies":[{"embeddable":true,"href":"https:\/\/www.pmpf.rs.gov.br\/secretaria-de-seguranca-publica\/wp-json\/wp\/v2\/comments?post=1293"}],"version-history":[{"count":1,"href":"https:\/\/www.pmpf.rs.gov.br\/secretaria-de-seguranca-publica\/wp-json\/wp\/v2\/posts\/1293\/revisions"}],"predecessor-version":[{"id":1295,"href":"https:\/\/www.pmpf.rs.gov.br\/secretaria-de-seguranca-publica\/wp-json\/wp\/v2\/posts\/1293\/revisions\/1295"}],"wp:featuredmedia":[{"embeddable":true,"href":"https:\/\/www.pmpf.rs.gov.br\/secretaria-de-seguranca-publica\/wp-json\/wp\/v2\/media\/1294"}],"wp:attachment":[{"href":"https:\/\/www.pmpf.rs.gov.br\/secretaria-de-seguranca-publica\/wp-json\/wp\/v2\/media?parent=1293"}],"wp:term":[{"taxonomy":"category","embeddable":true,"href":"https:\/\/www.pmpf.rs.gov.br\/secretaria-de-seguranca-publica\/wp-json\/wp\/v2\/categories?post=1293"},{"taxonomy":"post_tag","embeddable":true,"href":"https:\/\/www.pmpf.rs.gov.br\/secretaria-de-seguranca-publica\/wp-json\/wp\/v2\/tags?post=1293"}],"curies":[{"name":"wp","href":"https:\/\/api.w.org\/{rel}","templated":true}]}}