{"id":1282,"date":"2025-08-25T09:15:01","date_gmt":"2025-08-25T12:15:01","guid":{"rendered":"https:\/\/www.pmpf.rs.gov.br\/secretaria-de-seguranca-publica\/?p=1282"},"modified":"2025-08-25T09:15:04","modified_gmt":"2025-08-25T12:15:04","slug":"operacao-da-prefeitura-remove-veiculos-abandonados-em-passo-fundo","status":"publish","type":"post","link":"https:\/\/www.pmpf.rs.gov.br\/secretaria-de-seguranca-publica\/2025\/08\/25\/operacao-da-prefeitura-remove-veiculos-abandonados-em-passo-fundo\/","title":{"rendered":"Opera\u00e7\u00e3o da Prefeitura remove ve\u00edculos abandonados em Passo Fundo"},"content":{"rendered":"\n<p><\/p>\n\n\n\n<p>A Prefeitura de Passo Fundo, por meio da Secretaria Municipal de Seguran\u00e7a P\u00fablica e da Guarda de Tr\u00e2nsito, com apoio da Brigada Militar, realizou na manh\u00e3 desta sexta-feira (22) mais uma etapa da opera\u00e7\u00e3o que visa identificar e remover ve\u00edculos abandonados em vias p\u00fablicas do munic\u00edpio.<\/p>\n\n\n\n<p>Nesta a\u00e7\u00e3o, dois(2) ve\u00edculos em mau estado de conserva\u00e7\u00e3o foram recolhidos na Rua Castanho da Rocha, na Vila Oper\u00e1ria. Eles ocupavam espa\u00e7o p\u00fablico e representavam risco \u00e0 sa\u00fade e \u00e0 seguran\u00e7a da popula\u00e7\u00e3o. Al\u00e9m disso, den\u00fancias levaram as equipes a verifica\u00e7\u00f5es em outros cinco pontos: bairros Cruzeiro, Vera Cruz, S\u00e3o Crist\u00f3v\u00e3o, Santa Maria e Loteamento S\u00e3o Bento. Segundo o secret\u00e1rio de Seguran\u00e7a P\u00fablica, Tadeu Trindade, os ve\u00edculos nesses locais j\u00e1 haviam sido retirados pelos pr\u00f3prios donos.<\/p>\n\n\n\n<p>\u201cA opera\u00e7\u00e3o segue com fiscaliza\u00e7\u00f5es semanais. Desde o in\u00edcio, mais de 250 ve\u00edculos abandonados j\u00e1 foram identificados e muitos recolhidos. Nosso foco \u00e9 manter a cidade limpa, segura e organizada\u201d, afirmou Trindade.<\/p>\n\n\n\n<p>As remo\u00e7\u00f5es seguem as normas do C\u00f3digo de Tr\u00e2nsito Brasileiro e da legisla\u00e7\u00e3o municipal. Os ve\u00edculos recolhidos s\u00e3o levados ao p\u00e1tio do Guincho Petr\u00f3polis e ficam \u00e0 disposi\u00e7\u00e3o dos propriet\u00e1rios, que devem regularizar a situa\u00e7\u00e3o mec\u00e2nica e documental para reaver os autom\u00f3veis. Caso contr\u00e1rio, ser\u00e3o destinados a leil\u00e3o.<\/p>\n\n\n\n<p>A popula\u00e7\u00e3o pode contribuir com a opera\u00e7\u00e3o por meio de den\u00fancias \u00e0 Secretaria de Seguran\u00e7a P\u00fablica, pelos telefones 153 ou (54) 3311-1195, pelo e-mail seg@pmpf.rs.gov.br,com, se poss\u00edvel, fotos do ve\u00edculo abandonado.<\/p>\n","protected":false},"excerpt":{"rendered":"<p>A Prefeitura de Passo Fundo, por meio da Secretaria Municipal de Seguran\u00e7a P\u00fablica e da Guarda de Tr\u00e2nsito, com apoio da Brigada Militar, realizou na manh\u00e3 desta sexta-feira (22) mais uma etapa [&hellip;]<\/p>\n","protected":false},"author":24,"featured_media":1283,"comment_status":"closed","ping_status":"closed","sticky":false,"template":"","format":"standard","meta":{"footnotes":""},"categories":[1],"tags":[],"class_list":["post-1282","post","type-post","status-publish","format-standard","has-post-thumbnail","hentry","category-sem-categoria"],"yoast_head":"<!-- This site is optimized with the Yoast SEO plugin v23.8 - https:\/\/yoast.com\/wordpress\/plugins\/seo\/ -->\n<title>Opera\u00e7\u00e3o da Prefeitura remove ve\u00edculos abandonados em Passo Fundo - Secretaria de Seguran\u00e7a P\u00fablica e Transporte<\/title>\n<meta name=\"robots\" content=\"index, follow, max-snippet:-1, max-image-preview:large, max-video-preview:-1\" \/>\n<link rel=\"canonical\" href=\"https:\/\/www.pmpf.rs.gov.br\/secretaria-de-seguranca-publica\/2025\/08\/25\/operacao-da-prefeitura-remove-veiculos-abandonados-em-passo-fundo\/\" \/>\n<meta property=\"og:locale\" content=\"pt_BR\" \/>\n<meta property=\"og:type\" content=\"article\" \/>\n<meta property=\"og:title\" content=\"Opera\u00e7\u00e3o da Prefeitura remove ve\u00edculos abandonados em Passo Fundo - Secretaria de Seguran\u00e7a P\u00fablica e Transporte\" \/>\n<meta property=\"og:description\" content=\"A Prefeitura de Passo Fundo, por meio da Secretaria Municipal de Seguran\u00e7a P\u00fablica e da Guarda de Tr\u00e2nsito, com apoio da Brigada Militar, realizou na manh\u00e3 desta sexta-feira (22) mais uma etapa [&hellip;]\" \/>\n<meta property=\"og:url\" content=\"https:\/\/www.pmpf.rs.gov.br\/secretaria-de-seguranca-publica\/2025\/08\/25\/operacao-da-prefeitura-remove-veiculos-abandonados-em-passo-fundo\/\" \/>\n<meta property=\"og:site_name\" content=\"Secretaria de Seguran\u00e7a P\u00fablica e Transporte\" \/>\n<meta property=\"article:published_time\" content=\"2025-08-25T12:15:01+00:00\" \/>\n<meta property=\"article:modified_time\" content=\"2025-08-25T12:15:04+00:00\" \/>\n<meta name=\"author\" content=\"lilicrivello\" \/>\n<meta name=\"twitter:card\" content=\"summary_large_image\" \/>\n<meta name=\"twitter:label1\" content=\"Escrito por\" \/>\n\t<meta name=\"twitter:data1\" content=\"lilicrivello\" \/>\n\t<meta name=\"twitter:label2\" content=\"Est. tempo de leitura\" \/>\n\t<meta name=\"twitter:data2\" content=\"1 minuto\" \/>\n<script type=\"application\/ld+json\" class=\"yoast-schema-graph\">{\"@context\":\"https:\/\/schema.org\",\"@graph\":[{\"@type\":\"WebPage\",\"@id\":\"https:\/\/www.pmpf.rs.gov.br\/secretaria-de-seguranca-publica\/2025\/08\/25\/operacao-da-prefeitura-remove-veiculos-abandonados-em-passo-fundo\/\",\"url\":\"https:\/\/www.pmpf.rs.gov.br\/secretaria-de-seguranca-publica\/2025\/08\/25\/operacao-da-prefeitura-remove-veiculos-abandonados-em-passo-fundo\/\",\"name\":\"Opera\u00e7\u00e3o da Prefeitura remove ve\u00edculos abandonados em Passo Fundo - Secretaria de Seguran\u00e7a P\u00fablica e Transporte\",\"isPartOf\":{\"@id\":\"https:\/\/www.pmpf.rs.gov.br\/secretaria-de-seguranca-publica\/#website\"},\"primaryImageOfPage\":{\"@id\":\"https:\/\/www.pmpf.rs.gov.br\/secretaria-de-seguranca-publica\/2025\/08\/25\/operacao-da-prefeitura-remove-veiculos-abandonados-em-passo-fundo\/#primaryimage\"},\"image\":{\"@id\":\"https:\/\/www.pmpf.rs.gov.br\/secretaria-de-seguranca-publica\/2025\/08\/25\/operacao-da-prefeitura-remove-veiculos-abandonados-em-passo-fundo\/#primaryimage\"},\"thumbnailUrl\":\"https:\/\/www.pmpf.rs.gov.br\/secretaria-de-seguranca-publica\/wp-content\/uploads\/sites\/54\/2025\/08\/WhatsApp-Image-2025-08-22-at-14.14.39.jpeg\",\"datePublished\":\"2025-08-25T12:15:01+00:00\",\"dateModified\":\"2025-08-25T12:15:04+00:00\",\"author\":{\"@id\":\"https:\/\/www.pmpf.rs.gov.br\/secretaria-de-seguranca-publica\/#\/schema\/person\/6e93b0ab2174b69f691ac4f278ba2d0a\"},\"breadcrumb\":{\"@id\":\"https:\/\/www.pmpf.rs.gov.br\/secretaria-de-seguranca-publica\/2025\/08\/25\/operacao-da-prefeitura-remove-veiculos-abandonados-em-passo-fundo\/#breadcrumb\"},\"inLanguage\":\"pt-BR\",\"potentialAction\":[{\"@type\":\"ReadAction\",\"target\":[\"https:\/\/www.pmpf.rs.gov.br\/secretaria-de-seguranca-publica\/2025\/08\/25\/operacao-da-prefeitura-remove-veiculos-abandonados-em-passo-fundo\/\"]}]},{\"@type\":\"ImageObject\",\"inLanguage\":\"pt-BR\",\"@id\":\"https:\/\/www.pmpf.rs.gov.br\/secretaria-de-seguranca-publica\/2025\/08\/25\/operacao-da-prefeitura-remove-veiculos-abandonados-em-passo-fundo\/#primaryimage\",\"url\":\"https:\/\/www.pmpf.rs.gov.br\/secretaria-de-seguranca-publica\/wp-content\/uploads\/sites\/54\/2025\/08\/WhatsApp-Image-2025-08-22-at-14.14.39.jpeg\",\"contentUrl\":\"https:\/\/www.pmpf.rs.gov.br\/secretaria-de-seguranca-publica\/wp-content\/uploads\/sites\/54\/2025\/08\/WhatsApp-Image-2025-08-22-at-14.14.39.jpeg\",\"width\":1600,\"height\":1204},{\"@type\":\"BreadcrumbList\",\"@id\":\"https:\/\/www.pmpf.rs.gov.br\/secretaria-de-seguranca-publica\/2025\/08\/25\/operacao-da-prefeitura-remove-veiculos-abandonados-em-passo-fundo\/#breadcrumb\",\"itemListElement\":[{\"@type\":\"ListItem\",\"position\":1,\"name\":\"In\u00edcio\",\"item\":\"https:\/\/www.pmpf.rs.gov.br\/secretaria-de-seguranca-publica\/\"},{\"@type\":\"ListItem\",\"position\":2,\"name\":\"Opera\u00e7\u00e3o da Prefeitura remove ve\u00edculos abandonados em Passo Fundo\"}]},{\"@type\":\"WebSite\",\"@id\":\"https:\/\/www.pmpf.rs.gov.br\/secretaria-de-seguranca-publica\/#website\",\"url\":\"https:\/\/www.pmpf.rs.gov.br\/secretaria-de-seguranca-publica\/\",\"name\":\"Secretaria de Seguran\u00e7a P\u00fablica e Transporte\",\"description\":\"S\u00f3 mais um site Prefeitura de Passo Fundo\",\"potentialAction\":[{\"@type\":\"SearchAction\",\"target\":{\"@type\":\"EntryPoint\",\"urlTemplate\":\"https:\/\/www.pmpf.rs.gov.br\/secretaria-de-seguranca-publica\/?s={search_term_string}\"},\"query-input\":{\"@type\":\"PropertyValueSpecification\",\"valueRequired\":true,\"valueName\":\"search_term_string\"}}],\"inLanguage\":\"pt-BR\"},{\"@type\":\"Person\",\"@id\":\"https:\/\/www.pmpf.rs.gov.br\/secretaria-de-seguranca-publica\/#\/schema\/person\/6e93b0ab2174b69f691ac4f278ba2d0a\",\"name\":\"lilicrivello\",\"image\":{\"@type\":\"ImageObject\",\"inLanguage\":\"pt-BR\",\"@id\":\"https:\/\/www.pmpf.rs.gov.br\/secretaria-de-seguranca-publica\/#\/schema\/person\/image\/\",\"url\":\"https:\/\/secure.gravatar.com\/avatar\/0b546b667388f8edb7b67d70a57b5e46?s=96&d=mm&r=g\",\"contentUrl\":\"https:\/\/secure.gravatar.com\/avatar\/0b546b667388f8edb7b67d70a57b5e46?s=96&d=mm&r=g\",\"caption\":\"lilicrivello\"},\"url\":\"https:\/\/www.pmpf.rs.gov.br\/secretaria-de-seguranca-publica\/author\/lilicrivello\/\"}]}<\/script>\n<!-- \/ Yoast SEO plugin. -->","yoast_head_json":{"title":"Opera\u00e7\u00e3o da Prefeitura remove ve\u00edculos abandonados em Passo Fundo - Secretaria de Seguran\u00e7a P\u00fablica e Transporte","robots":{"index":"index","follow":"follow","max-snippet":"max-snippet:-1","max-image-preview":"max-image-preview:large","max-video-preview":"max-video-preview:-1"},"canonical":"https:\/\/www.pmpf.rs.gov.br\/secretaria-de-seguranca-publica\/2025\/08\/25\/operacao-da-prefeitura-remove-veiculos-abandonados-em-passo-fundo\/","og_locale":"pt_BR","og_type":"article","og_title":"Opera\u00e7\u00e3o da Prefeitura remove ve\u00edculos abandonados em Passo Fundo - Secretaria de Seguran\u00e7a P\u00fablica e Transporte","og_description":"A Prefeitura de Passo Fundo, por meio da Secretaria Municipal de Seguran\u00e7a P\u00fablica e da Guarda de Tr\u00e2nsito, com apoio da Brigada Militar, realizou na manh\u00e3 desta sexta-feira (22) mais uma etapa [&hellip;]","og_url":"https:\/\/www.pmpf.rs.gov.br\/secretaria-de-seguranca-publica\/2025\/08\/25\/operacao-da-prefeitura-remove-veiculos-abandonados-em-passo-fundo\/","og_site_name":"Secretaria de Seguran\u00e7a P\u00fablica e Transporte","article_published_time":"2025-08-25T12:15:01+00:00","article_modified_time":"2025-08-25T12:15:04+00:00","author":"lilicrivello","twitter_card":"summary_large_image","twitter_misc":{"Escrito por":"lilicrivello","Est. tempo de leitura":"1 minuto"},"schema":{"@context":"https:\/\/schema.org","@graph":[{"@type":"WebPage","@id":"https:\/\/www.pmpf.rs.gov.br\/secretaria-de-seguranca-publica\/2025\/08\/25\/operacao-da-prefeitura-remove-veiculos-abandonados-em-passo-fundo\/","url":"https:\/\/www.pmpf.rs.gov.br\/secretaria-de-seguranca-publica\/2025\/08\/25\/operacao-da-prefeitura-remove-veiculos-abandonados-em-passo-fundo\/","name":"Opera\u00e7\u00e3o da Prefeitura remove ve\u00edculos abandonados em Passo Fundo - Secretaria de Seguran\u00e7a P\u00fablica e Transporte","isPartOf":{"@id":"https:\/\/www.pmpf.rs.gov.br\/secretaria-de-seguranca-publica\/#website"},"primaryImageOfPage":{"@id":"https:\/\/www.pmpf.rs.gov.br\/secretaria-de-seguranca-publica\/2025\/08\/25\/operacao-da-prefeitura-remove-veiculos-abandonados-em-passo-fundo\/#primaryimage"},"image":{"@id":"https:\/\/www.pmpf.rs.gov.br\/secretaria-de-seguranca-publica\/2025\/08\/25\/operacao-da-prefeitura-remove-veiculos-abandonados-em-passo-fundo\/#primaryimage"},"thumbnailUrl":"https:\/\/www.pmpf.rs.gov.br\/secretaria-de-seguranca-publica\/wp-content\/uploads\/sites\/54\/2025\/08\/WhatsApp-Image-2025-08-22-at-14.14.39.jpeg","datePublished":"2025-08-25T12:15:01+00:00","dateModified":"2025-08-25T12:15:04+00:00","author":{"@id":"https:\/\/www.pmpf.rs.gov.br\/secretaria-de-seguranca-publica\/#\/schema\/person\/6e93b0ab2174b69f691ac4f278ba2d0a"},"breadcrumb":{"@id":"https:\/\/www.pmpf.rs.gov.br\/secretaria-de-seguranca-publica\/2025\/08\/25\/operacao-da-prefeitura-remove-veiculos-abandonados-em-passo-fundo\/#breadcrumb"},"inLanguage":"pt-BR","potentialAction":[{"@type":"ReadAction","target":["https:\/\/www.pmpf.rs.gov.br\/secretaria-de-seguranca-publica\/2025\/08\/25\/operacao-da-prefeitura-remove-veiculos-abandonados-em-passo-fundo\/"]}]},{"@type":"ImageObject","inLanguage":"pt-BR","@id":"https:\/\/www.pmpf.rs.gov.br\/secretaria-de-seguranca-publica\/2025\/08\/25\/operacao-da-prefeitura-remove-veiculos-abandonados-em-passo-fundo\/#primaryimage","url":"https:\/\/www.pmpf.rs.gov.br\/secretaria-de-seguranca-publica\/wp-content\/uploads\/sites\/54\/2025\/08\/WhatsApp-Image-2025-08-22-at-14.14.39.jpeg","contentUrl":"https:\/\/www.pmpf.rs.gov.br\/secretaria-de-seguranca-publica\/wp-content\/uploads\/sites\/54\/2025\/08\/WhatsApp-Image-2025-08-22-at-14.14.39.jpeg","width":1600,"height":1204},{"@type":"BreadcrumbList","@id":"https:\/\/www.pmpf.rs.gov.br\/secretaria-de-seguranca-publica\/2025\/08\/25\/operacao-da-prefeitura-remove-veiculos-abandonados-em-passo-fundo\/#breadcrumb","itemListElement":[{"@type":"ListItem","position":1,"name":"In\u00edcio","item":"https:\/\/www.pmpf.rs.gov.br\/secretaria-de-seguranca-publica\/"},{"@type":"ListItem","position":2,"name":"Opera\u00e7\u00e3o da Prefeitura remove ve\u00edculos abandonados em Passo Fundo"}]},{"@type":"WebSite","@id":"https:\/\/www.pmpf.rs.gov.br\/secretaria-de-seguranca-publica\/#website","url":"https:\/\/www.pmpf.rs.gov.br\/secretaria-de-seguranca-publica\/","name":"Secretaria de Seguran\u00e7a P\u00fablica e Transporte","description":"S\u00f3 mais um site Prefeitura de Passo Fundo","potentialAction":[{"@type":"SearchAction","target":{"@type":"EntryPoint","urlTemplate":"https:\/\/www.pmpf.rs.gov.br\/secretaria-de-seguranca-publica\/?s={search_term_string}"},"query-input":{"@type":"PropertyValueSpecification","valueRequired":true,"valueName":"search_term_string"}}],"inLanguage":"pt-BR"},{"@type":"Person","@id":"https:\/\/www.pmpf.rs.gov.br\/secretaria-de-seguranca-publica\/#\/schema\/person\/6e93b0ab2174b69f691ac4f278ba2d0a","name":"lilicrivello","image":{"@type":"ImageObject","inLanguage":"pt-BR","@id":"https:\/\/www.pmpf.rs.gov.br\/secretaria-de-seguranca-publica\/#\/schema\/person\/image\/","url":"https:\/\/secure.gravatar.com\/avatar\/0b546b667388f8edb7b67d70a57b5e46?s=96&d=mm&r=g","contentUrl":"https:\/\/secure.gravatar.com\/avatar\/0b546b667388f8edb7b67d70a57b5e46?s=96&d=mm&r=g","caption":"lilicrivello"},"url":"https:\/\/www.pmpf.rs.gov.br\/secretaria-de-seguranca-publica\/author\/lilicrivello\/"}]}},"_links":{"self":[{"href":"https:\/\/www.pmpf.rs.gov.br\/secretaria-de-seguranca-publica\/wp-json\/wp\/v2\/posts\/1282"}],"collection":[{"href":"https:\/\/www.pmpf.rs.gov.br\/secretaria-de-seguranca-publica\/wp-json\/wp\/v2\/posts"}],"about":[{"href":"https:\/\/www.pmpf.rs.gov.br\/secretaria-de-seguranca-publica\/wp-json\/wp\/v2\/types\/post"}],"author":[{"embeddable":true,"href":"https:\/\/www.pmpf.rs.gov.br\/secretaria-de-seguranca-publica\/wp-json\/wp\/v2\/users\/24"}],"replies":[{"embeddable":true,"href":"https:\/\/www.pmpf.rs.gov.br\/secretaria-de-seguranca-publica\/wp-json\/wp\/v2\/comments?post=1282"}],"version-history":[{"count":1,"href":"https:\/\/www.pmpf.rs.gov.br\/secretaria-de-seguranca-publica\/wp-json\/wp\/v2\/posts\/1282\/revisions"}],"predecessor-version":[{"id":1284,"href":"https:\/\/www.pmpf.rs.gov.br\/secretaria-de-seguranca-publica\/wp-json\/wp\/v2\/posts\/1282\/revisions\/1284"}],"wp:featuredmedia":[{"embeddable":true,"href":"https:\/\/www.pmpf.rs.gov.br\/secretaria-de-seguranca-publica\/wp-json\/wp\/v2\/media\/1283"}],"wp:attachment":[{"href":"https:\/\/www.pmpf.rs.gov.br\/secretaria-de-seguranca-publica\/wp-json\/wp\/v2\/media?parent=1282"}],"wp:term":[{"taxonomy":"category","embeddable":true,"href":"https:\/\/www.pmpf.rs.gov.br\/secretaria-de-seguranca-publica\/wp-json\/wp\/v2\/categories?post=1282"},{"taxonomy":"post_tag","embeddable":true,"href":"https:\/\/www.pmpf.rs.gov.br\/secretaria-de-seguranca-publica\/wp-json\/wp\/v2\/tags?post=1282"}],"curies":[{"name":"wp","href":"https:\/\/api.w.org\/{rel}","templated":true}]}}