{"id":1271,"date":"2025-08-18T09:57:42","date_gmt":"2025-08-18T12:57:42","guid":{"rendered":"https:\/\/www.pmpf.rs.gov.br\/secretaria-de-seguranca-publica\/?p=1271"},"modified":"2025-08-18T09:57:44","modified_gmt":"2025-08-18T12:57:44","slug":"operacao-balada-segura-flagra-motoristas-embriagados-e-recolhe-veiculos-em-passo-fundo","status":"publish","type":"post","link":"https:\/\/www.pmpf.rs.gov.br\/secretaria-de-seguranca-publica\/2025\/08\/18\/operacao-balada-segura-flagra-motoristas-embriagados-e-recolhe-veiculos-em-passo-fundo\/","title":{"rendered":"Opera\u00e7\u00e3o Balada Segura flagra motoristas embriagados e recolhe ve\u00edculos em Passo Fundo"},"content":{"rendered":"\n<p><\/p>\n\n\n\n<p>A Prefeitura de Passo Fundo, por meio da Guarda Municipal de Tr\u00e2nsito e com apoio da Brigada Militar, realizou mais uma edi\u00e7\u00e3o da Opera\u00e7\u00e3o Balada Segura na madrugada deste s\u00e1bado (16), em Passo Fundo.<\/p>\n\n\n\n<p>Ao todo, 113 ve\u00edculos foram abordados e 137 pessoas identificadas durante a a\u00e7\u00e3o. Como resultado, 23 Carteiras Nacionais de Habilita\u00e7\u00e3o (CNHs) foram recolhidas preventivamente e 9 ve\u00edculos foram encaminhados ao p\u00e1tio do guincho Petr\u00f3polis.<\/p>\n\n\n\n<p>Entre as ocorr\u00eancias registradas, 21 condutores se recusaram a realizar o teste do etil\u00f4metro e receberam autua\u00e7\u00f5es. Outros dois motoristas foram flagrados dirigindo sob efeito de \u00e1lcool e autuados por embriaguez consumada. Al\u00e9m disso, dois condutores foram apresentados na Delegacia de Pol\u00edcia de Pronto Atendimento (DPPA) para registro de crime de tr\u00e2nsito, enquadrados nos artigos 165 do C\u00f3digo de Tr\u00e2nsito Brasileiro (CTB) e 306 do C\u00f3digo Penal.<\/p>\n\n\n\n<p>Durante a opera\u00e7\u00e3o, tamb\u00e9m foram lavrados 71 autos de infra\u00e7\u00f5es diversas, relacionados a irregularidades de tr\u00e2nsito.<\/p>\n\n\n\n<p>Segundo a Guarda Municipal de Tr\u00e2nsito, a Balada Segura tem como objetivo aumentar a seguran\u00e7a vi\u00e1ria e reduzir acidentes relacionados \u00e0 combina\u00e7\u00e3o de \u00e1lcool e dire\u00e7\u00e3o, promovendo fiscaliza\u00e7\u00e3o rigorosa em pontos estrat\u00e9gicos da cidade.<\/p>\n","protected":false},"excerpt":{"rendered":"<p>A Prefeitura de Passo Fundo, por meio da Guarda Municipal de Tr\u00e2nsito e com apoio da Brigada Militar, realizou mais uma edi\u00e7\u00e3o da Opera\u00e7\u00e3o Balada Segura na madrugada deste s\u00e1bado (16), em [&hellip;]<\/p>\n","protected":false},"author":24,"featured_media":1272,"comment_status":"closed","ping_status":"closed","sticky":false,"template":"","format":"standard","meta":{"footnotes":""},"categories":[1],"tags":[],"class_list":["post-1271","post","type-post","status-publish","format-standard","has-post-thumbnail","hentry","category-sem-categoria"],"yoast_head":"<!-- This site is optimized with the Yoast SEO plugin v23.8 - https:\/\/yoast.com\/wordpress\/plugins\/seo\/ -->\n<title>Opera\u00e7\u00e3o Balada Segura flagra motoristas embriagados e recolhe ve\u00edculos em Passo Fundo - Secretaria de Seguran\u00e7a P\u00fablica e Transporte<\/title>\n<meta name=\"robots\" content=\"index, follow, max-snippet:-1, max-image-preview:large, max-video-preview:-1\" \/>\n<link rel=\"canonical\" href=\"https:\/\/www.pmpf.rs.gov.br\/secretaria-de-seguranca-publica\/2025\/08\/18\/operacao-balada-segura-flagra-motoristas-embriagados-e-recolhe-veiculos-em-passo-fundo\/\" \/>\n<meta property=\"og:locale\" content=\"pt_BR\" \/>\n<meta property=\"og:type\" content=\"article\" \/>\n<meta property=\"og:title\" content=\"Opera\u00e7\u00e3o Balada Segura flagra motoristas embriagados e recolhe ve\u00edculos em Passo Fundo - Secretaria de Seguran\u00e7a P\u00fablica e Transporte\" \/>\n<meta property=\"og:description\" content=\"A Prefeitura de Passo Fundo, por meio da Guarda Municipal de Tr\u00e2nsito e com apoio da Brigada Militar, realizou mais uma edi\u00e7\u00e3o da Opera\u00e7\u00e3o Balada Segura na madrugada deste s\u00e1bado (16), em [&hellip;]\" \/>\n<meta property=\"og:url\" content=\"https:\/\/www.pmpf.rs.gov.br\/secretaria-de-seguranca-publica\/2025\/08\/18\/operacao-balada-segura-flagra-motoristas-embriagados-e-recolhe-veiculos-em-passo-fundo\/\" \/>\n<meta property=\"og:site_name\" content=\"Secretaria de Seguran\u00e7a P\u00fablica e Transporte\" \/>\n<meta property=\"article:published_time\" content=\"2025-08-18T12:57:42+00:00\" \/>\n<meta property=\"article:modified_time\" content=\"2025-08-18T12:57:44+00:00\" \/>\n<meta name=\"author\" content=\"lilicrivello\" \/>\n<meta name=\"twitter:card\" content=\"summary_large_image\" \/>\n<meta name=\"twitter:label1\" content=\"Escrito por\" \/>\n\t<meta name=\"twitter:data1\" content=\"lilicrivello\" \/>\n\t<meta name=\"twitter:label2\" content=\"Est. tempo de leitura\" \/>\n\t<meta name=\"twitter:data2\" content=\"1 minuto\" \/>\n<script type=\"application\/ld+json\" class=\"yoast-schema-graph\">{\"@context\":\"https:\/\/schema.org\",\"@graph\":[{\"@type\":\"WebPage\",\"@id\":\"https:\/\/www.pmpf.rs.gov.br\/secretaria-de-seguranca-publica\/2025\/08\/18\/operacao-balada-segura-flagra-motoristas-embriagados-e-recolhe-veiculos-em-passo-fundo\/\",\"url\":\"https:\/\/www.pmpf.rs.gov.br\/secretaria-de-seguranca-publica\/2025\/08\/18\/operacao-balada-segura-flagra-motoristas-embriagados-e-recolhe-veiculos-em-passo-fundo\/\",\"name\":\"Opera\u00e7\u00e3o Balada Segura flagra motoristas embriagados e recolhe ve\u00edculos em Passo Fundo - Secretaria de Seguran\u00e7a P\u00fablica e Transporte\",\"isPartOf\":{\"@id\":\"https:\/\/www.pmpf.rs.gov.br\/secretaria-de-seguranca-publica\/#website\"},\"primaryImageOfPage\":{\"@id\":\"https:\/\/www.pmpf.rs.gov.br\/secretaria-de-seguranca-publica\/2025\/08\/18\/operacao-balada-segura-flagra-motoristas-embriagados-e-recolhe-veiculos-em-passo-fundo\/#primaryimage\"},\"image\":{\"@id\":\"https:\/\/www.pmpf.rs.gov.br\/secretaria-de-seguranca-publica\/2025\/08\/18\/operacao-balada-segura-flagra-motoristas-embriagados-e-recolhe-veiculos-em-passo-fundo\/#primaryimage\"},\"thumbnailUrl\":\"https:\/\/www.pmpf.rs.gov.br\/secretaria-de-seguranca-publica\/wp-content\/uploads\/sites\/54\/2025\/08\/WhatsApp-Image-2025-08-16-at-09.10.56.jpeg\",\"datePublished\":\"2025-08-18T12:57:42+00:00\",\"dateModified\":\"2025-08-18T12:57:44+00:00\",\"author\":{\"@id\":\"https:\/\/www.pmpf.rs.gov.br\/secretaria-de-seguranca-publica\/#\/schema\/person\/6e93b0ab2174b69f691ac4f278ba2d0a\"},\"breadcrumb\":{\"@id\":\"https:\/\/www.pmpf.rs.gov.br\/secretaria-de-seguranca-publica\/2025\/08\/18\/operacao-balada-segura-flagra-motoristas-embriagados-e-recolhe-veiculos-em-passo-fundo\/#breadcrumb\"},\"inLanguage\":\"pt-BR\",\"potentialAction\":[{\"@type\":\"ReadAction\",\"target\":[\"https:\/\/www.pmpf.rs.gov.br\/secretaria-de-seguranca-publica\/2025\/08\/18\/operacao-balada-segura-flagra-motoristas-embriagados-e-recolhe-veiculos-em-passo-fundo\/\"]}]},{\"@type\":\"ImageObject\",\"inLanguage\":\"pt-BR\",\"@id\":\"https:\/\/www.pmpf.rs.gov.br\/secretaria-de-seguranca-publica\/2025\/08\/18\/operacao-balada-segura-flagra-motoristas-embriagados-e-recolhe-veiculos-em-passo-fundo\/#primaryimage\",\"url\":\"https:\/\/www.pmpf.rs.gov.br\/secretaria-de-seguranca-publica\/wp-content\/uploads\/sites\/54\/2025\/08\/WhatsApp-Image-2025-08-16-at-09.10.56.jpeg\",\"contentUrl\":\"https:\/\/www.pmpf.rs.gov.br\/secretaria-de-seguranca-publica\/wp-content\/uploads\/sites\/54\/2025\/08\/WhatsApp-Image-2025-08-16-at-09.10.56.jpeg\",\"width\":1600,\"height\":1204},{\"@type\":\"BreadcrumbList\",\"@id\":\"https:\/\/www.pmpf.rs.gov.br\/secretaria-de-seguranca-publica\/2025\/08\/18\/operacao-balada-segura-flagra-motoristas-embriagados-e-recolhe-veiculos-em-passo-fundo\/#breadcrumb\",\"itemListElement\":[{\"@type\":\"ListItem\",\"position\":1,\"name\":\"In\u00edcio\",\"item\":\"https:\/\/www.pmpf.rs.gov.br\/secretaria-de-seguranca-publica\/\"},{\"@type\":\"ListItem\",\"position\":2,\"name\":\"Opera\u00e7\u00e3o Balada Segura flagra motoristas embriagados e recolhe ve\u00edculos em Passo Fundo\"}]},{\"@type\":\"WebSite\",\"@id\":\"https:\/\/www.pmpf.rs.gov.br\/secretaria-de-seguranca-publica\/#website\",\"url\":\"https:\/\/www.pmpf.rs.gov.br\/secretaria-de-seguranca-publica\/\",\"name\":\"Secretaria de Seguran\u00e7a P\u00fablica e Transporte\",\"description\":\"S\u00f3 mais um site Prefeitura de Passo Fundo\",\"potentialAction\":[{\"@type\":\"SearchAction\",\"target\":{\"@type\":\"EntryPoint\",\"urlTemplate\":\"https:\/\/www.pmpf.rs.gov.br\/secretaria-de-seguranca-publica\/?s={search_term_string}\"},\"query-input\":{\"@type\":\"PropertyValueSpecification\",\"valueRequired\":true,\"valueName\":\"search_term_string\"}}],\"inLanguage\":\"pt-BR\"},{\"@type\":\"Person\",\"@id\":\"https:\/\/www.pmpf.rs.gov.br\/secretaria-de-seguranca-publica\/#\/schema\/person\/6e93b0ab2174b69f691ac4f278ba2d0a\",\"name\":\"lilicrivello\",\"image\":{\"@type\":\"ImageObject\",\"inLanguage\":\"pt-BR\",\"@id\":\"https:\/\/www.pmpf.rs.gov.br\/secretaria-de-seguranca-publica\/#\/schema\/person\/image\/\",\"url\":\"https:\/\/secure.gravatar.com\/avatar\/0b546b667388f8edb7b67d70a57b5e46?s=96&d=mm&r=g\",\"contentUrl\":\"https:\/\/secure.gravatar.com\/avatar\/0b546b667388f8edb7b67d70a57b5e46?s=96&d=mm&r=g\",\"caption\":\"lilicrivello\"},\"url\":\"https:\/\/www.pmpf.rs.gov.br\/secretaria-de-seguranca-publica\/author\/lilicrivello\/\"}]}<\/script>\n<!-- \/ Yoast SEO plugin. -->","yoast_head_json":{"title":"Opera\u00e7\u00e3o Balada Segura flagra motoristas embriagados e recolhe ve\u00edculos em Passo Fundo - Secretaria de Seguran\u00e7a P\u00fablica e Transporte","robots":{"index":"index","follow":"follow","max-snippet":"max-snippet:-1","max-image-preview":"max-image-preview:large","max-video-preview":"max-video-preview:-1"},"canonical":"https:\/\/www.pmpf.rs.gov.br\/secretaria-de-seguranca-publica\/2025\/08\/18\/operacao-balada-segura-flagra-motoristas-embriagados-e-recolhe-veiculos-em-passo-fundo\/","og_locale":"pt_BR","og_type":"article","og_title":"Opera\u00e7\u00e3o Balada Segura flagra motoristas embriagados e recolhe ve\u00edculos em Passo Fundo - Secretaria de Seguran\u00e7a P\u00fablica e Transporte","og_description":"A Prefeitura de Passo Fundo, por meio da Guarda Municipal de Tr\u00e2nsito e com apoio da Brigada Militar, realizou mais uma edi\u00e7\u00e3o da Opera\u00e7\u00e3o Balada Segura na madrugada deste s\u00e1bado (16), em [&hellip;]","og_url":"https:\/\/www.pmpf.rs.gov.br\/secretaria-de-seguranca-publica\/2025\/08\/18\/operacao-balada-segura-flagra-motoristas-embriagados-e-recolhe-veiculos-em-passo-fundo\/","og_site_name":"Secretaria de Seguran\u00e7a P\u00fablica e Transporte","article_published_time":"2025-08-18T12:57:42+00:00","article_modified_time":"2025-08-18T12:57:44+00:00","author":"lilicrivello","twitter_card":"summary_large_image","twitter_misc":{"Escrito por":"lilicrivello","Est. tempo de leitura":"1 minuto"},"schema":{"@context":"https:\/\/schema.org","@graph":[{"@type":"WebPage","@id":"https:\/\/www.pmpf.rs.gov.br\/secretaria-de-seguranca-publica\/2025\/08\/18\/operacao-balada-segura-flagra-motoristas-embriagados-e-recolhe-veiculos-em-passo-fundo\/","url":"https:\/\/www.pmpf.rs.gov.br\/secretaria-de-seguranca-publica\/2025\/08\/18\/operacao-balada-segura-flagra-motoristas-embriagados-e-recolhe-veiculos-em-passo-fundo\/","name":"Opera\u00e7\u00e3o Balada Segura flagra motoristas embriagados e recolhe ve\u00edculos em Passo Fundo - Secretaria de Seguran\u00e7a P\u00fablica e Transporte","isPartOf":{"@id":"https:\/\/www.pmpf.rs.gov.br\/secretaria-de-seguranca-publica\/#website"},"primaryImageOfPage":{"@id":"https:\/\/www.pmpf.rs.gov.br\/secretaria-de-seguranca-publica\/2025\/08\/18\/operacao-balada-segura-flagra-motoristas-embriagados-e-recolhe-veiculos-em-passo-fundo\/#primaryimage"},"image":{"@id":"https:\/\/www.pmpf.rs.gov.br\/secretaria-de-seguranca-publica\/2025\/08\/18\/operacao-balada-segura-flagra-motoristas-embriagados-e-recolhe-veiculos-em-passo-fundo\/#primaryimage"},"thumbnailUrl":"https:\/\/www.pmpf.rs.gov.br\/secretaria-de-seguranca-publica\/wp-content\/uploads\/sites\/54\/2025\/08\/WhatsApp-Image-2025-08-16-at-09.10.56.jpeg","datePublished":"2025-08-18T12:57:42+00:00","dateModified":"2025-08-18T12:57:44+00:00","author":{"@id":"https:\/\/www.pmpf.rs.gov.br\/secretaria-de-seguranca-publica\/#\/schema\/person\/6e93b0ab2174b69f691ac4f278ba2d0a"},"breadcrumb":{"@id":"https:\/\/www.pmpf.rs.gov.br\/secretaria-de-seguranca-publica\/2025\/08\/18\/operacao-balada-segura-flagra-motoristas-embriagados-e-recolhe-veiculos-em-passo-fundo\/#breadcrumb"},"inLanguage":"pt-BR","potentialAction":[{"@type":"ReadAction","target":["https:\/\/www.pmpf.rs.gov.br\/secretaria-de-seguranca-publica\/2025\/08\/18\/operacao-balada-segura-flagra-motoristas-embriagados-e-recolhe-veiculos-em-passo-fundo\/"]}]},{"@type":"ImageObject","inLanguage":"pt-BR","@id":"https:\/\/www.pmpf.rs.gov.br\/secretaria-de-seguranca-publica\/2025\/08\/18\/operacao-balada-segura-flagra-motoristas-embriagados-e-recolhe-veiculos-em-passo-fundo\/#primaryimage","url":"https:\/\/www.pmpf.rs.gov.br\/secretaria-de-seguranca-publica\/wp-content\/uploads\/sites\/54\/2025\/08\/WhatsApp-Image-2025-08-16-at-09.10.56.jpeg","contentUrl":"https:\/\/www.pmpf.rs.gov.br\/secretaria-de-seguranca-publica\/wp-content\/uploads\/sites\/54\/2025\/08\/WhatsApp-Image-2025-08-16-at-09.10.56.jpeg","width":1600,"height":1204},{"@type":"BreadcrumbList","@id":"https:\/\/www.pmpf.rs.gov.br\/secretaria-de-seguranca-publica\/2025\/08\/18\/operacao-balada-segura-flagra-motoristas-embriagados-e-recolhe-veiculos-em-passo-fundo\/#breadcrumb","itemListElement":[{"@type":"ListItem","position":1,"name":"In\u00edcio","item":"https:\/\/www.pmpf.rs.gov.br\/secretaria-de-seguranca-publica\/"},{"@type":"ListItem","position":2,"name":"Opera\u00e7\u00e3o Balada Segura flagra motoristas embriagados e recolhe ve\u00edculos em Passo Fundo"}]},{"@type":"WebSite","@id":"https:\/\/www.pmpf.rs.gov.br\/secretaria-de-seguranca-publica\/#website","url":"https:\/\/www.pmpf.rs.gov.br\/secretaria-de-seguranca-publica\/","name":"Secretaria de Seguran\u00e7a P\u00fablica e Transporte","description":"S\u00f3 mais um site Prefeitura de Passo Fundo","potentialAction":[{"@type":"SearchAction","target":{"@type":"EntryPoint","urlTemplate":"https:\/\/www.pmpf.rs.gov.br\/secretaria-de-seguranca-publica\/?s={search_term_string}"},"query-input":{"@type":"PropertyValueSpecification","valueRequired":true,"valueName":"search_term_string"}}],"inLanguage":"pt-BR"},{"@type":"Person","@id":"https:\/\/www.pmpf.rs.gov.br\/secretaria-de-seguranca-publica\/#\/schema\/person\/6e93b0ab2174b69f691ac4f278ba2d0a","name":"lilicrivello","image":{"@type":"ImageObject","inLanguage":"pt-BR","@id":"https:\/\/www.pmpf.rs.gov.br\/secretaria-de-seguranca-publica\/#\/schema\/person\/image\/","url":"https:\/\/secure.gravatar.com\/avatar\/0b546b667388f8edb7b67d70a57b5e46?s=96&d=mm&r=g","contentUrl":"https:\/\/secure.gravatar.com\/avatar\/0b546b667388f8edb7b67d70a57b5e46?s=96&d=mm&r=g","caption":"lilicrivello"},"url":"https:\/\/www.pmpf.rs.gov.br\/secretaria-de-seguranca-publica\/author\/lilicrivello\/"}]}},"_links":{"self":[{"href":"https:\/\/www.pmpf.rs.gov.br\/secretaria-de-seguranca-publica\/wp-json\/wp\/v2\/posts\/1271"}],"collection":[{"href":"https:\/\/www.pmpf.rs.gov.br\/secretaria-de-seguranca-publica\/wp-json\/wp\/v2\/posts"}],"about":[{"href":"https:\/\/www.pmpf.rs.gov.br\/secretaria-de-seguranca-publica\/wp-json\/wp\/v2\/types\/post"}],"author":[{"embeddable":true,"href":"https:\/\/www.pmpf.rs.gov.br\/secretaria-de-seguranca-publica\/wp-json\/wp\/v2\/users\/24"}],"replies":[{"embeddable":true,"href":"https:\/\/www.pmpf.rs.gov.br\/secretaria-de-seguranca-publica\/wp-json\/wp\/v2\/comments?post=1271"}],"version-history":[{"count":1,"href":"https:\/\/www.pmpf.rs.gov.br\/secretaria-de-seguranca-publica\/wp-json\/wp\/v2\/posts\/1271\/revisions"}],"predecessor-version":[{"id":1273,"href":"https:\/\/www.pmpf.rs.gov.br\/secretaria-de-seguranca-publica\/wp-json\/wp\/v2\/posts\/1271\/revisions\/1273"}],"wp:featuredmedia":[{"embeddable":true,"href":"https:\/\/www.pmpf.rs.gov.br\/secretaria-de-seguranca-publica\/wp-json\/wp\/v2\/media\/1272"}],"wp:attachment":[{"href":"https:\/\/www.pmpf.rs.gov.br\/secretaria-de-seguranca-publica\/wp-json\/wp\/v2\/media?parent=1271"}],"wp:term":[{"taxonomy":"category","embeddable":true,"href":"https:\/\/www.pmpf.rs.gov.br\/secretaria-de-seguranca-publica\/wp-json\/wp\/v2\/categories?post=1271"},{"taxonomy":"post_tag","embeddable":true,"href":"https:\/\/www.pmpf.rs.gov.br\/secretaria-de-seguranca-publica\/wp-json\/wp\/v2\/tags?post=1271"}],"curies":[{"name":"wp","href":"https:\/\/api.w.org\/{rel}","templated":true}]}}