{"id":1247,"date":"2025-08-04T08:49:28","date_gmt":"2025-08-04T11:49:28","guid":{"rendered":"https:\/\/www.pmpf.rs.gov.br\/secretaria-de-seguranca-publica\/?p=1247"},"modified":"2025-08-04T08:49:33","modified_gmt":"2025-08-04T11:49:33","slug":"prefeitura-realiza-nova-acao-de-recolhimento-de-veiculos-abandonados","status":"publish","type":"post","link":"https:\/\/www.pmpf.rs.gov.br\/secretaria-de-seguranca-publica\/2025\/08\/04\/prefeitura-realiza-nova-acao-de-recolhimento-de-veiculos-abandonados\/","title":{"rendered":"Prefeitura realiza nova a\u00e7\u00e3o de recolhimento de ve\u00edculos abandonados"},"content":{"rendered":"\n<p>Na sexta-feira (01), a Prefeitura de Passo Fundo, por meio da Secretaria de Seguran\u00e7a P\u00fablica e dos agentes de tr\u00e2nsito, realizou mais uma a\u00e7\u00e3o de remo\u00e7\u00e3o de ve\u00edculos abandonados ou em mau estado de conserva\u00e7\u00e3o nas vias p\u00fablicas.<\/p>\n\n\n\n<p>A iniciativa que tem a\u00e7\u00f5es semanais, tem como objetivo retirar autom\u00f3veis que, al\u00e9m de estarem em condi\u00e7\u00f5es prec\u00e1rias, causam preju\u00edzos \u00e0 circula\u00e7\u00e3o, comprometem a seguran\u00e7a e a mobilidade urbana. Muitos desses ve\u00edculos estavam sendo utilizados por pessoas em situa\u00e7\u00e3o de rua ou usu\u00e1rios de drogas como abrigo e ponto de consumo.<\/p>\n\n\n\n<p>Al\u00e9m dos impactos sociais, os ve\u00edculos abandonados tamb\u00e9m representam riscos \u00e0 sa\u00fade p\u00fablica, por se tornarem criadouros do mosquito da dengue, al\u00e9m de contribu\u00edrem para a polui\u00e7\u00e3o visual e ambiental da cidade.<\/p>\n\n\n\n<p>Nesta etapa, foram recolhidos cinco ve\u00edculos nos bairros Petr\u00f3polis e Vergueiro, que devem ser encaminhados para o p\u00e1tio do guincho, ficando a dsisposi\u00e7\u00e3o dos prpprit\u00e1rios e emcaso de n\u00e3o serem resgatados, serem leiloados.<br>As a\u00e7\u00f5es continuar\u00e3o ocorrendo semanalmente como parte da pol\u00edtica permanente de ordenamento urbano e seguran\u00e7a p\u00fablica.<\/p>\n","protected":false},"excerpt":{"rendered":"<p>Na sexta-feira (01), a Prefeitura de Passo Fundo, por meio da Secretaria de Seguran\u00e7a P\u00fablica e dos agentes de tr\u00e2nsito, realizou mais uma a\u00e7\u00e3o de remo\u00e7\u00e3o de ve\u00edculos abandonados ou em mau [&hellip;]<\/p>\n","protected":false},"author":24,"featured_media":1248,"comment_status":"closed","ping_status":"closed","sticky":false,"template":"","format":"standard","meta":{"footnotes":""},"categories":[1],"tags":[],"class_list":["post-1247","post","type-post","status-publish","format-standard","has-post-thumbnail","hentry","category-sem-categoria"],"yoast_head":"<!-- This site is optimized with the Yoast SEO plugin v23.8 - https:\/\/yoast.com\/wordpress\/plugins\/seo\/ -->\n<title>Prefeitura realiza nova a\u00e7\u00e3o de recolhimento de ve\u00edculos abandonados - Secretaria de Seguran\u00e7a P\u00fablica e Transporte<\/title>\n<meta name=\"robots\" content=\"index, follow, max-snippet:-1, max-image-preview:large, max-video-preview:-1\" \/>\n<link rel=\"canonical\" href=\"https:\/\/www.pmpf.rs.gov.br\/secretaria-de-seguranca-publica\/2025\/08\/04\/prefeitura-realiza-nova-acao-de-recolhimento-de-veiculos-abandonados\/\" \/>\n<meta property=\"og:locale\" content=\"pt_BR\" \/>\n<meta property=\"og:type\" content=\"article\" \/>\n<meta property=\"og:title\" content=\"Prefeitura realiza nova a\u00e7\u00e3o de recolhimento de ve\u00edculos abandonados - Secretaria de Seguran\u00e7a P\u00fablica e Transporte\" \/>\n<meta property=\"og:description\" content=\"Na sexta-feira (01), a Prefeitura de Passo Fundo, por meio da Secretaria de Seguran\u00e7a P\u00fablica e dos agentes de tr\u00e2nsito, realizou mais uma a\u00e7\u00e3o de remo\u00e7\u00e3o de ve\u00edculos abandonados ou em mau [&hellip;]\" \/>\n<meta property=\"og:url\" content=\"https:\/\/www.pmpf.rs.gov.br\/secretaria-de-seguranca-publica\/2025\/08\/04\/prefeitura-realiza-nova-acao-de-recolhimento-de-veiculos-abandonados\/\" \/>\n<meta property=\"og:site_name\" content=\"Secretaria de Seguran\u00e7a P\u00fablica e Transporte\" \/>\n<meta property=\"article:published_time\" content=\"2025-08-04T11:49:28+00:00\" \/>\n<meta property=\"article:modified_time\" content=\"2025-08-04T11:49:33+00:00\" \/>\n<meta name=\"author\" content=\"lilicrivello\" \/>\n<meta name=\"twitter:card\" content=\"summary_large_image\" \/>\n<meta name=\"twitter:label1\" content=\"Escrito por\" \/>\n\t<meta name=\"twitter:data1\" content=\"lilicrivello\" \/>\n\t<meta name=\"twitter:label2\" content=\"Est. tempo de leitura\" \/>\n\t<meta name=\"twitter:data2\" content=\"1 minuto\" \/>\n<script type=\"application\/ld+json\" class=\"yoast-schema-graph\">{\"@context\":\"https:\/\/schema.org\",\"@graph\":[{\"@type\":\"WebPage\",\"@id\":\"https:\/\/www.pmpf.rs.gov.br\/secretaria-de-seguranca-publica\/2025\/08\/04\/prefeitura-realiza-nova-acao-de-recolhimento-de-veiculos-abandonados\/\",\"url\":\"https:\/\/www.pmpf.rs.gov.br\/secretaria-de-seguranca-publica\/2025\/08\/04\/prefeitura-realiza-nova-acao-de-recolhimento-de-veiculos-abandonados\/\",\"name\":\"Prefeitura realiza nova a\u00e7\u00e3o de recolhimento de ve\u00edculos abandonados - Secretaria de Seguran\u00e7a P\u00fablica e Transporte\",\"isPartOf\":{\"@id\":\"https:\/\/www.pmpf.rs.gov.br\/secretaria-de-seguranca-publica\/#website\"},\"primaryImageOfPage\":{\"@id\":\"https:\/\/www.pmpf.rs.gov.br\/secretaria-de-seguranca-publica\/2025\/08\/04\/prefeitura-realiza-nova-acao-de-recolhimento-de-veiculos-abandonados\/#primaryimage\"},\"image\":{\"@id\":\"https:\/\/www.pmpf.rs.gov.br\/secretaria-de-seguranca-publica\/2025\/08\/04\/prefeitura-realiza-nova-acao-de-recolhimento-de-veiculos-abandonados\/#primaryimage\"},\"thumbnailUrl\":\"https:\/\/www.pmpf.rs.gov.br\/secretaria-de-seguranca-publica\/wp-content\/uploads\/sites\/54\/2025\/08\/WhatsApp-Image-2025-08-01-at-15.21.40.jpeg\",\"datePublished\":\"2025-08-04T11:49:28+00:00\",\"dateModified\":\"2025-08-04T11:49:33+00:00\",\"author\":{\"@id\":\"https:\/\/www.pmpf.rs.gov.br\/secretaria-de-seguranca-publica\/#\/schema\/person\/6e93b0ab2174b69f691ac4f278ba2d0a\"},\"breadcrumb\":{\"@id\":\"https:\/\/www.pmpf.rs.gov.br\/secretaria-de-seguranca-publica\/2025\/08\/04\/prefeitura-realiza-nova-acao-de-recolhimento-de-veiculos-abandonados\/#breadcrumb\"},\"inLanguage\":\"pt-BR\",\"potentialAction\":[{\"@type\":\"ReadAction\",\"target\":[\"https:\/\/www.pmpf.rs.gov.br\/secretaria-de-seguranca-publica\/2025\/08\/04\/prefeitura-realiza-nova-acao-de-recolhimento-de-veiculos-abandonados\/\"]}]},{\"@type\":\"ImageObject\",\"inLanguage\":\"pt-BR\",\"@id\":\"https:\/\/www.pmpf.rs.gov.br\/secretaria-de-seguranca-publica\/2025\/08\/04\/prefeitura-realiza-nova-acao-de-recolhimento-de-veiculos-abandonados\/#primaryimage\",\"url\":\"https:\/\/www.pmpf.rs.gov.br\/secretaria-de-seguranca-publica\/wp-content\/uploads\/sites\/54\/2025\/08\/WhatsApp-Image-2025-08-01-at-15.21.40.jpeg\",\"contentUrl\":\"https:\/\/www.pmpf.rs.gov.br\/secretaria-de-seguranca-publica\/wp-content\/uploads\/sites\/54\/2025\/08\/WhatsApp-Image-2025-08-01-at-15.21.40.jpeg\",\"width\":1600,\"height\":1204},{\"@type\":\"BreadcrumbList\",\"@id\":\"https:\/\/www.pmpf.rs.gov.br\/secretaria-de-seguranca-publica\/2025\/08\/04\/prefeitura-realiza-nova-acao-de-recolhimento-de-veiculos-abandonados\/#breadcrumb\",\"itemListElement\":[{\"@type\":\"ListItem\",\"position\":1,\"name\":\"In\u00edcio\",\"item\":\"https:\/\/www.pmpf.rs.gov.br\/secretaria-de-seguranca-publica\/\"},{\"@type\":\"ListItem\",\"position\":2,\"name\":\"Prefeitura realiza nova a\u00e7\u00e3o de recolhimento de ve\u00edculos abandonados\"}]},{\"@type\":\"WebSite\",\"@id\":\"https:\/\/www.pmpf.rs.gov.br\/secretaria-de-seguranca-publica\/#website\",\"url\":\"https:\/\/www.pmpf.rs.gov.br\/secretaria-de-seguranca-publica\/\",\"name\":\"Secretaria de Seguran\u00e7a P\u00fablica e Transporte\",\"description\":\"S\u00f3 mais um site Prefeitura de Passo Fundo\",\"potentialAction\":[{\"@type\":\"SearchAction\",\"target\":{\"@type\":\"EntryPoint\",\"urlTemplate\":\"https:\/\/www.pmpf.rs.gov.br\/secretaria-de-seguranca-publica\/?s={search_term_string}\"},\"query-input\":{\"@type\":\"PropertyValueSpecification\",\"valueRequired\":true,\"valueName\":\"search_term_string\"}}],\"inLanguage\":\"pt-BR\"},{\"@type\":\"Person\",\"@id\":\"https:\/\/www.pmpf.rs.gov.br\/secretaria-de-seguranca-publica\/#\/schema\/person\/6e93b0ab2174b69f691ac4f278ba2d0a\",\"name\":\"lilicrivello\",\"image\":{\"@type\":\"ImageObject\",\"inLanguage\":\"pt-BR\",\"@id\":\"https:\/\/www.pmpf.rs.gov.br\/secretaria-de-seguranca-publica\/#\/schema\/person\/image\/\",\"url\":\"https:\/\/secure.gravatar.com\/avatar\/0b546b667388f8edb7b67d70a57b5e46?s=96&d=mm&r=g\",\"contentUrl\":\"https:\/\/secure.gravatar.com\/avatar\/0b546b667388f8edb7b67d70a57b5e46?s=96&d=mm&r=g\",\"caption\":\"lilicrivello\"},\"url\":\"https:\/\/www.pmpf.rs.gov.br\/secretaria-de-seguranca-publica\/author\/lilicrivello\/\"}]}<\/script>\n<!-- \/ Yoast SEO plugin. -->","yoast_head_json":{"title":"Prefeitura realiza nova a\u00e7\u00e3o de recolhimento de ve\u00edculos abandonados - Secretaria de Seguran\u00e7a P\u00fablica e Transporte","robots":{"index":"index","follow":"follow","max-snippet":"max-snippet:-1","max-image-preview":"max-image-preview:large","max-video-preview":"max-video-preview:-1"},"canonical":"https:\/\/www.pmpf.rs.gov.br\/secretaria-de-seguranca-publica\/2025\/08\/04\/prefeitura-realiza-nova-acao-de-recolhimento-de-veiculos-abandonados\/","og_locale":"pt_BR","og_type":"article","og_title":"Prefeitura realiza nova a\u00e7\u00e3o de recolhimento de ve\u00edculos abandonados - Secretaria de Seguran\u00e7a P\u00fablica e Transporte","og_description":"Na sexta-feira (01), a Prefeitura de Passo Fundo, por meio da Secretaria de Seguran\u00e7a P\u00fablica e dos agentes de tr\u00e2nsito, realizou mais uma a\u00e7\u00e3o de remo\u00e7\u00e3o de ve\u00edculos abandonados ou em mau [&hellip;]","og_url":"https:\/\/www.pmpf.rs.gov.br\/secretaria-de-seguranca-publica\/2025\/08\/04\/prefeitura-realiza-nova-acao-de-recolhimento-de-veiculos-abandonados\/","og_site_name":"Secretaria de Seguran\u00e7a P\u00fablica e Transporte","article_published_time":"2025-08-04T11:49:28+00:00","article_modified_time":"2025-08-04T11:49:33+00:00","author":"lilicrivello","twitter_card":"summary_large_image","twitter_misc":{"Escrito por":"lilicrivello","Est. tempo de leitura":"1 minuto"},"schema":{"@context":"https:\/\/schema.org","@graph":[{"@type":"WebPage","@id":"https:\/\/www.pmpf.rs.gov.br\/secretaria-de-seguranca-publica\/2025\/08\/04\/prefeitura-realiza-nova-acao-de-recolhimento-de-veiculos-abandonados\/","url":"https:\/\/www.pmpf.rs.gov.br\/secretaria-de-seguranca-publica\/2025\/08\/04\/prefeitura-realiza-nova-acao-de-recolhimento-de-veiculos-abandonados\/","name":"Prefeitura realiza nova a\u00e7\u00e3o de recolhimento de ve\u00edculos abandonados - Secretaria de Seguran\u00e7a P\u00fablica e Transporte","isPartOf":{"@id":"https:\/\/www.pmpf.rs.gov.br\/secretaria-de-seguranca-publica\/#website"},"primaryImageOfPage":{"@id":"https:\/\/www.pmpf.rs.gov.br\/secretaria-de-seguranca-publica\/2025\/08\/04\/prefeitura-realiza-nova-acao-de-recolhimento-de-veiculos-abandonados\/#primaryimage"},"image":{"@id":"https:\/\/www.pmpf.rs.gov.br\/secretaria-de-seguranca-publica\/2025\/08\/04\/prefeitura-realiza-nova-acao-de-recolhimento-de-veiculos-abandonados\/#primaryimage"},"thumbnailUrl":"https:\/\/www.pmpf.rs.gov.br\/secretaria-de-seguranca-publica\/wp-content\/uploads\/sites\/54\/2025\/08\/WhatsApp-Image-2025-08-01-at-15.21.40.jpeg","datePublished":"2025-08-04T11:49:28+00:00","dateModified":"2025-08-04T11:49:33+00:00","author":{"@id":"https:\/\/www.pmpf.rs.gov.br\/secretaria-de-seguranca-publica\/#\/schema\/person\/6e93b0ab2174b69f691ac4f278ba2d0a"},"breadcrumb":{"@id":"https:\/\/www.pmpf.rs.gov.br\/secretaria-de-seguranca-publica\/2025\/08\/04\/prefeitura-realiza-nova-acao-de-recolhimento-de-veiculos-abandonados\/#breadcrumb"},"inLanguage":"pt-BR","potentialAction":[{"@type":"ReadAction","target":["https:\/\/www.pmpf.rs.gov.br\/secretaria-de-seguranca-publica\/2025\/08\/04\/prefeitura-realiza-nova-acao-de-recolhimento-de-veiculos-abandonados\/"]}]},{"@type":"ImageObject","inLanguage":"pt-BR","@id":"https:\/\/www.pmpf.rs.gov.br\/secretaria-de-seguranca-publica\/2025\/08\/04\/prefeitura-realiza-nova-acao-de-recolhimento-de-veiculos-abandonados\/#primaryimage","url":"https:\/\/www.pmpf.rs.gov.br\/secretaria-de-seguranca-publica\/wp-content\/uploads\/sites\/54\/2025\/08\/WhatsApp-Image-2025-08-01-at-15.21.40.jpeg","contentUrl":"https:\/\/www.pmpf.rs.gov.br\/secretaria-de-seguranca-publica\/wp-content\/uploads\/sites\/54\/2025\/08\/WhatsApp-Image-2025-08-01-at-15.21.40.jpeg","width":1600,"height":1204},{"@type":"BreadcrumbList","@id":"https:\/\/www.pmpf.rs.gov.br\/secretaria-de-seguranca-publica\/2025\/08\/04\/prefeitura-realiza-nova-acao-de-recolhimento-de-veiculos-abandonados\/#breadcrumb","itemListElement":[{"@type":"ListItem","position":1,"name":"In\u00edcio","item":"https:\/\/www.pmpf.rs.gov.br\/secretaria-de-seguranca-publica\/"},{"@type":"ListItem","position":2,"name":"Prefeitura realiza nova a\u00e7\u00e3o de recolhimento de ve\u00edculos abandonados"}]},{"@type":"WebSite","@id":"https:\/\/www.pmpf.rs.gov.br\/secretaria-de-seguranca-publica\/#website","url":"https:\/\/www.pmpf.rs.gov.br\/secretaria-de-seguranca-publica\/","name":"Secretaria de Seguran\u00e7a P\u00fablica e Transporte","description":"S\u00f3 mais um site Prefeitura de Passo Fundo","potentialAction":[{"@type":"SearchAction","target":{"@type":"EntryPoint","urlTemplate":"https:\/\/www.pmpf.rs.gov.br\/secretaria-de-seguranca-publica\/?s={search_term_string}"},"query-input":{"@type":"PropertyValueSpecification","valueRequired":true,"valueName":"search_term_string"}}],"inLanguage":"pt-BR"},{"@type":"Person","@id":"https:\/\/www.pmpf.rs.gov.br\/secretaria-de-seguranca-publica\/#\/schema\/person\/6e93b0ab2174b69f691ac4f278ba2d0a","name":"lilicrivello","image":{"@type":"ImageObject","inLanguage":"pt-BR","@id":"https:\/\/www.pmpf.rs.gov.br\/secretaria-de-seguranca-publica\/#\/schema\/person\/image\/","url":"https:\/\/secure.gravatar.com\/avatar\/0b546b667388f8edb7b67d70a57b5e46?s=96&d=mm&r=g","contentUrl":"https:\/\/secure.gravatar.com\/avatar\/0b546b667388f8edb7b67d70a57b5e46?s=96&d=mm&r=g","caption":"lilicrivello"},"url":"https:\/\/www.pmpf.rs.gov.br\/secretaria-de-seguranca-publica\/author\/lilicrivello\/"}]}},"_links":{"self":[{"href":"https:\/\/www.pmpf.rs.gov.br\/secretaria-de-seguranca-publica\/wp-json\/wp\/v2\/posts\/1247"}],"collection":[{"href":"https:\/\/www.pmpf.rs.gov.br\/secretaria-de-seguranca-publica\/wp-json\/wp\/v2\/posts"}],"about":[{"href":"https:\/\/www.pmpf.rs.gov.br\/secretaria-de-seguranca-publica\/wp-json\/wp\/v2\/types\/post"}],"author":[{"embeddable":true,"href":"https:\/\/www.pmpf.rs.gov.br\/secretaria-de-seguranca-publica\/wp-json\/wp\/v2\/users\/24"}],"replies":[{"embeddable":true,"href":"https:\/\/www.pmpf.rs.gov.br\/secretaria-de-seguranca-publica\/wp-json\/wp\/v2\/comments?post=1247"}],"version-history":[{"count":1,"href":"https:\/\/www.pmpf.rs.gov.br\/secretaria-de-seguranca-publica\/wp-json\/wp\/v2\/posts\/1247\/revisions"}],"predecessor-version":[{"id":1249,"href":"https:\/\/www.pmpf.rs.gov.br\/secretaria-de-seguranca-publica\/wp-json\/wp\/v2\/posts\/1247\/revisions\/1249"}],"wp:featuredmedia":[{"embeddable":true,"href":"https:\/\/www.pmpf.rs.gov.br\/secretaria-de-seguranca-publica\/wp-json\/wp\/v2\/media\/1248"}],"wp:attachment":[{"href":"https:\/\/www.pmpf.rs.gov.br\/secretaria-de-seguranca-publica\/wp-json\/wp\/v2\/media?parent=1247"}],"wp:term":[{"taxonomy":"category","embeddable":true,"href":"https:\/\/www.pmpf.rs.gov.br\/secretaria-de-seguranca-publica\/wp-json\/wp\/v2\/categories?post=1247"},{"taxonomy":"post_tag","embeddable":true,"href":"https:\/\/www.pmpf.rs.gov.br\/secretaria-de-seguranca-publica\/wp-json\/wp\/v2\/tags?post=1247"}],"curies":[{"name":"wp","href":"https:\/\/api.w.org\/{rel}","templated":true}]}}