{"id":1244,"date":"2025-07-22T11:27:17","date_gmt":"2025-07-22T14:27:17","guid":{"rendered":"https:\/\/www.pmpf.rs.gov.br\/secretaria-de-seguranca-publica\/?p=1244"},"modified":"2025-07-22T11:27:21","modified_gmt":"2025-07-22T14:27:21","slug":"secretaria-de-seguranca-realiza-acao-de-recolhimento-de-veiculos-abandonados-em-vias-publicas","status":"publish","type":"post","link":"https:\/\/www.pmpf.rs.gov.br\/secretaria-de-seguranca-publica\/2025\/07\/22\/secretaria-de-seguranca-realiza-acao-de-recolhimento-de-veiculos-abandonados-em-vias-publicas\/","title":{"rendered":"Secretaria de Seguran\u00e7a realiza a\u00e7\u00e3o de recolhimento de ve\u00edculos abandonados em vias p\u00fablicas"},"content":{"rendered":"\n<p><\/p>\n\n\n\n<p>A Secretaria Municipal de Seguran\u00e7a P\u00fablica, por meio da Guarda Municipal de Tr\u00e2nsito, realizou, na manh\u00e3 desta segunda-feira (21), uma a\u00e7\u00e3o de recolhimento de ve\u00edculos abandonados em via p\u00fablica. A opera\u00e7\u00e3o, ajuizada pela Promotoria P\u00fablica, contou com o apoio da Brigada Militar, da Patrulha Ambiental e das secretarias municipais de Meio Ambiente e de Transportes e Servi\u00e7os Gerais.<\/p>\n\n\n\n<p>A a\u00e7\u00e3o ocorreu no bairro Jer\u00f4nimo Coelho, na rua General Lad\u00e1rio Pereira Telles, onde foram removidos oito ve\u00edculos em avan\u00e7ado estado de deteriora\u00e7\u00e3o, que estavam abandonados na via, prejudicando o tr\u00e2nsito e comprometendo a seguran\u00e7a no local.<\/p>\n\n\n\n<p>Segundo o secret\u00e1rio de Seguran\u00e7a P\u00fablica, Tadeu Trindade, o processo de remo\u00e7\u00e3o segue as normas do C\u00f3digo de Tr\u00e2nsito Brasileiro e as regulamenta\u00e7\u00f5es municipais.<br>\u201cA Guarda de Tr\u00e2nsito \u00e9 notificada sobre a presen\u00e7a dos ve\u00edculos. A partir disso, busca-se identificar e notificar os propriet\u00e1rios para que a remo\u00e7\u00e3o seja realizada dentro dos procedimentos legais\u201d, explicou.<\/p>\n\n\n\n<p>Os ve\u00edculos recolhidos foram encaminhados ao p\u00e1tio do Guincho Petr\u00f3polis, onde permanecer\u00e3o \u00e0 disposi\u00e7\u00e3o de seus propriet\u00e1rios. Caso n\u00e3o sejam reclamados, ser\u00e3o posteriormente destinados a leil\u00e3o.<\/p>\n\n\n\n<p>O secret\u00e1rio ainda ressalta que ve\u00edculos abandonados representam riscos \u00e0 sa\u00fade p\u00fablica, como ac\u00famulo de lixo, criadouros de insetos, ocupa\u00e7\u00e3o irregular de vagas de estacionamento e at\u00e9 a possibilidade de serem utilizados em atividades il\u00edcitas.<br>\u201cDen\u00fancias sobre ve\u00edculos abandonados podem ser feitas \u00e0 Secretaria de Seguran\u00e7a P\u00fablica, informando o local e, se poss\u00edvel, com o envio de fotos\u201d, refor\u00e7ou Trindade.<\/p>\n","protected":false},"excerpt":{"rendered":"<p>A Secretaria Municipal de Seguran\u00e7a P\u00fablica, por meio da Guarda Municipal de Tr\u00e2nsito, realizou, na manh\u00e3 desta segunda-feira (21), uma a\u00e7\u00e3o de recolhimento de ve\u00edculos abandonados em via p\u00fablica. A opera\u00e7\u00e3o, ajuizada [&hellip;]<\/p>\n","protected":false},"author":6,"featured_media":1245,"comment_status":"closed","ping_status":"closed","sticky":false,"template":"","format":"standard","meta":{"footnotes":""},"categories":[1],"tags":[],"class_list":["post-1244","post","type-post","status-publish","format-standard","has-post-thumbnail","hentry","category-sem-categoria"],"yoast_head":"<!-- This site is optimized with the Yoast SEO plugin v23.8 - https:\/\/yoast.com\/wordpress\/plugins\/seo\/ -->\n<title>Secretaria de Seguran\u00e7a realiza a\u00e7\u00e3o de recolhimento de ve\u00edculos abandonados em vias p\u00fablicas - Secretaria de Seguran\u00e7a P\u00fablica e Transporte<\/title>\n<meta name=\"robots\" content=\"index, follow, max-snippet:-1, max-image-preview:large, max-video-preview:-1\" \/>\n<link rel=\"canonical\" href=\"https:\/\/www.pmpf.rs.gov.br\/secretaria-de-seguranca-publica\/2025\/07\/22\/secretaria-de-seguranca-realiza-acao-de-recolhimento-de-veiculos-abandonados-em-vias-publicas\/\" \/>\n<meta property=\"og:locale\" content=\"pt_BR\" \/>\n<meta property=\"og:type\" content=\"article\" \/>\n<meta property=\"og:title\" content=\"Secretaria de Seguran\u00e7a realiza a\u00e7\u00e3o de recolhimento de ve\u00edculos abandonados em vias p\u00fablicas - Secretaria de Seguran\u00e7a P\u00fablica e Transporte\" \/>\n<meta property=\"og:description\" content=\"A Secretaria Municipal de Seguran\u00e7a P\u00fablica, por meio da Guarda Municipal de Tr\u00e2nsito, realizou, na manh\u00e3 desta segunda-feira (21), uma a\u00e7\u00e3o de recolhimento de ve\u00edculos abandonados em via p\u00fablica. A opera\u00e7\u00e3o, ajuizada [&hellip;]\" \/>\n<meta property=\"og:url\" content=\"https:\/\/www.pmpf.rs.gov.br\/secretaria-de-seguranca-publica\/2025\/07\/22\/secretaria-de-seguranca-realiza-acao-de-recolhimento-de-veiculos-abandonados-em-vias-publicas\/\" \/>\n<meta property=\"og:site_name\" content=\"Secretaria de Seguran\u00e7a P\u00fablica e Transporte\" \/>\n<meta property=\"article:published_time\" content=\"2025-07-22T14:27:17+00:00\" \/>\n<meta property=\"article:modified_time\" content=\"2025-07-22T14:27:21+00:00\" \/>\n<meta name=\"author\" content=\"andressazorzetto07\" \/>\n<meta name=\"twitter:card\" content=\"summary_large_image\" \/>\n<meta name=\"twitter:label1\" content=\"Escrito por\" \/>\n\t<meta name=\"twitter:data1\" content=\"andressazorzetto07\" \/>\n\t<meta name=\"twitter:label2\" content=\"Est. tempo de leitura\" \/>\n\t<meta name=\"twitter:data2\" content=\"1 minuto\" \/>\n<script type=\"application\/ld+json\" class=\"yoast-schema-graph\">{\"@context\":\"https:\/\/schema.org\",\"@graph\":[{\"@type\":\"WebPage\",\"@id\":\"https:\/\/www.pmpf.rs.gov.br\/secretaria-de-seguranca-publica\/2025\/07\/22\/secretaria-de-seguranca-realiza-acao-de-recolhimento-de-veiculos-abandonados-em-vias-publicas\/\",\"url\":\"https:\/\/www.pmpf.rs.gov.br\/secretaria-de-seguranca-publica\/2025\/07\/22\/secretaria-de-seguranca-realiza-acao-de-recolhimento-de-veiculos-abandonados-em-vias-publicas\/\",\"name\":\"Secretaria de Seguran\u00e7a realiza a\u00e7\u00e3o de recolhimento de ve\u00edculos abandonados em vias p\u00fablicas - Secretaria de Seguran\u00e7a P\u00fablica e Transporte\",\"isPartOf\":{\"@id\":\"https:\/\/www.pmpf.rs.gov.br\/secretaria-de-seguranca-publica\/#website\"},\"primaryImageOfPage\":{\"@id\":\"https:\/\/www.pmpf.rs.gov.br\/secretaria-de-seguranca-publica\/2025\/07\/22\/secretaria-de-seguranca-realiza-acao-de-recolhimento-de-veiculos-abandonados-em-vias-publicas\/#primaryimage\"},\"image\":{\"@id\":\"https:\/\/www.pmpf.rs.gov.br\/secretaria-de-seguranca-publica\/2025\/07\/22\/secretaria-de-seguranca-realiza-acao-de-recolhimento-de-veiculos-abandonados-em-vias-publicas\/#primaryimage\"},\"thumbnailUrl\":\"https:\/\/www.pmpf.rs.gov.br\/secretaria-de-seguranca-publica\/wp-content\/uploads\/sites\/54\/2025\/07\/veiculos.jpg\",\"datePublished\":\"2025-07-22T14:27:17+00:00\",\"dateModified\":\"2025-07-22T14:27:21+00:00\",\"author\":{\"@id\":\"https:\/\/www.pmpf.rs.gov.br\/secretaria-de-seguranca-publica\/#\/schema\/person\/30ee1d1bd74da1469b01fcf086e43351\"},\"breadcrumb\":{\"@id\":\"https:\/\/www.pmpf.rs.gov.br\/secretaria-de-seguranca-publica\/2025\/07\/22\/secretaria-de-seguranca-realiza-acao-de-recolhimento-de-veiculos-abandonados-em-vias-publicas\/#breadcrumb\"},\"inLanguage\":\"pt-BR\",\"potentialAction\":[{\"@type\":\"ReadAction\",\"target\":[\"https:\/\/www.pmpf.rs.gov.br\/secretaria-de-seguranca-publica\/2025\/07\/22\/secretaria-de-seguranca-realiza-acao-de-recolhimento-de-veiculos-abandonados-em-vias-publicas\/\"]}]},{\"@type\":\"ImageObject\",\"inLanguage\":\"pt-BR\",\"@id\":\"https:\/\/www.pmpf.rs.gov.br\/secretaria-de-seguranca-publica\/2025\/07\/22\/secretaria-de-seguranca-realiza-acao-de-recolhimento-de-veiculos-abandonados-em-vias-publicas\/#primaryimage\",\"url\":\"https:\/\/www.pmpf.rs.gov.br\/secretaria-de-seguranca-publica\/wp-content\/uploads\/sites\/54\/2025\/07\/veiculos.jpg\",\"contentUrl\":\"https:\/\/www.pmpf.rs.gov.br\/secretaria-de-seguranca-publica\/wp-content\/uploads\/sites\/54\/2025\/07\/veiculos.jpg\",\"width\":1200,\"height\":1600},{\"@type\":\"BreadcrumbList\",\"@id\":\"https:\/\/www.pmpf.rs.gov.br\/secretaria-de-seguranca-publica\/2025\/07\/22\/secretaria-de-seguranca-realiza-acao-de-recolhimento-de-veiculos-abandonados-em-vias-publicas\/#breadcrumb\",\"itemListElement\":[{\"@type\":\"ListItem\",\"position\":1,\"name\":\"In\u00edcio\",\"item\":\"https:\/\/www.pmpf.rs.gov.br\/secretaria-de-seguranca-publica\/\"},{\"@type\":\"ListItem\",\"position\":2,\"name\":\"Secretaria de Seguran\u00e7a realiza a\u00e7\u00e3o de recolhimento de ve\u00edculos abandonados em vias p\u00fablicas\"}]},{\"@type\":\"WebSite\",\"@id\":\"https:\/\/www.pmpf.rs.gov.br\/secretaria-de-seguranca-publica\/#website\",\"url\":\"https:\/\/www.pmpf.rs.gov.br\/secretaria-de-seguranca-publica\/\",\"name\":\"Secretaria de Seguran\u00e7a P\u00fablica e Transporte\",\"description\":\"S\u00f3 mais um site Prefeitura de Passo Fundo\",\"potentialAction\":[{\"@type\":\"SearchAction\",\"target\":{\"@type\":\"EntryPoint\",\"urlTemplate\":\"https:\/\/www.pmpf.rs.gov.br\/secretaria-de-seguranca-publica\/?s={search_term_string}\"},\"query-input\":{\"@type\":\"PropertyValueSpecification\",\"valueRequired\":true,\"valueName\":\"search_term_string\"}}],\"inLanguage\":\"pt-BR\"},{\"@type\":\"Person\",\"@id\":\"https:\/\/www.pmpf.rs.gov.br\/secretaria-de-seguranca-publica\/#\/schema\/person\/30ee1d1bd74da1469b01fcf086e43351\",\"name\":\"andressazorzetto07\",\"image\":{\"@type\":\"ImageObject\",\"inLanguage\":\"pt-BR\",\"@id\":\"https:\/\/www.pmpf.rs.gov.br\/secretaria-de-seguranca-publica\/#\/schema\/person\/image\/\",\"url\":\"https:\/\/secure.gravatar.com\/avatar\/14c5458ed79dc81da99a13b9ff5f9f19?s=96&d=mm&r=g\",\"contentUrl\":\"https:\/\/secure.gravatar.com\/avatar\/14c5458ed79dc81da99a13b9ff5f9f19?s=96&d=mm&r=g\",\"caption\":\"andressazorzetto07\"},\"url\":\"https:\/\/www.pmpf.rs.gov.br\/secretaria-de-seguranca-publica\/author\/andressazorzetto07\/\"}]}<\/script>\n<!-- \/ Yoast SEO plugin. -->","yoast_head_json":{"title":"Secretaria de Seguran\u00e7a realiza a\u00e7\u00e3o de recolhimento de ve\u00edculos abandonados em vias p\u00fablicas - Secretaria de Seguran\u00e7a P\u00fablica e Transporte","robots":{"index":"index","follow":"follow","max-snippet":"max-snippet:-1","max-image-preview":"max-image-preview:large","max-video-preview":"max-video-preview:-1"},"canonical":"https:\/\/www.pmpf.rs.gov.br\/secretaria-de-seguranca-publica\/2025\/07\/22\/secretaria-de-seguranca-realiza-acao-de-recolhimento-de-veiculos-abandonados-em-vias-publicas\/","og_locale":"pt_BR","og_type":"article","og_title":"Secretaria de Seguran\u00e7a realiza a\u00e7\u00e3o de recolhimento de ve\u00edculos abandonados em vias p\u00fablicas - Secretaria de Seguran\u00e7a P\u00fablica e Transporte","og_description":"A Secretaria Municipal de Seguran\u00e7a P\u00fablica, por meio da Guarda Municipal de Tr\u00e2nsito, realizou, na manh\u00e3 desta segunda-feira (21), uma a\u00e7\u00e3o de recolhimento de ve\u00edculos abandonados em via p\u00fablica. A opera\u00e7\u00e3o, ajuizada [&hellip;]","og_url":"https:\/\/www.pmpf.rs.gov.br\/secretaria-de-seguranca-publica\/2025\/07\/22\/secretaria-de-seguranca-realiza-acao-de-recolhimento-de-veiculos-abandonados-em-vias-publicas\/","og_site_name":"Secretaria de Seguran\u00e7a P\u00fablica e Transporte","article_published_time":"2025-07-22T14:27:17+00:00","article_modified_time":"2025-07-22T14:27:21+00:00","author":"andressazorzetto07","twitter_card":"summary_large_image","twitter_misc":{"Escrito por":"andressazorzetto07","Est. tempo de leitura":"1 minuto"},"schema":{"@context":"https:\/\/schema.org","@graph":[{"@type":"WebPage","@id":"https:\/\/www.pmpf.rs.gov.br\/secretaria-de-seguranca-publica\/2025\/07\/22\/secretaria-de-seguranca-realiza-acao-de-recolhimento-de-veiculos-abandonados-em-vias-publicas\/","url":"https:\/\/www.pmpf.rs.gov.br\/secretaria-de-seguranca-publica\/2025\/07\/22\/secretaria-de-seguranca-realiza-acao-de-recolhimento-de-veiculos-abandonados-em-vias-publicas\/","name":"Secretaria de Seguran\u00e7a realiza a\u00e7\u00e3o de recolhimento de ve\u00edculos abandonados em vias p\u00fablicas - Secretaria de Seguran\u00e7a P\u00fablica e Transporte","isPartOf":{"@id":"https:\/\/www.pmpf.rs.gov.br\/secretaria-de-seguranca-publica\/#website"},"primaryImageOfPage":{"@id":"https:\/\/www.pmpf.rs.gov.br\/secretaria-de-seguranca-publica\/2025\/07\/22\/secretaria-de-seguranca-realiza-acao-de-recolhimento-de-veiculos-abandonados-em-vias-publicas\/#primaryimage"},"image":{"@id":"https:\/\/www.pmpf.rs.gov.br\/secretaria-de-seguranca-publica\/2025\/07\/22\/secretaria-de-seguranca-realiza-acao-de-recolhimento-de-veiculos-abandonados-em-vias-publicas\/#primaryimage"},"thumbnailUrl":"https:\/\/www.pmpf.rs.gov.br\/secretaria-de-seguranca-publica\/wp-content\/uploads\/sites\/54\/2025\/07\/veiculos.jpg","datePublished":"2025-07-22T14:27:17+00:00","dateModified":"2025-07-22T14:27:21+00:00","author":{"@id":"https:\/\/www.pmpf.rs.gov.br\/secretaria-de-seguranca-publica\/#\/schema\/person\/30ee1d1bd74da1469b01fcf086e43351"},"breadcrumb":{"@id":"https:\/\/www.pmpf.rs.gov.br\/secretaria-de-seguranca-publica\/2025\/07\/22\/secretaria-de-seguranca-realiza-acao-de-recolhimento-de-veiculos-abandonados-em-vias-publicas\/#breadcrumb"},"inLanguage":"pt-BR","potentialAction":[{"@type":"ReadAction","target":["https:\/\/www.pmpf.rs.gov.br\/secretaria-de-seguranca-publica\/2025\/07\/22\/secretaria-de-seguranca-realiza-acao-de-recolhimento-de-veiculos-abandonados-em-vias-publicas\/"]}]},{"@type":"ImageObject","inLanguage":"pt-BR","@id":"https:\/\/www.pmpf.rs.gov.br\/secretaria-de-seguranca-publica\/2025\/07\/22\/secretaria-de-seguranca-realiza-acao-de-recolhimento-de-veiculos-abandonados-em-vias-publicas\/#primaryimage","url":"https:\/\/www.pmpf.rs.gov.br\/secretaria-de-seguranca-publica\/wp-content\/uploads\/sites\/54\/2025\/07\/veiculos.jpg","contentUrl":"https:\/\/www.pmpf.rs.gov.br\/secretaria-de-seguranca-publica\/wp-content\/uploads\/sites\/54\/2025\/07\/veiculos.jpg","width":1200,"height":1600},{"@type":"BreadcrumbList","@id":"https:\/\/www.pmpf.rs.gov.br\/secretaria-de-seguranca-publica\/2025\/07\/22\/secretaria-de-seguranca-realiza-acao-de-recolhimento-de-veiculos-abandonados-em-vias-publicas\/#breadcrumb","itemListElement":[{"@type":"ListItem","position":1,"name":"In\u00edcio","item":"https:\/\/www.pmpf.rs.gov.br\/secretaria-de-seguranca-publica\/"},{"@type":"ListItem","position":2,"name":"Secretaria de Seguran\u00e7a realiza a\u00e7\u00e3o de recolhimento de ve\u00edculos abandonados em vias p\u00fablicas"}]},{"@type":"WebSite","@id":"https:\/\/www.pmpf.rs.gov.br\/secretaria-de-seguranca-publica\/#website","url":"https:\/\/www.pmpf.rs.gov.br\/secretaria-de-seguranca-publica\/","name":"Secretaria de Seguran\u00e7a P\u00fablica e Transporte","description":"S\u00f3 mais um site Prefeitura de Passo Fundo","potentialAction":[{"@type":"SearchAction","target":{"@type":"EntryPoint","urlTemplate":"https:\/\/www.pmpf.rs.gov.br\/secretaria-de-seguranca-publica\/?s={search_term_string}"},"query-input":{"@type":"PropertyValueSpecification","valueRequired":true,"valueName":"search_term_string"}}],"inLanguage":"pt-BR"},{"@type":"Person","@id":"https:\/\/www.pmpf.rs.gov.br\/secretaria-de-seguranca-publica\/#\/schema\/person\/30ee1d1bd74da1469b01fcf086e43351","name":"andressazorzetto07","image":{"@type":"ImageObject","inLanguage":"pt-BR","@id":"https:\/\/www.pmpf.rs.gov.br\/secretaria-de-seguranca-publica\/#\/schema\/person\/image\/","url":"https:\/\/secure.gravatar.com\/avatar\/14c5458ed79dc81da99a13b9ff5f9f19?s=96&d=mm&r=g","contentUrl":"https:\/\/secure.gravatar.com\/avatar\/14c5458ed79dc81da99a13b9ff5f9f19?s=96&d=mm&r=g","caption":"andressazorzetto07"},"url":"https:\/\/www.pmpf.rs.gov.br\/secretaria-de-seguranca-publica\/author\/andressazorzetto07\/"}]}},"_links":{"self":[{"href":"https:\/\/www.pmpf.rs.gov.br\/secretaria-de-seguranca-publica\/wp-json\/wp\/v2\/posts\/1244"}],"collection":[{"href":"https:\/\/www.pmpf.rs.gov.br\/secretaria-de-seguranca-publica\/wp-json\/wp\/v2\/posts"}],"about":[{"href":"https:\/\/www.pmpf.rs.gov.br\/secretaria-de-seguranca-publica\/wp-json\/wp\/v2\/types\/post"}],"author":[{"embeddable":true,"href":"https:\/\/www.pmpf.rs.gov.br\/secretaria-de-seguranca-publica\/wp-json\/wp\/v2\/users\/6"}],"replies":[{"embeddable":true,"href":"https:\/\/www.pmpf.rs.gov.br\/secretaria-de-seguranca-publica\/wp-json\/wp\/v2\/comments?post=1244"}],"version-history":[{"count":1,"href":"https:\/\/www.pmpf.rs.gov.br\/secretaria-de-seguranca-publica\/wp-json\/wp\/v2\/posts\/1244\/revisions"}],"predecessor-version":[{"id":1246,"href":"https:\/\/www.pmpf.rs.gov.br\/secretaria-de-seguranca-publica\/wp-json\/wp\/v2\/posts\/1244\/revisions\/1246"}],"wp:featuredmedia":[{"embeddable":true,"href":"https:\/\/www.pmpf.rs.gov.br\/secretaria-de-seguranca-publica\/wp-json\/wp\/v2\/media\/1245"}],"wp:attachment":[{"href":"https:\/\/www.pmpf.rs.gov.br\/secretaria-de-seguranca-publica\/wp-json\/wp\/v2\/media?parent=1244"}],"wp:term":[{"taxonomy":"category","embeddable":true,"href":"https:\/\/www.pmpf.rs.gov.br\/secretaria-de-seguranca-publica\/wp-json\/wp\/v2\/categories?post=1244"},{"taxonomy":"post_tag","embeddable":true,"href":"https:\/\/www.pmpf.rs.gov.br\/secretaria-de-seguranca-publica\/wp-json\/wp\/v2\/tags?post=1244"}],"curies":[{"name":"wp","href":"https:\/\/api.w.org\/{rel}","templated":true}]}}