{"id":1231,"date":"2025-06-12T09:30:24","date_gmt":"2025-06-12T12:30:24","guid":{"rendered":"https:\/\/www.pmpf.rs.gov.br\/secretaria-de-seguranca-publica\/?p=1231"},"modified":"2025-06-12T09:30:29","modified_gmt":"2025-06-12T12:30:29","slug":"prefeitura-entrega-novos-equipamentos-de-protecao-individual-para-agentes-de-transito","status":"publish","type":"post","link":"https:\/\/www.pmpf.rs.gov.br\/secretaria-de-seguranca-publica\/2025\/06\/12\/prefeitura-entrega-novos-equipamentos-de-protecao-individual-para-agentes-de-transito\/","title":{"rendered":"Prefeitura entrega novos equipamentos de prote\u00e7\u00e3o individual para agentes de tr\u00e2nsito"},"content":{"rendered":"\n<p><\/p>\n\n\n\n<p>A Prefeitura de Passo Fundo, por meio da Secretaria de Seguran\u00e7a P\u00fablica, entregou novos equipamentos de prote\u00e7\u00e3o individual para os agentes de tr\u00e2nsito do munic\u00edpio, incluindo capacetes de \u00faltima gera\u00e7\u00e3o. Ao todo, 62 equipamentos ser\u00e3o distribu\u00eddos, refor\u00e7ando o compromisso com a seguran\u00e7a e o bem-estar dos profissionais que atuam diariamente nas ruas da cidade.<\/p>\n\n\n\n<p>Os capacetes entregues s\u00e3o do modelo LS2 FF906 Advant KPA, com viseira dupla e sistema escamote\u00e1vel. Aprovados pela certifica\u00e7\u00e3o internacional ECE22.06 \u2014 o mais avan\u00e7ado padr\u00e3o de seguran\u00e7a para capacetes na atualidade \u2014, os equipamentos aliam tecnologia, conforto e prote\u00e7\u00e3o de alto n\u00edvel.<\/p>\n\n\n\n<p>A aquisi\u00e7\u00e3o dos equipamentos foi realizada por meio de licita\u00e7\u00e3o e custeada com recursos vinculados da arrecada\u00e7\u00e3o de multas de tr\u00e2nsito, dentro da pol\u00edtica de reinvestimento em seguran\u00e7a vi\u00e1ria e valoriza\u00e7\u00e3o dos profissionais que atuam na linha de frente da mobilidade urbana.<\/p>\n\n\n\n<p>Para o secret\u00e1rio de Seguran\u00e7a P\u00fablica, Tadeu Trindade, os novos equipamentos tamb\u00e9m refletem o compromisso da gest\u00e3o municipal com a moderniza\u00e7\u00e3o da estrutura e das condi\u00e7\u00f5es de trabalho dos servidores. \u201cEsse \u00e9 um equipamento de \u00faltima gera\u00e7\u00e3o, com alta resist\u00eancia e conforto t\u00e9rmico, que eleva o padr\u00e3o de seguran\u00e7a para os nossos agentes. Estamos constantemente buscando formas de melhorar o servi\u00e7o e, principalmente, cuidar de quem cuida do tr\u00e2nsito\u201d, disse.<\/p>\n\n\n\n<p>A entrega refor\u00e7a o plano de moderniza\u00e7\u00e3o da estrutura da Secretaria de Seguran\u00e7a P\u00fablica, que vem promovendo melhorias cont\u00ednuas na frota, nos uniformes e nos equipamentos dos servidores, contribuindo para um tr\u00e2nsito mais seguro e eficiente em Passo Fundo.<\/p>\n","protected":false},"excerpt":{"rendered":"<p>A Prefeitura de Passo Fundo, por meio da Secretaria de Seguran\u00e7a P\u00fablica, entregou novos equipamentos de prote\u00e7\u00e3o individual para os agentes de tr\u00e2nsito do munic\u00edpio, incluindo capacetes de \u00faltima gera\u00e7\u00e3o. Ao todo, [&hellip;]<\/p>\n","protected":false},"author":24,"featured_media":1232,"comment_status":"closed","ping_status":"closed","sticky":false,"template":"","format":"standard","meta":{"footnotes":""},"categories":[1],"tags":[],"class_list":["post-1231","post","type-post","status-publish","format-standard","has-post-thumbnail","hentry","category-sem-categoria"],"yoast_head":"<!-- This site is optimized with the Yoast SEO plugin v23.8 - https:\/\/yoast.com\/wordpress\/plugins\/seo\/ -->\n<title>Prefeitura entrega novos equipamentos de prote\u00e7\u00e3o individual para agentes de tr\u00e2nsito - Secretaria de Seguran\u00e7a P\u00fablica e Transporte<\/title>\n<meta name=\"robots\" content=\"index, follow, max-snippet:-1, max-image-preview:large, max-video-preview:-1\" \/>\n<link rel=\"canonical\" href=\"https:\/\/www.pmpf.rs.gov.br\/secretaria-de-seguranca-publica\/2025\/06\/12\/prefeitura-entrega-novos-equipamentos-de-protecao-individual-para-agentes-de-transito\/\" \/>\n<meta property=\"og:locale\" content=\"pt_BR\" \/>\n<meta property=\"og:type\" content=\"article\" \/>\n<meta property=\"og:title\" content=\"Prefeitura entrega novos equipamentos de prote\u00e7\u00e3o individual para agentes de tr\u00e2nsito - Secretaria de Seguran\u00e7a P\u00fablica e Transporte\" \/>\n<meta property=\"og:description\" content=\"A Prefeitura de Passo Fundo, por meio da Secretaria de Seguran\u00e7a P\u00fablica, entregou novos equipamentos de prote\u00e7\u00e3o individual para os agentes de tr\u00e2nsito do munic\u00edpio, incluindo capacetes de \u00faltima gera\u00e7\u00e3o. Ao todo, [&hellip;]\" \/>\n<meta property=\"og:url\" content=\"https:\/\/www.pmpf.rs.gov.br\/secretaria-de-seguranca-publica\/2025\/06\/12\/prefeitura-entrega-novos-equipamentos-de-protecao-individual-para-agentes-de-transito\/\" \/>\n<meta property=\"og:site_name\" content=\"Secretaria de Seguran\u00e7a P\u00fablica e Transporte\" \/>\n<meta property=\"article:published_time\" content=\"2025-06-12T12:30:24+00:00\" \/>\n<meta property=\"article:modified_time\" content=\"2025-06-12T12:30:29+00:00\" \/>\n<meta name=\"author\" content=\"lilicrivello\" \/>\n<meta name=\"twitter:card\" content=\"summary_large_image\" \/>\n<meta name=\"twitter:label1\" content=\"Escrito por\" \/>\n\t<meta name=\"twitter:data1\" content=\"lilicrivello\" \/>\n\t<meta name=\"twitter:label2\" content=\"Est. tempo de leitura\" \/>\n\t<meta name=\"twitter:data2\" content=\"1 minuto\" \/>\n<script type=\"application\/ld+json\" class=\"yoast-schema-graph\">{\"@context\":\"https:\/\/schema.org\",\"@graph\":[{\"@type\":\"WebPage\",\"@id\":\"https:\/\/www.pmpf.rs.gov.br\/secretaria-de-seguranca-publica\/2025\/06\/12\/prefeitura-entrega-novos-equipamentos-de-protecao-individual-para-agentes-de-transito\/\",\"url\":\"https:\/\/www.pmpf.rs.gov.br\/secretaria-de-seguranca-publica\/2025\/06\/12\/prefeitura-entrega-novos-equipamentos-de-protecao-individual-para-agentes-de-transito\/\",\"name\":\"Prefeitura entrega novos equipamentos de prote\u00e7\u00e3o individual para agentes de tr\u00e2nsito - Secretaria de Seguran\u00e7a P\u00fablica e Transporte\",\"isPartOf\":{\"@id\":\"https:\/\/www.pmpf.rs.gov.br\/secretaria-de-seguranca-publica\/#website\"},\"primaryImageOfPage\":{\"@id\":\"https:\/\/www.pmpf.rs.gov.br\/secretaria-de-seguranca-publica\/2025\/06\/12\/prefeitura-entrega-novos-equipamentos-de-protecao-individual-para-agentes-de-transito\/#primaryimage\"},\"image\":{\"@id\":\"https:\/\/www.pmpf.rs.gov.br\/secretaria-de-seguranca-publica\/2025\/06\/12\/prefeitura-entrega-novos-equipamentos-de-protecao-individual-para-agentes-de-transito\/#primaryimage\"},\"thumbnailUrl\":\"https:\/\/www.pmpf.rs.gov.br\/secretaria-de-seguranca-publica\/wp-content\/uploads\/sites\/54\/2025\/06\/Captura-de-tela-2025-06-12-091500.png\",\"datePublished\":\"2025-06-12T12:30:24+00:00\",\"dateModified\":\"2025-06-12T12:30:29+00:00\",\"author\":{\"@id\":\"https:\/\/www.pmpf.rs.gov.br\/secretaria-de-seguranca-publica\/#\/schema\/person\/6e93b0ab2174b69f691ac4f278ba2d0a\"},\"breadcrumb\":{\"@id\":\"https:\/\/www.pmpf.rs.gov.br\/secretaria-de-seguranca-publica\/2025\/06\/12\/prefeitura-entrega-novos-equipamentos-de-protecao-individual-para-agentes-de-transito\/#breadcrumb\"},\"inLanguage\":\"pt-BR\",\"potentialAction\":[{\"@type\":\"ReadAction\",\"target\":[\"https:\/\/www.pmpf.rs.gov.br\/secretaria-de-seguranca-publica\/2025\/06\/12\/prefeitura-entrega-novos-equipamentos-de-protecao-individual-para-agentes-de-transito\/\"]}]},{\"@type\":\"ImageObject\",\"inLanguage\":\"pt-BR\",\"@id\":\"https:\/\/www.pmpf.rs.gov.br\/secretaria-de-seguranca-publica\/2025\/06\/12\/prefeitura-entrega-novos-equipamentos-de-protecao-individual-para-agentes-de-transito\/#primaryimage\",\"url\":\"https:\/\/www.pmpf.rs.gov.br\/secretaria-de-seguranca-publica\/wp-content\/uploads\/sites\/54\/2025\/06\/Captura-de-tela-2025-06-12-091500.png\",\"contentUrl\":\"https:\/\/www.pmpf.rs.gov.br\/secretaria-de-seguranca-publica\/wp-content\/uploads\/sites\/54\/2025\/06\/Captura-de-tela-2025-06-12-091500.png\",\"width\":1391,\"height\":934},{\"@type\":\"BreadcrumbList\",\"@id\":\"https:\/\/www.pmpf.rs.gov.br\/secretaria-de-seguranca-publica\/2025\/06\/12\/prefeitura-entrega-novos-equipamentos-de-protecao-individual-para-agentes-de-transito\/#breadcrumb\",\"itemListElement\":[{\"@type\":\"ListItem\",\"position\":1,\"name\":\"In\u00edcio\",\"item\":\"https:\/\/www.pmpf.rs.gov.br\/secretaria-de-seguranca-publica\/\"},{\"@type\":\"ListItem\",\"position\":2,\"name\":\"Prefeitura entrega novos equipamentos de prote\u00e7\u00e3o individual para agentes de tr\u00e2nsito\"}]},{\"@type\":\"WebSite\",\"@id\":\"https:\/\/www.pmpf.rs.gov.br\/secretaria-de-seguranca-publica\/#website\",\"url\":\"https:\/\/www.pmpf.rs.gov.br\/secretaria-de-seguranca-publica\/\",\"name\":\"Secretaria de Seguran\u00e7a P\u00fablica e Transporte\",\"description\":\"S\u00f3 mais um site Prefeitura de Passo Fundo\",\"potentialAction\":[{\"@type\":\"SearchAction\",\"target\":{\"@type\":\"EntryPoint\",\"urlTemplate\":\"https:\/\/www.pmpf.rs.gov.br\/secretaria-de-seguranca-publica\/?s={search_term_string}\"},\"query-input\":{\"@type\":\"PropertyValueSpecification\",\"valueRequired\":true,\"valueName\":\"search_term_string\"}}],\"inLanguage\":\"pt-BR\"},{\"@type\":\"Person\",\"@id\":\"https:\/\/www.pmpf.rs.gov.br\/secretaria-de-seguranca-publica\/#\/schema\/person\/6e93b0ab2174b69f691ac4f278ba2d0a\",\"name\":\"lilicrivello\",\"image\":{\"@type\":\"ImageObject\",\"inLanguage\":\"pt-BR\",\"@id\":\"https:\/\/www.pmpf.rs.gov.br\/secretaria-de-seguranca-publica\/#\/schema\/person\/image\/\",\"url\":\"https:\/\/secure.gravatar.com\/avatar\/0b546b667388f8edb7b67d70a57b5e46?s=96&d=mm&r=g\",\"contentUrl\":\"https:\/\/secure.gravatar.com\/avatar\/0b546b667388f8edb7b67d70a57b5e46?s=96&d=mm&r=g\",\"caption\":\"lilicrivello\"},\"url\":\"https:\/\/www.pmpf.rs.gov.br\/secretaria-de-seguranca-publica\/author\/lilicrivello\/\"}]}<\/script>\n<!-- \/ Yoast SEO plugin. -->","yoast_head_json":{"title":"Prefeitura entrega novos equipamentos de prote\u00e7\u00e3o individual para agentes de tr\u00e2nsito - Secretaria de Seguran\u00e7a P\u00fablica e Transporte","robots":{"index":"index","follow":"follow","max-snippet":"max-snippet:-1","max-image-preview":"max-image-preview:large","max-video-preview":"max-video-preview:-1"},"canonical":"https:\/\/www.pmpf.rs.gov.br\/secretaria-de-seguranca-publica\/2025\/06\/12\/prefeitura-entrega-novos-equipamentos-de-protecao-individual-para-agentes-de-transito\/","og_locale":"pt_BR","og_type":"article","og_title":"Prefeitura entrega novos equipamentos de prote\u00e7\u00e3o individual para agentes de tr\u00e2nsito - Secretaria de Seguran\u00e7a P\u00fablica e Transporte","og_description":"A Prefeitura de Passo Fundo, por meio da Secretaria de Seguran\u00e7a P\u00fablica, entregou novos equipamentos de prote\u00e7\u00e3o individual para os agentes de tr\u00e2nsito do munic\u00edpio, incluindo capacetes de \u00faltima gera\u00e7\u00e3o. Ao todo, [&hellip;]","og_url":"https:\/\/www.pmpf.rs.gov.br\/secretaria-de-seguranca-publica\/2025\/06\/12\/prefeitura-entrega-novos-equipamentos-de-protecao-individual-para-agentes-de-transito\/","og_site_name":"Secretaria de Seguran\u00e7a P\u00fablica e Transporte","article_published_time":"2025-06-12T12:30:24+00:00","article_modified_time":"2025-06-12T12:30:29+00:00","author":"lilicrivello","twitter_card":"summary_large_image","twitter_misc":{"Escrito por":"lilicrivello","Est. tempo de leitura":"1 minuto"},"schema":{"@context":"https:\/\/schema.org","@graph":[{"@type":"WebPage","@id":"https:\/\/www.pmpf.rs.gov.br\/secretaria-de-seguranca-publica\/2025\/06\/12\/prefeitura-entrega-novos-equipamentos-de-protecao-individual-para-agentes-de-transito\/","url":"https:\/\/www.pmpf.rs.gov.br\/secretaria-de-seguranca-publica\/2025\/06\/12\/prefeitura-entrega-novos-equipamentos-de-protecao-individual-para-agentes-de-transito\/","name":"Prefeitura entrega novos equipamentos de prote\u00e7\u00e3o individual para agentes de tr\u00e2nsito - Secretaria de Seguran\u00e7a P\u00fablica e Transporte","isPartOf":{"@id":"https:\/\/www.pmpf.rs.gov.br\/secretaria-de-seguranca-publica\/#website"},"primaryImageOfPage":{"@id":"https:\/\/www.pmpf.rs.gov.br\/secretaria-de-seguranca-publica\/2025\/06\/12\/prefeitura-entrega-novos-equipamentos-de-protecao-individual-para-agentes-de-transito\/#primaryimage"},"image":{"@id":"https:\/\/www.pmpf.rs.gov.br\/secretaria-de-seguranca-publica\/2025\/06\/12\/prefeitura-entrega-novos-equipamentos-de-protecao-individual-para-agentes-de-transito\/#primaryimage"},"thumbnailUrl":"https:\/\/www.pmpf.rs.gov.br\/secretaria-de-seguranca-publica\/wp-content\/uploads\/sites\/54\/2025\/06\/Captura-de-tela-2025-06-12-091500.png","datePublished":"2025-06-12T12:30:24+00:00","dateModified":"2025-06-12T12:30:29+00:00","author":{"@id":"https:\/\/www.pmpf.rs.gov.br\/secretaria-de-seguranca-publica\/#\/schema\/person\/6e93b0ab2174b69f691ac4f278ba2d0a"},"breadcrumb":{"@id":"https:\/\/www.pmpf.rs.gov.br\/secretaria-de-seguranca-publica\/2025\/06\/12\/prefeitura-entrega-novos-equipamentos-de-protecao-individual-para-agentes-de-transito\/#breadcrumb"},"inLanguage":"pt-BR","potentialAction":[{"@type":"ReadAction","target":["https:\/\/www.pmpf.rs.gov.br\/secretaria-de-seguranca-publica\/2025\/06\/12\/prefeitura-entrega-novos-equipamentos-de-protecao-individual-para-agentes-de-transito\/"]}]},{"@type":"ImageObject","inLanguage":"pt-BR","@id":"https:\/\/www.pmpf.rs.gov.br\/secretaria-de-seguranca-publica\/2025\/06\/12\/prefeitura-entrega-novos-equipamentos-de-protecao-individual-para-agentes-de-transito\/#primaryimage","url":"https:\/\/www.pmpf.rs.gov.br\/secretaria-de-seguranca-publica\/wp-content\/uploads\/sites\/54\/2025\/06\/Captura-de-tela-2025-06-12-091500.png","contentUrl":"https:\/\/www.pmpf.rs.gov.br\/secretaria-de-seguranca-publica\/wp-content\/uploads\/sites\/54\/2025\/06\/Captura-de-tela-2025-06-12-091500.png","width":1391,"height":934},{"@type":"BreadcrumbList","@id":"https:\/\/www.pmpf.rs.gov.br\/secretaria-de-seguranca-publica\/2025\/06\/12\/prefeitura-entrega-novos-equipamentos-de-protecao-individual-para-agentes-de-transito\/#breadcrumb","itemListElement":[{"@type":"ListItem","position":1,"name":"In\u00edcio","item":"https:\/\/www.pmpf.rs.gov.br\/secretaria-de-seguranca-publica\/"},{"@type":"ListItem","position":2,"name":"Prefeitura entrega novos equipamentos de prote\u00e7\u00e3o individual para agentes de tr\u00e2nsito"}]},{"@type":"WebSite","@id":"https:\/\/www.pmpf.rs.gov.br\/secretaria-de-seguranca-publica\/#website","url":"https:\/\/www.pmpf.rs.gov.br\/secretaria-de-seguranca-publica\/","name":"Secretaria de Seguran\u00e7a P\u00fablica e Transporte","description":"S\u00f3 mais um site Prefeitura de Passo Fundo","potentialAction":[{"@type":"SearchAction","target":{"@type":"EntryPoint","urlTemplate":"https:\/\/www.pmpf.rs.gov.br\/secretaria-de-seguranca-publica\/?s={search_term_string}"},"query-input":{"@type":"PropertyValueSpecification","valueRequired":true,"valueName":"search_term_string"}}],"inLanguage":"pt-BR"},{"@type":"Person","@id":"https:\/\/www.pmpf.rs.gov.br\/secretaria-de-seguranca-publica\/#\/schema\/person\/6e93b0ab2174b69f691ac4f278ba2d0a","name":"lilicrivello","image":{"@type":"ImageObject","inLanguage":"pt-BR","@id":"https:\/\/www.pmpf.rs.gov.br\/secretaria-de-seguranca-publica\/#\/schema\/person\/image\/","url":"https:\/\/secure.gravatar.com\/avatar\/0b546b667388f8edb7b67d70a57b5e46?s=96&d=mm&r=g","contentUrl":"https:\/\/secure.gravatar.com\/avatar\/0b546b667388f8edb7b67d70a57b5e46?s=96&d=mm&r=g","caption":"lilicrivello"},"url":"https:\/\/www.pmpf.rs.gov.br\/secretaria-de-seguranca-publica\/author\/lilicrivello\/"}]}},"_links":{"self":[{"href":"https:\/\/www.pmpf.rs.gov.br\/secretaria-de-seguranca-publica\/wp-json\/wp\/v2\/posts\/1231"}],"collection":[{"href":"https:\/\/www.pmpf.rs.gov.br\/secretaria-de-seguranca-publica\/wp-json\/wp\/v2\/posts"}],"about":[{"href":"https:\/\/www.pmpf.rs.gov.br\/secretaria-de-seguranca-publica\/wp-json\/wp\/v2\/types\/post"}],"author":[{"embeddable":true,"href":"https:\/\/www.pmpf.rs.gov.br\/secretaria-de-seguranca-publica\/wp-json\/wp\/v2\/users\/24"}],"replies":[{"embeddable":true,"href":"https:\/\/www.pmpf.rs.gov.br\/secretaria-de-seguranca-publica\/wp-json\/wp\/v2\/comments?post=1231"}],"version-history":[{"count":1,"href":"https:\/\/www.pmpf.rs.gov.br\/secretaria-de-seguranca-publica\/wp-json\/wp\/v2\/posts\/1231\/revisions"}],"predecessor-version":[{"id":1233,"href":"https:\/\/www.pmpf.rs.gov.br\/secretaria-de-seguranca-publica\/wp-json\/wp\/v2\/posts\/1231\/revisions\/1233"}],"wp:featuredmedia":[{"embeddable":true,"href":"https:\/\/www.pmpf.rs.gov.br\/secretaria-de-seguranca-publica\/wp-json\/wp\/v2\/media\/1232"}],"wp:attachment":[{"href":"https:\/\/www.pmpf.rs.gov.br\/secretaria-de-seguranca-publica\/wp-json\/wp\/v2\/media?parent=1231"}],"wp:term":[{"taxonomy":"category","embeddable":true,"href":"https:\/\/www.pmpf.rs.gov.br\/secretaria-de-seguranca-publica\/wp-json\/wp\/v2\/categories?post=1231"},{"taxonomy":"post_tag","embeddable":true,"href":"https:\/\/www.pmpf.rs.gov.br\/secretaria-de-seguranca-publica\/wp-json\/wp\/v2\/tags?post=1231"}],"curies":[{"name":"wp","href":"https:\/\/api.w.org\/{rel}","templated":true}]}}