{"id":1225,"date":"2025-05-19T11:06:23","date_gmt":"2025-05-19T14:06:23","guid":{"rendered":"https:\/\/www.pmpf.rs.gov.br\/secretaria-de-seguranca-publica\/?p=1225"},"modified":"2025-05-19T11:06:27","modified_gmt":"2025-05-19T14:06:27","slug":"municipio-promove-operacao-periodica-para-seguranca-no-transito","status":"publish","type":"post","link":"https:\/\/www.pmpf.rs.gov.br\/secretaria-de-seguranca-publica\/2025\/05\/19\/municipio-promove-operacao-periodica-para-seguranca-no-transito\/","title":{"rendered":"Munic\u00edpio promove opera\u00e7\u00e3o peri\u00f3dica para seguran\u00e7a no tr\u00e2nsito"},"content":{"rendered":"\n<p>A Prefeitura de Passo Fundo, por meio da Secretaria de Seguran\u00e7a P\u00fablica e da Guarda Municipal de Tr\u00e2nsito, est\u00e1 realizando, desde o in\u00edcio de fevereiro, uma a\u00e7\u00e3o de esfor\u00e7o concentrado no tr\u00e2nsito. Os agentes da Guarda se somam \u00e0 equipe de fiscaliza\u00e7\u00e3o, atuando em a\u00e7\u00f5es como fiscaliza\u00e7\u00e3o e organiza\u00e7\u00e3o do tr\u00e1fego.<\/p>\n\n\n\n<p>Conforme o secret\u00e1rio de Seguran\u00e7a P\u00fablica, Tadeu Trindade, a a\u00e7\u00e3o \u00e9 realizada quinzenalmente. \u201cUnimos as for\u00e7as do nosso efetivo e realizamos uma a\u00e7\u00e3o intensa de tr\u00e2nsito, refor\u00e7ando a seguran\u00e7a da comunidade com a conscientiza\u00e7\u00e3o de motoristas e pedestres. Agora contamos tamb\u00e9m com o refor\u00e7o dos novos agentes que foram contratados e que iniciaram oficialmente, desde a \u00faltima ter\u00e7a-feira (13), o trabalho nas ruas de Passo Fundo\u201d, destacou Trindade.<\/p>\n\n\n\n<p><strong>Nota de Utilidade P\u00fablica<\/strong><\/p>\n\n\n\n<p>A partir desta segunda-feira (19), a Rua Marcelino Ramos, nas proximidades do Col\u00e9gio Notre Dame, ter\u00e1 altera\u00e7\u00e3o no sistema de estacionamento.<\/p>\n\n\n\n<p>A Secretaria de Tr\u00e2nsito determinou que um trecho do lado esquerdo da via ter\u00e1 estacionamento permitido por at\u00e9 10 minutos, com pisca-alerta ligado, no hor\u00e1rio das 7h \u00e0s 19h, de segunda a sexta-feira.<\/p>\n\n\n\n<p>\u201cA medida visa melhorar o fluxo e organizar o estacionamento, muito utilizado pelos pais de alunos nos hor\u00e1rios de entrada e sa\u00edda do col\u00e9gio, de forma que n\u00e3o trave a via e tamb\u00e9m a Avenida Brasil nesses per\u00edodos\u201d, explicou o secret\u00e1rio de Seguran\u00e7a, Tadeu Trindade.<\/p>\n\n\n\n<p>A Guarda de Tr\u00e2nsito estar\u00e1 presente no local para orientar os motoristas e organizar o tr\u00e1fego neste in\u00edcio de mudan\u00e7a.<\/p>\n","protected":false},"excerpt":{"rendered":"<p>A\u00e7\u00e3o acontece quinzenalmente e busca melhorar a seguran\u00e7a no tr\u00e2nsito da cidade<\/p>\n","protected":false},"author":24,"featured_media":1226,"comment_status":"closed","ping_status":"closed","sticky":false,"template":"","format":"standard","meta":{"footnotes":""},"categories":[1],"tags":[],"class_list":["post-1225","post","type-post","status-publish","format-standard","has-post-thumbnail","hentry","category-sem-categoria"],"yoast_head":"<!-- This site is optimized with the Yoast SEO plugin v23.8 - https:\/\/yoast.com\/wordpress\/plugins\/seo\/ -->\n<title>Munic\u00edpio promove opera\u00e7\u00e3o peri\u00f3dica para seguran\u00e7a no tr\u00e2nsito - Secretaria de Seguran\u00e7a P\u00fablica e Transporte<\/title>\n<meta name=\"robots\" content=\"index, follow, max-snippet:-1, max-image-preview:large, max-video-preview:-1\" \/>\n<link rel=\"canonical\" href=\"https:\/\/www.pmpf.rs.gov.br\/secretaria-de-seguranca-publica\/2025\/05\/19\/municipio-promove-operacao-periodica-para-seguranca-no-transito\/\" \/>\n<meta property=\"og:locale\" content=\"pt_BR\" \/>\n<meta property=\"og:type\" content=\"article\" \/>\n<meta property=\"og:title\" content=\"Munic\u00edpio promove opera\u00e7\u00e3o peri\u00f3dica para seguran\u00e7a no tr\u00e2nsito - Secretaria de Seguran\u00e7a P\u00fablica e Transporte\" \/>\n<meta property=\"og:description\" content=\"A\u00e7\u00e3o acontece quinzenalmente e busca melhorar a seguran\u00e7a no tr\u00e2nsito da cidade\" \/>\n<meta property=\"og:url\" content=\"https:\/\/www.pmpf.rs.gov.br\/secretaria-de-seguranca-publica\/2025\/05\/19\/municipio-promove-operacao-periodica-para-seguranca-no-transito\/\" \/>\n<meta property=\"og:site_name\" content=\"Secretaria de Seguran\u00e7a P\u00fablica e Transporte\" \/>\n<meta property=\"article:published_time\" content=\"2025-05-19T14:06:23+00:00\" \/>\n<meta property=\"article:modified_time\" content=\"2025-05-19T14:06:27+00:00\" \/>\n<meta name=\"author\" content=\"lilicrivello\" \/>\n<meta name=\"twitter:card\" content=\"summary_large_image\" \/>\n<meta name=\"twitter:label1\" content=\"Escrito por\" \/>\n\t<meta name=\"twitter:data1\" content=\"lilicrivello\" \/>\n\t<meta name=\"twitter:label2\" content=\"Est. tempo de leitura\" \/>\n\t<meta name=\"twitter:data2\" content=\"1 minuto\" \/>\n<script type=\"application\/ld+json\" class=\"yoast-schema-graph\">{\"@context\":\"https:\/\/schema.org\",\"@graph\":[{\"@type\":\"WebPage\",\"@id\":\"https:\/\/www.pmpf.rs.gov.br\/secretaria-de-seguranca-publica\/2025\/05\/19\/municipio-promove-operacao-periodica-para-seguranca-no-transito\/\",\"url\":\"https:\/\/www.pmpf.rs.gov.br\/secretaria-de-seguranca-publica\/2025\/05\/19\/municipio-promove-operacao-periodica-para-seguranca-no-transito\/\",\"name\":\"Munic\u00edpio promove opera\u00e7\u00e3o peri\u00f3dica para seguran\u00e7a no tr\u00e2nsito - Secretaria de Seguran\u00e7a P\u00fablica e Transporte\",\"isPartOf\":{\"@id\":\"https:\/\/www.pmpf.rs.gov.br\/secretaria-de-seguranca-publica\/#website\"},\"primaryImageOfPage\":{\"@id\":\"https:\/\/www.pmpf.rs.gov.br\/secretaria-de-seguranca-publica\/2025\/05\/19\/municipio-promove-operacao-periodica-para-seguranca-no-transito\/#primaryimage\"},\"image\":{\"@id\":\"https:\/\/www.pmpf.rs.gov.br\/secretaria-de-seguranca-publica\/2025\/05\/19\/municipio-promove-operacao-periodica-para-seguranca-no-transito\/#primaryimage\"},\"thumbnailUrl\":\"https:\/\/www.pmpf.rs.gov.br\/secretaria-de-seguranca-publica\/wp-content\/uploads\/sites\/54\/2025\/05\/WhatsApp-Image-2025-05-19-at-10.47.45.jpeg\",\"datePublished\":\"2025-05-19T14:06:23+00:00\",\"dateModified\":\"2025-05-19T14:06:27+00:00\",\"author\":{\"@id\":\"https:\/\/www.pmpf.rs.gov.br\/secretaria-de-seguranca-publica\/#\/schema\/person\/6e93b0ab2174b69f691ac4f278ba2d0a\"},\"breadcrumb\":{\"@id\":\"https:\/\/www.pmpf.rs.gov.br\/secretaria-de-seguranca-publica\/2025\/05\/19\/municipio-promove-operacao-periodica-para-seguranca-no-transito\/#breadcrumb\"},\"inLanguage\":\"pt-BR\",\"potentialAction\":[{\"@type\":\"ReadAction\",\"target\":[\"https:\/\/www.pmpf.rs.gov.br\/secretaria-de-seguranca-publica\/2025\/05\/19\/municipio-promove-operacao-periodica-para-seguranca-no-transito\/\"]}]},{\"@type\":\"ImageObject\",\"inLanguage\":\"pt-BR\",\"@id\":\"https:\/\/www.pmpf.rs.gov.br\/secretaria-de-seguranca-publica\/2025\/05\/19\/municipio-promove-operacao-periodica-para-seguranca-no-transito\/#primaryimage\",\"url\":\"https:\/\/www.pmpf.rs.gov.br\/secretaria-de-seguranca-publica\/wp-content\/uploads\/sites\/54\/2025\/05\/WhatsApp-Image-2025-05-19-at-10.47.45.jpeg\",\"contentUrl\":\"https:\/\/www.pmpf.rs.gov.br\/secretaria-de-seguranca-publica\/wp-content\/uploads\/sites\/54\/2025\/05\/WhatsApp-Image-2025-05-19-at-10.47.45.jpeg\",\"width\":1397,\"height\":929},{\"@type\":\"BreadcrumbList\",\"@id\":\"https:\/\/www.pmpf.rs.gov.br\/secretaria-de-seguranca-publica\/2025\/05\/19\/municipio-promove-operacao-periodica-para-seguranca-no-transito\/#breadcrumb\",\"itemListElement\":[{\"@type\":\"ListItem\",\"position\":1,\"name\":\"In\u00edcio\",\"item\":\"https:\/\/www.pmpf.rs.gov.br\/secretaria-de-seguranca-publica\/\"},{\"@type\":\"ListItem\",\"position\":2,\"name\":\"Munic\u00edpio promove opera\u00e7\u00e3o peri\u00f3dica para seguran\u00e7a no tr\u00e2nsito\"}]},{\"@type\":\"WebSite\",\"@id\":\"https:\/\/www.pmpf.rs.gov.br\/secretaria-de-seguranca-publica\/#website\",\"url\":\"https:\/\/www.pmpf.rs.gov.br\/secretaria-de-seguranca-publica\/\",\"name\":\"Secretaria de Seguran\u00e7a P\u00fablica e Transporte\",\"description\":\"S\u00f3 mais um site Prefeitura de Passo Fundo\",\"potentialAction\":[{\"@type\":\"SearchAction\",\"target\":{\"@type\":\"EntryPoint\",\"urlTemplate\":\"https:\/\/www.pmpf.rs.gov.br\/secretaria-de-seguranca-publica\/?s={search_term_string}\"},\"query-input\":{\"@type\":\"PropertyValueSpecification\",\"valueRequired\":true,\"valueName\":\"search_term_string\"}}],\"inLanguage\":\"pt-BR\"},{\"@type\":\"Person\",\"@id\":\"https:\/\/www.pmpf.rs.gov.br\/secretaria-de-seguranca-publica\/#\/schema\/person\/6e93b0ab2174b69f691ac4f278ba2d0a\",\"name\":\"lilicrivello\",\"image\":{\"@type\":\"ImageObject\",\"inLanguage\":\"pt-BR\",\"@id\":\"https:\/\/www.pmpf.rs.gov.br\/secretaria-de-seguranca-publica\/#\/schema\/person\/image\/\",\"url\":\"https:\/\/secure.gravatar.com\/avatar\/0b546b667388f8edb7b67d70a57b5e46?s=96&d=mm&r=g\",\"contentUrl\":\"https:\/\/secure.gravatar.com\/avatar\/0b546b667388f8edb7b67d70a57b5e46?s=96&d=mm&r=g\",\"caption\":\"lilicrivello\"},\"url\":\"https:\/\/www.pmpf.rs.gov.br\/secretaria-de-seguranca-publica\/author\/lilicrivello\/\"}]}<\/script>\n<!-- \/ Yoast SEO plugin. -->","yoast_head_json":{"title":"Munic\u00edpio promove opera\u00e7\u00e3o peri\u00f3dica para seguran\u00e7a no tr\u00e2nsito - Secretaria de Seguran\u00e7a P\u00fablica e Transporte","robots":{"index":"index","follow":"follow","max-snippet":"max-snippet:-1","max-image-preview":"max-image-preview:large","max-video-preview":"max-video-preview:-1"},"canonical":"https:\/\/www.pmpf.rs.gov.br\/secretaria-de-seguranca-publica\/2025\/05\/19\/municipio-promove-operacao-periodica-para-seguranca-no-transito\/","og_locale":"pt_BR","og_type":"article","og_title":"Munic\u00edpio promove opera\u00e7\u00e3o peri\u00f3dica para seguran\u00e7a no tr\u00e2nsito - Secretaria de Seguran\u00e7a P\u00fablica e Transporte","og_description":"A\u00e7\u00e3o acontece quinzenalmente e busca melhorar a seguran\u00e7a no tr\u00e2nsito da cidade","og_url":"https:\/\/www.pmpf.rs.gov.br\/secretaria-de-seguranca-publica\/2025\/05\/19\/municipio-promove-operacao-periodica-para-seguranca-no-transito\/","og_site_name":"Secretaria de Seguran\u00e7a P\u00fablica e Transporte","article_published_time":"2025-05-19T14:06:23+00:00","article_modified_time":"2025-05-19T14:06:27+00:00","author":"lilicrivello","twitter_card":"summary_large_image","twitter_misc":{"Escrito por":"lilicrivello","Est. tempo de leitura":"1 minuto"},"schema":{"@context":"https:\/\/schema.org","@graph":[{"@type":"WebPage","@id":"https:\/\/www.pmpf.rs.gov.br\/secretaria-de-seguranca-publica\/2025\/05\/19\/municipio-promove-operacao-periodica-para-seguranca-no-transito\/","url":"https:\/\/www.pmpf.rs.gov.br\/secretaria-de-seguranca-publica\/2025\/05\/19\/municipio-promove-operacao-periodica-para-seguranca-no-transito\/","name":"Munic\u00edpio promove opera\u00e7\u00e3o peri\u00f3dica para seguran\u00e7a no tr\u00e2nsito - Secretaria de Seguran\u00e7a P\u00fablica e Transporte","isPartOf":{"@id":"https:\/\/www.pmpf.rs.gov.br\/secretaria-de-seguranca-publica\/#website"},"primaryImageOfPage":{"@id":"https:\/\/www.pmpf.rs.gov.br\/secretaria-de-seguranca-publica\/2025\/05\/19\/municipio-promove-operacao-periodica-para-seguranca-no-transito\/#primaryimage"},"image":{"@id":"https:\/\/www.pmpf.rs.gov.br\/secretaria-de-seguranca-publica\/2025\/05\/19\/municipio-promove-operacao-periodica-para-seguranca-no-transito\/#primaryimage"},"thumbnailUrl":"https:\/\/www.pmpf.rs.gov.br\/secretaria-de-seguranca-publica\/wp-content\/uploads\/sites\/54\/2025\/05\/WhatsApp-Image-2025-05-19-at-10.47.45.jpeg","datePublished":"2025-05-19T14:06:23+00:00","dateModified":"2025-05-19T14:06:27+00:00","author":{"@id":"https:\/\/www.pmpf.rs.gov.br\/secretaria-de-seguranca-publica\/#\/schema\/person\/6e93b0ab2174b69f691ac4f278ba2d0a"},"breadcrumb":{"@id":"https:\/\/www.pmpf.rs.gov.br\/secretaria-de-seguranca-publica\/2025\/05\/19\/municipio-promove-operacao-periodica-para-seguranca-no-transito\/#breadcrumb"},"inLanguage":"pt-BR","potentialAction":[{"@type":"ReadAction","target":["https:\/\/www.pmpf.rs.gov.br\/secretaria-de-seguranca-publica\/2025\/05\/19\/municipio-promove-operacao-periodica-para-seguranca-no-transito\/"]}]},{"@type":"ImageObject","inLanguage":"pt-BR","@id":"https:\/\/www.pmpf.rs.gov.br\/secretaria-de-seguranca-publica\/2025\/05\/19\/municipio-promove-operacao-periodica-para-seguranca-no-transito\/#primaryimage","url":"https:\/\/www.pmpf.rs.gov.br\/secretaria-de-seguranca-publica\/wp-content\/uploads\/sites\/54\/2025\/05\/WhatsApp-Image-2025-05-19-at-10.47.45.jpeg","contentUrl":"https:\/\/www.pmpf.rs.gov.br\/secretaria-de-seguranca-publica\/wp-content\/uploads\/sites\/54\/2025\/05\/WhatsApp-Image-2025-05-19-at-10.47.45.jpeg","width":1397,"height":929},{"@type":"BreadcrumbList","@id":"https:\/\/www.pmpf.rs.gov.br\/secretaria-de-seguranca-publica\/2025\/05\/19\/municipio-promove-operacao-periodica-para-seguranca-no-transito\/#breadcrumb","itemListElement":[{"@type":"ListItem","position":1,"name":"In\u00edcio","item":"https:\/\/www.pmpf.rs.gov.br\/secretaria-de-seguranca-publica\/"},{"@type":"ListItem","position":2,"name":"Munic\u00edpio promove opera\u00e7\u00e3o peri\u00f3dica para seguran\u00e7a no tr\u00e2nsito"}]},{"@type":"WebSite","@id":"https:\/\/www.pmpf.rs.gov.br\/secretaria-de-seguranca-publica\/#website","url":"https:\/\/www.pmpf.rs.gov.br\/secretaria-de-seguranca-publica\/","name":"Secretaria de Seguran\u00e7a P\u00fablica e Transporte","description":"S\u00f3 mais um site Prefeitura de Passo Fundo","potentialAction":[{"@type":"SearchAction","target":{"@type":"EntryPoint","urlTemplate":"https:\/\/www.pmpf.rs.gov.br\/secretaria-de-seguranca-publica\/?s={search_term_string}"},"query-input":{"@type":"PropertyValueSpecification","valueRequired":true,"valueName":"search_term_string"}}],"inLanguage":"pt-BR"},{"@type":"Person","@id":"https:\/\/www.pmpf.rs.gov.br\/secretaria-de-seguranca-publica\/#\/schema\/person\/6e93b0ab2174b69f691ac4f278ba2d0a","name":"lilicrivello","image":{"@type":"ImageObject","inLanguage":"pt-BR","@id":"https:\/\/www.pmpf.rs.gov.br\/secretaria-de-seguranca-publica\/#\/schema\/person\/image\/","url":"https:\/\/secure.gravatar.com\/avatar\/0b546b667388f8edb7b67d70a57b5e46?s=96&d=mm&r=g","contentUrl":"https:\/\/secure.gravatar.com\/avatar\/0b546b667388f8edb7b67d70a57b5e46?s=96&d=mm&r=g","caption":"lilicrivello"},"url":"https:\/\/www.pmpf.rs.gov.br\/secretaria-de-seguranca-publica\/author\/lilicrivello\/"}]}},"_links":{"self":[{"href":"https:\/\/www.pmpf.rs.gov.br\/secretaria-de-seguranca-publica\/wp-json\/wp\/v2\/posts\/1225"}],"collection":[{"href":"https:\/\/www.pmpf.rs.gov.br\/secretaria-de-seguranca-publica\/wp-json\/wp\/v2\/posts"}],"about":[{"href":"https:\/\/www.pmpf.rs.gov.br\/secretaria-de-seguranca-publica\/wp-json\/wp\/v2\/types\/post"}],"author":[{"embeddable":true,"href":"https:\/\/www.pmpf.rs.gov.br\/secretaria-de-seguranca-publica\/wp-json\/wp\/v2\/users\/24"}],"replies":[{"embeddable":true,"href":"https:\/\/www.pmpf.rs.gov.br\/secretaria-de-seguranca-publica\/wp-json\/wp\/v2\/comments?post=1225"}],"version-history":[{"count":1,"href":"https:\/\/www.pmpf.rs.gov.br\/secretaria-de-seguranca-publica\/wp-json\/wp\/v2\/posts\/1225\/revisions"}],"predecessor-version":[{"id":1227,"href":"https:\/\/www.pmpf.rs.gov.br\/secretaria-de-seguranca-publica\/wp-json\/wp\/v2\/posts\/1225\/revisions\/1227"}],"wp:featuredmedia":[{"embeddable":true,"href":"https:\/\/www.pmpf.rs.gov.br\/secretaria-de-seguranca-publica\/wp-json\/wp\/v2\/media\/1226"}],"wp:attachment":[{"href":"https:\/\/www.pmpf.rs.gov.br\/secretaria-de-seguranca-publica\/wp-json\/wp\/v2\/media?parent=1225"}],"wp:term":[{"taxonomy":"category","embeddable":true,"href":"https:\/\/www.pmpf.rs.gov.br\/secretaria-de-seguranca-publica\/wp-json\/wp\/v2\/categories?post=1225"},{"taxonomy":"post_tag","embeddable":true,"href":"https:\/\/www.pmpf.rs.gov.br\/secretaria-de-seguranca-publica\/wp-json\/wp\/v2\/tags?post=1225"}],"curies":[{"name":"wp","href":"https:\/\/api.w.org\/{rel}","templated":true}]}}