{"id":1222,"date":"2025-05-13T09:00:03","date_gmt":"2025-05-13T12:00:03","guid":{"rendered":"https:\/\/www.pmpf.rs.gov.br\/secretaria-de-seguranca-publica\/?p=1222"},"modified":"2025-05-13T09:00:05","modified_gmt":"2025-05-13T12:00:05","slug":"prefeitura-forma-novos-agentes-de-transito-para-reforcar-a-seguranca-viaria-da-cidade","status":"publish","type":"post","link":"https:\/\/www.pmpf.rs.gov.br\/secretaria-de-seguranca-publica\/2025\/05\/13\/prefeitura-forma-novos-agentes-de-transito-para-reforcar-a-seguranca-viaria-da-cidade\/","title":{"rendered":"Prefeitura forma novos agentes de tr\u00e2nsito para refor\u00e7ar a seguran\u00e7a vi\u00e1ria da cidade"},"content":{"rendered":"\n<p><\/p>\n\n\n\n<p>A Prefeitura realizou, nesta segunda-feira (12), a cerim\u00f4nia de formatura dos novos agentes, com o objetivo de qualificar e refor\u00e7ar o efetivo respons\u00e1vel pela organiza\u00e7\u00e3o e fiscaliza\u00e7\u00e3o do tr\u00e2nsito.<\/p>\n\n\n\n<p>Ao todo, 14 novos agentes conclu\u00edram o curso de forma\u00e7\u00e3o, que teve in\u00edcio em fevereiro deste ano e totalizou 380 horas\/aula, entre conte\u00fados te\u00f3ricos e pr\u00e1ticos. A capacita\u00e7\u00e3o abrangeu 12 m\u00f3dulos, com temas como legisla\u00e7\u00e3o de tr\u00e2nsito, primeiros socorros, abordagem segura, \u00e9tica, rela\u00e7\u00f5es interpessoais, educa\u00e7\u00e3o para o tr\u00e2nsito e direito penal e administrativo.<\/p>\n\n\n\n<p>O curso foi coordenado pelo agente Cristiano Novello, que possui 25 anos de experi\u00eancia na \u00e1rea, forma\u00e7\u00e3o em Administra\u00e7\u00e3o, p\u00f3s-gradua\u00e7\u00e3o em Direito de Tr\u00e2nsito e certifica\u00e7\u00e3o como instrutor pelo Detran. A forma\u00e7\u00e3o foi ministrada por profissionais da Prefeitura com ampla viv\u00eancia na \u00e1rea de tr\u00e2nsito.<\/p>\n\n\n\n<p>O prefeito Pedro Almeida destacou a relev\u00e2ncia do momento para a cidade. \u201cEsse \u00e9 mais um passo importante que damos para qualificar o servi\u00e7o p\u00fablico e melhorar a mobilidade urbana. Os novos agentes chegam preparados, com forma\u00e7\u00e3o s\u00f3lida e orientada pela pr\u00e1tica local. Eles ter\u00e3o papel essencial para garantir mais seguran\u00e7a, organiza\u00e7\u00e3o e respeito no tr\u00e2nsito de Passo Fundo\u201d, afirmou o prefeito.<\/p>\n\n\n\n<p>O secret\u00e1rio de Seguran\u00e7a P\u00fablica, Tadeu Moraes Trindade, ressaltou a constru\u00e7\u00e3o coletiva e t\u00e9cnica do processo formativo. \u201cNosso foco foi oferecer uma forma\u00e7\u00e3o que unisse teoria e pr\u00e1tica, respeitando a realidade das ruas e das pessoas. O tr\u00e2nsito \u00e9 uma extens\u00e3o do conv\u00edvio social, e o agente precisa estar preparado para agir com autoridade, mas tamb\u00e9m com empatia e bom senso. Esses 14 novos profissionais saem daqui prontos para esse desafio\u201d, frisou.<\/p>\n\n\n\n<p>Representando a turma, a formanda Giulia Segala falou emocionada sobre a import\u00e2ncia do curso na sua trajet\u00f3ria. \u201cForam meses de muita dedica\u00e7\u00e3o, aprendizado e troca com instrutores e colegas. Mais do que um certificado, sa\u00edmos daqui com a responsabilidade de servir \u00e0 cidade com respeito, profissionalismo e compromisso com a vida. Estou muito orgulhosa de fazer parte dessa nova etapa da seguran\u00e7a vi\u00e1ria de Passo Fundo.\u201d<\/p>\n\n\n\n<p>O evento contou com a presen\u00e7a de autoridades municipais, instrutores e familiares dos formandos e foi marcado tamb\u00e9m pela entrega dos certificados, celebrando o encerramento do ciclo de forma\u00e7\u00e3o e o in\u00edcio da atua\u00e7\u00e3o dos novos agentes junto \u00e0 Secretaria de Seguran\u00e7a P\u00fablica.<\/p>\n","protected":false},"excerpt":{"rendered":"<p>Curso de forma\u00e7\u00e3o teve 380 horas de capacita\u00e7\u00e3o t\u00e9cnica e pr\u00e1tica; profissionais j\u00e1 est\u00e3o aptos a atuar nas ruas de Passo Fundo<\/p>\n","protected":false},"author":24,"featured_media":1223,"comment_status":"closed","ping_status":"closed","sticky":false,"template":"","format":"standard","meta":{"footnotes":""},"categories":[1],"tags":[],"class_list":["post-1222","post","type-post","status-publish","format-standard","has-post-thumbnail","hentry","category-sem-categoria"],"yoast_head":"<!-- This site is optimized with the Yoast SEO plugin v23.8 - https:\/\/yoast.com\/wordpress\/plugins\/seo\/ -->\n<title>Prefeitura forma novos agentes de tr\u00e2nsito para refor\u00e7ar a seguran\u00e7a vi\u00e1ria da cidade - Secretaria de Seguran\u00e7a P\u00fablica e Transporte<\/title>\n<meta name=\"robots\" content=\"index, follow, max-snippet:-1, max-image-preview:large, max-video-preview:-1\" \/>\n<link rel=\"canonical\" href=\"https:\/\/www.pmpf.rs.gov.br\/secretaria-de-seguranca-publica\/2025\/05\/13\/prefeitura-forma-novos-agentes-de-transito-para-reforcar-a-seguranca-viaria-da-cidade\/\" \/>\n<meta property=\"og:locale\" content=\"pt_BR\" \/>\n<meta property=\"og:type\" content=\"article\" \/>\n<meta property=\"og:title\" content=\"Prefeitura forma novos agentes de tr\u00e2nsito para refor\u00e7ar a seguran\u00e7a vi\u00e1ria da cidade - Secretaria de Seguran\u00e7a P\u00fablica e Transporte\" \/>\n<meta property=\"og:description\" content=\"Curso de forma\u00e7\u00e3o teve 380 horas de capacita\u00e7\u00e3o t\u00e9cnica e pr\u00e1tica; profissionais j\u00e1 est\u00e3o aptos a atuar nas ruas de Passo Fundo\" \/>\n<meta property=\"og:url\" content=\"https:\/\/www.pmpf.rs.gov.br\/secretaria-de-seguranca-publica\/2025\/05\/13\/prefeitura-forma-novos-agentes-de-transito-para-reforcar-a-seguranca-viaria-da-cidade\/\" \/>\n<meta property=\"og:site_name\" content=\"Secretaria de Seguran\u00e7a P\u00fablica e Transporte\" \/>\n<meta property=\"article:published_time\" content=\"2025-05-13T12:00:03+00:00\" \/>\n<meta property=\"article:modified_time\" content=\"2025-05-13T12:00:05+00:00\" \/>\n<meta name=\"author\" content=\"lilicrivello\" \/>\n<meta name=\"twitter:card\" content=\"summary_large_image\" \/>\n<meta name=\"twitter:label1\" content=\"Escrito por\" \/>\n\t<meta name=\"twitter:data1\" content=\"lilicrivello\" \/>\n\t<meta name=\"twitter:label2\" content=\"Est. tempo de leitura\" \/>\n\t<meta name=\"twitter:data2\" content=\"2 minutos\" \/>\n<script type=\"application\/ld+json\" class=\"yoast-schema-graph\">{\"@context\":\"https:\/\/schema.org\",\"@graph\":[{\"@type\":\"WebPage\",\"@id\":\"https:\/\/www.pmpf.rs.gov.br\/secretaria-de-seguranca-publica\/2025\/05\/13\/prefeitura-forma-novos-agentes-de-transito-para-reforcar-a-seguranca-viaria-da-cidade\/\",\"url\":\"https:\/\/www.pmpf.rs.gov.br\/secretaria-de-seguranca-publica\/2025\/05\/13\/prefeitura-forma-novos-agentes-de-transito-para-reforcar-a-seguranca-viaria-da-cidade\/\",\"name\":\"Prefeitura forma novos agentes de tr\u00e2nsito para refor\u00e7ar a seguran\u00e7a vi\u00e1ria da cidade - Secretaria de Seguran\u00e7a P\u00fablica e Transporte\",\"isPartOf\":{\"@id\":\"https:\/\/www.pmpf.rs.gov.br\/secretaria-de-seguranca-publica\/#website\"},\"primaryImageOfPage\":{\"@id\":\"https:\/\/www.pmpf.rs.gov.br\/secretaria-de-seguranca-publica\/2025\/05\/13\/prefeitura-forma-novos-agentes-de-transito-para-reforcar-a-seguranca-viaria-da-cidade\/#primaryimage\"},\"image\":{\"@id\":\"https:\/\/www.pmpf.rs.gov.br\/secretaria-de-seguranca-publica\/2025\/05\/13\/prefeitura-forma-novos-agentes-de-transito-para-reforcar-a-seguranca-viaria-da-cidade\/#primaryimage\"},\"thumbnailUrl\":\"https:\/\/www.pmpf.rs.gov.br\/secretaria-de-seguranca-publica\/wp-content\/uploads\/sites\/54\/2025\/05\/WhatsApp-Image-2025-05-12-at-21.00.23.jpeg\",\"datePublished\":\"2025-05-13T12:00:03+00:00\",\"dateModified\":\"2025-05-13T12:00:05+00:00\",\"author\":{\"@id\":\"https:\/\/www.pmpf.rs.gov.br\/secretaria-de-seguranca-publica\/#\/schema\/person\/6e93b0ab2174b69f691ac4f278ba2d0a\"},\"breadcrumb\":{\"@id\":\"https:\/\/www.pmpf.rs.gov.br\/secretaria-de-seguranca-publica\/2025\/05\/13\/prefeitura-forma-novos-agentes-de-transito-para-reforcar-a-seguranca-viaria-da-cidade\/#breadcrumb\"},\"inLanguage\":\"pt-BR\",\"potentialAction\":[{\"@type\":\"ReadAction\",\"target\":[\"https:\/\/www.pmpf.rs.gov.br\/secretaria-de-seguranca-publica\/2025\/05\/13\/prefeitura-forma-novos-agentes-de-transito-para-reforcar-a-seguranca-viaria-da-cidade\/\"]}]},{\"@type\":\"ImageObject\",\"inLanguage\":\"pt-BR\",\"@id\":\"https:\/\/www.pmpf.rs.gov.br\/secretaria-de-seguranca-publica\/2025\/05\/13\/prefeitura-forma-novos-agentes-de-transito-para-reforcar-a-seguranca-viaria-da-cidade\/#primaryimage\",\"url\":\"https:\/\/www.pmpf.rs.gov.br\/secretaria-de-seguranca-publica\/wp-content\/uploads\/sites\/54\/2025\/05\/WhatsApp-Image-2025-05-12-at-21.00.23.jpeg\",\"contentUrl\":\"https:\/\/www.pmpf.rs.gov.br\/secretaria-de-seguranca-publica\/wp-content\/uploads\/sites\/54\/2025\/05\/WhatsApp-Image-2025-05-12-at-21.00.23.jpeg\",\"width\":1616,\"height\":1080},{\"@type\":\"BreadcrumbList\",\"@id\":\"https:\/\/www.pmpf.rs.gov.br\/secretaria-de-seguranca-publica\/2025\/05\/13\/prefeitura-forma-novos-agentes-de-transito-para-reforcar-a-seguranca-viaria-da-cidade\/#breadcrumb\",\"itemListElement\":[{\"@type\":\"ListItem\",\"position\":1,\"name\":\"In\u00edcio\",\"item\":\"https:\/\/www.pmpf.rs.gov.br\/secretaria-de-seguranca-publica\/\"},{\"@type\":\"ListItem\",\"position\":2,\"name\":\"Prefeitura forma novos agentes de tr\u00e2nsito para refor\u00e7ar a seguran\u00e7a vi\u00e1ria da cidade\"}]},{\"@type\":\"WebSite\",\"@id\":\"https:\/\/www.pmpf.rs.gov.br\/secretaria-de-seguranca-publica\/#website\",\"url\":\"https:\/\/www.pmpf.rs.gov.br\/secretaria-de-seguranca-publica\/\",\"name\":\"Secretaria de Seguran\u00e7a P\u00fablica e Transporte\",\"description\":\"S\u00f3 mais um site Prefeitura de Passo Fundo\",\"potentialAction\":[{\"@type\":\"SearchAction\",\"target\":{\"@type\":\"EntryPoint\",\"urlTemplate\":\"https:\/\/www.pmpf.rs.gov.br\/secretaria-de-seguranca-publica\/?s={search_term_string}\"},\"query-input\":{\"@type\":\"PropertyValueSpecification\",\"valueRequired\":true,\"valueName\":\"search_term_string\"}}],\"inLanguage\":\"pt-BR\"},{\"@type\":\"Person\",\"@id\":\"https:\/\/www.pmpf.rs.gov.br\/secretaria-de-seguranca-publica\/#\/schema\/person\/6e93b0ab2174b69f691ac4f278ba2d0a\",\"name\":\"lilicrivello\",\"image\":{\"@type\":\"ImageObject\",\"inLanguage\":\"pt-BR\",\"@id\":\"https:\/\/www.pmpf.rs.gov.br\/secretaria-de-seguranca-publica\/#\/schema\/person\/image\/\",\"url\":\"https:\/\/secure.gravatar.com\/avatar\/0b546b667388f8edb7b67d70a57b5e46?s=96&d=mm&r=g\",\"contentUrl\":\"https:\/\/secure.gravatar.com\/avatar\/0b546b667388f8edb7b67d70a57b5e46?s=96&d=mm&r=g\",\"caption\":\"lilicrivello\"},\"url\":\"https:\/\/www.pmpf.rs.gov.br\/secretaria-de-seguranca-publica\/author\/lilicrivello\/\"}]}<\/script>\n<!-- \/ Yoast SEO plugin. -->","yoast_head_json":{"title":"Prefeitura forma novos agentes de tr\u00e2nsito para refor\u00e7ar a seguran\u00e7a vi\u00e1ria da cidade - Secretaria de Seguran\u00e7a P\u00fablica e Transporte","robots":{"index":"index","follow":"follow","max-snippet":"max-snippet:-1","max-image-preview":"max-image-preview:large","max-video-preview":"max-video-preview:-1"},"canonical":"https:\/\/www.pmpf.rs.gov.br\/secretaria-de-seguranca-publica\/2025\/05\/13\/prefeitura-forma-novos-agentes-de-transito-para-reforcar-a-seguranca-viaria-da-cidade\/","og_locale":"pt_BR","og_type":"article","og_title":"Prefeitura forma novos agentes de tr\u00e2nsito para refor\u00e7ar a seguran\u00e7a vi\u00e1ria da cidade - Secretaria de Seguran\u00e7a P\u00fablica e Transporte","og_description":"Curso de forma\u00e7\u00e3o teve 380 horas de capacita\u00e7\u00e3o t\u00e9cnica e pr\u00e1tica; profissionais j\u00e1 est\u00e3o aptos a atuar nas ruas de Passo Fundo","og_url":"https:\/\/www.pmpf.rs.gov.br\/secretaria-de-seguranca-publica\/2025\/05\/13\/prefeitura-forma-novos-agentes-de-transito-para-reforcar-a-seguranca-viaria-da-cidade\/","og_site_name":"Secretaria de Seguran\u00e7a P\u00fablica e Transporte","article_published_time":"2025-05-13T12:00:03+00:00","article_modified_time":"2025-05-13T12:00:05+00:00","author":"lilicrivello","twitter_card":"summary_large_image","twitter_misc":{"Escrito por":"lilicrivello","Est. tempo de leitura":"2 minutos"},"schema":{"@context":"https:\/\/schema.org","@graph":[{"@type":"WebPage","@id":"https:\/\/www.pmpf.rs.gov.br\/secretaria-de-seguranca-publica\/2025\/05\/13\/prefeitura-forma-novos-agentes-de-transito-para-reforcar-a-seguranca-viaria-da-cidade\/","url":"https:\/\/www.pmpf.rs.gov.br\/secretaria-de-seguranca-publica\/2025\/05\/13\/prefeitura-forma-novos-agentes-de-transito-para-reforcar-a-seguranca-viaria-da-cidade\/","name":"Prefeitura forma novos agentes de tr\u00e2nsito para refor\u00e7ar a seguran\u00e7a vi\u00e1ria da cidade - Secretaria de Seguran\u00e7a P\u00fablica e Transporte","isPartOf":{"@id":"https:\/\/www.pmpf.rs.gov.br\/secretaria-de-seguranca-publica\/#website"},"primaryImageOfPage":{"@id":"https:\/\/www.pmpf.rs.gov.br\/secretaria-de-seguranca-publica\/2025\/05\/13\/prefeitura-forma-novos-agentes-de-transito-para-reforcar-a-seguranca-viaria-da-cidade\/#primaryimage"},"image":{"@id":"https:\/\/www.pmpf.rs.gov.br\/secretaria-de-seguranca-publica\/2025\/05\/13\/prefeitura-forma-novos-agentes-de-transito-para-reforcar-a-seguranca-viaria-da-cidade\/#primaryimage"},"thumbnailUrl":"https:\/\/www.pmpf.rs.gov.br\/secretaria-de-seguranca-publica\/wp-content\/uploads\/sites\/54\/2025\/05\/WhatsApp-Image-2025-05-12-at-21.00.23.jpeg","datePublished":"2025-05-13T12:00:03+00:00","dateModified":"2025-05-13T12:00:05+00:00","author":{"@id":"https:\/\/www.pmpf.rs.gov.br\/secretaria-de-seguranca-publica\/#\/schema\/person\/6e93b0ab2174b69f691ac4f278ba2d0a"},"breadcrumb":{"@id":"https:\/\/www.pmpf.rs.gov.br\/secretaria-de-seguranca-publica\/2025\/05\/13\/prefeitura-forma-novos-agentes-de-transito-para-reforcar-a-seguranca-viaria-da-cidade\/#breadcrumb"},"inLanguage":"pt-BR","potentialAction":[{"@type":"ReadAction","target":["https:\/\/www.pmpf.rs.gov.br\/secretaria-de-seguranca-publica\/2025\/05\/13\/prefeitura-forma-novos-agentes-de-transito-para-reforcar-a-seguranca-viaria-da-cidade\/"]}]},{"@type":"ImageObject","inLanguage":"pt-BR","@id":"https:\/\/www.pmpf.rs.gov.br\/secretaria-de-seguranca-publica\/2025\/05\/13\/prefeitura-forma-novos-agentes-de-transito-para-reforcar-a-seguranca-viaria-da-cidade\/#primaryimage","url":"https:\/\/www.pmpf.rs.gov.br\/secretaria-de-seguranca-publica\/wp-content\/uploads\/sites\/54\/2025\/05\/WhatsApp-Image-2025-05-12-at-21.00.23.jpeg","contentUrl":"https:\/\/www.pmpf.rs.gov.br\/secretaria-de-seguranca-publica\/wp-content\/uploads\/sites\/54\/2025\/05\/WhatsApp-Image-2025-05-12-at-21.00.23.jpeg","width":1616,"height":1080},{"@type":"BreadcrumbList","@id":"https:\/\/www.pmpf.rs.gov.br\/secretaria-de-seguranca-publica\/2025\/05\/13\/prefeitura-forma-novos-agentes-de-transito-para-reforcar-a-seguranca-viaria-da-cidade\/#breadcrumb","itemListElement":[{"@type":"ListItem","position":1,"name":"In\u00edcio","item":"https:\/\/www.pmpf.rs.gov.br\/secretaria-de-seguranca-publica\/"},{"@type":"ListItem","position":2,"name":"Prefeitura forma novos agentes de tr\u00e2nsito para refor\u00e7ar a seguran\u00e7a vi\u00e1ria da cidade"}]},{"@type":"WebSite","@id":"https:\/\/www.pmpf.rs.gov.br\/secretaria-de-seguranca-publica\/#website","url":"https:\/\/www.pmpf.rs.gov.br\/secretaria-de-seguranca-publica\/","name":"Secretaria de Seguran\u00e7a P\u00fablica e Transporte","description":"S\u00f3 mais um site Prefeitura de Passo Fundo","potentialAction":[{"@type":"SearchAction","target":{"@type":"EntryPoint","urlTemplate":"https:\/\/www.pmpf.rs.gov.br\/secretaria-de-seguranca-publica\/?s={search_term_string}"},"query-input":{"@type":"PropertyValueSpecification","valueRequired":true,"valueName":"search_term_string"}}],"inLanguage":"pt-BR"},{"@type":"Person","@id":"https:\/\/www.pmpf.rs.gov.br\/secretaria-de-seguranca-publica\/#\/schema\/person\/6e93b0ab2174b69f691ac4f278ba2d0a","name":"lilicrivello","image":{"@type":"ImageObject","inLanguage":"pt-BR","@id":"https:\/\/www.pmpf.rs.gov.br\/secretaria-de-seguranca-publica\/#\/schema\/person\/image\/","url":"https:\/\/secure.gravatar.com\/avatar\/0b546b667388f8edb7b67d70a57b5e46?s=96&d=mm&r=g","contentUrl":"https:\/\/secure.gravatar.com\/avatar\/0b546b667388f8edb7b67d70a57b5e46?s=96&d=mm&r=g","caption":"lilicrivello"},"url":"https:\/\/www.pmpf.rs.gov.br\/secretaria-de-seguranca-publica\/author\/lilicrivello\/"}]}},"_links":{"self":[{"href":"https:\/\/www.pmpf.rs.gov.br\/secretaria-de-seguranca-publica\/wp-json\/wp\/v2\/posts\/1222"}],"collection":[{"href":"https:\/\/www.pmpf.rs.gov.br\/secretaria-de-seguranca-publica\/wp-json\/wp\/v2\/posts"}],"about":[{"href":"https:\/\/www.pmpf.rs.gov.br\/secretaria-de-seguranca-publica\/wp-json\/wp\/v2\/types\/post"}],"author":[{"embeddable":true,"href":"https:\/\/www.pmpf.rs.gov.br\/secretaria-de-seguranca-publica\/wp-json\/wp\/v2\/users\/24"}],"replies":[{"embeddable":true,"href":"https:\/\/www.pmpf.rs.gov.br\/secretaria-de-seguranca-publica\/wp-json\/wp\/v2\/comments?post=1222"}],"version-history":[{"count":1,"href":"https:\/\/www.pmpf.rs.gov.br\/secretaria-de-seguranca-publica\/wp-json\/wp\/v2\/posts\/1222\/revisions"}],"predecessor-version":[{"id":1224,"href":"https:\/\/www.pmpf.rs.gov.br\/secretaria-de-seguranca-publica\/wp-json\/wp\/v2\/posts\/1222\/revisions\/1224"}],"wp:featuredmedia":[{"embeddable":true,"href":"https:\/\/www.pmpf.rs.gov.br\/secretaria-de-seguranca-publica\/wp-json\/wp\/v2\/media\/1223"}],"wp:attachment":[{"href":"https:\/\/www.pmpf.rs.gov.br\/secretaria-de-seguranca-publica\/wp-json\/wp\/v2\/media?parent=1222"}],"wp:term":[{"taxonomy":"category","embeddable":true,"href":"https:\/\/www.pmpf.rs.gov.br\/secretaria-de-seguranca-publica\/wp-json\/wp\/v2\/categories?post=1222"},{"taxonomy":"post_tag","embeddable":true,"href":"https:\/\/www.pmpf.rs.gov.br\/secretaria-de-seguranca-publica\/wp-json\/wp\/v2\/tags?post=1222"}],"curies":[{"name":"wp","href":"https:\/\/api.w.org\/{rel}","templated":true}]}}