{"id":1212,"date":"2025-05-06T10:54:17","date_gmt":"2025-05-06T13:54:17","guid":{"rendered":"https:\/\/www.pmpf.rs.gov.br\/secretaria-de-seguranca-publica\/?p=1212"},"modified":"2025-05-06T10:54:19","modified_gmt":"2025-05-06T13:54:19","slug":"operacao-balada-segura-aborda-195-veiculos-e-recolhe-40-cnhs-em-acao-na-madrugada-deste-domingo","status":"publish","type":"post","link":"https:\/\/www.pmpf.rs.gov.br\/secretaria-de-seguranca-publica\/2025\/05\/06\/operacao-balada-segura-aborda-195-veiculos-e-recolhe-40-cnhs-em-acao-na-madrugada-deste-domingo\/","title":{"rendered":"Opera\u00e7\u00e3o Balada Segura aborda 195 ve\u00edculos e recolhe 40 CNHs em a\u00e7\u00e3o na madrugada deste domingo"},"content":{"rendered":"\n<p><\/p>\n\n\n\n<p>Na madrugada deste domingo (4), a Prefeitura de Passo Fundo, por meio da Guarda Municipal de Tr\u00e2nsito, com apoio da Brigada Militar, realizou mais uma edi\u00e7\u00e3o da Opera\u00e7\u00e3o Balada Segura em dois pontos estrat\u00e9gicos da cidade. As barreiras foram montadas simultaneamente na Rua Independ\u00eancia, n\u00ba 270, e na Rua Capit\u00e3o Eleut\u00e9rio, n\u00ba 429.<\/p>\n\n\n\n<p>Durante a a\u00e7\u00e3o, foram abordados 195 ve\u00edculos e identificadas 226 pessoas. Como resultado da fiscaliza\u00e7\u00e3o, 13 ve\u00edculos foram recolhidos ao p\u00e1tio do guincho, no bairro Petr\u00f3polis. Al\u00e9m disso, 40 Carteiras Nacionais de Habilita\u00e7\u00e3o (CNHs) foram recolhidas preventivamente.<\/p>\n\n\n\n<p>A opera\u00e7\u00e3o registrou ainda 27 autua\u00e7\u00f5es por recusa ao teste do etil\u00f4metro (baf\u00f4metro) e 10 condutores foram flagrados dirigindo sob efeito de \u00e1lcool. Tr\u00eas motoristas foram autuados e encaminhados \u00e0 Delegacia de Pol\u00edcia de Pronto Atendimento (DPPA) por embriaguez ao volante, conforme os artigos 165 do C\u00f3digo de Tr\u00e2nsito Brasileiro e 306 do C\u00f3digo Penal.<\/p>\n\n\n\n<p>Ao todo, a opera\u00e7\u00e3o resultou na lavratura de 88 autos de infra\u00e7\u00f5es por diversas irregularidades.<\/p>\n","protected":false},"excerpt":{"rendered":"<p>Na madrugada deste domingo (4), a Prefeitura de Passo Fundo, por meio da Guarda Municipal de Tr\u00e2nsito, com apoio da Brigada Militar, realizou mais uma edi\u00e7\u00e3o da Opera\u00e7\u00e3o Balada Segura em dois [&hellip;]<\/p>\n","protected":false},"author":24,"featured_media":1213,"comment_status":"closed","ping_status":"closed","sticky":false,"template":"","format":"standard","meta":{"footnotes":""},"categories":[1],"tags":[],"class_list":["post-1212","post","type-post","status-publish","format-standard","has-post-thumbnail","hentry","category-sem-categoria"],"yoast_head":"<!-- This site is optimized with the Yoast SEO plugin v23.8 - https:\/\/yoast.com\/wordpress\/plugins\/seo\/ -->\n<title>Opera\u00e7\u00e3o Balada Segura aborda 195 ve\u00edculos e recolhe 40 CNHs em a\u00e7\u00e3o na madrugada deste domingo - Secretaria de Seguran\u00e7a P\u00fablica e Transporte<\/title>\n<meta name=\"robots\" content=\"index, follow, max-snippet:-1, max-image-preview:large, max-video-preview:-1\" \/>\n<link rel=\"canonical\" href=\"https:\/\/www.pmpf.rs.gov.br\/secretaria-de-seguranca-publica\/2025\/05\/06\/operacao-balada-segura-aborda-195-veiculos-e-recolhe-40-cnhs-em-acao-na-madrugada-deste-domingo\/\" \/>\n<meta property=\"og:locale\" content=\"pt_BR\" \/>\n<meta property=\"og:type\" content=\"article\" \/>\n<meta property=\"og:title\" content=\"Opera\u00e7\u00e3o Balada Segura aborda 195 ve\u00edculos e recolhe 40 CNHs em a\u00e7\u00e3o na madrugada deste domingo - Secretaria de Seguran\u00e7a P\u00fablica e Transporte\" \/>\n<meta property=\"og:description\" content=\"Na madrugada deste domingo (4), a Prefeitura de Passo Fundo, por meio da Guarda Municipal de Tr\u00e2nsito, com apoio da Brigada Militar, realizou mais uma edi\u00e7\u00e3o da Opera\u00e7\u00e3o Balada Segura em dois [&hellip;]\" \/>\n<meta property=\"og:url\" content=\"https:\/\/www.pmpf.rs.gov.br\/secretaria-de-seguranca-publica\/2025\/05\/06\/operacao-balada-segura-aborda-195-veiculos-e-recolhe-40-cnhs-em-acao-na-madrugada-deste-domingo\/\" \/>\n<meta property=\"og:site_name\" content=\"Secretaria de Seguran\u00e7a P\u00fablica e Transporte\" \/>\n<meta property=\"article:published_time\" content=\"2025-05-06T13:54:17+00:00\" \/>\n<meta property=\"article:modified_time\" content=\"2025-05-06T13:54:19+00:00\" \/>\n<meta name=\"author\" content=\"lilicrivello\" \/>\n<meta name=\"twitter:card\" content=\"summary_large_image\" \/>\n<meta name=\"twitter:label1\" content=\"Escrito por\" \/>\n\t<meta name=\"twitter:data1\" content=\"lilicrivello\" \/>\n\t<meta name=\"twitter:label2\" content=\"Est. tempo de leitura\" \/>\n\t<meta name=\"twitter:data2\" content=\"1 minuto\" \/>\n<script type=\"application\/ld+json\" class=\"yoast-schema-graph\">{\"@context\":\"https:\/\/schema.org\",\"@graph\":[{\"@type\":\"WebPage\",\"@id\":\"https:\/\/www.pmpf.rs.gov.br\/secretaria-de-seguranca-publica\/2025\/05\/06\/operacao-balada-segura-aborda-195-veiculos-e-recolhe-40-cnhs-em-acao-na-madrugada-deste-domingo\/\",\"url\":\"https:\/\/www.pmpf.rs.gov.br\/secretaria-de-seguranca-publica\/2025\/05\/06\/operacao-balada-segura-aborda-195-veiculos-e-recolhe-40-cnhs-em-acao-na-madrugada-deste-domingo\/\",\"name\":\"Opera\u00e7\u00e3o Balada Segura aborda 195 ve\u00edculos e recolhe 40 CNHs em a\u00e7\u00e3o na madrugada deste domingo - Secretaria de Seguran\u00e7a P\u00fablica e Transporte\",\"isPartOf\":{\"@id\":\"https:\/\/www.pmpf.rs.gov.br\/secretaria-de-seguranca-publica\/#website\"},\"primaryImageOfPage\":{\"@id\":\"https:\/\/www.pmpf.rs.gov.br\/secretaria-de-seguranca-publica\/2025\/05\/06\/operacao-balada-segura-aborda-195-veiculos-e-recolhe-40-cnhs-em-acao-na-madrugada-deste-domingo\/#primaryimage\"},\"image\":{\"@id\":\"https:\/\/www.pmpf.rs.gov.br\/secretaria-de-seguranca-publica\/2025\/05\/06\/operacao-balada-segura-aborda-195-veiculos-e-recolhe-40-cnhs-em-acao-na-madrugada-deste-domingo\/#primaryimage\"},\"thumbnailUrl\":\"https:\/\/www.pmpf.rs.gov.br\/secretaria-de-seguranca-publica\/wp-content\/uploads\/sites\/54\/2025\/05\/WhatsApp-Image-2025-05-04-at-11.04.24-scaled.jpeg\",\"datePublished\":\"2025-05-06T13:54:17+00:00\",\"dateModified\":\"2025-05-06T13:54:19+00:00\",\"author\":{\"@id\":\"https:\/\/www.pmpf.rs.gov.br\/secretaria-de-seguranca-publica\/#\/schema\/person\/6e93b0ab2174b69f691ac4f278ba2d0a\"},\"breadcrumb\":{\"@id\":\"https:\/\/www.pmpf.rs.gov.br\/secretaria-de-seguranca-publica\/2025\/05\/06\/operacao-balada-segura-aborda-195-veiculos-e-recolhe-40-cnhs-em-acao-na-madrugada-deste-domingo\/#breadcrumb\"},\"inLanguage\":\"pt-BR\",\"potentialAction\":[{\"@type\":\"ReadAction\",\"target\":[\"https:\/\/www.pmpf.rs.gov.br\/secretaria-de-seguranca-publica\/2025\/05\/06\/operacao-balada-segura-aborda-195-veiculos-e-recolhe-40-cnhs-em-acao-na-madrugada-deste-domingo\/\"]}]},{\"@type\":\"ImageObject\",\"inLanguage\":\"pt-BR\",\"@id\":\"https:\/\/www.pmpf.rs.gov.br\/secretaria-de-seguranca-publica\/2025\/05\/06\/operacao-balada-segura-aborda-195-veiculos-e-recolhe-40-cnhs-em-acao-na-madrugada-deste-domingo\/#primaryimage\",\"url\":\"https:\/\/www.pmpf.rs.gov.br\/secretaria-de-seguranca-publica\/wp-content\/uploads\/sites\/54\/2025\/05\/WhatsApp-Image-2025-05-04-at-11.04.24-scaled.jpeg\",\"contentUrl\":\"https:\/\/www.pmpf.rs.gov.br\/secretaria-de-seguranca-publica\/wp-content\/uploads\/sites\/54\/2025\/05\/WhatsApp-Image-2025-05-04-at-11.04.24-scaled.jpeg\",\"width\":2560,\"height\":1152},{\"@type\":\"BreadcrumbList\",\"@id\":\"https:\/\/www.pmpf.rs.gov.br\/secretaria-de-seguranca-publica\/2025\/05\/06\/operacao-balada-segura-aborda-195-veiculos-e-recolhe-40-cnhs-em-acao-na-madrugada-deste-domingo\/#breadcrumb\",\"itemListElement\":[{\"@type\":\"ListItem\",\"position\":1,\"name\":\"In\u00edcio\",\"item\":\"https:\/\/www.pmpf.rs.gov.br\/secretaria-de-seguranca-publica\/\"},{\"@type\":\"ListItem\",\"position\":2,\"name\":\"Opera\u00e7\u00e3o Balada Segura aborda 195 ve\u00edculos e recolhe 40 CNHs em a\u00e7\u00e3o na madrugada deste domingo\"}]},{\"@type\":\"WebSite\",\"@id\":\"https:\/\/www.pmpf.rs.gov.br\/secretaria-de-seguranca-publica\/#website\",\"url\":\"https:\/\/www.pmpf.rs.gov.br\/secretaria-de-seguranca-publica\/\",\"name\":\"Secretaria de Seguran\u00e7a P\u00fablica e Transporte\",\"description\":\"S\u00f3 mais um site Prefeitura de Passo Fundo\",\"potentialAction\":[{\"@type\":\"SearchAction\",\"target\":{\"@type\":\"EntryPoint\",\"urlTemplate\":\"https:\/\/www.pmpf.rs.gov.br\/secretaria-de-seguranca-publica\/?s={search_term_string}\"},\"query-input\":{\"@type\":\"PropertyValueSpecification\",\"valueRequired\":true,\"valueName\":\"search_term_string\"}}],\"inLanguage\":\"pt-BR\"},{\"@type\":\"Person\",\"@id\":\"https:\/\/www.pmpf.rs.gov.br\/secretaria-de-seguranca-publica\/#\/schema\/person\/6e93b0ab2174b69f691ac4f278ba2d0a\",\"name\":\"lilicrivello\",\"image\":{\"@type\":\"ImageObject\",\"inLanguage\":\"pt-BR\",\"@id\":\"https:\/\/www.pmpf.rs.gov.br\/secretaria-de-seguranca-publica\/#\/schema\/person\/image\/\",\"url\":\"https:\/\/secure.gravatar.com\/avatar\/0b546b667388f8edb7b67d70a57b5e46?s=96&d=mm&r=g\",\"contentUrl\":\"https:\/\/secure.gravatar.com\/avatar\/0b546b667388f8edb7b67d70a57b5e46?s=96&d=mm&r=g\",\"caption\":\"lilicrivello\"},\"url\":\"https:\/\/www.pmpf.rs.gov.br\/secretaria-de-seguranca-publica\/author\/lilicrivello\/\"}]}<\/script>\n<!-- \/ Yoast SEO plugin. -->","yoast_head_json":{"title":"Opera\u00e7\u00e3o Balada Segura aborda 195 ve\u00edculos e recolhe 40 CNHs em a\u00e7\u00e3o na madrugada deste domingo - Secretaria de Seguran\u00e7a P\u00fablica e Transporte","robots":{"index":"index","follow":"follow","max-snippet":"max-snippet:-1","max-image-preview":"max-image-preview:large","max-video-preview":"max-video-preview:-1"},"canonical":"https:\/\/www.pmpf.rs.gov.br\/secretaria-de-seguranca-publica\/2025\/05\/06\/operacao-balada-segura-aborda-195-veiculos-e-recolhe-40-cnhs-em-acao-na-madrugada-deste-domingo\/","og_locale":"pt_BR","og_type":"article","og_title":"Opera\u00e7\u00e3o Balada Segura aborda 195 ve\u00edculos e recolhe 40 CNHs em a\u00e7\u00e3o na madrugada deste domingo - Secretaria de Seguran\u00e7a P\u00fablica e Transporte","og_description":"Na madrugada deste domingo (4), a Prefeitura de Passo Fundo, por meio da Guarda Municipal de Tr\u00e2nsito, com apoio da Brigada Militar, realizou mais uma edi\u00e7\u00e3o da Opera\u00e7\u00e3o Balada Segura em dois [&hellip;]","og_url":"https:\/\/www.pmpf.rs.gov.br\/secretaria-de-seguranca-publica\/2025\/05\/06\/operacao-balada-segura-aborda-195-veiculos-e-recolhe-40-cnhs-em-acao-na-madrugada-deste-domingo\/","og_site_name":"Secretaria de Seguran\u00e7a P\u00fablica e Transporte","article_published_time":"2025-05-06T13:54:17+00:00","article_modified_time":"2025-05-06T13:54:19+00:00","author":"lilicrivello","twitter_card":"summary_large_image","twitter_misc":{"Escrito por":"lilicrivello","Est. tempo de leitura":"1 minuto"},"schema":{"@context":"https:\/\/schema.org","@graph":[{"@type":"WebPage","@id":"https:\/\/www.pmpf.rs.gov.br\/secretaria-de-seguranca-publica\/2025\/05\/06\/operacao-balada-segura-aborda-195-veiculos-e-recolhe-40-cnhs-em-acao-na-madrugada-deste-domingo\/","url":"https:\/\/www.pmpf.rs.gov.br\/secretaria-de-seguranca-publica\/2025\/05\/06\/operacao-balada-segura-aborda-195-veiculos-e-recolhe-40-cnhs-em-acao-na-madrugada-deste-domingo\/","name":"Opera\u00e7\u00e3o Balada Segura aborda 195 ve\u00edculos e recolhe 40 CNHs em a\u00e7\u00e3o na madrugada deste domingo - Secretaria de Seguran\u00e7a P\u00fablica e Transporte","isPartOf":{"@id":"https:\/\/www.pmpf.rs.gov.br\/secretaria-de-seguranca-publica\/#website"},"primaryImageOfPage":{"@id":"https:\/\/www.pmpf.rs.gov.br\/secretaria-de-seguranca-publica\/2025\/05\/06\/operacao-balada-segura-aborda-195-veiculos-e-recolhe-40-cnhs-em-acao-na-madrugada-deste-domingo\/#primaryimage"},"image":{"@id":"https:\/\/www.pmpf.rs.gov.br\/secretaria-de-seguranca-publica\/2025\/05\/06\/operacao-balada-segura-aborda-195-veiculos-e-recolhe-40-cnhs-em-acao-na-madrugada-deste-domingo\/#primaryimage"},"thumbnailUrl":"https:\/\/www.pmpf.rs.gov.br\/secretaria-de-seguranca-publica\/wp-content\/uploads\/sites\/54\/2025\/05\/WhatsApp-Image-2025-05-04-at-11.04.24-scaled.jpeg","datePublished":"2025-05-06T13:54:17+00:00","dateModified":"2025-05-06T13:54:19+00:00","author":{"@id":"https:\/\/www.pmpf.rs.gov.br\/secretaria-de-seguranca-publica\/#\/schema\/person\/6e93b0ab2174b69f691ac4f278ba2d0a"},"breadcrumb":{"@id":"https:\/\/www.pmpf.rs.gov.br\/secretaria-de-seguranca-publica\/2025\/05\/06\/operacao-balada-segura-aborda-195-veiculos-e-recolhe-40-cnhs-em-acao-na-madrugada-deste-domingo\/#breadcrumb"},"inLanguage":"pt-BR","potentialAction":[{"@type":"ReadAction","target":["https:\/\/www.pmpf.rs.gov.br\/secretaria-de-seguranca-publica\/2025\/05\/06\/operacao-balada-segura-aborda-195-veiculos-e-recolhe-40-cnhs-em-acao-na-madrugada-deste-domingo\/"]}]},{"@type":"ImageObject","inLanguage":"pt-BR","@id":"https:\/\/www.pmpf.rs.gov.br\/secretaria-de-seguranca-publica\/2025\/05\/06\/operacao-balada-segura-aborda-195-veiculos-e-recolhe-40-cnhs-em-acao-na-madrugada-deste-domingo\/#primaryimage","url":"https:\/\/www.pmpf.rs.gov.br\/secretaria-de-seguranca-publica\/wp-content\/uploads\/sites\/54\/2025\/05\/WhatsApp-Image-2025-05-04-at-11.04.24-scaled.jpeg","contentUrl":"https:\/\/www.pmpf.rs.gov.br\/secretaria-de-seguranca-publica\/wp-content\/uploads\/sites\/54\/2025\/05\/WhatsApp-Image-2025-05-04-at-11.04.24-scaled.jpeg","width":2560,"height":1152},{"@type":"BreadcrumbList","@id":"https:\/\/www.pmpf.rs.gov.br\/secretaria-de-seguranca-publica\/2025\/05\/06\/operacao-balada-segura-aborda-195-veiculos-e-recolhe-40-cnhs-em-acao-na-madrugada-deste-domingo\/#breadcrumb","itemListElement":[{"@type":"ListItem","position":1,"name":"In\u00edcio","item":"https:\/\/www.pmpf.rs.gov.br\/secretaria-de-seguranca-publica\/"},{"@type":"ListItem","position":2,"name":"Opera\u00e7\u00e3o Balada Segura aborda 195 ve\u00edculos e recolhe 40 CNHs em a\u00e7\u00e3o na madrugada deste domingo"}]},{"@type":"WebSite","@id":"https:\/\/www.pmpf.rs.gov.br\/secretaria-de-seguranca-publica\/#website","url":"https:\/\/www.pmpf.rs.gov.br\/secretaria-de-seguranca-publica\/","name":"Secretaria de Seguran\u00e7a P\u00fablica e Transporte","description":"S\u00f3 mais um site Prefeitura de Passo Fundo","potentialAction":[{"@type":"SearchAction","target":{"@type":"EntryPoint","urlTemplate":"https:\/\/www.pmpf.rs.gov.br\/secretaria-de-seguranca-publica\/?s={search_term_string}"},"query-input":{"@type":"PropertyValueSpecification","valueRequired":true,"valueName":"search_term_string"}}],"inLanguage":"pt-BR"},{"@type":"Person","@id":"https:\/\/www.pmpf.rs.gov.br\/secretaria-de-seguranca-publica\/#\/schema\/person\/6e93b0ab2174b69f691ac4f278ba2d0a","name":"lilicrivello","image":{"@type":"ImageObject","inLanguage":"pt-BR","@id":"https:\/\/www.pmpf.rs.gov.br\/secretaria-de-seguranca-publica\/#\/schema\/person\/image\/","url":"https:\/\/secure.gravatar.com\/avatar\/0b546b667388f8edb7b67d70a57b5e46?s=96&d=mm&r=g","contentUrl":"https:\/\/secure.gravatar.com\/avatar\/0b546b667388f8edb7b67d70a57b5e46?s=96&d=mm&r=g","caption":"lilicrivello"},"url":"https:\/\/www.pmpf.rs.gov.br\/secretaria-de-seguranca-publica\/author\/lilicrivello\/"}]}},"_links":{"self":[{"href":"https:\/\/www.pmpf.rs.gov.br\/secretaria-de-seguranca-publica\/wp-json\/wp\/v2\/posts\/1212"}],"collection":[{"href":"https:\/\/www.pmpf.rs.gov.br\/secretaria-de-seguranca-publica\/wp-json\/wp\/v2\/posts"}],"about":[{"href":"https:\/\/www.pmpf.rs.gov.br\/secretaria-de-seguranca-publica\/wp-json\/wp\/v2\/types\/post"}],"author":[{"embeddable":true,"href":"https:\/\/www.pmpf.rs.gov.br\/secretaria-de-seguranca-publica\/wp-json\/wp\/v2\/users\/24"}],"replies":[{"embeddable":true,"href":"https:\/\/www.pmpf.rs.gov.br\/secretaria-de-seguranca-publica\/wp-json\/wp\/v2\/comments?post=1212"}],"version-history":[{"count":1,"href":"https:\/\/www.pmpf.rs.gov.br\/secretaria-de-seguranca-publica\/wp-json\/wp\/v2\/posts\/1212\/revisions"}],"predecessor-version":[{"id":1214,"href":"https:\/\/www.pmpf.rs.gov.br\/secretaria-de-seguranca-publica\/wp-json\/wp\/v2\/posts\/1212\/revisions\/1214"}],"wp:featuredmedia":[{"embeddable":true,"href":"https:\/\/www.pmpf.rs.gov.br\/secretaria-de-seguranca-publica\/wp-json\/wp\/v2\/media\/1213"}],"wp:attachment":[{"href":"https:\/\/www.pmpf.rs.gov.br\/secretaria-de-seguranca-publica\/wp-json\/wp\/v2\/media?parent=1212"}],"wp:term":[{"taxonomy":"category","embeddable":true,"href":"https:\/\/www.pmpf.rs.gov.br\/secretaria-de-seguranca-publica\/wp-json\/wp\/v2\/categories?post=1212"},{"taxonomy":"post_tag","embeddable":true,"href":"https:\/\/www.pmpf.rs.gov.br\/secretaria-de-seguranca-publica\/wp-json\/wp\/v2\/tags?post=1212"}],"curies":[{"name":"wp","href":"https:\/\/api.w.org\/{rel}","templated":true}]}}