{"id":1202,"date":"2025-03-28T08:03:34","date_gmt":"2025-03-28T11:03:34","guid":{"rendered":"https:\/\/www.pmpf.rs.gov.br\/secretaria-de-seguranca-publica\/?p=1202"},"modified":"2025-03-28T08:03:36","modified_gmt":"2025-03-28T11:03:36","slug":"prefeitura-realiza-nova-operacao-de-fiscalizacao-no-aeroporto-lauro-kortz","status":"publish","type":"post","link":"https:\/\/www.pmpf.rs.gov.br\/secretaria-de-seguranca-publica\/2025\/03\/28\/prefeitura-realiza-nova-operacao-de-fiscalizacao-no-aeroporto-lauro-kortz\/","title":{"rendered":"Prefeitura realiza nova opera\u00e7\u00e3o de fiscaliza\u00e7\u00e3o no Aeroporto Lauro Kortz"},"content":{"rendered":"\n<p><\/p>\n\n\n\n<p>Passageiros que retornavam de viagem ou visitavam Passo Fundo na manh\u00e3 desta ter\u00e7a-feira (25) foram surpreendidos positivamente por mais uma opera\u00e7\u00e3o de fiscaliza\u00e7\u00e3o realizada pela Prefeitura, com apoio da Infraero, no Aeroporto Lauro Kortz. Durante a a\u00e7\u00e3o, foram abordados 51 ve\u00edculos e aplicados 21 autos de infra\u00e7\u00e3o.<\/p>\n\n\n\n<p>A iniciativa, coordenada pela Secretaria Municipal de Seguran\u00e7a P\u00fablica, tem como objetivo conscientizar e combater o transporte irregular de passageiros. Para isso, conta com a atua\u00e7\u00e3o da Guarda Municipal de Tr\u00e2nsito e o apoio da Brigada Militar e da Pol\u00edcia Rodovi\u00e1ria Federal (PRF). Al\u00e9m de identificar ve\u00edculos operando sem autoriza\u00e7\u00e3o, a fiscaliza\u00e7\u00e3o busca coibir cobran\u00e7as abusivas e garantir mais seguran\u00e7a para quem utiliza o transporte no aeroporto.<\/p>\n\n\n\n<p><strong>Conscientiza\u00e7\u00e3o e fiscaliza\u00e7\u00e3o rigorosa<br><\/strong>O secret\u00e1rio de Seguran\u00e7a P\u00fablica, Tadeu Trindade, destacou que a opera\u00e7\u00e3o foi organizada em resposta a den\u00fancias e segue a orienta\u00e7\u00e3o do prefeito Pedro Almeida. \u201cEstamos atuando para coibir o transporte irregular de passageiros. Al\u00e9m da fiscaliza\u00e7\u00e3o, estamos orientando os passageiros que chegam \u00e0 cidade, com banners explicativos e \u00e1udios no desembarque alertando sobre a import\u00e2ncia de utilizar plataformas de aplicativos regulamentadas ou o servi\u00e7o de t\u00e1xi dispon\u00edvel no aeroporto, garantindo seguran\u00e7a nos deslocamentos\u201d, afirmou.<\/p>\n\n\n\n<p>A opera\u00e7\u00e3o inclui barreiras de fiscaliza\u00e7\u00e3o na sa\u00edda do aeroporto, onde equipes da Guarda Municipal, Brigada Militar e PRF verificam a documenta\u00e7\u00e3o dos ve\u00edculos e a organiza\u00e7\u00e3o no estacionamento, especialmente nas \u00e1reas de embarque e desembarque. \u201cQuando identificamos irregularidades, aplicamos as san\u00e7\u00f5es previstas no C\u00f3digo de Tr\u00e2nsito Brasileiro (CTB), o que pode resultar em multa, apreens\u00e3o do ve\u00edculo e penaliza\u00e7\u00f5es para motoristas que realizam transporte remunerado sem autoriza\u00e7\u00e3o. A multa para essa infra\u00e7\u00e3o \u00e9 de R$ 293,00, com acr\u00e9scimo de sete pontos na CNH\u201d, explicou o coordenador de Tr\u00e2nsito, Ruberson Stieven.<\/p>\n\n\n\n<p><strong>Opera\u00e7\u00f5es frequentes e impacto positivo<br><\/strong>As fiscaliza\u00e7\u00f5es e orienta\u00e7\u00f5es ocorrem tr\u00eas vezes por semana e j\u00e1 apresentam resultados expressivos na redu\u00e7\u00e3o do transporte irregular. \u201cO impacto tem sido muito positivo. Como as opera\u00e7\u00f5es n\u00e3o t\u00eam data fixa, conseguimos flagrar quem insiste na irregularidade, reduzindo significativamente essa pr\u00e1tica no aeroporto\u201d, completou Stieven.<\/p>\n\n\n\n<p>Para Josiane de Souza, moradora da Vila Petr\u00f3polis, que retornava de viagem com a fam\u00edlia, a a\u00e7\u00e3o traz mais seguran\u00e7a. \u201cFicamos mais tranquilos sabendo que h\u00e1 essa fiscaliza\u00e7\u00e3o. Isso beneficia tanto os moradores quanto os visitantes da cidade. Utilizamos motoristas de confian\u00e7a, com pre\u00e7os justos e devidamente habilitados\u201d, comentou.<\/p>\n\n\n\n<p>Al\u00e9m da fiscaliza\u00e7\u00e3o, a opera\u00e7\u00e3o tamb\u00e9m contou com a participa\u00e7\u00e3o dos novos agentes da Guarda Municipal de Tr\u00e2nsito, que est\u00e3o em fase de treinamento para atuarem na cidade nos pr\u00f3ximos dias. Banners educativos foram instalados em pontos estrat\u00e9gicos, refor\u00e7ando a import\u00e2ncia de escolher motoristas regulamentados para evitar golpes e cobran\u00e7as indevidas.<\/p>\n\n\n\n<p>Com a\u00e7\u00f5es cont\u00ednuas, a Prefeitura de Passo Fundo segue empenhada em garantir a seguran\u00e7a e a regulariza\u00e7\u00e3o do transporte de passageiros no Aeroporto Lauro Kortz.<\/p>\n","protected":false},"excerpt":{"rendered":"<p>A\u00e7\u00e3o orienta passageiros e co\u00edbe irregularidades no transporte de passageiros<\/p>\n","protected":false},"author":24,"featured_media":1203,"comment_status":"closed","ping_status":"closed","sticky":false,"template":"","format":"standard","meta":{"footnotes":""},"categories":[1],"tags":[],"class_list":["post-1202","post","type-post","status-publish","format-standard","has-post-thumbnail","hentry","category-sem-categoria"],"yoast_head":"<!-- This site is optimized with the Yoast SEO plugin v23.8 - https:\/\/yoast.com\/wordpress\/plugins\/seo\/ -->\n<title>Prefeitura realiza nova opera\u00e7\u00e3o de fiscaliza\u00e7\u00e3o no Aeroporto Lauro Kortz - Secretaria de Seguran\u00e7a P\u00fablica e Transporte<\/title>\n<meta name=\"robots\" content=\"index, follow, max-snippet:-1, max-image-preview:large, max-video-preview:-1\" \/>\n<link rel=\"canonical\" href=\"https:\/\/www.pmpf.rs.gov.br\/secretaria-de-seguranca-publica\/2025\/03\/28\/prefeitura-realiza-nova-operacao-de-fiscalizacao-no-aeroporto-lauro-kortz\/\" \/>\n<meta property=\"og:locale\" content=\"pt_BR\" \/>\n<meta property=\"og:type\" content=\"article\" \/>\n<meta property=\"og:title\" content=\"Prefeitura realiza nova opera\u00e7\u00e3o de fiscaliza\u00e7\u00e3o no Aeroporto Lauro Kortz - Secretaria de Seguran\u00e7a P\u00fablica e Transporte\" \/>\n<meta property=\"og:description\" content=\"A\u00e7\u00e3o orienta passageiros e co\u00edbe irregularidades no transporte de passageiros\" \/>\n<meta property=\"og:url\" content=\"https:\/\/www.pmpf.rs.gov.br\/secretaria-de-seguranca-publica\/2025\/03\/28\/prefeitura-realiza-nova-operacao-de-fiscalizacao-no-aeroporto-lauro-kortz\/\" \/>\n<meta property=\"og:site_name\" content=\"Secretaria de Seguran\u00e7a P\u00fablica e Transporte\" \/>\n<meta property=\"article:published_time\" content=\"2025-03-28T11:03:34+00:00\" \/>\n<meta property=\"article:modified_time\" content=\"2025-03-28T11:03:36+00:00\" \/>\n<meta name=\"author\" content=\"lilicrivello\" \/>\n<meta name=\"twitter:card\" content=\"summary_large_image\" \/>\n<meta name=\"twitter:label1\" content=\"Escrito por\" \/>\n\t<meta name=\"twitter:data1\" content=\"lilicrivello\" \/>\n\t<meta name=\"twitter:label2\" content=\"Est. tempo de leitura\" \/>\n\t<meta name=\"twitter:data2\" content=\"3 minutos\" \/>\n<script type=\"application\/ld+json\" class=\"yoast-schema-graph\">{\"@context\":\"https:\/\/schema.org\",\"@graph\":[{\"@type\":\"WebPage\",\"@id\":\"https:\/\/www.pmpf.rs.gov.br\/secretaria-de-seguranca-publica\/2025\/03\/28\/prefeitura-realiza-nova-operacao-de-fiscalizacao-no-aeroporto-lauro-kortz\/\",\"url\":\"https:\/\/www.pmpf.rs.gov.br\/secretaria-de-seguranca-publica\/2025\/03\/28\/prefeitura-realiza-nova-operacao-de-fiscalizacao-no-aeroporto-lauro-kortz\/\",\"name\":\"Prefeitura realiza nova opera\u00e7\u00e3o de fiscaliza\u00e7\u00e3o no Aeroporto Lauro Kortz - Secretaria de Seguran\u00e7a P\u00fablica e Transporte\",\"isPartOf\":{\"@id\":\"https:\/\/www.pmpf.rs.gov.br\/secretaria-de-seguranca-publica\/#website\"},\"primaryImageOfPage\":{\"@id\":\"https:\/\/www.pmpf.rs.gov.br\/secretaria-de-seguranca-publica\/2025\/03\/28\/prefeitura-realiza-nova-operacao-de-fiscalizacao-no-aeroporto-lauro-kortz\/#primaryimage\"},\"image\":{\"@id\":\"https:\/\/www.pmpf.rs.gov.br\/secretaria-de-seguranca-publica\/2025\/03\/28\/prefeitura-realiza-nova-operacao-de-fiscalizacao-no-aeroporto-lauro-kortz\/#primaryimage\"},\"thumbnailUrl\":\"https:\/\/www.pmpf.rs.gov.br\/secretaria-de-seguranca-publica\/wp-content\/uploads\/sites\/54\/2025\/03\/WhatsApp-Image-2025-03-25-at-17.39.09-scaled.jpeg\",\"datePublished\":\"2025-03-28T11:03:34+00:00\",\"dateModified\":\"2025-03-28T11:03:36+00:00\",\"author\":{\"@id\":\"https:\/\/www.pmpf.rs.gov.br\/secretaria-de-seguranca-publica\/#\/schema\/person\/6e93b0ab2174b69f691ac4f278ba2d0a\"},\"breadcrumb\":{\"@id\":\"https:\/\/www.pmpf.rs.gov.br\/secretaria-de-seguranca-publica\/2025\/03\/28\/prefeitura-realiza-nova-operacao-de-fiscalizacao-no-aeroporto-lauro-kortz\/#breadcrumb\"},\"inLanguage\":\"pt-BR\",\"potentialAction\":[{\"@type\":\"ReadAction\",\"target\":[\"https:\/\/www.pmpf.rs.gov.br\/secretaria-de-seguranca-publica\/2025\/03\/28\/prefeitura-realiza-nova-operacao-de-fiscalizacao-no-aeroporto-lauro-kortz\/\"]}]},{\"@type\":\"ImageObject\",\"inLanguage\":\"pt-BR\",\"@id\":\"https:\/\/www.pmpf.rs.gov.br\/secretaria-de-seguranca-publica\/2025\/03\/28\/prefeitura-realiza-nova-operacao-de-fiscalizacao-no-aeroporto-lauro-kortz\/#primaryimage\",\"url\":\"https:\/\/www.pmpf.rs.gov.br\/secretaria-de-seguranca-publica\/wp-content\/uploads\/sites\/54\/2025\/03\/WhatsApp-Image-2025-03-25-at-17.39.09-scaled.jpeg\",\"contentUrl\":\"https:\/\/www.pmpf.rs.gov.br\/secretaria-de-seguranca-publica\/wp-content\/uploads\/sites\/54\/2025\/03\/WhatsApp-Image-2025-03-25-at-17.39.09-scaled.jpeg\",\"width\":2560,\"height\":1920},{\"@type\":\"BreadcrumbList\",\"@id\":\"https:\/\/www.pmpf.rs.gov.br\/secretaria-de-seguranca-publica\/2025\/03\/28\/prefeitura-realiza-nova-operacao-de-fiscalizacao-no-aeroporto-lauro-kortz\/#breadcrumb\",\"itemListElement\":[{\"@type\":\"ListItem\",\"position\":1,\"name\":\"In\u00edcio\",\"item\":\"https:\/\/www.pmpf.rs.gov.br\/secretaria-de-seguranca-publica\/\"},{\"@type\":\"ListItem\",\"position\":2,\"name\":\"Prefeitura realiza nova opera\u00e7\u00e3o de fiscaliza\u00e7\u00e3o no Aeroporto Lauro Kortz\"}]},{\"@type\":\"WebSite\",\"@id\":\"https:\/\/www.pmpf.rs.gov.br\/secretaria-de-seguranca-publica\/#website\",\"url\":\"https:\/\/www.pmpf.rs.gov.br\/secretaria-de-seguranca-publica\/\",\"name\":\"Secretaria de Seguran\u00e7a P\u00fablica e Transporte\",\"description\":\"S\u00f3 mais um site Prefeitura de Passo Fundo\",\"potentialAction\":[{\"@type\":\"SearchAction\",\"target\":{\"@type\":\"EntryPoint\",\"urlTemplate\":\"https:\/\/www.pmpf.rs.gov.br\/secretaria-de-seguranca-publica\/?s={search_term_string}\"},\"query-input\":{\"@type\":\"PropertyValueSpecification\",\"valueRequired\":true,\"valueName\":\"search_term_string\"}}],\"inLanguage\":\"pt-BR\"},{\"@type\":\"Person\",\"@id\":\"https:\/\/www.pmpf.rs.gov.br\/secretaria-de-seguranca-publica\/#\/schema\/person\/6e93b0ab2174b69f691ac4f278ba2d0a\",\"name\":\"lilicrivello\",\"image\":{\"@type\":\"ImageObject\",\"inLanguage\":\"pt-BR\",\"@id\":\"https:\/\/www.pmpf.rs.gov.br\/secretaria-de-seguranca-publica\/#\/schema\/person\/image\/\",\"url\":\"https:\/\/secure.gravatar.com\/avatar\/0b546b667388f8edb7b67d70a57b5e46?s=96&d=mm&r=g\",\"contentUrl\":\"https:\/\/secure.gravatar.com\/avatar\/0b546b667388f8edb7b67d70a57b5e46?s=96&d=mm&r=g\",\"caption\":\"lilicrivello\"},\"url\":\"https:\/\/www.pmpf.rs.gov.br\/secretaria-de-seguranca-publica\/author\/lilicrivello\/\"}]}<\/script>\n<!-- \/ Yoast SEO plugin. -->","yoast_head_json":{"title":"Prefeitura realiza nova opera\u00e7\u00e3o de fiscaliza\u00e7\u00e3o no Aeroporto Lauro Kortz - Secretaria de Seguran\u00e7a P\u00fablica e Transporte","robots":{"index":"index","follow":"follow","max-snippet":"max-snippet:-1","max-image-preview":"max-image-preview:large","max-video-preview":"max-video-preview:-1"},"canonical":"https:\/\/www.pmpf.rs.gov.br\/secretaria-de-seguranca-publica\/2025\/03\/28\/prefeitura-realiza-nova-operacao-de-fiscalizacao-no-aeroporto-lauro-kortz\/","og_locale":"pt_BR","og_type":"article","og_title":"Prefeitura realiza nova opera\u00e7\u00e3o de fiscaliza\u00e7\u00e3o no Aeroporto Lauro Kortz - Secretaria de Seguran\u00e7a P\u00fablica e Transporte","og_description":"A\u00e7\u00e3o orienta passageiros e co\u00edbe irregularidades no transporte de passageiros","og_url":"https:\/\/www.pmpf.rs.gov.br\/secretaria-de-seguranca-publica\/2025\/03\/28\/prefeitura-realiza-nova-operacao-de-fiscalizacao-no-aeroporto-lauro-kortz\/","og_site_name":"Secretaria de Seguran\u00e7a P\u00fablica e Transporte","article_published_time":"2025-03-28T11:03:34+00:00","article_modified_time":"2025-03-28T11:03:36+00:00","author":"lilicrivello","twitter_card":"summary_large_image","twitter_misc":{"Escrito por":"lilicrivello","Est. tempo de leitura":"3 minutos"},"schema":{"@context":"https:\/\/schema.org","@graph":[{"@type":"WebPage","@id":"https:\/\/www.pmpf.rs.gov.br\/secretaria-de-seguranca-publica\/2025\/03\/28\/prefeitura-realiza-nova-operacao-de-fiscalizacao-no-aeroporto-lauro-kortz\/","url":"https:\/\/www.pmpf.rs.gov.br\/secretaria-de-seguranca-publica\/2025\/03\/28\/prefeitura-realiza-nova-operacao-de-fiscalizacao-no-aeroporto-lauro-kortz\/","name":"Prefeitura realiza nova opera\u00e7\u00e3o de fiscaliza\u00e7\u00e3o no Aeroporto Lauro Kortz - Secretaria de Seguran\u00e7a P\u00fablica e Transporte","isPartOf":{"@id":"https:\/\/www.pmpf.rs.gov.br\/secretaria-de-seguranca-publica\/#website"},"primaryImageOfPage":{"@id":"https:\/\/www.pmpf.rs.gov.br\/secretaria-de-seguranca-publica\/2025\/03\/28\/prefeitura-realiza-nova-operacao-de-fiscalizacao-no-aeroporto-lauro-kortz\/#primaryimage"},"image":{"@id":"https:\/\/www.pmpf.rs.gov.br\/secretaria-de-seguranca-publica\/2025\/03\/28\/prefeitura-realiza-nova-operacao-de-fiscalizacao-no-aeroporto-lauro-kortz\/#primaryimage"},"thumbnailUrl":"https:\/\/www.pmpf.rs.gov.br\/secretaria-de-seguranca-publica\/wp-content\/uploads\/sites\/54\/2025\/03\/WhatsApp-Image-2025-03-25-at-17.39.09-scaled.jpeg","datePublished":"2025-03-28T11:03:34+00:00","dateModified":"2025-03-28T11:03:36+00:00","author":{"@id":"https:\/\/www.pmpf.rs.gov.br\/secretaria-de-seguranca-publica\/#\/schema\/person\/6e93b0ab2174b69f691ac4f278ba2d0a"},"breadcrumb":{"@id":"https:\/\/www.pmpf.rs.gov.br\/secretaria-de-seguranca-publica\/2025\/03\/28\/prefeitura-realiza-nova-operacao-de-fiscalizacao-no-aeroporto-lauro-kortz\/#breadcrumb"},"inLanguage":"pt-BR","potentialAction":[{"@type":"ReadAction","target":["https:\/\/www.pmpf.rs.gov.br\/secretaria-de-seguranca-publica\/2025\/03\/28\/prefeitura-realiza-nova-operacao-de-fiscalizacao-no-aeroporto-lauro-kortz\/"]}]},{"@type":"ImageObject","inLanguage":"pt-BR","@id":"https:\/\/www.pmpf.rs.gov.br\/secretaria-de-seguranca-publica\/2025\/03\/28\/prefeitura-realiza-nova-operacao-de-fiscalizacao-no-aeroporto-lauro-kortz\/#primaryimage","url":"https:\/\/www.pmpf.rs.gov.br\/secretaria-de-seguranca-publica\/wp-content\/uploads\/sites\/54\/2025\/03\/WhatsApp-Image-2025-03-25-at-17.39.09-scaled.jpeg","contentUrl":"https:\/\/www.pmpf.rs.gov.br\/secretaria-de-seguranca-publica\/wp-content\/uploads\/sites\/54\/2025\/03\/WhatsApp-Image-2025-03-25-at-17.39.09-scaled.jpeg","width":2560,"height":1920},{"@type":"BreadcrumbList","@id":"https:\/\/www.pmpf.rs.gov.br\/secretaria-de-seguranca-publica\/2025\/03\/28\/prefeitura-realiza-nova-operacao-de-fiscalizacao-no-aeroporto-lauro-kortz\/#breadcrumb","itemListElement":[{"@type":"ListItem","position":1,"name":"In\u00edcio","item":"https:\/\/www.pmpf.rs.gov.br\/secretaria-de-seguranca-publica\/"},{"@type":"ListItem","position":2,"name":"Prefeitura realiza nova opera\u00e7\u00e3o de fiscaliza\u00e7\u00e3o no Aeroporto Lauro Kortz"}]},{"@type":"WebSite","@id":"https:\/\/www.pmpf.rs.gov.br\/secretaria-de-seguranca-publica\/#website","url":"https:\/\/www.pmpf.rs.gov.br\/secretaria-de-seguranca-publica\/","name":"Secretaria de Seguran\u00e7a P\u00fablica e Transporte","description":"S\u00f3 mais um site Prefeitura de Passo Fundo","potentialAction":[{"@type":"SearchAction","target":{"@type":"EntryPoint","urlTemplate":"https:\/\/www.pmpf.rs.gov.br\/secretaria-de-seguranca-publica\/?s={search_term_string}"},"query-input":{"@type":"PropertyValueSpecification","valueRequired":true,"valueName":"search_term_string"}}],"inLanguage":"pt-BR"},{"@type":"Person","@id":"https:\/\/www.pmpf.rs.gov.br\/secretaria-de-seguranca-publica\/#\/schema\/person\/6e93b0ab2174b69f691ac4f278ba2d0a","name":"lilicrivello","image":{"@type":"ImageObject","inLanguage":"pt-BR","@id":"https:\/\/www.pmpf.rs.gov.br\/secretaria-de-seguranca-publica\/#\/schema\/person\/image\/","url":"https:\/\/secure.gravatar.com\/avatar\/0b546b667388f8edb7b67d70a57b5e46?s=96&d=mm&r=g","contentUrl":"https:\/\/secure.gravatar.com\/avatar\/0b546b667388f8edb7b67d70a57b5e46?s=96&d=mm&r=g","caption":"lilicrivello"},"url":"https:\/\/www.pmpf.rs.gov.br\/secretaria-de-seguranca-publica\/author\/lilicrivello\/"}]}},"_links":{"self":[{"href":"https:\/\/www.pmpf.rs.gov.br\/secretaria-de-seguranca-publica\/wp-json\/wp\/v2\/posts\/1202"}],"collection":[{"href":"https:\/\/www.pmpf.rs.gov.br\/secretaria-de-seguranca-publica\/wp-json\/wp\/v2\/posts"}],"about":[{"href":"https:\/\/www.pmpf.rs.gov.br\/secretaria-de-seguranca-publica\/wp-json\/wp\/v2\/types\/post"}],"author":[{"embeddable":true,"href":"https:\/\/www.pmpf.rs.gov.br\/secretaria-de-seguranca-publica\/wp-json\/wp\/v2\/users\/24"}],"replies":[{"embeddable":true,"href":"https:\/\/www.pmpf.rs.gov.br\/secretaria-de-seguranca-publica\/wp-json\/wp\/v2\/comments?post=1202"}],"version-history":[{"count":1,"href":"https:\/\/www.pmpf.rs.gov.br\/secretaria-de-seguranca-publica\/wp-json\/wp\/v2\/posts\/1202\/revisions"}],"predecessor-version":[{"id":1204,"href":"https:\/\/www.pmpf.rs.gov.br\/secretaria-de-seguranca-publica\/wp-json\/wp\/v2\/posts\/1202\/revisions\/1204"}],"wp:featuredmedia":[{"embeddable":true,"href":"https:\/\/www.pmpf.rs.gov.br\/secretaria-de-seguranca-publica\/wp-json\/wp\/v2\/media\/1203"}],"wp:attachment":[{"href":"https:\/\/www.pmpf.rs.gov.br\/secretaria-de-seguranca-publica\/wp-json\/wp\/v2\/media?parent=1202"}],"wp:term":[{"taxonomy":"category","embeddable":true,"href":"https:\/\/www.pmpf.rs.gov.br\/secretaria-de-seguranca-publica\/wp-json\/wp\/v2\/categories?post=1202"},{"taxonomy":"post_tag","embeddable":true,"href":"https:\/\/www.pmpf.rs.gov.br\/secretaria-de-seguranca-publica\/wp-json\/wp\/v2\/tags?post=1202"}],"curies":[{"name":"wp","href":"https:\/\/api.w.org\/{rel}","templated":true}]}}