{"id":1182,"date":"2025-03-06T14:22:53","date_gmt":"2025-03-06T17:22:53","guid":{"rendered":"https:\/\/www.pmpf.rs.gov.br\/secretaria-de-seguranca-publica\/?p=1182"},"modified":"2025-03-06T14:22:58","modified_gmt":"2025-03-06T17:22:58","slug":"balada-segura-reforca-fiscalizacao-e-combate-a-embriaguez-ao-volante-em-passo-fundo","status":"publish","type":"post","link":"https:\/\/www.pmpf.rs.gov.br\/secretaria-de-seguranca-publica\/2025\/03\/06\/balada-segura-reforca-fiscalizacao-e-combate-a-embriaguez-ao-volante-em-passo-fundo\/","title":{"rendered":"Balada Segura refor\u00e7a fiscaliza\u00e7\u00e3o e combate \u00e0 embriaguez ao volante em Passo Fundo"},"content":{"rendered":"\n<p><\/p>\n\n\n\n<p>A Opera\u00e7\u00e3o Balada Segura, realizada pela Prefeitura, atrav\u00e9s da Secretaria de Seguran\u00e7a P\u00fablica de Passo Fundo em conjunto com a Guarda Municipal de Tr\u00e2nsito e Brigada Militar, segue ampliando a fiscaliza\u00e7\u00e3o e combatendo a embriaguez ao volante em Passo Fundo. Desde o in\u00edcio do ano, as a\u00e7\u00f5es j\u00e1 abordaram 778 ve\u00edculos e identificaram 939 pessoas, resultando na recolha de 155 CNHs e 45 ve\u00edculos.<\/p>\n\n\n\n<p>Ao longo das opera\u00e7\u00f5es, 524 testes do etil\u00f4metro foram realizados, levando \u00e0 autua\u00e7\u00e3o de 22 condutores por embriaguez e \u00e0 pris\u00e3o de nove motoristas por crime de tr\u00e2nsito. Al\u00e9m disso, 128 condutores foram autuados por se recusarem a fazer o teste do baf\u00f4metro, conforme prev\u00ea o artigo 165-A do C\u00f3digo de Tr\u00e2nsito Brasileiro (CTB). No total, 375 autos de infra\u00e7\u00e3o foram lavrados, abrangendo diferentes irregularidades.<\/p>\n\n\n\n<p>Na madrugada do \u00faltimo domingo (02\/03), uma nova edi\u00e7\u00e3o da Balada Segura foi realizada na Rua Capit\u00e3o Ara\u00fajo, onde 71 ve\u00edculos foram abordados e 83 pessoas identificadas. A opera\u00e7\u00e3o resultou na recolha de 10 CNHs e quatro ve\u00edculos, al\u00e9m de nove autua\u00e7\u00f5es por recusa ao teste do etil\u00f4metro e duas por embriaguez consumada. Um dos condutores foi encaminhado \u00e0 Delegacia de Pol\u00edcia de Pronto Atendimento (DPPA) para registro de crime conforme os artigos 165 do CTB e 306 do C\u00f3digo Penal. Ao todo, 29 autos de infra\u00e7\u00e3o foram lavrados.<\/p>\n\n\n\n<p>J\u00e1 na madrugada desta ter\u00e7a-feira (04\/03), a opera\u00e7\u00e3o ocorreu na Rua Benjamin Constant, onde 110 ve\u00edculos foram abordados e 136 pessoas identificadas. Foram recolhidas 25 CNHs e quatro ve\u00edculos, al\u00e9m de 21 autua\u00e7\u00f5es por recusa ao teste do etil\u00f4metro e tr\u00eas por embriaguez consumada. Um condutor tamb\u00e9m foi encaminhado \u00e0 DPPA para registro de crime de tr\u00e2nsito. Durante a a\u00e7\u00e3o, 42 autos de infra\u00e7\u00e3o foram registrados.<\/p>\n\n\n\n<p>A Opera\u00e7\u00e3o Balada Segura tem foco na conscientiza\u00e7\u00e3o e na puni\u00e7\u00e3o de motoristas infratores.<\/p>\n","protected":false},"excerpt":{"rendered":"<p>A Opera\u00e7\u00e3o Balada Segura, realizada pela Prefeitura, atrav\u00e9s da Secretaria de Seguran\u00e7a P\u00fablica de Passo Fundo em conjunto com a Guarda Municipal de Tr\u00e2nsito e Brigada Militar, segue ampliando a fiscaliza\u00e7\u00e3o e [&hellip;]<\/p>\n","protected":false},"author":24,"featured_media":1183,"comment_status":"closed","ping_status":"closed","sticky":false,"template":"","format":"standard","meta":{"footnotes":""},"categories":[1],"tags":[],"class_list":["post-1182","post","type-post","status-publish","format-standard","has-post-thumbnail","hentry","category-sem-categoria"],"yoast_head":"<!-- This site is optimized with the Yoast SEO plugin v23.8 - https:\/\/yoast.com\/wordpress\/plugins\/seo\/ -->\n<title>Balada Segura refor\u00e7a fiscaliza\u00e7\u00e3o e combate \u00e0 embriaguez ao volante em Passo Fundo - Secretaria de Seguran\u00e7a P\u00fablica e Transporte<\/title>\n<meta name=\"robots\" content=\"index, follow, max-snippet:-1, max-image-preview:large, max-video-preview:-1\" \/>\n<link rel=\"canonical\" href=\"https:\/\/www.pmpf.rs.gov.br\/secretaria-de-seguranca-publica\/2025\/03\/06\/balada-segura-reforca-fiscalizacao-e-combate-a-embriaguez-ao-volante-em-passo-fundo\/\" \/>\n<meta property=\"og:locale\" content=\"pt_BR\" \/>\n<meta property=\"og:type\" content=\"article\" \/>\n<meta property=\"og:title\" content=\"Balada Segura refor\u00e7a fiscaliza\u00e7\u00e3o e combate \u00e0 embriaguez ao volante em Passo Fundo - Secretaria de Seguran\u00e7a P\u00fablica e Transporte\" \/>\n<meta property=\"og:description\" content=\"A Opera\u00e7\u00e3o Balada Segura, realizada pela Prefeitura, atrav\u00e9s da Secretaria de Seguran\u00e7a P\u00fablica de Passo Fundo em conjunto com a Guarda Municipal de Tr\u00e2nsito e Brigada Militar, segue ampliando a fiscaliza\u00e7\u00e3o e [&hellip;]\" \/>\n<meta property=\"og:url\" content=\"https:\/\/www.pmpf.rs.gov.br\/secretaria-de-seguranca-publica\/2025\/03\/06\/balada-segura-reforca-fiscalizacao-e-combate-a-embriaguez-ao-volante-em-passo-fundo\/\" \/>\n<meta property=\"og:site_name\" content=\"Secretaria de Seguran\u00e7a P\u00fablica e Transporte\" \/>\n<meta property=\"article:published_time\" content=\"2025-03-06T17:22:53+00:00\" \/>\n<meta property=\"article:modified_time\" content=\"2025-03-06T17:22:58+00:00\" \/>\n<meta name=\"author\" content=\"lilicrivello\" \/>\n<meta name=\"twitter:card\" content=\"summary_large_image\" \/>\n<meta name=\"twitter:label1\" content=\"Escrito por\" \/>\n\t<meta name=\"twitter:data1\" content=\"lilicrivello\" \/>\n\t<meta name=\"twitter:label2\" content=\"Est. tempo de leitura\" \/>\n\t<meta name=\"twitter:data2\" content=\"2 minutos\" \/>\n<script type=\"application\/ld+json\" class=\"yoast-schema-graph\">{\"@context\":\"https:\/\/schema.org\",\"@graph\":[{\"@type\":\"WebPage\",\"@id\":\"https:\/\/www.pmpf.rs.gov.br\/secretaria-de-seguranca-publica\/2025\/03\/06\/balada-segura-reforca-fiscalizacao-e-combate-a-embriaguez-ao-volante-em-passo-fundo\/\",\"url\":\"https:\/\/www.pmpf.rs.gov.br\/secretaria-de-seguranca-publica\/2025\/03\/06\/balada-segura-reforca-fiscalizacao-e-combate-a-embriaguez-ao-volante-em-passo-fundo\/\",\"name\":\"Balada Segura refor\u00e7a fiscaliza\u00e7\u00e3o e combate \u00e0 embriaguez ao volante em Passo Fundo - Secretaria de Seguran\u00e7a P\u00fablica e Transporte\",\"isPartOf\":{\"@id\":\"https:\/\/www.pmpf.rs.gov.br\/secretaria-de-seguranca-publica\/#website\"},\"primaryImageOfPage\":{\"@id\":\"https:\/\/www.pmpf.rs.gov.br\/secretaria-de-seguranca-publica\/2025\/03\/06\/balada-segura-reforca-fiscalizacao-e-combate-a-embriaguez-ao-volante-em-passo-fundo\/#primaryimage\"},\"image\":{\"@id\":\"https:\/\/www.pmpf.rs.gov.br\/secretaria-de-seguranca-publica\/2025\/03\/06\/balada-segura-reforca-fiscalizacao-e-combate-a-embriaguez-ao-volante-em-passo-fundo\/#primaryimage\"},\"thumbnailUrl\":\"https:\/\/www.pmpf.rs.gov.br\/secretaria-de-seguranca-publica\/wp-content\/uploads\/sites\/54\/2025\/03\/WhatsApp-Image-2025-03-06-at-14.18.46.jpeg\",\"datePublished\":\"2025-03-06T17:22:53+00:00\",\"dateModified\":\"2025-03-06T17:22:58+00:00\",\"author\":{\"@id\":\"https:\/\/www.pmpf.rs.gov.br\/secretaria-de-seguranca-publica\/#\/schema\/person\/6e93b0ab2174b69f691ac4f278ba2d0a\"},\"breadcrumb\":{\"@id\":\"https:\/\/www.pmpf.rs.gov.br\/secretaria-de-seguranca-publica\/2025\/03\/06\/balada-segura-reforca-fiscalizacao-e-combate-a-embriaguez-ao-volante-em-passo-fundo\/#breadcrumb\"},\"inLanguage\":\"pt-BR\",\"potentialAction\":[{\"@type\":\"ReadAction\",\"target\":[\"https:\/\/www.pmpf.rs.gov.br\/secretaria-de-seguranca-publica\/2025\/03\/06\/balada-segura-reforca-fiscalizacao-e-combate-a-embriaguez-ao-volante-em-passo-fundo\/\"]}]},{\"@type\":\"ImageObject\",\"inLanguage\":\"pt-BR\",\"@id\":\"https:\/\/www.pmpf.rs.gov.br\/secretaria-de-seguranca-publica\/2025\/03\/06\/balada-segura-reforca-fiscalizacao-e-combate-a-embriaguez-ao-volante-em-passo-fundo\/#primaryimage\",\"url\":\"https:\/\/www.pmpf.rs.gov.br\/secretaria-de-seguranca-publica\/wp-content\/uploads\/sites\/54\/2025\/03\/WhatsApp-Image-2025-03-06-at-14.18.46.jpeg\",\"contentUrl\":\"https:\/\/www.pmpf.rs.gov.br\/secretaria-de-seguranca-publica\/wp-content\/uploads\/sites\/54\/2025\/03\/WhatsApp-Image-2025-03-06-at-14.18.46.jpeg\",\"width\":1600,\"height\":1204},{\"@type\":\"BreadcrumbList\",\"@id\":\"https:\/\/www.pmpf.rs.gov.br\/secretaria-de-seguranca-publica\/2025\/03\/06\/balada-segura-reforca-fiscalizacao-e-combate-a-embriaguez-ao-volante-em-passo-fundo\/#breadcrumb\",\"itemListElement\":[{\"@type\":\"ListItem\",\"position\":1,\"name\":\"In\u00edcio\",\"item\":\"https:\/\/www.pmpf.rs.gov.br\/secretaria-de-seguranca-publica\/\"},{\"@type\":\"ListItem\",\"position\":2,\"name\":\"Balada Segura refor\u00e7a fiscaliza\u00e7\u00e3o e combate \u00e0 embriaguez ao volante em Passo Fundo\"}]},{\"@type\":\"WebSite\",\"@id\":\"https:\/\/www.pmpf.rs.gov.br\/secretaria-de-seguranca-publica\/#website\",\"url\":\"https:\/\/www.pmpf.rs.gov.br\/secretaria-de-seguranca-publica\/\",\"name\":\"Secretaria de Seguran\u00e7a P\u00fablica e Transporte\",\"description\":\"S\u00f3 mais um site Prefeitura de Passo Fundo\",\"potentialAction\":[{\"@type\":\"SearchAction\",\"target\":{\"@type\":\"EntryPoint\",\"urlTemplate\":\"https:\/\/www.pmpf.rs.gov.br\/secretaria-de-seguranca-publica\/?s={search_term_string}\"},\"query-input\":{\"@type\":\"PropertyValueSpecification\",\"valueRequired\":true,\"valueName\":\"search_term_string\"}}],\"inLanguage\":\"pt-BR\"},{\"@type\":\"Person\",\"@id\":\"https:\/\/www.pmpf.rs.gov.br\/secretaria-de-seguranca-publica\/#\/schema\/person\/6e93b0ab2174b69f691ac4f278ba2d0a\",\"name\":\"lilicrivello\",\"image\":{\"@type\":\"ImageObject\",\"inLanguage\":\"pt-BR\",\"@id\":\"https:\/\/www.pmpf.rs.gov.br\/secretaria-de-seguranca-publica\/#\/schema\/person\/image\/\",\"url\":\"https:\/\/secure.gravatar.com\/avatar\/0b546b667388f8edb7b67d70a57b5e46?s=96&d=mm&r=g\",\"contentUrl\":\"https:\/\/secure.gravatar.com\/avatar\/0b546b667388f8edb7b67d70a57b5e46?s=96&d=mm&r=g\",\"caption\":\"lilicrivello\"},\"url\":\"https:\/\/www.pmpf.rs.gov.br\/secretaria-de-seguranca-publica\/author\/lilicrivello\/\"}]}<\/script>\n<!-- \/ Yoast SEO plugin. -->","yoast_head_json":{"title":"Balada Segura refor\u00e7a fiscaliza\u00e7\u00e3o e combate \u00e0 embriaguez ao volante em Passo Fundo - Secretaria de Seguran\u00e7a P\u00fablica e Transporte","robots":{"index":"index","follow":"follow","max-snippet":"max-snippet:-1","max-image-preview":"max-image-preview:large","max-video-preview":"max-video-preview:-1"},"canonical":"https:\/\/www.pmpf.rs.gov.br\/secretaria-de-seguranca-publica\/2025\/03\/06\/balada-segura-reforca-fiscalizacao-e-combate-a-embriaguez-ao-volante-em-passo-fundo\/","og_locale":"pt_BR","og_type":"article","og_title":"Balada Segura refor\u00e7a fiscaliza\u00e7\u00e3o e combate \u00e0 embriaguez ao volante em Passo Fundo - Secretaria de Seguran\u00e7a P\u00fablica e Transporte","og_description":"A Opera\u00e7\u00e3o Balada Segura, realizada pela Prefeitura, atrav\u00e9s da Secretaria de Seguran\u00e7a P\u00fablica de Passo Fundo em conjunto com a Guarda Municipal de Tr\u00e2nsito e Brigada Militar, segue ampliando a fiscaliza\u00e7\u00e3o e [&hellip;]","og_url":"https:\/\/www.pmpf.rs.gov.br\/secretaria-de-seguranca-publica\/2025\/03\/06\/balada-segura-reforca-fiscalizacao-e-combate-a-embriaguez-ao-volante-em-passo-fundo\/","og_site_name":"Secretaria de Seguran\u00e7a P\u00fablica e Transporte","article_published_time":"2025-03-06T17:22:53+00:00","article_modified_time":"2025-03-06T17:22:58+00:00","author":"lilicrivello","twitter_card":"summary_large_image","twitter_misc":{"Escrito por":"lilicrivello","Est. tempo de leitura":"2 minutos"},"schema":{"@context":"https:\/\/schema.org","@graph":[{"@type":"WebPage","@id":"https:\/\/www.pmpf.rs.gov.br\/secretaria-de-seguranca-publica\/2025\/03\/06\/balada-segura-reforca-fiscalizacao-e-combate-a-embriaguez-ao-volante-em-passo-fundo\/","url":"https:\/\/www.pmpf.rs.gov.br\/secretaria-de-seguranca-publica\/2025\/03\/06\/balada-segura-reforca-fiscalizacao-e-combate-a-embriaguez-ao-volante-em-passo-fundo\/","name":"Balada Segura refor\u00e7a fiscaliza\u00e7\u00e3o e combate \u00e0 embriaguez ao volante em Passo Fundo - Secretaria de Seguran\u00e7a P\u00fablica e Transporte","isPartOf":{"@id":"https:\/\/www.pmpf.rs.gov.br\/secretaria-de-seguranca-publica\/#website"},"primaryImageOfPage":{"@id":"https:\/\/www.pmpf.rs.gov.br\/secretaria-de-seguranca-publica\/2025\/03\/06\/balada-segura-reforca-fiscalizacao-e-combate-a-embriaguez-ao-volante-em-passo-fundo\/#primaryimage"},"image":{"@id":"https:\/\/www.pmpf.rs.gov.br\/secretaria-de-seguranca-publica\/2025\/03\/06\/balada-segura-reforca-fiscalizacao-e-combate-a-embriaguez-ao-volante-em-passo-fundo\/#primaryimage"},"thumbnailUrl":"https:\/\/www.pmpf.rs.gov.br\/secretaria-de-seguranca-publica\/wp-content\/uploads\/sites\/54\/2025\/03\/WhatsApp-Image-2025-03-06-at-14.18.46.jpeg","datePublished":"2025-03-06T17:22:53+00:00","dateModified":"2025-03-06T17:22:58+00:00","author":{"@id":"https:\/\/www.pmpf.rs.gov.br\/secretaria-de-seguranca-publica\/#\/schema\/person\/6e93b0ab2174b69f691ac4f278ba2d0a"},"breadcrumb":{"@id":"https:\/\/www.pmpf.rs.gov.br\/secretaria-de-seguranca-publica\/2025\/03\/06\/balada-segura-reforca-fiscalizacao-e-combate-a-embriaguez-ao-volante-em-passo-fundo\/#breadcrumb"},"inLanguage":"pt-BR","potentialAction":[{"@type":"ReadAction","target":["https:\/\/www.pmpf.rs.gov.br\/secretaria-de-seguranca-publica\/2025\/03\/06\/balada-segura-reforca-fiscalizacao-e-combate-a-embriaguez-ao-volante-em-passo-fundo\/"]}]},{"@type":"ImageObject","inLanguage":"pt-BR","@id":"https:\/\/www.pmpf.rs.gov.br\/secretaria-de-seguranca-publica\/2025\/03\/06\/balada-segura-reforca-fiscalizacao-e-combate-a-embriaguez-ao-volante-em-passo-fundo\/#primaryimage","url":"https:\/\/www.pmpf.rs.gov.br\/secretaria-de-seguranca-publica\/wp-content\/uploads\/sites\/54\/2025\/03\/WhatsApp-Image-2025-03-06-at-14.18.46.jpeg","contentUrl":"https:\/\/www.pmpf.rs.gov.br\/secretaria-de-seguranca-publica\/wp-content\/uploads\/sites\/54\/2025\/03\/WhatsApp-Image-2025-03-06-at-14.18.46.jpeg","width":1600,"height":1204},{"@type":"BreadcrumbList","@id":"https:\/\/www.pmpf.rs.gov.br\/secretaria-de-seguranca-publica\/2025\/03\/06\/balada-segura-reforca-fiscalizacao-e-combate-a-embriaguez-ao-volante-em-passo-fundo\/#breadcrumb","itemListElement":[{"@type":"ListItem","position":1,"name":"In\u00edcio","item":"https:\/\/www.pmpf.rs.gov.br\/secretaria-de-seguranca-publica\/"},{"@type":"ListItem","position":2,"name":"Balada Segura refor\u00e7a fiscaliza\u00e7\u00e3o e combate \u00e0 embriaguez ao volante em Passo Fundo"}]},{"@type":"WebSite","@id":"https:\/\/www.pmpf.rs.gov.br\/secretaria-de-seguranca-publica\/#website","url":"https:\/\/www.pmpf.rs.gov.br\/secretaria-de-seguranca-publica\/","name":"Secretaria de Seguran\u00e7a P\u00fablica e Transporte","description":"S\u00f3 mais um site Prefeitura de Passo Fundo","potentialAction":[{"@type":"SearchAction","target":{"@type":"EntryPoint","urlTemplate":"https:\/\/www.pmpf.rs.gov.br\/secretaria-de-seguranca-publica\/?s={search_term_string}"},"query-input":{"@type":"PropertyValueSpecification","valueRequired":true,"valueName":"search_term_string"}}],"inLanguage":"pt-BR"},{"@type":"Person","@id":"https:\/\/www.pmpf.rs.gov.br\/secretaria-de-seguranca-publica\/#\/schema\/person\/6e93b0ab2174b69f691ac4f278ba2d0a","name":"lilicrivello","image":{"@type":"ImageObject","inLanguage":"pt-BR","@id":"https:\/\/www.pmpf.rs.gov.br\/secretaria-de-seguranca-publica\/#\/schema\/person\/image\/","url":"https:\/\/secure.gravatar.com\/avatar\/0b546b667388f8edb7b67d70a57b5e46?s=96&d=mm&r=g","contentUrl":"https:\/\/secure.gravatar.com\/avatar\/0b546b667388f8edb7b67d70a57b5e46?s=96&d=mm&r=g","caption":"lilicrivello"},"url":"https:\/\/www.pmpf.rs.gov.br\/secretaria-de-seguranca-publica\/author\/lilicrivello\/"}]}},"_links":{"self":[{"href":"https:\/\/www.pmpf.rs.gov.br\/secretaria-de-seguranca-publica\/wp-json\/wp\/v2\/posts\/1182"}],"collection":[{"href":"https:\/\/www.pmpf.rs.gov.br\/secretaria-de-seguranca-publica\/wp-json\/wp\/v2\/posts"}],"about":[{"href":"https:\/\/www.pmpf.rs.gov.br\/secretaria-de-seguranca-publica\/wp-json\/wp\/v2\/types\/post"}],"author":[{"embeddable":true,"href":"https:\/\/www.pmpf.rs.gov.br\/secretaria-de-seguranca-publica\/wp-json\/wp\/v2\/users\/24"}],"replies":[{"embeddable":true,"href":"https:\/\/www.pmpf.rs.gov.br\/secretaria-de-seguranca-publica\/wp-json\/wp\/v2\/comments?post=1182"}],"version-history":[{"count":1,"href":"https:\/\/www.pmpf.rs.gov.br\/secretaria-de-seguranca-publica\/wp-json\/wp\/v2\/posts\/1182\/revisions"}],"predecessor-version":[{"id":1184,"href":"https:\/\/www.pmpf.rs.gov.br\/secretaria-de-seguranca-publica\/wp-json\/wp\/v2\/posts\/1182\/revisions\/1184"}],"wp:featuredmedia":[{"embeddable":true,"href":"https:\/\/www.pmpf.rs.gov.br\/secretaria-de-seguranca-publica\/wp-json\/wp\/v2\/media\/1183"}],"wp:attachment":[{"href":"https:\/\/www.pmpf.rs.gov.br\/secretaria-de-seguranca-publica\/wp-json\/wp\/v2\/media?parent=1182"}],"wp:term":[{"taxonomy":"category","embeddable":true,"href":"https:\/\/www.pmpf.rs.gov.br\/secretaria-de-seguranca-publica\/wp-json\/wp\/v2\/categories?post=1182"},{"taxonomy":"post_tag","embeddable":true,"href":"https:\/\/www.pmpf.rs.gov.br\/secretaria-de-seguranca-publica\/wp-json\/wp\/v2\/tags?post=1182"}],"curies":[{"name":"wp","href":"https:\/\/api.w.org\/{rel}","templated":true}]}}