{"id":1117,"date":"2024-11-12T15:37:51","date_gmt":"2024-11-12T18:37:51","guid":{"rendered":"https:\/\/www.pmpf.rs.gov.br\/secretaria-de-seguranca-publica\/?p=1117"},"modified":"2024-11-12T15:37:52","modified_gmt":"2024-11-12T18:37:52","slug":"indicadores-do-transito-demonstram-reducao-de-acidentes-fatais-e-atropelamentos","status":"publish","type":"post","link":"https:\/\/www.pmpf.rs.gov.br\/secretaria-de-seguranca-publica\/2024\/11\/12\/indicadores-do-transito-demonstram-reducao-de-acidentes-fatais-e-atropelamentos\/","title":{"rendered":"Indicadores do tr\u00e2nsito demonstram redu\u00e7\u00e3o de acidentes fatais e atropelamentos"},"content":{"rendered":"\n<p>A prefeitura de Passo Fundo, por meio da secretaria de Seguran\u00e7a P\u00fablica, apresentou os dados de acidentes de tr\u00e2nsito dos tr\u00eas primeiros trimestres de 2024, revelando uma redu\u00e7\u00e3o significativa nos \u00edndices de ocorr\u00eancias com les\u00f5es e atropelamentos, al\u00e9m de uma diminui\u00e7\u00e3o expressiva no n\u00famero de mortes em compara\u00e7\u00e3o ao mesmo per\u00edodo de 2023.<\/p>\n\n\n\n<p>A an\u00e1lise dos indicadores de tr\u00e2nsito \u00e9 realizada h\u00e1 11 anos pelo N\u00facleo de Educa\u00e7\u00e3o para o Tr\u00e2nsito, que monitora o comportamento dos n\u00fameros e avalia os impactos das medidas adotadas. Em 2024, o total de acidentes com danos materiais teve um leve aumento, registrando 1.871 incidentes entre janeiro e setembro \u2014 uma alta de 2,86% em rela\u00e7\u00e3o ao ano passado, quando foram contabilizados 1.819 casos. Apesar disso, o secret\u00e1rio enfatiza que essa varia\u00e7\u00e3o est\u00e1 dentro da normalidade e n\u00e3o representa uma mudan\u00e7a substancial na seguran\u00e7a do tr\u00e2nsito.<\/p>\n\n\n\n<p>Conforme o secret\u00e1rio Jo\u00e3o Darci Gon\u00e7alves da Rosa, a queda nos acidentes mais graves reflete os esfor\u00e7os cont\u00ednuos da gest\u00e3o para aprimorar a seguran\u00e7a vi\u00e1ria na cidade. O destaque est\u00e1 nos acidentes com les\u00f5es e atropelamentos, que apresentaram uma queda consider\u00e1vel. &#8220;Observamos uma diminui\u00e7\u00e3o de 2,20% nas ocorr\u00eancias com les\u00f5es, com nove casos a menos do que em 2023, al\u00e9m de uma redu\u00e7\u00e3o de 30,77% nos atropelamentos, que ca\u00edram de 39 para 27 incidentes,&#8221; afirma Jo\u00e3o Darci. Ele ressalta que a preven\u00e7\u00e3o de atropelamentos e les\u00f5es graves tem sido uma prioridade nas a\u00e7\u00f5es de fiscaliza\u00e7\u00e3o e educa\u00e7\u00e3o no tr\u00e2nsito.<\/p>\n\n\n\n<p>O secret\u00e1rio considera o resultado positivo, especialmente devido ao crescimento constante da frota de ve\u00edculos na cidade. &#8220;A nossa frota aumenta todos os anos, mas os n\u00fameros de acidentes est\u00e3o em constante queda. Isso \u00e9 muito bom e mostra o impacto das nossas a\u00e7\u00f5es,&#8221; afirma. Ele atribui os resultados a um conjunto de fatores, entre eles diversas melhorias de infraestrutura, sinaliza\u00e7\u00f5es permanentes, fiscaliza\u00e7\u00e3o e atividades de conscientiza\u00e7\u00e3o. \u201cAl\u00e9m disso, realizamos a\u00e7\u00f5es pontuais com potenciais v\u00edtimas do tr\u00e2nsito, o que tem sido essencial para reduzir os n\u00fameros mais graves,&#8221; destaca.<\/p>\n\n\n\n<p>Outro dado positivo refere-se \u00e0 redu\u00e7\u00e3o no n\u00famero de \u00f3bitos no tr\u00e2nsito urbano. Em 2024, ocorreram tr\u00eas mortes no per\u00edodo de janeiro a setembro, comparado com cinco no ano anterior, representando uma redu\u00e7\u00e3o de 40%. \u201cA queda nos indicadores mais graves \u00e9 um reflexo dos esfor\u00e7os conjuntos da Prefeitura, dos agentes de tr\u00e2nsito e da comunidade, que t\u00eam colaborado para um tr\u00e2nsito mais seguro em Passo Fundo\u201d, finaliza o secret\u00e1rio.<\/p>\n","protected":false},"excerpt":{"rendered":"<p>A prefeitura de Passo Fundo, por meio da secretaria de Seguran\u00e7a P\u00fablica, apresentou os dados de acidentes de tr\u00e2nsito dos tr\u00eas primeiros trimestres de 2024, revelando uma redu\u00e7\u00e3o significativa nos \u00edndices de [&hellip;]<\/p>\n","protected":false},"author":24,"featured_media":1118,"comment_status":"closed","ping_status":"closed","sticky":false,"template":"","format":"standard","meta":{"footnotes":""},"categories":[1],"tags":[],"class_list":["post-1117","post","type-post","status-publish","format-standard","has-post-thumbnail","hentry","category-sem-categoria"],"yoast_head":"<!-- This site is optimized with the Yoast SEO plugin v23.8 - https:\/\/yoast.com\/wordpress\/plugins\/seo\/ -->\n<title>Indicadores do tr\u00e2nsito demonstram redu\u00e7\u00e3o de acidentes fatais e atropelamentos - Secretaria de Seguran\u00e7a P\u00fablica e Transporte<\/title>\n<meta name=\"robots\" content=\"index, follow, max-snippet:-1, max-image-preview:large, max-video-preview:-1\" \/>\n<link rel=\"canonical\" href=\"https:\/\/www.pmpf.rs.gov.br\/secretaria-de-seguranca-publica\/2024\/11\/12\/indicadores-do-transito-demonstram-reducao-de-acidentes-fatais-e-atropelamentos\/\" \/>\n<meta property=\"og:locale\" content=\"pt_BR\" \/>\n<meta property=\"og:type\" content=\"article\" \/>\n<meta property=\"og:title\" content=\"Indicadores do tr\u00e2nsito demonstram redu\u00e7\u00e3o de acidentes fatais e atropelamentos - Secretaria de Seguran\u00e7a P\u00fablica e Transporte\" \/>\n<meta property=\"og:description\" content=\"A prefeitura de Passo Fundo, por meio da secretaria de Seguran\u00e7a P\u00fablica, apresentou os dados de acidentes de tr\u00e2nsito dos tr\u00eas primeiros trimestres de 2024, revelando uma redu\u00e7\u00e3o significativa nos \u00edndices de [&hellip;]\" \/>\n<meta property=\"og:url\" content=\"https:\/\/www.pmpf.rs.gov.br\/secretaria-de-seguranca-publica\/2024\/11\/12\/indicadores-do-transito-demonstram-reducao-de-acidentes-fatais-e-atropelamentos\/\" \/>\n<meta property=\"og:site_name\" content=\"Secretaria de Seguran\u00e7a P\u00fablica e Transporte\" \/>\n<meta property=\"article:published_time\" content=\"2024-11-12T18:37:51+00:00\" \/>\n<meta property=\"article:modified_time\" content=\"2024-11-12T18:37:52+00:00\" \/>\n<meta name=\"author\" content=\"lilicrivello\" \/>\n<meta name=\"twitter:card\" content=\"summary_large_image\" \/>\n<meta name=\"twitter:label1\" content=\"Escrito por\" \/>\n\t<meta name=\"twitter:data1\" content=\"lilicrivello\" \/>\n\t<meta name=\"twitter:label2\" content=\"Est. tempo de leitura\" \/>\n\t<meta name=\"twitter:data2\" content=\"2 minutos\" \/>\n<script type=\"application\/ld+json\" class=\"yoast-schema-graph\">{\"@context\":\"https:\/\/schema.org\",\"@graph\":[{\"@type\":\"WebPage\",\"@id\":\"https:\/\/www.pmpf.rs.gov.br\/secretaria-de-seguranca-publica\/2024\/11\/12\/indicadores-do-transito-demonstram-reducao-de-acidentes-fatais-e-atropelamentos\/\",\"url\":\"https:\/\/www.pmpf.rs.gov.br\/secretaria-de-seguranca-publica\/2024\/11\/12\/indicadores-do-transito-demonstram-reducao-de-acidentes-fatais-e-atropelamentos\/\",\"name\":\"Indicadores do tr\u00e2nsito demonstram redu\u00e7\u00e3o de acidentes fatais e atropelamentos - Secretaria de Seguran\u00e7a P\u00fablica e Transporte\",\"isPartOf\":{\"@id\":\"https:\/\/www.pmpf.rs.gov.br\/secretaria-de-seguranca-publica\/#website\"},\"primaryImageOfPage\":{\"@id\":\"https:\/\/www.pmpf.rs.gov.br\/secretaria-de-seguranca-publica\/2024\/11\/12\/indicadores-do-transito-demonstram-reducao-de-acidentes-fatais-e-atropelamentos\/#primaryimage\"},\"image\":{\"@id\":\"https:\/\/www.pmpf.rs.gov.br\/secretaria-de-seguranca-publica\/2024\/11\/12\/indicadores-do-transito-demonstram-reducao-de-acidentes-fatais-e-atropelamentos\/#primaryimage\"},\"thumbnailUrl\":\"https:\/\/www.pmpf.rs.gov.br\/secretaria-de-seguranca-publica\/wp-content\/uploads\/sites\/54\/2024\/11\/WhatsApp-Image-2024-11-12-at-15.22.00.jpeg\",\"datePublished\":\"2024-11-12T18:37:51+00:00\",\"dateModified\":\"2024-11-12T18:37:52+00:00\",\"author\":{\"@id\":\"https:\/\/www.pmpf.rs.gov.br\/secretaria-de-seguranca-publica\/#\/schema\/person\/6e93b0ab2174b69f691ac4f278ba2d0a\"},\"breadcrumb\":{\"@id\":\"https:\/\/www.pmpf.rs.gov.br\/secretaria-de-seguranca-publica\/2024\/11\/12\/indicadores-do-transito-demonstram-reducao-de-acidentes-fatais-e-atropelamentos\/#breadcrumb\"},\"inLanguage\":\"pt-BR\",\"potentialAction\":[{\"@type\":\"ReadAction\",\"target\":[\"https:\/\/www.pmpf.rs.gov.br\/secretaria-de-seguranca-publica\/2024\/11\/12\/indicadores-do-transito-demonstram-reducao-de-acidentes-fatais-e-atropelamentos\/\"]}]},{\"@type\":\"ImageObject\",\"inLanguage\":\"pt-BR\",\"@id\":\"https:\/\/www.pmpf.rs.gov.br\/secretaria-de-seguranca-publica\/2024\/11\/12\/indicadores-do-transito-demonstram-reducao-de-acidentes-fatais-e-atropelamentos\/#primaryimage\",\"url\":\"https:\/\/www.pmpf.rs.gov.br\/secretaria-de-seguranca-publica\/wp-content\/uploads\/sites\/54\/2024\/11\/WhatsApp-Image-2024-11-12-at-15.22.00.jpeg\",\"contentUrl\":\"https:\/\/www.pmpf.rs.gov.br\/secretaria-de-seguranca-publica\/wp-content\/uploads\/sites\/54\/2024\/11\/WhatsApp-Image-2024-11-12-at-15.22.00.jpeg\",\"width\":1600,\"height\":1066},{\"@type\":\"BreadcrumbList\",\"@id\":\"https:\/\/www.pmpf.rs.gov.br\/secretaria-de-seguranca-publica\/2024\/11\/12\/indicadores-do-transito-demonstram-reducao-de-acidentes-fatais-e-atropelamentos\/#breadcrumb\",\"itemListElement\":[{\"@type\":\"ListItem\",\"position\":1,\"name\":\"In\u00edcio\",\"item\":\"https:\/\/www.pmpf.rs.gov.br\/secretaria-de-seguranca-publica\/\"},{\"@type\":\"ListItem\",\"position\":2,\"name\":\"Indicadores do tr\u00e2nsito demonstram redu\u00e7\u00e3o de acidentes fatais e atropelamentos\"}]},{\"@type\":\"WebSite\",\"@id\":\"https:\/\/www.pmpf.rs.gov.br\/secretaria-de-seguranca-publica\/#website\",\"url\":\"https:\/\/www.pmpf.rs.gov.br\/secretaria-de-seguranca-publica\/\",\"name\":\"Secretaria de Seguran\u00e7a P\u00fablica e Transporte\",\"description\":\"S\u00f3 mais um site Prefeitura de Passo Fundo\",\"potentialAction\":[{\"@type\":\"SearchAction\",\"target\":{\"@type\":\"EntryPoint\",\"urlTemplate\":\"https:\/\/www.pmpf.rs.gov.br\/secretaria-de-seguranca-publica\/?s={search_term_string}\"},\"query-input\":{\"@type\":\"PropertyValueSpecification\",\"valueRequired\":true,\"valueName\":\"search_term_string\"}}],\"inLanguage\":\"pt-BR\"},{\"@type\":\"Person\",\"@id\":\"https:\/\/www.pmpf.rs.gov.br\/secretaria-de-seguranca-publica\/#\/schema\/person\/6e93b0ab2174b69f691ac4f278ba2d0a\",\"name\":\"lilicrivello\",\"image\":{\"@type\":\"ImageObject\",\"inLanguage\":\"pt-BR\",\"@id\":\"https:\/\/www.pmpf.rs.gov.br\/secretaria-de-seguranca-publica\/#\/schema\/person\/image\/\",\"url\":\"https:\/\/secure.gravatar.com\/avatar\/0b546b667388f8edb7b67d70a57b5e46?s=96&d=mm&r=g\",\"contentUrl\":\"https:\/\/secure.gravatar.com\/avatar\/0b546b667388f8edb7b67d70a57b5e46?s=96&d=mm&r=g\",\"caption\":\"lilicrivello\"},\"url\":\"https:\/\/www.pmpf.rs.gov.br\/secretaria-de-seguranca-publica\/author\/lilicrivello\/\"}]}<\/script>\n<!-- \/ Yoast SEO plugin. -->","yoast_head_json":{"title":"Indicadores do tr\u00e2nsito demonstram redu\u00e7\u00e3o de acidentes fatais e atropelamentos - Secretaria de Seguran\u00e7a P\u00fablica e Transporte","robots":{"index":"index","follow":"follow","max-snippet":"max-snippet:-1","max-image-preview":"max-image-preview:large","max-video-preview":"max-video-preview:-1"},"canonical":"https:\/\/www.pmpf.rs.gov.br\/secretaria-de-seguranca-publica\/2024\/11\/12\/indicadores-do-transito-demonstram-reducao-de-acidentes-fatais-e-atropelamentos\/","og_locale":"pt_BR","og_type":"article","og_title":"Indicadores do tr\u00e2nsito demonstram redu\u00e7\u00e3o de acidentes fatais e atropelamentos - Secretaria de Seguran\u00e7a P\u00fablica e Transporte","og_description":"A prefeitura de Passo Fundo, por meio da secretaria de Seguran\u00e7a P\u00fablica, apresentou os dados de acidentes de tr\u00e2nsito dos tr\u00eas primeiros trimestres de 2024, revelando uma redu\u00e7\u00e3o significativa nos \u00edndices de [&hellip;]","og_url":"https:\/\/www.pmpf.rs.gov.br\/secretaria-de-seguranca-publica\/2024\/11\/12\/indicadores-do-transito-demonstram-reducao-de-acidentes-fatais-e-atropelamentos\/","og_site_name":"Secretaria de Seguran\u00e7a P\u00fablica e Transporte","article_published_time":"2024-11-12T18:37:51+00:00","article_modified_time":"2024-11-12T18:37:52+00:00","author":"lilicrivello","twitter_card":"summary_large_image","twitter_misc":{"Escrito por":"lilicrivello","Est. tempo de leitura":"2 minutos"},"schema":{"@context":"https:\/\/schema.org","@graph":[{"@type":"WebPage","@id":"https:\/\/www.pmpf.rs.gov.br\/secretaria-de-seguranca-publica\/2024\/11\/12\/indicadores-do-transito-demonstram-reducao-de-acidentes-fatais-e-atropelamentos\/","url":"https:\/\/www.pmpf.rs.gov.br\/secretaria-de-seguranca-publica\/2024\/11\/12\/indicadores-do-transito-demonstram-reducao-de-acidentes-fatais-e-atropelamentos\/","name":"Indicadores do tr\u00e2nsito demonstram redu\u00e7\u00e3o de acidentes fatais e atropelamentos - Secretaria de Seguran\u00e7a P\u00fablica e Transporte","isPartOf":{"@id":"https:\/\/www.pmpf.rs.gov.br\/secretaria-de-seguranca-publica\/#website"},"primaryImageOfPage":{"@id":"https:\/\/www.pmpf.rs.gov.br\/secretaria-de-seguranca-publica\/2024\/11\/12\/indicadores-do-transito-demonstram-reducao-de-acidentes-fatais-e-atropelamentos\/#primaryimage"},"image":{"@id":"https:\/\/www.pmpf.rs.gov.br\/secretaria-de-seguranca-publica\/2024\/11\/12\/indicadores-do-transito-demonstram-reducao-de-acidentes-fatais-e-atropelamentos\/#primaryimage"},"thumbnailUrl":"https:\/\/www.pmpf.rs.gov.br\/secretaria-de-seguranca-publica\/wp-content\/uploads\/sites\/54\/2024\/11\/WhatsApp-Image-2024-11-12-at-15.22.00.jpeg","datePublished":"2024-11-12T18:37:51+00:00","dateModified":"2024-11-12T18:37:52+00:00","author":{"@id":"https:\/\/www.pmpf.rs.gov.br\/secretaria-de-seguranca-publica\/#\/schema\/person\/6e93b0ab2174b69f691ac4f278ba2d0a"},"breadcrumb":{"@id":"https:\/\/www.pmpf.rs.gov.br\/secretaria-de-seguranca-publica\/2024\/11\/12\/indicadores-do-transito-demonstram-reducao-de-acidentes-fatais-e-atropelamentos\/#breadcrumb"},"inLanguage":"pt-BR","potentialAction":[{"@type":"ReadAction","target":["https:\/\/www.pmpf.rs.gov.br\/secretaria-de-seguranca-publica\/2024\/11\/12\/indicadores-do-transito-demonstram-reducao-de-acidentes-fatais-e-atropelamentos\/"]}]},{"@type":"ImageObject","inLanguage":"pt-BR","@id":"https:\/\/www.pmpf.rs.gov.br\/secretaria-de-seguranca-publica\/2024\/11\/12\/indicadores-do-transito-demonstram-reducao-de-acidentes-fatais-e-atropelamentos\/#primaryimage","url":"https:\/\/www.pmpf.rs.gov.br\/secretaria-de-seguranca-publica\/wp-content\/uploads\/sites\/54\/2024\/11\/WhatsApp-Image-2024-11-12-at-15.22.00.jpeg","contentUrl":"https:\/\/www.pmpf.rs.gov.br\/secretaria-de-seguranca-publica\/wp-content\/uploads\/sites\/54\/2024\/11\/WhatsApp-Image-2024-11-12-at-15.22.00.jpeg","width":1600,"height":1066},{"@type":"BreadcrumbList","@id":"https:\/\/www.pmpf.rs.gov.br\/secretaria-de-seguranca-publica\/2024\/11\/12\/indicadores-do-transito-demonstram-reducao-de-acidentes-fatais-e-atropelamentos\/#breadcrumb","itemListElement":[{"@type":"ListItem","position":1,"name":"In\u00edcio","item":"https:\/\/www.pmpf.rs.gov.br\/secretaria-de-seguranca-publica\/"},{"@type":"ListItem","position":2,"name":"Indicadores do tr\u00e2nsito demonstram redu\u00e7\u00e3o de acidentes fatais e atropelamentos"}]},{"@type":"WebSite","@id":"https:\/\/www.pmpf.rs.gov.br\/secretaria-de-seguranca-publica\/#website","url":"https:\/\/www.pmpf.rs.gov.br\/secretaria-de-seguranca-publica\/","name":"Secretaria de Seguran\u00e7a P\u00fablica e Transporte","description":"S\u00f3 mais um site Prefeitura de Passo Fundo","potentialAction":[{"@type":"SearchAction","target":{"@type":"EntryPoint","urlTemplate":"https:\/\/www.pmpf.rs.gov.br\/secretaria-de-seguranca-publica\/?s={search_term_string}"},"query-input":{"@type":"PropertyValueSpecification","valueRequired":true,"valueName":"search_term_string"}}],"inLanguage":"pt-BR"},{"@type":"Person","@id":"https:\/\/www.pmpf.rs.gov.br\/secretaria-de-seguranca-publica\/#\/schema\/person\/6e93b0ab2174b69f691ac4f278ba2d0a","name":"lilicrivello","image":{"@type":"ImageObject","inLanguage":"pt-BR","@id":"https:\/\/www.pmpf.rs.gov.br\/secretaria-de-seguranca-publica\/#\/schema\/person\/image\/","url":"https:\/\/secure.gravatar.com\/avatar\/0b546b667388f8edb7b67d70a57b5e46?s=96&d=mm&r=g","contentUrl":"https:\/\/secure.gravatar.com\/avatar\/0b546b667388f8edb7b67d70a57b5e46?s=96&d=mm&r=g","caption":"lilicrivello"},"url":"https:\/\/www.pmpf.rs.gov.br\/secretaria-de-seguranca-publica\/author\/lilicrivello\/"}]}},"_links":{"self":[{"href":"https:\/\/www.pmpf.rs.gov.br\/secretaria-de-seguranca-publica\/wp-json\/wp\/v2\/posts\/1117"}],"collection":[{"href":"https:\/\/www.pmpf.rs.gov.br\/secretaria-de-seguranca-publica\/wp-json\/wp\/v2\/posts"}],"about":[{"href":"https:\/\/www.pmpf.rs.gov.br\/secretaria-de-seguranca-publica\/wp-json\/wp\/v2\/types\/post"}],"author":[{"embeddable":true,"href":"https:\/\/www.pmpf.rs.gov.br\/secretaria-de-seguranca-publica\/wp-json\/wp\/v2\/users\/24"}],"replies":[{"embeddable":true,"href":"https:\/\/www.pmpf.rs.gov.br\/secretaria-de-seguranca-publica\/wp-json\/wp\/v2\/comments?post=1117"}],"version-history":[{"count":1,"href":"https:\/\/www.pmpf.rs.gov.br\/secretaria-de-seguranca-publica\/wp-json\/wp\/v2\/posts\/1117\/revisions"}],"predecessor-version":[{"id":1119,"href":"https:\/\/www.pmpf.rs.gov.br\/secretaria-de-seguranca-publica\/wp-json\/wp\/v2\/posts\/1117\/revisions\/1119"}],"wp:featuredmedia":[{"embeddable":true,"href":"https:\/\/www.pmpf.rs.gov.br\/secretaria-de-seguranca-publica\/wp-json\/wp\/v2\/media\/1118"}],"wp:attachment":[{"href":"https:\/\/www.pmpf.rs.gov.br\/secretaria-de-seguranca-publica\/wp-json\/wp\/v2\/media?parent=1117"}],"wp:term":[{"taxonomy":"category","embeddable":true,"href":"https:\/\/www.pmpf.rs.gov.br\/secretaria-de-seguranca-publica\/wp-json\/wp\/v2\/categories?post=1117"},{"taxonomy":"post_tag","embeddable":true,"href":"https:\/\/www.pmpf.rs.gov.br\/secretaria-de-seguranca-publica\/wp-json\/wp\/v2\/tags?post=1117"}],"curies":[{"name":"wp","href":"https:\/\/api.w.org\/{rel}","templated":true}]}}