{"id":1114,"date":"2024-10-31T13:48:36","date_gmt":"2024-10-31T16:48:36","guid":{"rendered":"https:\/\/www.pmpf.rs.gov.br\/secretaria-de-seguranca-publica\/?p=1114"},"modified":"2024-10-31T13:48:37","modified_gmt":"2024-10-31T16:48:37","slug":"prefeitura-e-brigada-militar-realizam-mais-uma-edicao-da-operacao-balada-segura-em-passo-fundo","status":"publish","type":"post","link":"https:\/\/www.pmpf.rs.gov.br\/secretaria-de-seguranca-publica\/2024\/10\/31\/prefeitura-e-brigada-militar-realizam-mais-uma-edicao-da-operacao-balada-segura-em-passo-fundo\/","title":{"rendered":"Prefeitura e Brigada Militar realizam mais uma edi\u00e7\u00e3o da Opera\u00e7\u00e3o Balada Segura em Passo Fundo"},"content":{"rendered":"\n<p>Na noite de quarta-feira (30), a Secretaria de Seguran\u00e7a P\u00fablica de Passo Fundo, em parceria com a Brigada Militar (BM), realizou mais uma opera\u00e7\u00e3o Balada Segura, visando a conscientiza\u00e7\u00e3o e a seguran\u00e7a no tr\u00e2nsito da cidade. O ponto de abordagem foi na Avenida Brasil Oeste, junto ao cruzamento com a Rua Castanho da Rocha, onde 84 ve\u00edculos foram fiscalizados e 91 pessoas identificadas.<\/p>\n\n\n\n<p>A a\u00e7\u00e3o, que soma 41 edi\u00e7\u00f5es neste ano, resultou na apreens\u00e3o preventiva de tr\u00eas Carteiras Nacionais de Habilita\u00e7\u00e3o (CNHs) e no recolhimento de dois ve\u00edculos ao p\u00e1tio do guincho Petr\u00f3polis. Tr\u00eas motoristas foram autuados por se recusarem a realizar o teste do etil\u00f4metro e, ao todo, foram lavrados 13 autos de infra\u00e7\u00e3o por diversas irregularidades de tr\u00e2nsito.<\/p>\n\n\n\n<p>O secret\u00e1rio de Seguran\u00e7a P\u00fablica, Jo\u00e3o Darci Gon\u00e7alves da Rosa, destacou a import\u00e2ncia dessas opera\u00e7\u00f5es para a seguran\u00e7a da popula\u00e7\u00e3o. &#8220;As a\u00e7\u00f5es da Balada Segura buscam coibir pr\u00e1ticas perigosas e conscientizar os motoristas sobre os riscos da combina\u00e7\u00e3o entre \u00e1lcool e dire\u00e7\u00e3o. Nosso compromisso \u00e9 intensificar as fiscaliza\u00e7\u00f5es e promover um tr\u00e2nsito mais seguro em Passo Fundo&#8221;, afirmou.<\/p>\n","protected":false},"excerpt":{"rendered":"<p>Na noite de quarta-feira (30), a Secretaria de Seguran\u00e7a P\u00fablica de Passo Fundo, em parceria com a Brigada Militar (BM), realizou mais uma opera\u00e7\u00e3o Balada Segura, visando a conscientiza\u00e7\u00e3o e a seguran\u00e7a [&hellip;]<\/p>\n","protected":false},"author":24,"featured_media":1115,"comment_status":"closed","ping_status":"closed","sticky":false,"template":"","format":"standard","meta":{"footnotes":""},"categories":[1],"tags":[],"class_list":["post-1114","post","type-post","status-publish","format-standard","has-post-thumbnail","hentry","category-sem-categoria"],"yoast_head":"<!-- This site is optimized with the Yoast SEO plugin v23.8 - https:\/\/yoast.com\/wordpress\/plugins\/seo\/ -->\n<title>Prefeitura e Brigada Militar realizam mais uma edi\u00e7\u00e3o da Opera\u00e7\u00e3o Balada Segura em Passo Fundo - Secretaria de Seguran\u00e7a P\u00fablica e Transporte<\/title>\n<meta name=\"robots\" content=\"index, follow, max-snippet:-1, max-image-preview:large, max-video-preview:-1\" \/>\n<link rel=\"canonical\" href=\"https:\/\/www.pmpf.rs.gov.br\/secretaria-de-seguranca-publica\/2024\/10\/31\/prefeitura-e-brigada-militar-realizam-mais-uma-edicao-da-operacao-balada-segura-em-passo-fundo\/\" \/>\n<meta property=\"og:locale\" content=\"pt_BR\" \/>\n<meta property=\"og:type\" content=\"article\" \/>\n<meta property=\"og:title\" content=\"Prefeitura e Brigada Militar realizam mais uma edi\u00e7\u00e3o da Opera\u00e7\u00e3o Balada Segura em Passo Fundo - Secretaria de Seguran\u00e7a P\u00fablica e Transporte\" \/>\n<meta property=\"og:description\" content=\"Na noite de quarta-feira (30), a Secretaria de Seguran\u00e7a P\u00fablica de Passo Fundo, em parceria com a Brigada Militar (BM), realizou mais uma opera\u00e7\u00e3o Balada Segura, visando a conscientiza\u00e7\u00e3o e a seguran\u00e7a [&hellip;]\" \/>\n<meta property=\"og:url\" content=\"https:\/\/www.pmpf.rs.gov.br\/secretaria-de-seguranca-publica\/2024\/10\/31\/prefeitura-e-brigada-militar-realizam-mais-uma-edicao-da-operacao-balada-segura-em-passo-fundo\/\" \/>\n<meta property=\"og:site_name\" content=\"Secretaria de Seguran\u00e7a P\u00fablica e Transporte\" \/>\n<meta property=\"article:published_time\" content=\"2024-10-31T16:48:36+00:00\" \/>\n<meta property=\"article:modified_time\" content=\"2024-10-31T16:48:37+00:00\" \/>\n<meta name=\"author\" content=\"lilicrivello\" \/>\n<meta name=\"twitter:card\" content=\"summary_large_image\" \/>\n<meta name=\"twitter:label1\" content=\"Escrito por\" \/>\n\t<meta name=\"twitter:data1\" content=\"lilicrivello\" \/>\n\t<meta name=\"twitter:label2\" content=\"Est. tempo de leitura\" \/>\n\t<meta name=\"twitter:data2\" content=\"1 minuto\" \/>\n<script type=\"application\/ld+json\" class=\"yoast-schema-graph\">{\"@context\":\"https:\/\/schema.org\",\"@graph\":[{\"@type\":\"WebPage\",\"@id\":\"https:\/\/www.pmpf.rs.gov.br\/secretaria-de-seguranca-publica\/2024\/10\/31\/prefeitura-e-brigada-militar-realizam-mais-uma-edicao-da-operacao-balada-segura-em-passo-fundo\/\",\"url\":\"https:\/\/www.pmpf.rs.gov.br\/secretaria-de-seguranca-publica\/2024\/10\/31\/prefeitura-e-brigada-militar-realizam-mais-uma-edicao-da-operacao-balada-segura-em-passo-fundo\/\",\"name\":\"Prefeitura e Brigada Militar realizam mais uma edi\u00e7\u00e3o da Opera\u00e7\u00e3o Balada Segura em Passo Fundo - Secretaria de Seguran\u00e7a P\u00fablica e Transporte\",\"isPartOf\":{\"@id\":\"https:\/\/www.pmpf.rs.gov.br\/secretaria-de-seguranca-publica\/#website\"},\"primaryImageOfPage\":{\"@id\":\"https:\/\/www.pmpf.rs.gov.br\/secretaria-de-seguranca-publica\/2024\/10\/31\/prefeitura-e-brigada-militar-realizam-mais-uma-edicao-da-operacao-balada-segura-em-passo-fundo\/#primaryimage\"},\"image\":{\"@id\":\"https:\/\/www.pmpf.rs.gov.br\/secretaria-de-seguranca-publica\/2024\/10\/31\/prefeitura-e-brigada-militar-realizam-mais-uma-edicao-da-operacao-balada-segura-em-passo-fundo\/#primaryimage\"},\"thumbnailUrl\":\"https:\/\/www.pmpf.rs.gov.br\/secretaria-de-seguranca-publica\/wp-content\/uploads\/sites\/54\/2024\/10\/WhatsApp-Image-2024-10-31-at-11.03.15.jpeg\",\"datePublished\":\"2024-10-31T16:48:36+00:00\",\"dateModified\":\"2024-10-31T16:48:37+00:00\",\"author\":{\"@id\":\"https:\/\/www.pmpf.rs.gov.br\/secretaria-de-seguranca-publica\/#\/schema\/person\/6e93b0ab2174b69f691ac4f278ba2d0a\"},\"breadcrumb\":{\"@id\":\"https:\/\/www.pmpf.rs.gov.br\/secretaria-de-seguranca-publica\/2024\/10\/31\/prefeitura-e-brigada-militar-realizam-mais-uma-edicao-da-operacao-balada-segura-em-passo-fundo\/#breadcrumb\"},\"inLanguage\":\"pt-BR\",\"potentialAction\":[{\"@type\":\"ReadAction\",\"target\":[\"https:\/\/www.pmpf.rs.gov.br\/secretaria-de-seguranca-publica\/2024\/10\/31\/prefeitura-e-brigada-militar-realizam-mais-uma-edicao-da-operacao-balada-segura-em-passo-fundo\/\"]}]},{\"@type\":\"ImageObject\",\"inLanguage\":\"pt-BR\",\"@id\":\"https:\/\/www.pmpf.rs.gov.br\/secretaria-de-seguranca-publica\/2024\/10\/31\/prefeitura-e-brigada-militar-realizam-mais-uma-edicao-da-operacao-balada-segura-em-passo-fundo\/#primaryimage\",\"url\":\"https:\/\/www.pmpf.rs.gov.br\/secretaria-de-seguranca-publica\/wp-content\/uploads\/sites\/54\/2024\/10\/WhatsApp-Image-2024-10-31-at-11.03.15.jpeg\",\"contentUrl\":\"https:\/\/www.pmpf.rs.gov.br\/secretaria-de-seguranca-publica\/wp-content\/uploads\/sites\/54\/2024\/10\/WhatsApp-Image-2024-10-31-at-11.03.15.jpeg\",\"width\":1600,\"height\":1204},{\"@type\":\"BreadcrumbList\",\"@id\":\"https:\/\/www.pmpf.rs.gov.br\/secretaria-de-seguranca-publica\/2024\/10\/31\/prefeitura-e-brigada-militar-realizam-mais-uma-edicao-da-operacao-balada-segura-em-passo-fundo\/#breadcrumb\",\"itemListElement\":[{\"@type\":\"ListItem\",\"position\":1,\"name\":\"In\u00edcio\",\"item\":\"https:\/\/www.pmpf.rs.gov.br\/secretaria-de-seguranca-publica\/\"},{\"@type\":\"ListItem\",\"position\":2,\"name\":\"Prefeitura e Brigada Militar realizam mais uma edi\u00e7\u00e3o da Opera\u00e7\u00e3o Balada Segura em Passo Fundo\"}]},{\"@type\":\"WebSite\",\"@id\":\"https:\/\/www.pmpf.rs.gov.br\/secretaria-de-seguranca-publica\/#website\",\"url\":\"https:\/\/www.pmpf.rs.gov.br\/secretaria-de-seguranca-publica\/\",\"name\":\"Secretaria de Seguran\u00e7a P\u00fablica e Transporte\",\"description\":\"S\u00f3 mais um site Prefeitura de Passo Fundo\",\"potentialAction\":[{\"@type\":\"SearchAction\",\"target\":{\"@type\":\"EntryPoint\",\"urlTemplate\":\"https:\/\/www.pmpf.rs.gov.br\/secretaria-de-seguranca-publica\/?s={search_term_string}\"},\"query-input\":{\"@type\":\"PropertyValueSpecification\",\"valueRequired\":true,\"valueName\":\"search_term_string\"}}],\"inLanguage\":\"pt-BR\"},{\"@type\":\"Person\",\"@id\":\"https:\/\/www.pmpf.rs.gov.br\/secretaria-de-seguranca-publica\/#\/schema\/person\/6e93b0ab2174b69f691ac4f278ba2d0a\",\"name\":\"lilicrivello\",\"image\":{\"@type\":\"ImageObject\",\"inLanguage\":\"pt-BR\",\"@id\":\"https:\/\/www.pmpf.rs.gov.br\/secretaria-de-seguranca-publica\/#\/schema\/person\/image\/\",\"url\":\"https:\/\/secure.gravatar.com\/avatar\/0b546b667388f8edb7b67d70a57b5e46?s=96&d=mm&r=g\",\"contentUrl\":\"https:\/\/secure.gravatar.com\/avatar\/0b546b667388f8edb7b67d70a57b5e46?s=96&d=mm&r=g\",\"caption\":\"lilicrivello\"},\"url\":\"https:\/\/www.pmpf.rs.gov.br\/secretaria-de-seguranca-publica\/author\/lilicrivello\/\"}]}<\/script>\n<!-- \/ Yoast SEO plugin. -->","yoast_head_json":{"title":"Prefeitura e Brigada Militar realizam mais uma edi\u00e7\u00e3o da Opera\u00e7\u00e3o Balada Segura em Passo Fundo - Secretaria de Seguran\u00e7a P\u00fablica e Transporte","robots":{"index":"index","follow":"follow","max-snippet":"max-snippet:-1","max-image-preview":"max-image-preview:large","max-video-preview":"max-video-preview:-1"},"canonical":"https:\/\/www.pmpf.rs.gov.br\/secretaria-de-seguranca-publica\/2024\/10\/31\/prefeitura-e-brigada-militar-realizam-mais-uma-edicao-da-operacao-balada-segura-em-passo-fundo\/","og_locale":"pt_BR","og_type":"article","og_title":"Prefeitura e Brigada Militar realizam mais uma edi\u00e7\u00e3o da Opera\u00e7\u00e3o Balada Segura em Passo Fundo - Secretaria de Seguran\u00e7a P\u00fablica e Transporte","og_description":"Na noite de quarta-feira (30), a Secretaria de Seguran\u00e7a P\u00fablica de Passo Fundo, em parceria com a Brigada Militar (BM), realizou mais uma opera\u00e7\u00e3o Balada Segura, visando a conscientiza\u00e7\u00e3o e a seguran\u00e7a [&hellip;]","og_url":"https:\/\/www.pmpf.rs.gov.br\/secretaria-de-seguranca-publica\/2024\/10\/31\/prefeitura-e-brigada-militar-realizam-mais-uma-edicao-da-operacao-balada-segura-em-passo-fundo\/","og_site_name":"Secretaria de Seguran\u00e7a P\u00fablica e Transporte","article_published_time":"2024-10-31T16:48:36+00:00","article_modified_time":"2024-10-31T16:48:37+00:00","author":"lilicrivello","twitter_card":"summary_large_image","twitter_misc":{"Escrito por":"lilicrivello","Est. tempo de leitura":"1 minuto"},"schema":{"@context":"https:\/\/schema.org","@graph":[{"@type":"WebPage","@id":"https:\/\/www.pmpf.rs.gov.br\/secretaria-de-seguranca-publica\/2024\/10\/31\/prefeitura-e-brigada-militar-realizam-mais-uma-edicao-da-operacao-balada-segura-em-passo-fundo\/","url":"https:\/\/www.pmpf.rs.gov.br\/secretaria-de-seguranca-publica\/2024\/10\/31\/prefeitura-e-brigada-militar-realizam-mais-uma-edicao-da-operacao-balada-segura-em-passo-fundo\/","name":"Prefeitura e Brigada Militar realizam mais uma edi\u00e7\u00e3o da Opera\u00e7\u00e3o Balada Segura em Passo Fundo - Secretaria de Seguran\u00e7a P\u00fablica e Transporte","isPartOf":{"@id":"https:\/\/www.pmpf.rs.gov.br\/secretaria-de-seguranca-publica\/#website"},"primaryImageOfPage":{"@id":"https:\/\/www.pmpf.rs.gov.br\/secretaria-de-seguranca-publica\/2024\/10\/31\/prefeitura-e-brigada-militar-realizam-mais-uma-edicao-da-operacao-balada-segura-em-passo-fundo\/#primaryimage"},"image":{"@id":"https:\/\/www.pmpf.rs.gov.br\/secretaria-de-seguranca-publica\/2024\/10\/31\/prefeitura-e-brigada-militar-realizam-mais-uma-edicao-da-operacao-balada-segura-em-passo-fundo\/#primaryimage"},"thumbnailUrl":"https:\/\/www.pmpf.rs.gov.br\/secretaria-de-seguranca-publica\/wp-content\/uploads\/sites\/54\/2024\/10\/WhatsApp-Image-2024-10-31-at-11.03.15.jpeg","datePublished":"2024-10-31T16:48:36+00:00","dateModified":"2024-10-31T16:48:37+00:00","author":{"@id":"https:\/\/www.pmpf.rs.gov.br\/secretaria-de-seguranca-publica\/#\/schema\/person\/6e93b0ab2174b69f691ac4f278ba2d0a"},"breadcrumb":{"@id":"https:\/\/www.pmpf.rs.gov.br\/secretaria-de-seguranca-publica\/2024\/10\/31\/prefeitura-e-brigada-militar-realizam-mais-uma-edicao-da-operacao-balada-segura-em-passo-fundo\/#breadcrumb"},"inLanguage":"pt-BR","potentialAction":[{"@type":"ReadAction","target":["https:\/\/www.pmpf.rs.gov.br\/secretaria-de-seguranca-publica\/2024\/10\/31\/prefeitura-e-brigada-militar-realizam-mais-uma-edicao-da-operacao-balada-segura-em-passo-fundo\/"]}]},{"@type":"ImageObject","inLanguage":"pt-BR","@id":"https:\/\/www.pmpf.rs.gov.br\/secretaria-de-seguranca-publica\/2024\/10\/31\/prefeitura-e-brigada-militar-realizam-mais-uma-edicao-da-operacao-balada-segura-em-passo-fundo\/#primaryimage","url":"https:\/\/www.pmpf.rs.gov.br\/secretaria-de-seguranca-publica\/wp-content\/uploads\/sites\/54\/2024\/10\/WhatsApp-Image-2024-10-31-at-11.03.15.jpeg","contentUrl":"https:\/\/www.pmpf.rs.gov.br\/secretaria-de-seguranca-publica\/wp-content\/uploads\/sites\/54\/2024\/10\/WhatsApp-Image-2024-10-31-at-11.03.15.jpeg","width":1600,"height":1204},{"@type":"BreadcrumbList","@id":"https:\/\/www.pmpf.rs.gov.br\/secretaria-de-seguranca-publica\/2024\/10\/31\/prefeitura-e-brigada-militar-realizam-mais-uma-edicao-da-operacao-balada-segura-em-passo-fundo\/#breadcrumb","itemListElement":[{"@type":"ListItem","position":1,"name":"In\u00edcio","item":"https:\/\/www.pmpf.rs.gov.br\/secretaria-de-seguranca-publica\/"},{"@type":"ListItem","position":2,"name":"Prefeitura e Brigada Militar realizam mais uma edi\u00e7\u00e3o da Opera\u00e7\u00e3o Balada Segura em Passo Fundo"}]},{"@type":"WebSite","@id":"https:\/\/www.pmpf.rs.gov.br\/secretaria-de-seguranca-publica\/#website","url":"https:\/\/www.pmpf.rs.gov.br\/secretaria-de-seguranca-publica\/","name":"Secretaria de Seguran\u00e7a P\u00fablica e Transporte","description":"S\u00f3 mais um site Prefeitura de Passo Fundo","potentialAction":[{"@type":"SearchAction","target":{"@type":"EntryPoint","urlTemplate":"https:\/\/www.pmpf.rs.gov.br\/secretaria-de-seguranca-publica\/?s={search_term_string}"},"query-input":{"@type":"PropertyValueSpecification","valueRequired":true,"valueName":"search_term_string"}}],"inLanguage":"pt-BR"},{"@type":"Person","@id":"https:\/\/www.pmpf.rs.gov.br\/secretaria-de-seguranca-publica\/#\/schema\/person\/6e93b0ab2174b69f691ac4f278ba2d0a","name":"lilicrivello","image":{"@type":"ImageObject","inLanguage":"pt-BR","@id":"https:\/\/www.pmpf.rs.gov.br\/secretaria-de-seguranca-publica\/#\/schema\/person\/image\/","url":"https:\/\/secure.gravatar.com\/avatar\/0b546b667388f8edb7b67d70a57b5e46?s=96&d=mm&r=g","contentUrl":"https:\/\/secure.gravatar.com\/avatar\/0b546b667388f8edb7b67d70a57b5e46?s=96&d=mm&r=g","caption":"lilicrivello"},"url":"https:\/\/www.pmpf.rs.gov.br\/secretaria-de-seguranca-publica\/author\/lilicrivello\/"}]}},"_links":{"self":[{"href":"https:\/\/www.pmpf.rs.gov.br\/secretaria-de-seguranca-publica\/wp-json\/wp\/v2\/posts\/1114"}],"collection":[{"href":"https:\/\/www.pmpf.rs.gov.br\/secretaria-de-seguranca-publica\/wp-json\/wp\/v2\/posts"}],"about":[{"href":"https:\/\/www.pmpf.rs.gov.br\/secretaria-de-seguranca-publica\/wp-json\/wp\/v2\/types\/post"}],"author":[{"embeddable":true,"href":"https:\/\/www.pmpf.rs.gov.br\/secretaria-de-seguranca-publica\/wp-json\/wp\/v2\/users\/24"}],"replies":[{"embeddable":true,"href":"https:\/\/www.pmpf.rs.gov.br\/secretaria-de-seguranca-publica\/wp-json\/wp\/v2\/comments?post=1114"}],"version-history":[{"count":1,"href":"https:\/\/www.pmpf.rs.gov.br\/secretaria-de-seguranca-publica\/wp-json\/wp\/v2\/posts\/1114\/revisions"}],"predecessor-version":[{"id":1116,"href":"https:\/\/www.pmpf.rs.gov.br\/secretaria-de-seguranca-publica\/wp-json\/wp\/v2\/posts\/1114\/revisions\/1116"}],"wp:featuredmedia":[{"embeddable":true,"href":"https:\/\/www.pmpf.rs.gov.br\/secretaria-de-seguranca-publica\/wp-json\/wp\/v2\/media\/1115"}],"wp:attachment":[{"href":"https:\/\/www.pmpf.rs.gov.br\/secretaria-de-seguranca-publica\/wp-json\/wp\/v2\/media?parent=1114"}],"wp:term":[{"taxonomy":"category","embeddable":true,"href":"https:\/\/www.pmpf.rs.gov.br\/secretaria-de-seguranca-publica\/wp-json\/wp\/v2\/categories?post=1114"},{"taxonomy":"post_tag","embeddable":true,"href":"https:\/\/www.pmpf.rs.gov.br\/secretaria-de-seguranca-publica\/wp-json\/wp\/v2\/tags?post=1114"}],"curies":[{"name":"wp","href":"https:\/\/api.w.org\/{rel}","templated":true}]}}