{"id":1104,"date":"2024-07-05T14:50:24","date_gmt":"2024-07-05T17:50:24","guid":{"rendered":"https:\/\/www.pmpf.rs.gov.br\/secretaria-de-seguranca-publica\/?p=1104"},"modified":"2024-07-05T14:50:27","modified_gmt":"2024-07-05T17:50:27","slug":"forum-de-seguranca-publica-e-mobilidade-urbana-discute-responsabilidade-do-municipio-na-seguranca","status":"publish","type":"post","link":"https:\/\/www.pmpf.rs.gov.br\/secretaria-de-seguranca-publica\/2024\/07\/05\/forum-de-seguranca-publica-e-mobilidade-urbana-discute-responsabilidade-do-municipio-na-seguranca\/","title":{"rendered":"F\u00f3rum de Seguran\u00e7a P\u00fablica e Mobilidade Urbana discute responsabilidade do munic\u00edpio na seguran\u00e7a"},"content":{"rendered":"\n<p><br>A Prefeitura de Passo Fundo promoveu nesta sexta-feira (5), o F\u00f3rum de Seguran\u00e7a P\u00fablica e Mobilidade Urbana, reunindo \u00f3rg\u00e3os e autoridades municipais para um amplo debate sobre o cen\u00e1rio local, com foco na constru\u00e7\u00e3o de pol\u00edticas p\u00fablicas que visam fortalecer os temas.<\/p>\n\n\n\n<p>O principal questionamento do evento foi: Qual \u00e9 a responsabilidade do munic\u00edpio na seguran\u00e7a p\u00fablica? Durante o f\u00f3rum, foram apresentadas as a\u00e7\u00f5es desenvolvidas pelo munic\u00edpio que convergem para a seguran\u00e7a da comunidade, proporcionando melhor qualidade de vida e melhorando a seguran\u00e7a de todos.<\/p>\n\n\n\n<p>O prefeito Pedro Almeida refor\u00e7ou o compromisso da administra\u00e7\u00e3o municipal com a seguran\u00e7a e a qualidade de vida dos cidad\u00e3os de Passo Fundo. &#8220;A seguran\u00e7a p\u00fablica \u00e9 um dever de todos e um compromisso que assumimos com a nossa comunidade. Atrav\u00e9s de pol\u00edticas integradas e a\u00e7\u00f5es coordenadas, estamos trabalhando para que Passo Fundo seja uma cidade cada vez mais segura e acolhedora. Investir em seguran\u00e7a \u00e9 investir na qualidade de vida de cada cidad\u00e3o,&#8221; afirmou o prefeito.<\/p>\n\n\n\n<p>O munic\u00edpio tem a responsabilidade de executar pol\u00edticas p\u00fablicas de seguran\u00e7a urbana, coordenando e gerenciando a integra\u00e7\u00e3o com pol\u00edticas sociais municipais que interfiram nos assuntos de seguran\u00e7a urbana. Al\u00e9m disso, \u00e9 essencial estabelecer rela\u00e7\u00f5es com \u00f3rg\u00e3os de seguran\u00e7a estaduais e federais, visando a\u00e7\u00f5es integradas e propondo prioridades nas a\u00e7\u00f5es preventivas. A pol\u00edtica de desenvolvimento urbano tamb\u00e9m \u00e9 uma responsabilidade municipal, devendo ordenar o pleno desenvolvimento das fun\u00e7\u00f5es sociais da cidade e o bem-estar dos seus habitantes, planejando e controlando o uso, o parcelamento e a ocupa\u00e7\u00e3o do solo urbano.<\/p>\n\n\n\n<p>O secret\u00e1rio de Seguran\u00e7a P\u00fablica, Jo\u00e3o Darci Gon\u00e7alves da Rosa, destacou o objetivo do f\u00f3rum: &#8220;Evidenciamos o que o munic\u00edpio vem fazendo com rela\u00e7\u00e3o a ilumina\u00e7\u00e3o p\u00fablica, monitoramento, programas que t\u00eam beneficiado a popula\u00e7\u00e3o, a\u00e7\u00f5es que v\u00e3o ao encontro da qualidade de vida e da seguran\u00e7a da popula\u00e7\u00e3o. Exemplos s\u00e3o os monitoramento nas escolas, nas pra\u00e7as, nas avenidas, melhorias nos parques, tudo isso contribui para a seguran\u00e7a da popula\u00e7\u00e3o\u201d, declarou Gon\u00e7alves.<\/p>\n\n\n\n<p>O evento contou com a participa\u00e7\u00e3o de \u00f3rg\u00e3os de seguran\u00e7a representados em n\u00edveis estadual e federal, al\u00e9m de institui\u00e7\u00f5es, \u00f3rg\u00e3os e entidades.<\/p>\n","protected":false},"excerpt":{"rendered":"<p>Foram apresentadas as a\u00e7\u00f5es desenvolvidas pelo munic\u00edpio que convergem para a seguran\u00e7a da comunidade<\/p>\n","protected":false},"author":24,"featured_media":0,"comment_status":"closed","ping_status":"closed","sticky":false,"template":"","format":"standard","meta":{"footnotes":""},"categories":[1],"tags":[],"class_list":["post-1104","post","type-post","status-publish","format-standard","hentry","category-sem-categoria"],"yoast_head":"<!-- This site is optimized with the Yoast SEO plugin v23.8 - https:\/\/yoast.com\/wordpress\/plugins\/seo\/ -->\n<title>F\u00f3rum de Seguran\u00e7a P\u00fablica e Mobilidade Urbana discute responsabilidade do munic\u00edpio na seguran\u00e7a - Secretaria de Seguran\u00e7a P\u00fablica e Transporte<\/title>\n<meta name=\"robots\" content=\"index, follow, max-snippet:-1, max-image-preview:large, max-video-preview:-1\" \/>\n<link rel=\"canonical\" href=\"https:\/\/www.pmpf.rs.gov.br\/secretaria-de-seguranca-publica\/2024\/07\/05\/forum-de-seguranca-publica-e-mobilidade-urbana-discute-responsabilidade-do-municipio-na-seguranca\/\" \/>\n<meta property=\"og:locale\" content=\"pt_BR\" \/>\n<meta property=\"og:type\" content=\"article\" \/>\n<meta property=\"og:title\" content=\"F\u00f3rum de Seguran\u00e7a P\u00fablica e Mobilidade Urbana discute responsabilidade do munic\u00edpio na seguran\u00e7a - Secretaria de Seguran\u00e7a P\u00fablica e Transporte\" \/>\n<meta property=\"og:description\" content=\"Foram apresentadas as a\u00e7\u00f5es desenvolvidas pelo munic\u00edpio que convergem para a seguran\u00e7a da comunidade\" \/>\n<meta property=\"og:url\" content=\"https:\/\/www.pmpf.rs.gov.br\/secretaria-de-seguranca-publica\/2024\/07\/05\/forum-de-seguranca-publica-e-mobilidade-urbana-discute-responsabilidade-do-municipio-na-seguranca\/\" \/>\n<meta property=\"og:site_name\" content=\"Secretaria de Seguran\u00e7a P\u00fablica e Transporte\" \/>\n<meta property=\"article:published_time\" content=\"2024-07-05T17:50:24+00:00\" \/>\n<meta property=\"article:modified_time\" content=\"2024-07-05T17:50:27+00:00\" \/>\n<meta name=\"author\" content=\"lilicrivello\" \/>\n<meta name=\"twitter:card\" content=\"summary_large_image\" \/>\n<meta name=\"twitter:label1\" content=\"Escrito por\" \/>\n\t<meta name=\"twitter:data1\" content=\"lilicrivello\" \/>\n\t<meta name=\"twitter:label2\" content=\"Est. tempo de leitura\" \/>\n\t<meta name=\"twitter:data2\" content=\"2 minutos\" \/>\n<script type=\"application\/ld+json\" class=\"yoast-schema-graph\">{\"@context\":\"https:\/\/schema.org\",\"@graph\":[{\"@type\":\"WebPage\",\"@id\":\"https:\/\/www.pmpf.rs.gov.br\/secretaria-de-seguranca-publica\/2024\/07\/05\/forum-de-seguranca-publica-e-mobilidade-urbana-discute-responsabilidade-do-municipio-na-seguranca\/\",\"url\":\"https:\/\/www.pmpf.rs.gov.br\/secretaria-de-seguranca-publica\/2024\/07\/05\/forum-de-seguranca-publica-e-mobilidade-urbana-discute-responsabilidade-do-municipio-na-seguranca\/\",\"name\":\"F\u00f3rum de Seguran\u00e7a P\u00fablica e Mobilidade Urbana discute responsabilidade do munic\u00edpio na seguran\u00e7a - Secretaria de Seguran\u00e7a P\u00fablica e Transporte\",\"isPartOf\":{\"@id\":\"https:\/\/www.pmpf.rs.gov.br\/secretaria-de-seguranca-publica\/#website\"},\"datePublished\":\"2024-07-05T17:50:24+00:00\",\"dateModified\":\"2024-07-05T17:50:27+00:00\",\"author\":{\"@id\":\"https:\/\/www.pmpf.rs.gov.br\/secretaria-de-seguranca-publica\/#\/schema\/person\/6e93b0ab2174b69f691ac4f278ba2d0a\"},\"breadcrumb\":{\"@id\":\"https:\/\/www.pmpf.rs.gov.br\/secretaria-de-seguranca-publica\/2024\/07\/05\/forum-de-seguranca-publica-e-mobilidade-urbana-discute-responsabilidade-do-municipio-na-seguranca\/#breadcrumb\"},\"inLanguage\":\"pt-BR\",\"potentialAction\":[{\"@type\":\"ReadAction\",\"target\":[\"https:\/\/www.pmpf.rs.gov.br\/secretaria-de-seguranca-publica\/2024\/07\/05\/forum-de-seguranca-publica-e-mobilidade-urbana-discute-responsabilidade-do-municipio-na-seguranca\/\"]}]},{\"@type\":\"BreadcrumbList\",\"@id\":\"https:\/\/www.pmpf.rs.gov.br\/secretaria-de-seguranca-publica\/2024\/07\/05\/forum-de-seguranca-publica-e-mobilidade-urbana-discute-responsabilidade-do-municipio-na-seguranca\/#breadcrumb\",\"itemListElement\":[{\"@type\":\"ListItem\",\"position\":1,\"name\":\"In\u00edcio\",\"item\":\"https:\/\/www.pmpf.rs.gov.br\/secretaria-de-seguranca-publica\/\"},{\"@type\":\"ListItem\",\"position\":2,\"name\":\"F\u00f3rum de Seguran\u00e7a P\u00fablica e Mobilidade Urbana discute responsabilidade do munic\u00edpio na seguran\u00e7a\"}]},{\"@type\":\"WebSite\",\"@id\":\"https:\/\/www.pmpf.rs.gov.br\/secretaria-de-seguranca-publica\/#website\",\"url\":\"https:\/\/www.pmpf.rs.gov.br\/secretaria-de-seguranca-publica\/\",\"name\":\"Secretaria de Seguran\u00e7a P\u00fablica e Transporte\",\"description\":\"S\u00f3 mais um site Prefeitura de Passo Fundo\",\"potentialAction\":[{\"@type\":\"SearchAction\",\"target\":{\"@type\":\"EntryPoint\",\"urlTemplate\":\"https:\/\/www.pmpf.rs.gov.br\/secretaria-de-seguranca-publica\/?s={search_term_string}\"},\"query-input\":{\"@type\":\"PropertyValueSpecification\",\"valueRequired\":true,\"valueName\":\"search_term_string\"}}],\"inLanguage\":\"pt-BR\"},{\"@type\":\"Person\",\"@id\":\"https:\/\/www.pmpf.rs.gov.br\/secretaria-de-seguranca-publica\/#\/schema\/person\/6e93b0ab2174b69f691ac4f278ba2d0a\",\"name\":\"lilicrivello\",\"image\":{\"@type\":\"ImageObject\",\"inLanguage\":\"pt-BR\",\"@id\":\"https:\/\/www.pmpf.rs.gov.br\/secretaria-de-seguranca-publica\/#\/schema\/person\/image\/\",\"url\":\"https:\/\/secure.gravatar.com\/avatar\/0b546b667388f8edb7b67d70a57b5e46?s=96&d=mm&r=g\",\"contentUrl\":\"https:\/\/secure.gravatar.com\/avatar\/0b546b667388f8edb7b67d70a57b5e46?s=96&d=mm&r=g\",\"caption\":\"lilicrivello\"},\"url\":\"https:\/\/www.pmpf.rs.gov.br\/secretaria-de-seguranca-publica\/author\/lilicrivello\/\"}]}<\/script>\n<!-- \/ Yoast SEO plugin. -->","yoast_head_json":{"title":"F\u00f3rum de Seguran\u00e7a P\u00fablica e Mobilidade Urbana discute responsabilidade do munic\u00edpio na seguran\u00e7a - Secretaria de Seguran\u00e7a P\u00fablica e Transporte","robots":{"index":"index","follow":"follow","max-snippet":"max-snippet:-1","max-image-preview":"max-image-preview:large","max-video-preview":"max-video-preview:-1"},"canonical":"https:\/\/www.pmpf.rs.gov.br\/secretaria-de-seguranca-publica\/2024\/07\/05\/forum-de-seguranca-publica-e-mobilidade-urbana-discute-responsabilidade-do-municipio-na-seguranca\/","og_locale":"pt_BR","og_type":"article","og_title":"F\u00f3rum de Seguran\u00e7a P\u00fablica e Mobilidade Urbana discute responsabilidade do munic\u00edpio na seguran\u00e7a - Secretaria de Seguran\u00e7a P\u00fablica e Transporte","og_description":"Foram apresentadas as a\u00e7\u00f5es desenvolvidas pelo munic\u00edpio que convergem para a seguran\u00e7a da comunidade","og_url":"https:\/\/www.pmpf.rs.gov.br\/secretaria-de-seguranca-publica\/2024\/07\/05\/forum-de-seguranca-publica-e-mobilidade-urbana-discute-responsabilidade-do-municipio-na-seguranca\/","og_site_name":"Secretaria de Seguran\u00e7a P\u00fablica e Transporte","article_published_time":"2024-07-05T17:50:24+00:00","article_modified_time":"2024-07-05T17:50:27+00:00","author":"lilicrivello","twitter_card":"summary_large_image","twitter_misc":{"Escrito por":"lilicrivello","Est. tempo de leitura":"2 minutos"},"schema":{"@context":"https:\/\/schema.org","@graph":[{"@type":"WebPage","@id":"https:\/\/www.pmpf.rs.gov.br\/secretaria-de-seguranca-publica\/2024\/07\/05\/forum-de-seguranca-publica-e-mobilidade-urbana-discute-responsabilidade-do-municipio-na-seguranca\/","url":"https:\/\/www.pmpf.rs.gov.br\/secretaria-de-seguranca-publica\/2024\/07\/05\/forum-de-seguranca-publica-e-mobilidade-urbana-discute-responsabilidade-do-municipio-na-seguranca\/","name":"F\u00f3rum de Seguran\u00e7a P\u00fablica e Mobilidade Urbana discute responsabilidade do munic\u00edpio na seguran\u00e7a - Secretaria de Seguran\u00e7a P\u00fablica e Transporte","isPartOf":{"@id":"https:\/\/www.pmpf.rs.gov.br\/secretaria-de-seguranca-publica\/#website"},"datePublished":"2024-07-05T17:50:24+00:00","dateModified":"2024-07-05T17:50:27+00:00","author":{"@id":"https:\/\/www.pmpf.rs.gov.br\/secretaria-de-seguranca-publica\/#\/schema\/person\/6e93b0ab2174b69f691ac4f278ba2d0a"},"breadcrumb":{"@id":"https:\/\/www.pmpf.rs.gov.br\/secretaria-de-seguranca-publica\/2024\/07\/05\/forum-de-seguranca-publica-e-mobilidade-urbana-discute-responsabilidade-do-municipio-na-seguranca\/#breadcrumb"},"inLanguage":"pt-BR","potentialAction":[{"@type":"ReadAction","target":["https:\/\/www.pmpf.rs.gov.br\/secretaria-de-seguranca-publica\/2024\/07\/05\/forum-de-seguranca-publica-e-mobilidade-urbana-discute-responsabilidade-do-municipio-na-seguranca\/"]}]},{"@type":"BreadcrumbList","@id":"https:\/\/www.pmpf.rs.gov.br\/secretaria-de-seguranca-publica\/2024\/07\/05\/forum-de-seguranca-publica-e-mobilidade-urbana-discute-responsabilidade-do-municipio-na-seguranca\/#breadcrumb","itemListElement":[{"@type":"ListItem","position":1,"name":"In\u00edcio","item":"https:\/\/www.pmpf.rs.gov.br\/secretaria-de-seguranca-publica\/"},{"@type":"ListItem","position":2,"name":"F\u00f3rum de Seguran\u00e7a P\u00fablica e Mobilidade Urbana discute responsabilidade do munic\u00edpio na seguran\u00e7a"}]},{"@type":"WebSite","@id":"https:\/\/www.pmpf.rs.gov.br\/secretaria-de-seguranca-publica\/#website","url":"https:\/\/www.pmpf.rs.gov.br\/secretaria-de-seguranca-publica\/","name":"Secretaria de Seguran\u00e7a P\u00fablica e Transporte","description":"S\u00f3 mais um site Prefeitura de Passo Fundo","potentialAction":[{"@type":"SearchAction","target":{"@type":"EntryPoint","urlTemplate":"https:\/\/www.pmpf.rs.gov.br\/secretaria-de-seguranca-publica\/?s={search_term_string}"},"query-input":{"@type":"PropertyValueSpecification","valueRequired":true,"valueName":"search_term_string"}}],"inLanguage":"pt-BR"},{"@type":"Person","@id":"https:\/\/www.pmpf.rs.gov.br\/secretaria-de-seguranca-publica\/#\/schema\/person\/6e93b0ab2174b69f691ac4f278ba2d0a","name":"lilicrivello","image":{"@type":"ImageObject","inLanguage":"pt-BR","@id":"https:\/\/www.pmpf.rs.gov.br\/secretaria-de-seguranca-publica\/#\/schema\/person\/image\/","url":"https:\/\/secure.gravatar.com\/avatar\/0b546b667388f8edb7b67d70a57b5e46?s=96&d=mm&r=g","contentUrl":"https:\/\/secure.gravatar.com\/avatar\/0b546b667388f8edb7b67d70a57b5e46?s=96&d=mm&r=g","caption":"lilicrivello"},"url":"https:\/\/www.pmpf.rs.gov.br\/secretaria-de-seguranca-publica\/author\/lilicrivello\/"}]}},"_links":{"self":[{"href":"https:\/\/www.pmpf.rs.gov.br\/secretaria-de-seguranca-publica\/wp-json\/wp\/v2\/posts\/1104"}],"collection":[{"href":"https:\/\/www.pmpf.rs.gov.br\/secretaria-de-seguranca-publica\/wp-json\/wp\/v2\/posts"}],"about":[{"href":"https:\/\/www.pmpf.rs.gov.br\/secretaria-de-seguranca-publica\/wp-json\/wp\/v2\/types\/post"}],"author":[{"embeddable":true,"href":"https:\/\/www.pmpf.rs.gov.br\/secretaria-de-seguranca-publica\/wp-json\/wp\/v2\/users\/24"}],"replies":[{"embeddable":true,"href":"https:\/\/www.pmpf.rs.gov.br\/secretaria-de-seguranca-publica\/wp-json\/wp\/v2\/comments?post=1104"}],"version-history":[{"count":1,"href":"https:\/\/www.pmpf.rs.gov.br\/secretaria-de-seguranca-publica\/wp-json\/wp\/v2\/posts\/1104\/revisions"}],"predecessor-version":[{"id":1105,"href":"https:\/\/www.pmpf.rs.gov.br\/secretaria-de-seguranca-publica\/wp-json\/wp\/v2\/posts\/1104\/revisions\/1105"}],"wp:attachment":[{"href":"https:\/\/www.pmpf.rs.gov.br\/secretaria-de-seguranca-publica\/wp-json\/wp\/v2\/media?parent=1104"}],"wp:term":[{"taxonomy":"category","embeddable":true,"href":"https:\/\/www.pmpf.rs.gov.br\/secretaria-de-seguranca-publica\/wp-json\/wp\/v2\/categories?post=1104"},{"taxonomy":"post_tag","embeddable":true,"href":"https:\/\/www.pmpf.rs.gov.br\/secretaria-de-seguranca-publica\/wp-json\/wp\/v2\/tags?post=1104"}],"curies":[{"name":"wp","href":"https:\/\/api.w.org\/{rel}","templated":true}]}}