{"id":11,"date":"2012-05-30T03:00:00","date_gmt":"2012-05-30T06:00:00","guid":{"rendered":"https:\/\/www.pmpf.rs.gov.br\/secretaria-de-seguranca-publica\/2012\/05\/30\/passo-fundo-abre-inscricoes-para-o-projeto-protejo-5289\/"},"modified":"2012-05-30T03:00:00","modified_gmt":"2012-05-30T06:00:00","slug":"passo-fundo-abre-inscricoes-para-o-projeto-protejo-5289","status":"publish","type":"post","link":"https:\/\/www.pmpf.rs.gov.br\/secretaria-de-seguranca-publica\/2012\/05\/30\/passo-fundo-abre-inscricoes-para-o-projeto-protejo-5289\/","title":{"rendered":"Passo Fundo abre inscri\u00e7\u00f5es para o Projeto Protejo"},"content":{"rendered":"<div style=\"text-align: justify; \">\n<p>\u00a0\u00a0 \u00a0De 04 \u00e0 08 de junho, a Secretaria de Seguran\u00e7a P\u00fablica realizar\u00e1 inscri\u00e7\u00f5es para o preenchimento de 40 vagas para jovens que desejam participar do Projeto PROTEJO.<br \/>\u00a0\u00a0 \u00a0O Projeto PROTEJO \u00e9 uma das a\u00e7\u00f5es do PRONASCI e significa Prote\u00e7\u00e3o de Jovens em Territ\u00f3rio Vulner\u00e1vel. Foi institu\u00eddo pelo Governo Federal no ano de 2007 e \u00e9 desenvolvido pelo Minist\u00e9rio da Justi\u00e7a em parceria com o Munic\u00edpio de Passo Fundo, coordenado pela Secretaria de Seguran\u00e7a P\u00fablica, atrav\u00e9s de um Gestor Local e, em Passo Fundo est\u00e1 sendo executado pela Empresa Evid\u00eancia Gest\u00e3o e Treinamento, de Carazinho. Tem como principal preocupa\u00e7\u00e3o o enfrentamento \u00e0 viol\u00eancia no pa\u00eds, pois articula pol\u00edticas de seguran\u00e7a com a\u00e7\u00f5es sociais, priorizando a preven\u00e7\u00e3o. Busca atingir as causas que levam \u00e0 viol\u00eancia, sem abrir m\u00e3o das estrat\u00e9gias de ordenamento social e seguran\u00e7a p\u00fablica.<br \/>\u00a0\u00a0 \u00a0\u00c9 destinado \u00e0 jovens de 15 \u00e0 24 anos de idade que estejam em situa\u00e7\u00f5es de vulnerabilidade, especialmente egressos do sistema prisional, em cumprimento de medidas socioeducativas ou de penas alternativas, em situa\u00e7\u00e3o de rua ou v\u00edtimas da criminalidade.<br \/>\u00a0\u00a0 \u00a0Neste Projeto \u00e9 priorizada a forma\u00e7\u00e3o sociocultural e o fortalecimento da cidadania. Por isso, ele \u00e9 imprescind\u00edvel para o fortalecimento da rede de Prote\u00e7\u00e3o Social, tendo em vista que atua com um p\u00fablico que enfrenta diretamente problemas relacionados \u00e0 viol\u00eancia e a\u00a0 criminalidade.<br \/>\u00a0\u00a0 \u00a0Atrav\u00e9s da autoriza\u00e7\u00e3o do Minist\u00e9rio da Justi\u00e7a, neste Projeto houve amplia\u00e7\u00e3o de territ\u00f3rio, sendo assim, poder\u00e3o participar jovens de todos os bairros da cidade, desde que preencham os pr\u00e9-requisitos de idade, vulnerabilidade e renda familiar inferior \u00e0 02 sal\u00e1rios m\u00ednimos.<br \/>\u00a0\u00a0 \u00a0O Projeto compreende 800 horas de capacita\u00e7\u00e3o com a\u00e7\u00f5es de Direitos Humanos,\u00a0 Cidadania, Inform\u00e1tica, Oficinas de M\u00fasica, Capoeira, Prepara\u00e7\u00e3o para o Trabalho, dentre outras atividades. Al\u00e9m de Educadores e Oficineiros o Projeto disp\u00f5e de uma Equipe Multidisciplinar composta por Administrador, Assistente Social, Psic\u00f3logo e Pedagogos para acompanhar os jovens durante o tempo de forma\u00e7\u00e3o que corresponde \u00e0 12 meses.<br \/>\u00a0\u00a0 \u00a0A fim de incentivar a perman\u00eancia desses jovens nas a\u00e7\u00f5es, cada um receber\u00e1 uma bolsa aux\u00edlio no valor de R$100,00 por m\u00eas, atrav\u00e9s de cart\u00e3o, camiseta, bon\u00e9, vale transporte, lanche e o material previsto para as atividades. Estas, acontecem diariamente no pr\u00e9dio da FECA &#8211; Funda\u00e7\u00e3o Educacional do Menor, na BR 285, Km 171. <br \/>\u00a0\u00a0 \u00a0As inscri\u00e7\u00f5es poder\u00e3o ser realizadas de forma gratuita na Secretaria de Seguran\u00e7a P\u00fablica, localizada na Rua XV de Novembro, 665, em frente ao Shopping Plaza, das 8hs \u00e0s 18hs.<br \/>\u00a0\u00a0 \u00a0O jovem dever\u00e1 levar consigo documentos de RG e CPF. <\/div>\n<p><\/p>\n","protected":false},"excerpt":{"rendered":"<p>Passo Fundo abre inscri\u00e7\u00f5es para o Projeto Protejo<\/p>\n","protected":false},"author":1,"featured_media":0,"comment_status":"open","ping_status":"open","sticky":false,"template":"","format":"standard","meta":{"footnotes":""},"categories":[],"tags":[],"class_list":["post-11","post","type-post","status-publish","format-standard","hentry"],"yoast_head":"<!-- This site is optimized with the Yoast SEO plugin v23.8 - https:\/\/yoast.com\/wordpress\/plugins\/seo\/ -->\n<title>Passo Fundo abre inscri\u00e7\u00f5es para o Projeto Protejo - Secretaria de Seguran\u00e7a P\u00fablica e Transporte<\/title>\n<meta name=\"robots\" content=\"index, follow, max-snippet:-1, max-image-preview:large, max-video-preview:-1\" \/>\n<link rel=\"canonical\" href=\"https:\/\/www.pmpf.rs.gov.br\/secretaria-de-seguranca-publica\/2012\/05\/30\/passo-fundo-abre-inscricoes-para-o-projeto-protejo-5289\/\" \/>\n<meta property=\"og:locale\" content=\"pt_BR\" \/>\n<meta property=\"og:type\" content=\"article\" \/>\n<meta property=\"og:title\" content=\"Passo Fundo abre inscri\u00e7\u00f5es para o Projeto Protejo - Secretaria de Seguran\u00e7a P\u00fablica e Transporte\" \/>\n<meta property=\"og:description\" content=\"Passo Fundo abre inscri\u00e7\u00f5es para o Projeto Protejo\" \/>\n<meta property=\"og:url\" content=\"https:\/\/www.pmpf.rs.gov.br\/secretaria-de-seguranca-publica\/2012\/05\/30\/passo-fundo-abre-inscricoes-para-o-projeto-protejo-5289\/\" \/>\n<meta property=\"og:site_name\" content=\"Secretaria de Seguran\u00e7a P\u00fablica e Transporte\" \/>\n<meta property=\"article:published_time\" content=\"2012-05-30T06:00:00+00:00\" \/>\n<meta name=\"author\" content=\"mosite\" \/>\n<meta name=\"twitter:card\" content=\"summary_large_image\" \/>\n<meta name=\"twitter:label1\" content=\"Escrito por\" \/>\n\t<meta name=\"twitter:data1\" content=\"mosite\" \/>\n\t<meta name=\"twitter:label2\" content=\"Est. tempo de leitura\" \/>\n\t<meta name=\"twitter:data2\" content=\"2 minutos\" \/>\n<script type=\"application\/ld+json\" class=\"yoast-schema-graph\">{\"@context\":\"https:\/\/schema.org\",\"@graph\":[{\"@type\":\"WebPage\",\"@id\":\"https:\/\/www.pmpf.rs.gov.br\/secretaria-de-seguranca-publica\/2012\/05\/30\/passo-fundo-abre-inscricoes-para-o-projeto-protejo-5289\/\",\"url\":\"https:\/\/www.pmpf.rs.gov.br\/secretaria-de-seguranca-publica\/2012\/05\/30\/passo-fundo-abre-inscricoes-para-o-projeto-protejo-5289\/\",\"name\":\"Passo Fundo abre inscri\u00e7\u00f5es para o Projeto Protejo - Secretaria de Seguran\u00e7a P\u00fablica e Transporte\",\"isPartOf\":{\"@id\":\"https:\/\/www.pmpf.rs.gov.br\/secretaria-de-seguranca-publica\/#website\"},\"datePublished\":\"2012-05-30T06:00:00+00:00\",\"dateModified\":\"2012-05-30T06:00:00+00:00\",\"author\":{\"@id\":\"https:\/\/www.pmpf.rs.gov.br\/secretaria-de-seguranca-publica\/#\/schema\/person\/0c355b0fa68a7aa986c8594f7a60a2d7\"},\"breadcrumb\":{\"@id\":\"https:\/\/www.pmpf.rs.gov.br\/secretaria-de-seguranca-publica\/2012\/05\/30\/passo-fundo-abre-inscricoes-para-o-projeto-protejo-5289\/#breadcrumb\"},\"inLanguage\":\"pt-BR\",\"potentialAction\":[{\"@type\":\"ReadAction\",\"target\":[\"https:\/\/www.pmpf.rs.gov.br\/secretaria-de-seguranca-publica\/2012\/05\/30\/passo-fundo-abre-inscricoes-para-o-projeto-protejo-5289\/\"]}]},{\"@type\":\"BreadcrumbList\",\"@id\":\"https:\/\/www.pmpf.rs.gov.br\/secretaria-de-seguranca-publica\/2012\/05\/30\/passo-fundo-abre-inscricoes-para-o-projeto-protejo-5289\/#breadcrumb\",\"itemListElement\":[{\"@type\":\"ListItem\",\"position\":1,\"name\":\"In\u00edcio\",\"item\":\"https:\/\/www.pmpf.rs.gov.br\/secretaria-de-seguranca-publica\/\"},{\"@type\":\"ListItem\",\"position\":2,\"name\":\"Passo Fundo abre inscri\u00e7\u00f5es para o Projeto Protejo\"}]},{\"@type\":\"WebSite\",\"@id\":\"https:\/\/www.pmpf.rs.gov.br\/secretaria-de-seguranca-publica\/#website\",\"url\":\"https:\/\/www.pmpf.rs.gov.br\/secretaria-de-seguranca-publica\/\",\"name\":\"Secretaria de Seguran\u00e7a P\u00fablica e Transporte\",\"description\":\"S\u00f3 mais um site Prefeitura de Passo Fundo\",\"potentialAction\":[{\"@type\":\"SearchAction\",\"target\":{\"@type\":\"EntryPoint\",\"urlTemplate\":\"https:\/\/www.pmpf.rs.gov.br\/secretaria-de-seguranca-publica\/?s={search_term_string}\"},\"query-input\":{\"@type\":\"PropertyValueSpecification\",\"valueRequired\":true,\"valueName\":\"search_term_string\"}}],\"inLanguage\":\"pt-BR\"},{\"@type\":\"Person\",\"@id\":\"https:\/\/www.pmpf.rs.gov.br\/secretaria-de-seguranca-publica\/#\/schema\/person\/0c355b0fa68a7aa986c8594f7a60a2d7\",\"name\":\"mosite\",\"image\":{\"@type\":\"ImageObject\",\"inLanguage\":\"pt-BR\",\"@id\":\"https:\/\/www.pmpf.rs.gov.br\/secretaria-de-seguranca-publica\/#\/schema\/person\/image\/\",\"url\":\"https:\/\/secure.gravatar.com\/avatar\/63d72595d6cecfe12bd8a94829d5a26c?s=96&d=mm&r=g\",\"contentUrl\":\"https:\/\/secure.gravatar.com\/avatar\/63d72595d6cecfe12bd8a94829d5a26c?s=96&d=mm&r=g\",\"caption\":\"mosite\"},\"sameAs\":[\"http:\/\/example.com\"],\"url\":\"https:\/\/www.pmpf.rs.gov.br\/secretaria-de-seguranca-publica\/author\/mosite\/\"}]}<\/script>\n<!-- \/ Yoast SEO plugin. -->","yoast_head_json":{"title":"Passo Fundo abre inscri\u00e7\u00f5es para o Projeto Protejo - Secretaria de Seguran\u00e7a P\u00fablica e Transporte","robots":{"index":"index","follow":"follow","max-snippet":"max-snippet:-1","max-image-preview":"max-image-preview:large","max-video-preview":"max-video-preview:-1"},"canonical":"https:\/\/www.pmpf.rs.gov.br\/secretaria-de-seguranca-publica\/2012\/05\/30\/passo-fundo-abre-inscricoes-para-o-projeto-protejo-5289\/","og_locale":"pt_BR","og_type":"article","og_title":"Passo Fundo abre inscri\u00e7\u00f5es para o Projeto Protejo - Secretaria de Seguran\u00e7a P\u00fablica e Transporte","og_description":"Passo Fundo abre inscri\u00e7\u00f5es para o Projeto Protejo","og_url":"https:\/\/www.pmpf.rs.gov.br\/secretaria-de-seguranca-publica\/2012\/05\/30\/passo-fundo-abre-inscricoes-para-o-projeto-protejo-5289\/","og_site_name":"Secretaria de Seguran\u00e7a P\u00fablica e Transporte","article_published_time":"2012-05-30T06:00:00+00:00","author":"mosite","twitter_card":"summary_large_image","twitter_misc":{"Escrito por":"mosite","Est. tempo de leitura":"2 minutos"},"schema":{"@context":"https:\/\/schema.org","@graph":[{"@type":"WebPage","@id":"https:\/\/www.pmpf.rs.gov.br\/secretaria-de-seguranca-publica\/2012\/05\/30\/passo-fundo-abre-inscricoes-para-o-projeto-protejo-5289\/","url":"https:\/\/www.pmpf.rs.gov.br\/secretaria-de-seguranca-publica\/2012\/05\/30\/passo-fundo-abre-inscricoes-para-o-projeto-protejo-5289\/","name":"Passo Fundo abre inscri\u00e7\u00f5es para o Projeto Protejo - Secretaria de Seguran\u00e7a P\u00fablica e Transporte","isPartOf":{"@id":"https:\/\/www.pmpf.rs.gov.br\/secretaria-de-seguranca-publica\/#website"},"datePublished":"2012-05-30T06:00:00+00:00","dateModified":"2012-05-30T06:00:00+00:00","author":{"@id":"https:\/\/www.pmpf.rs.gov.br\/secretaria-de-seguranca-publica\/#\/schema\/person\/0c355b0fa68a7aa986c8594f7a60a2d7"},"breadcrumb":{"@id":"https:\/\/www.pmpf.rs.gov.br\/secretaria-de-seguranca-publica\/2012\/05\/30\/passo-fundo-abre-inscricoes-para-o-projeto-protejo-5289\/#breadcrumb"},"inLanguage":"pt-BR","potentialAction":[{"@type":"ReadAction","target":["https:\/\/www.pmpf.rs.gov.br\/secretaria-de-seguranca-publica\/2012\/05\/30\/passo-fundo-abre-inscricoes-para-o-projeto-protejo-5289\/"]}]},{"@type":"BreadcrumbList","@id":"https:\/\/www.pmpf.rs.gov.br\/secretaria-de-seguranca-publica\/2012\/05\/30\/passo-fundo-abre-inscricoes-para-o-projeto-protejo-5289\/#breadcrumb","itemListElement":[{"@type":"ListItem","position":1,"name":"In\u00edcio","item":"https:\/\/www.pmpf.rs.gov.br\/secretaria-de-seguranca-publica\/"},{"@type":"ListItem","position":2,"name":"Passo Fundo abre inscri\u00e7\u00f5es para o Projeto Protejo"}]},{"@type":"WebSite","@id":"https:\/\/www.pmpf.rs.gov.br\/secretaria-de-seguranca-publica\/#website","url":"https:\/\/www.pmpf.rs.gov.br\/secretaria-de-seguranca-publica\/","name":"Secretaria de Seguran\u00e7a P\u00fablica e Transporte","description":"S\u00f3 mais um site Prefeitura de Passo Fundo","potentialAction":[{"@type":"SearchAction","target":{"@type":"EntryPoint","urlTemplate":"https:\/\/www.pmpf.rs.gov.br\/secretaria-de-seguranca-publica\/?s={search_term_string}"},"query-input":{"@type":"PropertyValueSpecification","valueRequired":true,"valueName":"search_term_string"}}],"inLanguage":"pt-BR"},{"@type":"Person","@id":"https:\/\/www.pmpf.rs.gov.br\/secretaria-de-seguranca-publica\/#\/schema\/person\/0c355b0fa68a7aa986c8594f7a60a2d7","name":"mosite","image":{"@type":"ImageObject","inLanguage":"pt-BR","@id":"https:\/\/www.pmpf.rs.gov.br\/secretaria-de-seguranca-publica\/#\/schema\/person\/image\/","url":"https:\/\/secure.gravatar.com\/avatar\/63d72595d6cecfe12bd8a94829d5a26c?s=96&d=mm&r=g","contentUrl":"https:\/\/secure.gravatar.com\/avatar\/63d72595d6cecfe12bd8a94829d5a26c?s=96&d=mm&r=g","caption":"mosite"},"sameAs":["http:\/\/example.com"],"url":"https:\/\/www.pmpf.rs.gov.br\/secretaria-de-seguranca-publica\/author\/mosite\/"}]}},"_links":{"self":[{"href":"https:\/\/www.pmpf.rs.gov.br\/secretaria-de-seguranca-publica\/wp-json\/wp\/v2\/posts\/11"}],"collection":[{"href":"https:\/\/www.pmpf.rs.gov.br\/secretaria-de-seguranca-publica\/wp-json\/wp\/v2\/posts"}],"about":[{"href":"https:\/\/www.pmpf.rs.gov.br\/secretaria-de-seguranca-publica\/wp-json\/wp\/v2\/types\/post"}],"author":[{"embeddable":true,"href":"https:\/\/www.pmpf.rs.gov.br\/secretaria-de-seguranca-publica\/wp-json\/wp\/v2\/users\/1"}],"replies":[{"embeddable":true,"href":"https:\/\/www.pmpf.rs.gov.br\/secretaria-de-seguranca-publica\/wp-json\/wp\/v2\/comments?post=11"}],"version-history":[{"count":0,"href":"https:\/\/www.pmpf.rs.gov.br\/secretaria-de-seguranca-publica\/wp-json\/wp\/v2\/posts\/11\/revisions"}],"wp:attachment":[{"href":"https:\/\/www.pmpf.rs.gov.br\/secretaria-de-seguranca-publica\/wp-json\/wp\/v2\/media?parent=11"}],"wp:term":[{"taxonomy":"category","embeddable":true,"href":"https:\/\/www.pmpf.rs.gov.br\/secretaria-de-seguranca-publica\/wp-json\/wp\/v2\/categories?post=11"},{"taxonomy":"post_tag","embeddable":true,"href":"https:\/\/www.pmpf.rs.gov.br\/secretaria-de-seguranca-publica\/wp-json\/wp\/v2\/tags?post=11"}],"curies":[{"name":"wp","href":"https:\/\/api.w.org\/{rel}","templated":true}]}}