{"id":1099,"date":"2024-06-25T15:17:30","date_gmt":"2024-06-25T18:17:30","guid":{"rendered":"https:\/\/www.pmpf.rs.gov.br\/secretaria-de-seguranca-publica\/?p=1099"},"modified":"2024-06-25T15:17:32","modified_gmt":"2024-06-25T18:17:32","slug":"prefeitura-reforca-a-seguranca-do-municipio-com-novo-sistema-de-videomonitoramento","status":"publish","type":"post","link":"https:\/\/www.pmpf.rs.gov.br\/secretaria-de-seguranca-publica\/2024\/06\/25\/prefeitura-reforca-a-seguranca-do-municipio-com-novo-sistema-de-videomonitoramento\/","title":{"rendered":"Prefeitura refor\u00e7a a seguran\u00e7a do munic\u00edpio com novo sistema de videomonitoramento"},"content":{"rendered":"\n<p>A Prefeitura de Passo Fundo est\u00e1 investindo em um novo sistema de videomonitoramento que ir\u00e1 integrar e expandir a seguran\u00e7a na cidade. Este sistema agrega-se \u00e0s c\u00e2meras j\u00e1 existentes e promete trazer avan\u00e7os significativos na prote\u00e7\u00e3o de pra\u00e7as, escolas, unidades de sa\u00fade e outros espa\u00e7os p\u00fablicos.<\/p>\n\n\n\n<p>Com o novo investimento, o munic\u00edpio alcan\u00e7ar\u00e1 a marca de mais de mil dispositivos de monitoramento em opera\u00e7\u00e3o. Ao todo, ser\u00e3o 371 novas c\u00e2meras, adicionadas \u00e0s 694 j\u00e1 existentes, totalizando 1065 c\u00e2meras. Este crescimento representa um importante passo para a seguran\u00e7a da cidade, que agora contar\u00e1 com uma cobertura ainda mais ampla.<\/p>\n\n\n\n<p>O prefeito Pedro Almeida destacou a relev\u00e2ncia desse projeto para a seguran\u00e7a dos cidad\u00e3os de Passo Fundo: \u201c\u00c9 fundamental que todos os cidad\u00e3os, independentemente de estarem no centro ou nos bairros, se sintam seguros. Este novo sistema de videomonitoramento \u00e9 um passo importante para construir uma seguran\u00e7a abrangente e eficiente para toda a comunidade\u201d, aponta o prefeito.<\/p>\n\n\n\n<p><strong>Opera\u00e7\u00e3o e tecnologia de ponta<br><\/strong>As imagens captadas pelas c\u00e2meras ser\u00e3o transmitidas simultaneamente para o Centro de Opera\u00e7\u00f5es do Munic\u00edpio de Passo Fundo (COMPF) e para a Brigada Militar, facilitando a\u00e7\u00f5es policiais r\u00e1pidas e eficazes. A central principal, o COMPF, \u00e9 considerada o cora\u00e7\u00e3o do sistema e conta com uma infraestrutura robusta de mais de 100 terabytes de armazenamento distribu\u00eddos em tr\u00eas servidores, permitindo n\u00e3o apenas o monitoramento em tempo real, mas tamb\u00e9m a an\u00e1lise forense posterior das imagens.<\/p>\n\n\n\n<p>A tecnologia embarcada no novo sistema possibilita o reconhecimento de placas, diferencia\u00e7\u00e3o de ve\u00edculos por cores, velocidade , trajetos e ainda com a possibilidade de an\u00e1lise para aplicar a tecnologia de identifica\u00e7\u00e3o facial, o que representa um avan\u00e7o na identifica\u00e7\u00e3o e solu\u00e7\u00e3o de crimes. Al\u00e9m disso, as c\u00e2meras t\u00eam capacidade de operar por no m\u00ednimo uma hora em caso de falta de energia, garantindo o funcionamento cont\u00ednuo do sistema em situa\u00e7\u00f5es de emerg\u00eancia.<\/p>\n\n\n\n<p>Participa\u00e7\u00e3o comunit\u00e1ria e implementa\u00e7\u00e3o<br>A localiza\u00e7\u00e3o das c\u00e2meras foi realizada em colabora\u00e7\u00e3o com a comunidade, que participa da escolha dos pontos estrat\u00e9gicos para posicionamento dos dispositivos. Segundo o cronograma, 38 c\u00e2meras ser\u00e3o instaladas nos dez canteiros da cidade, com um sistema de som integrado. J\u00e1 nos pr\u00f3ximos meses, 12 pra\u00e7as ser\u00e3o contempladas, al\u00e9m de oito unidades de sa\u00fade e quatro escolas que receber\u00e3o os equipamentos nesta semana.<\/p>\n\n\n\n<p><strong>Expans\u00e3o e integra\u00e7\u00e3o<br><\/strong>Atualmente, Passo Fundo conta com dois sistemas de videomonitoramento: o do Munic\u00edpio e o da Brigada Militar. O sistema municipal, com a adi\u00e7\u00e3o das novas c\u00e2meras, ultrapassar\u00e1 780 equipamentos em funcionamento nos pr\u00f3ximos meses. J\u00e1 o sistema da Brigada Militar, que possui 201 c\u00e2meras, ser\u00e1 incrementado com mais 73 dispositivos.<\/p>\n\n\n\n<p>Estes sistemas n\u00e3o apenas inibem a pr\u00e1tica de crimes, mas tamb\u00e9m proporcionam suporte significativo aos \u00f3rg\u00e3os de seguran\u00e7a ao espelharem, armazenarem e fornecerem imagens que podem ser utilizadas em investiga\u00e7\u00f5es criminais. Al\u00e9m disso, o projeto contempla a possibilidade de importa\u00e7\u00e3o de v\u00eddeos oriundos de drones, expandindo ainda mais a capacidade de monitoramento da cidade.<br>\u201cCom o t\u00e9rmino das instala\u00e7\u00f5es previsto para o in\u00edcio do segundo semestre, o sistema entrar\u00e1 em funcionamento imediato, trazendo benef\u00edcios instant\u00e2neos para a seguran\u00e7a p\u00fablica de Passo Fundo\u201d, declara o Secret\u00e1rio de Seguran\u00e7a P\u00fablica, Jo\u00e3o Darci Gon\u00e7alves da Rosa.<\/p>\n","protected":false},"excerpt":{"rendered":"<p>A Prefeitura de Passo Fundo est\u00e1 investindo em um novo sistema de videomonitoramento que ir\u00e1 integrar e expandir a seguran\u00e7a na cidade. Este sistema agrega-se \u00e0s c\u00e2meras j\u00e1 existentes e promete trazer [&hellip;]<\/p>\n","protected":false},"author":24,"featured_media":1100,"comment_status":"closed","ping_status":"closed","sticky":false,"template":"","format":"standard","meta":{"footnotes":""},"categories":[1],"tags":[],"class_list":["post-1099","post","type-post","status-publish","format-standard","has-post-thumbnail","hentry","category-sem-categoria"],"yoast_head":"<!-- This site is optimized with the Yoast SEO plugin v23.8 - https:\/\/yoast.com\/wordpress\/plugins\/seo\/ -->\n<title>Prefeitura refor\u00e7a a seguran\u00e7a do munic\u00edpio com novo sistema de videomonitoramento - Secretaria de Seguran\u00e7a P\u00fablica e Transporte<\/title>\n<meta name=\"robots\" content=\"index, follow, max-snippet:-1, max-image-preview:large, max-video-preview:-1\" \/>\n<link rel=\"canonical\" href=\"https:\/\/www.pmpf.rs.gov.br\/secretaria-de-seguranca-publica\/2024\/06\/25\/prefeitura-reforca-a-seguranca-do-municipio-com-novo-sistema-de-videomonitoramento\/\" \/>\n<meta property=\"og:locale\" content=\"pt_BR\" \/>\n<meta property=\"og:type\" content=\"article\" \/>\n<meta property=\"og:title\" content=\"Prefeitura refor\u00e7a a seguran\u00e7a do munic\u00edpio com novo sistema de videomonitoramento - Secretaria de Seguran\u00e7a P\u00fablica e Transporte\" \/>\n<meta property=\"og:description\" content=\"A Prefeitura de Passo Fundo est\u00e1 investindo em um novo sistema de videomonitoramento que ir\u00e1 integrar e expandir a seguran\u00e7a na cidade. Este sistema agrega-se \u00e0s c\u00e2meras j\u00e1 existentes e promete trazer [&hellip;]\" \/>\n<meta property=\"og:url\" content=\"https:\/\/www.pmpf.rs.gov.br\/secretaria-de-seguranca-publica\/2024\/06\/25\/prefeitura-reforca-a-seguranca-do-municipio-com-novo-sistema-de-videomonitoramento\/\" \/>\n<meta property=\"og:site_name\" content=\"Secretaria de Seguran\u00e7a P\u00fablica e Transporte\" \/>\n<meta property=\"article:published_time\" content=\"2024-06-25T18:17:30+00:00\" \/>\n<meta property=\"article:modified_time\" content=\"2024-06-25T18:17:32+00:00\" \/>\n<meta name=\"author\" content=\"lilicrivello\" \/>\n<meta name=\"twitter:card\" content=\"summary_large_image\" \/>\n<meta name=\"twitter:label1\" content=\"Escrito por\" \/>\n\t<meta name=\"twitter:data1\" content=\"lilicrivello\" \/>\n\t<meta name=\"twitter:label2\" content=\"Est. tempo de leitura\" \/>\n\t<meta name=\"twitter:data2\" content=\"3 minutos\" \/>\n<script type=\"application\/ld+json\" class=\"yoast-schema-graph\">{\"@context\":\"https:\/\/schema.org\",\"@graph\":[{\"@type\":\"WebPage\",\"@id\":\"https:\/\/www.pmpf.rs.gov.br\/secretaria-de-seguranca-publica\/2024\/06\/25\/prefeitura-reforca-a-seguranca-do-municipio-com-novo-sistema-de-videomonitoramento\/\",\"url\":\"https:\/\/www.pmpf.rs.gov.br\/secretaria-de-seguranca-publica\/2024\/06\/25\/prefeitura-reforca-a-seguranca-do-municipio-com-novo-sistema-de-videomonitoramento\/\",\"name\":\"Prefeitura refor\u00e7a a seguran\u00e7a do munic\u00edpio com novo sistema de videomonitoramento - Secretaria de Seguran\u00e7a P\u00fablica e Transporte\",\"isPartOf\":{\"@id\":\"https:\/\/www.pmpf.rs.gov.br\/secretaria-de-seguranca-publica\/#website\"},\"primaryImageOfPage\":{\"@id\":\"https:\/\/www.pmpf.rs.gov.br\/secretaria-de-seguranca-publica\/2024\/06\/25\/prefeitura-reforca-a-seguranca-do-municipio-com-novo-sistema-de-videomonitoramento\/#primaryimage\"},\"image\":{\"@id\":\"https:\/\/www.pmpf.rs.gov.br\/secretaria-de-seguranca-publica\/2024\/06\/25\/prefeitura-reforca-a-seguranca-do-municipio-com-novo-sistema-de-videomonitoramento\/#primaryimage\"},\"thumbnailUrl\":\"https:\/\/www.pmpf.rs.gov.br\/secretaria-de-seguranca-publica\/wp-content\/uploads\/sites\/54\/2024\/06\/WhatsApp-Image-2024-06-25-at-14.59.46.jpeg\",\"datePublished\":\"2024-06-25T18:17:30+00:00\",\"dateModified\":\"2024-06-25T18:17:32+00:00\",\"author\":{\"@id\":\"https:\/\/www.pmpf.rs.gov.br\/secretaria-de-seguranca-publica\/#\/schema\/person\/6e93b0ab2174b69f691ac4f278ba2d0a\"},\"breadcrumb\":{\"@id\":\"https:\/\/www.pmpf.rs.gov.br\/secretaria-de-seguranca-publica\/2024\/06\/25\/prefeitura-reforca-a-seguranca-do-municipio-com-novo-sistema-de-videomonitoramento\/#breadcrumb\"},\"inLanguage\":\"pt-BR\",\"potentialAction\":[{\"@type\":\"ReadAction\",\"target\":[\"https:\/\/www.pmpf.rs.gov.br\/secretaria-de-seguranca-publica\/2024\/06\/25\/prefeitura-reforca-a-seguranca-do-municipio-com-novo-sistema-de-videomonitoramento\/\"]}]},{\"@type\":\"ImageObject\",\"inLanguage\":\"pt-BR\",\"@id\":\"https:\/\/www.pmpf.rs.gov.br\/secretaria-de-seguranca-publica\/2024\/06\/25\/prefeitura-reforca-a-seguranca-do-municipio-com-novo-sistema-de-videomonitoramento\/#primaryimage\",\"url\":\"https:\/\/www.pmpf.rs.gov.br\/secretaria-de-seguranca-publica\/wp-content\/uploads\/sites\/54\/2024\/06\/WhatsApp-Image-2024-06-25-at-14.59.46.jpeg\",\"contentUrl\":\"https:\/\/www.pmpf.rs.gov.br\/secretaria-de-seguranca-publica\/wp-content\/uploads\/sites\/54\/2024\/06\/WhatsApp-Image-2024-06-25-at-14.59.46.jpeg\",\"width\":1280,\"height\":719},{\"@type\":\"BreadcrumbList\",\"@id\":\"https:\/\/www.pmpf.rs.gov.br\/secretaria-de-seguranca-publica\/2024\/06\/25\/prefeitura-reforca-a-seguranca-do-municipio-com-novo-sistema-de-videomonitoramento\/#breadcrumb\",\"itemListElement\":[{\"@type\":\"ListItem\",\"position\":1,\"name\":\"In\u00edcio\",\"item\":\"https:\/\/www.pmpf.rs.gov.br\/secretaria-de-seguranca-publica\/\"},{\"@type\":\"ListItem\",\"position\":2,\"name\":\"Prefeitura refor\u00e7a a seguran\u00e7a do munic\u00edpio com novo sistema de videomonitoramento\"}]},{\"@type\":\"WebSite\",\"@id\":\"https:\/\/www.pmpf.rs.gov.br\/secretaria-de-seguranca-publica\/#website\",\"url\":\"https:\/\/www.pmpf.rs.gov.br\/secretaria-de-seguranca-publica\/\",\"name\":\"Secretaria de Seguran\u00e7a P\u00fablica e Transporte\",\"description\":\"S\u00f3 mais um site Prefeitura de Passo Fundo\",\"potentialAction\":[{\"@type\":\"SearchAction\",\"target\":{\"@type\":\"EntryPoint\",\"urlTemplate\":\"https:\/\/www.pmpf.rs.gov.br\/secretaria-de-seguranca-publica\/?s={search_term_string}\"},\"query-input\":{\"@type\":\"PropertyValueSpecification\",\"valueRequired\":true,\"valueName\":\"search_term_string\"}}],\"inLanguage\":\"pt-BR\"},{\"@type\":\"Person\",\"@id\":\"https:\/\/www.pmpf.rs.gov.br\/secretaria-de-seguranca-publica\/#\/schema\/person\/6e93b0ab2174b69f691ac4f278ba2d0a\",\"name\":\"lilicrivello\",\"image\":{\"@type\":\"ImageObject\",\"inLanguage\":\"pt-BR\",\"@id\":\"https:\/\/www.pmpf.rs.gov.br\/secretaria-de-seguranca-publica\/#\/schema\/person\/image\/\",\"url\":\"https:\/\/secure.gravatar.com\/avatar\/0b546b667388f8edb7b67d70a57b5e46?s=96&d=mm&r=g\",\"contentUrl\":\"https:\/\/secure.gravatar.com\/avatar\/0b546b667388f8edb7b67d70a57b5e46?s=96&d=mm&r=g\",\"caption\":\"lilicrivello\"},\"url\":\"https:\/\/www.pmpf.rs.gov.br\/secretaria-de-seguranca-publica\/author\/lilicrivello\/\"}]}<\/script>\n<!-- \/ Yoast SEO plugin. -->","yoast_head_json":{"title":"Prefeitura refor\u00e7a a seguran\u00e7a do munic\u00edpio com novo sistema de videomonitoramento - Secretaria de Seguran\u00e7a P\u00fablica e Transporte","robots":{"index":"index","follow":"follow","max-snippet":"max-snippet:-1","max-image-preview":"max-image-preview:large","max-video-preview":"max-video-preview:-1"},"canonical":"https:\/\/www.pmpf.rs.gov.br\/secretaria-de-seguranca-publica\/2024\/06\/25\/prefeitura-reforca-a-seguranca-do-municipio-com-novo-sistema-de-videomonitoramento\/","og_locale":"pt_BR","og_type":"article","og_title":"Prefeitura refor\u00e7a a seguran\u00e7a do munic\u00edpio com novo sistema de videomonitoramento - Secretaria de Seguran\u00e7a P\u00fablica e Transporte","og_description":"A Prefeitura de Passo Fundo est\u00e1 investindo em um novo sistema de videomonitoramento que ir\u00e1 integrar e expandir a seguran\u00e7a na cidade. Este sistema agrega-se \u00e0s c\u00e2meras j\u00e1 existentes e promete trazer [&hellip;]","og_url":"https:\/\/www.pmpf.rs.gov.br\/secretaria-de-seguranca-publica\/2024\/06\/25\/prefeitura-reforca-a-seguranca-do-municipio-com-novo-sistema-de-videomonitoramento\/","og_site_name":"Secretaria de Seguran\u00e7a P\u00fablica e Transporte","article_published_time":"2024-06-25T18:17:30+00:00","article_modified_time":"2024-06-25T18:17:32+00:00","author":"lilicrivello","twitter_card":"summary_large_image","twitter_misc":{"Escrito por":"lilicrivello","Est. tempo de leitura":"3 minutos"},"schema":{"@context":"https:\/\/schema.org","@graph":[{"@type":"WebPage","@id":"https:\/\/www.pmpf.rs.gov.br\/secretaria-de-seguranca-publica\/2024\/06\/25\/prefeitura-reforca-a-seguranca-do-municipio-com-novo-sistema-de-videomonitoramento\/","url":"https:\/\/www.pmpf.rs.gov.br\/secretaria-de-seguranca-publica\/2024\/06\/25\/prefeitura-reforca-a-seguranca-do-municipio-com-novo-sistema-de-videomonitoramento\/","name":"Prefeitura refor\u00e7a a seguran\u00e7a do munic\u00edpio com novo sistema de videomonitoramento - Secretaria de Seguran\u00e7a P\u00fablica e Transporte","isPartOf":{"@id":"https:\/\/www.pmpf.rs.gov.br\/secretaria-de-seguranca-publica\/#website"},"primaryImageOfPage":{"@id":"https:\/\/www.pmpf.rs.gov.br\/secretaria-de-seguranca-publica\/2024\/06\/25\/prefeitura-reforca-a-seguranca-do-municipio-com-novo-sistema-de-videomonitoramento\/#primaryimage"},"image":{"@id":"https:\/\/www.pmpf.rs.gov.br\/secretaria-de-seguranca-publica\/2024\/06\/25\/prefeitura-reforca-a-seguranca-do-municipio-com-novo-sistema-de-videomonitoramento\/#primaryimage"},"thumbnailUrl":"https:\/\/www.pmpf.rs.gov.br\/secretaria-de-seguranca-publica\/wp-content\/uploads\/sites\/54\/2024\/06\/WhatsApp-Image-2024-06-25-at-14.59.46.jpeg","datePublished":"2024-06-25T18:17:30+00:00","dateModified":"2024-06-25T18:17:32+00:00","author":{"@id":"https:\/\/www.pmpf.rs.gov.br\/secretaria-de-seguranca-publica\/#\/schema\/person\/6e93b0ab2174b69f691ac4f278ba2d0a"},"breadcrumb":{"@id":"https:\/\/www.pmpf.rs.gov.br\/secretaria-de-seguranca-publica\/2024\/06\/25\/prefeitura-reforca-a-seguranca-do-municipio-com-novo-sistema-de-videomonitoramento\/#breadcrumb"},"inLanguage":"pt-BR","potentialAction":[{"@type":"ReadAction","target":["https:\/\/www.pmpf.rs.gov.br\/secretaria-de-seguranca-publica\/2024\/06\/25\/prefeitura-reforca-a-seguranca-do-municipio-com-novo-sistema-de-videomonitoramento\/"]}]},{"@type":"ImageObject","inLanguage":"pt-BR","@id":"https:\/\/www.pmpf.rs.gov.br\/secretaria-de-seguranca-publica\/2024\/06\/25\/prefeitura-reforca-a-seguranca-do-municipio-com-novo-sistema-de-videomonitoramento\/#primaryimage","url":"https:\/\/www.pmpf.rs.gov.br\/secretaria-de-seguranca-publica\/wp-content\/uploads\/sites\/54\/2024\/06\/WhatsApp-Image-2024-06-25-at-14.59.46.jpeg","contentUrl":"https:\/\/www.pmpf.rs.gov.br\/secretaria-de-seguranca-publica\/wp-content\/uploads\/sites\/54\/2024\/06\/WhatsApp-Image-2024-06-25-at-14.59.46.jpeg","width":1280,"height":719},{"@type":"BreadcrumbList","@id":"https:\/\/www.pmpf.rs.gov.br\/secretaria-de-seguranca-publica\/2024\/06\/25\/prefeitura-reforca-a-seguranca-do-municipio-com-novo-sistema-de-videomonitoramento\/#breadcrumb","itemListElement":[{"@type":"ListItem","position":1,"name":"In\u00edcio","item":"https:\/\/www.pmpf.rs.gov.br\/secretaria-de-seguranca-publica\/"},{"@type":"ListItem","position":2,"name":"Prefeitura refor\u00e7a a seguran\u00e7a do munic\u00edpio com novo sistema de videomonitoramento"}]},{"@type":"WebSite","@id":"https:\/\/www.pmpf.rs.gov.br\/secretaria-de-seguranca-publica\/#website","url":"https:\/\/www.pmpf.rs.gov.br\/secretaria-de-seguranca-publica\/","name":"Secretaria de Seguran\u00e7a P\u00fablica e Transporte","description":"S\u00f3 mais um site Prefeitura de Passo Fundo","potentialAction":[{"@type":"SearchAction","target":{"@type":"EntryPoint","urlTemplate":"https:\/\/www.pmpf.rs.gov.br\/secretaria-de-seguranca-publica\/?s={search_term_string}"},"query-input":{"@type":"PropertyValueSpecification","valueRequired":true,"valueName":"search_term_string"}}],"inLanguage":"pt-BR"},{"@type":"Person","@id":"https:\/\/www.pmpf.rs.gov.br\/secretaria-de-seguranca-publica\/#\/schema\/person\/6e93b0ab2174b69f691ac4f278ba2d0a","name":"lilicrivello","image":{"@type":"ImageObject","inLanguage":"pt-BR","@id":"https:\/\/www.pmpf.rs.gov.br\/secretaria-de-seguranca-publica\/#\/schema\/person\/image\/","url":"https:\/\/secure.gravatar.com\/avatar\/0b546b667388f8edb7b67d70a57b5e46?s=96&d=mm&r=g","contentUrl":"https:\/\/secure.gravatar.com\/avatar\/0b546b667388f8edb7b67d70a57b5e46?s=96&d=mm&r=g","caption":"lilicrivello"},"url":"https:\/\/www.pmpf.rs.gov.br\/secretaria-de-seguranca-publica\/author\/lilicrivello\/"}]}},"_links":{"self":[{"href":"https:\/\/www.pmpf.rs.gov.br\/secretaria-de-seguranca-publica\/wp-json\/wp\/v2\/posts\/1099"}],"collection":[{"href":"https:\/\/www.pmpf.rs.gov.br\/secretaria-de-seguranca-publica\/wp-json\/wp\/v2\/posts"}],"about":[{"href":"https:\/\/www.pmpf.rs.gov.br\/secretaria-de-seguranca-publica\/wp-json\/wp\/v2\/types\/post"}],"author":[{"embeddable":true,"href":"https:\/\/www.pmpf.rs.gov.br\/secretaria-de-seguranca-publica\/wp-json\/wp\/v2\/users\/24"}],"replies":[{"embeddable":true,"href":"https:\/\/www.pmpf.rs.gov.br\/secretaria-de-seguranca-publica\/wp-json\/wp\/v2\/comments?post=1099"}],"version-history":[{"count":1,"href":"https:\/\/www.pmpf.rs.gov.br\/secretaria-de-seguranca-publica\/wp-json\/wp\/v2\/posts\/1099\/revisions"}],"predecessor-version":[{"id":1101,"href":"https:\/\/www.pmpf.rs.gov.br\/secretaria-de-seguranca-publica\/wp-json\/wp\/v2\/posts\/1099\/revisions\/1101"}],"wp:featuredmedia":[{"embeddable":true,"href":"https:\/\/www.pmpf.rs.gov.br\/secretaria-de-seguranca-publica\/wp-json\/wp\/v2\/media\/1100"}],"wp:attachment":[{"href":"https:\/\/www.pmpf.rs.gov.br\/secretaria-de-seguranca-publica\/wp-json\/wp\/v2\/media?parent=1099"}],"wp:term":[{"taxonomy":"category","embeddable":true,"href":"https:\/\/www.pmpf.rs.gov.br\/secretaria-de-seguranca-publica\/wp-json\/wp\/v2\/categories?post=1099"},{"taxonomy":"post_tag","embeddable":true,"href":"https:\/\/www.pmpf.rs.gov.br\/secretaria-de-seguranca-publica\/wp-json\/wp\/v2\/tags?post=1099"}],"curies":[{"name":"wp","href":"https:\/\/api.w.org\/{rel}","templated":true}]}}