{"id":1097,"date":"2024-06-20T14:58:44","date_gmt":"2024-06-20T17:58:44","guid":{"rendered":"https:\/\/www.pmpf.rs.gov.br\/secretaria-de-seguranca-publica\/?p=1097"},"modified":"2024-06-20T14:58:47","modified_gmt":"2024-06-20T17:58:47","slug":"avancam-as-obras-da-escola-publica-de-transito","status":"publish","type":"post","link":"https:\/\/www.pmpf.rs.gov.br\/secretaria-de-seguranca-publica\/2024\/06\/20\/avancam-as-obras-da-escola-publica-de-transito\/","title":{"rendered":"Avan\u00e7am as obras da Escola P\u00fablica de Tr\u00e2nsito"},"content":{"rendered":"\n<p><\/p>\n\n\n\n<p>A Prefeitura de Passo Fundo, que j\u00e1 desenvolvia uma s\u00e9rie de a\u00e7\u00f5es voltadas \u00e0 seguran\u00e7a de pedestres e motoristas a partir da educa\u00e7\u00e3o das crian\u00e7as, entregar\u00e1, nos pr\u00f3ximos meses, a Escola P\u00fablica de Tr\u00e2nsito. A estrutura \u00e9 constru\u00edda no Bairro Cohab II, nas proximidades da Escola Olga Caetano Dias.<\/p>\n\n\n\n<p>Conforme o secret\u00e1rio de Seguran\u00e7a P\u00fablica, Jo\u00e3o Darci Gon\u00e7alves, a unidade abrigar\u00e1 projetos j\u00e1 realizados pelo N\u00facleo de Educa\u00e7\u00e3o para o Tr\u00e2nsito e ter\u00e1 uma estrutura de cont\u00eaineres adequada para o desenvolvimento de atividades interativas com as crian\u00e7as. \u201cTeremos salas de aula e, al\u00e9m disso, um espa\u00e7o para simula\u00e7\u00e3o do tr\u00e2nsito: uma pista com sinaliza\u00e7\u00e3o, semaforiza\u00e7\u00e3o, faixas de pedestres e demais elementos que est\u00e3o inseridos em uma via real. Vamos adquirir carrinhos el\u00e9tricos pequenos para essas a\u00e7\u00f5es de instru\u00e7\u00e3o\u201d, explicou.<\/p>\n\n\n\n<p>Conforme o coordenador do N\u00facleo de Educa\u00e7\u00e3o para o Tr\u00e2nsito, Emerson Drebes, as obras s\u00e3o realizadas de forma r\u00e1pida. \u201cOs cont\u00eaineres que ter\u00e3o a sala de aula, banheiro e \u00e1rea administrativa est\u00e3o com a estrutura montada, aguardando o fechamento. O terreno tamb\u00e9m j\u00e1 foi nivelado para receber a pista\u201d, pontuou.<\/p>\n\n\n\n<p><strong>Escolas p\u00fablicas<\/strong><br>A Escola P\u00fablica de Tr\u00e2nsito \u00e9 um projeto inovador, dentro do conceito de Cidade Educadora, e uma das cinco escolas p\u00fablicas da Prefeitura, junto com a de Profiss\u00f5es, de M\u00fasica, de Arte e Criatividade e de Gera\u00e7\u00f5es.<br>Para o secret\u00e1rio de Educa\u00e7\u00e3o, Adriano Canabarro Teixeira, estes locais que promovem a Educa\u00e7\u00e3o para al\u00e9m das salas de aula. \u201cCriar uma escola p\u00fablica do tr\u00e2nsito potencializa as a\u00e7\u00f5es j\u00e1 em andamento e tamb\u00e9m ajuda a articular outros agentes e a conjuga for\u00e7as. Ela criar\u00e1 um espa\u00e7o para conectar quem pode ensinar com quem quer e precisa aprender\u201d, destacou.<\/p>\n","protected":false},"excerpt":{"rendered":"<p>Projeto da Prefeitura tem como objetivo contribuir com a educa\u00e7\u00e3o das crian\u00e7as e um tr\u00e2nsito mais seguro<\/p>\n","protected":false},"author":6,"featured_media":0,"comment_status":"closed","ping_status":"closed","sticky":false,"template":"","format":"standard","meta":{"footnotes":""},"categories":[1],"tags":[],"class_list":["post-1097","post","type-post","status-publish","format-standard","hentry","category-sem-categoria"],"yoast_head":"<!-- This site is optimized with the Yoast SEO plugin v23.8 - https:\/\/yoast.com\/wordpress\/plugins\/seo\/ -->\n<title>Avan\u00e7am as obras da Escola P\u00fablica de Tr\u00e2nsito - Secretaria de Seguran\u00e7a P\u00fablica e Transporte<\/title>\n<meta name=\"robots\" content=\"index, follow, max-snippet:-1, max-image-preview:large, max-video-preview:-1\" \/>\n<link rel=\"canonical\" href=\"https:\/\/www.pmpf.rs.gov.br\/secretaria-de-seguranca-publica\/2024\/06\/20\/avancam-as-obras-da-escola-publica-de-transito\/\" \/>\n<meta property=\"og:locale\" content=\"pt_BR\" \/>\n<meta property=\"og:type\" content=\"article\" \/>\n<meta property=\"og:title\" content=\"Avan\u00e7am as obras da Escola P\u00fablica de Tr\u00e2nsito - Secretaria de Seguran\u00e7a P\u00fablica e Transporte\" \/>\n<meta property=\"og:description\" content=\"Projeto da Prefeitura tem como objetivo contribuir com a educa\u00e7\u00e3o das crian\u00e7as e um tr\u00e2nsito mais seguro\" \/>\n<meta property=\"og:url\" content=\"https:\/\/www.pmpf.rs.gov.br\/secretaria-de-seguranca-publica\/2024\/06\/20\/avancam-as-obras-da-escola-publica-de-transito\/\" \/>\n<meta property=\"og:site_name\" content=\"Secretaria de Seguran\u00e7a P\u00fablica e Transporte\" \/>\n<meta property=\"article:published_time\" content=\"2024-06-20T17:58:44+00:00\" \/>\n<meta property=\"article:modified_time\" content=\"2024-06-20T17:58:47+00:00\" \/>\n<meta name=\"author\" content=\"andressazorzetto07\" \/>\n<meta name=\"twitter:card\" content=\"summary_large_image\" \/>\n<meta name=\"twitter:label1\" content=\"Escrito por\" \/>\n\t<meta name=\"twitter:data1\" content=\"andressazorzetto07\" \/>\n\t<meta name=\"twitter:label2\" content=\"Est. tempo de leitura\" \/>\n\t<meta name=\"twitter:data2\" content=\"2 minutos\" \/>\n<script type=\"application\/ld+json\" class=\"yoast-schema-graph\">{\"@context\":\"https:\/\/schema.org\",\"@graph\":[{\"@type\":\"WebPage\",\"@id\":\"https:\/\/www.pmpf.rs.gov.br\/secretaria-de-seguranca-publica\/2024\/06\/20\/avancam-as-obras-da-escola-publica-de-transito\/\",\"url\":\"https:\/\/www.pmpf.rs.gov.br\/secretaria-de-seguranca-publica\/2024\/06\/20\/avancam-as-obras-da-escola-publica-de-transito\/\",\"name\":\"Avan\u00e7am as obras da Escola P\u00fablica de Tr\u00e2nsito - Secretaria de Seguran\u00e7a P\u00fablica e Transporte\",\"isPartOf\":{\"@id\":\"https:\/\/www.pmpf.rs.gov.br\/secretaria-de-seguranca-publica\/#website\"},\"datePublished\":\"2024-06-20T17:58:44+00:00\",\"dateModified\":\"2024-06-20T17:58:47+00:00\",\"author\":{\"@id\":\"https:\/\/www.pmpf.rs.gov.br\/secretaria-de-seguranca-publica\/#\/schema\/person\/30ee1d1bd74da1469b01fcf086e43351\"},\"breadcrumb\":{\"@id\":\"https:\/\/www.pmpf.rs.gov.br\/secretaria-de-seguranca-publica\/2024\/06\/20\/avancam-as-obras-da-escola-publica-de-transito\/#breadcrumb\"},\"inLanguage\":\"pt-BR\",\"potentialAction\":[{\"@type\":\"ReadAction\",\"target\":[\"https:\/\/www.pmpf.rs.gov.br\/secretaria-de-seguranca-publica\/2024\/06\/20\/avancam-as-obras-da-escola-publica-de-transito\/\"]}]},{\"@type\":\"BreadcrumbList\",\"@id\":\"https:\/\/www.pmpf.rs.gov.br\/secretaria-de-seguranca-publica\/2024\/06\/20\/avancam-as-obras-da-escola-publica-de-transito\/#breadcrumb\",\"itemListElement\":[{\"@type\":\"ListItem\",\"position\":1,\"name\":\"In\u00edcio\",\"item\":\"https:\/\/www.pmpf.rs.gov.br\/secretaria-de-seguranca-publica\/\"},{\"@type\":\"ListItem\",\"position\":2,\"name\":\"Avan\u00e7am as obras da Escola P\u00fablica de Tr\u00e2nsito\"}]},{\"@type\":\"WebSite\",\"@id\":\"https:\/\/www.pmpf.rs.gov.br\/secretaria-de-seguranca-publica\/#website\",\"url\":\"https:\/\/www.pmpf.rs.gov.br\/secretaria-de-seguranca-publica\/\",\"name\":\"Secretaria de Seguran\u00e7a P\u00fablica e Transporte\",\"description\":\"S\u00f3 mais um site Prefeitura de Passo Fundo\",\"potentialAction\":[{\"@type\":\"SearchAction\",\"target\":{\"@type\":\"EntryPoint\",\"urlTemplate\":\"https:\/\/www.pmpf.rs.gov.br\/secretaria-de-seguranca-publica\/?s={search_term_string}\"},\"query-input\":{\"@type\":\"PropertyValueSpecification\",\"valueRequired\":true,\"valueName\":\"search_term_string\"}}],\"inLanguage\":\"pt-BR\"},{\"@type\":\"Person\",\"@id\":\"https:\/\/www.pmpf.rs.gov.br\/secretaria-de-seguranca-publica\/#\/schema\/person\/30ee1d1bd74da1469b01fcf086e43351\",\"name\":\"andressazorzetto07\",\"image\":{\"@type\":\"ImageObject\",\"inLanguage\":\"pt-BR\",\"@id\":\"https:\/\/www.pmpf.rs.gov.br\/secretaria-de-seguranca-publica\/#\/schema\/person\/image\/\",\"url\":\"https:\/\/secure.gravatar.com\/avatar\/14c5458ed79dc81da99a13b9ff5f9f19?s=96&d=mm&r=g\",\"contentUrl\":\"https:\/\/secure.gravatar.com\/avatar\/14c5458ed79dc81da99a13b9ff5f9f19?s=96&d=mm&r=g\",\"caption\":\"andressazorzetto07\"},\"url\":\"https:\/\/www.pmpf.rs.gov.br\/secretaria-de-seguranca-publica\/author\/andressazorzetto07\/\"}]}<\/script>\n<!-- \/ Yoast SEO plugin. -->","yoast_head_json":{"title":"Avan\u00e7am as obras da Escola P\u00fablica de Tr\u00e2nsito - Secretaria de Seguran\u00e7a P\u00fablica e Transporte","robots":{"index":"index","follow":"follow","max-snippet":"max-snippet:-1","max-image-preview":"max-image-preview:large","max-video-preview":"max-video-preview:-1"},"canonical":"https:\/\/www.pmpf.rs.gov.br\/secretaria-de-seguranca-publica\/2024\/06\/20\/avancam-as-obras-da-escola-publica-de-transito\/","og_locale":"pt_BR","og_type":"article","og_title":"Avan\u00e7am as obras da Escola P\u00fablica de Tr\u00e2nsito - Secretaria de Seguran\u00e7a P\u00fablica e Transporte","og_description":"Projeto da Prefeitura tem como objetivo contribuir com a educa\u00e7\u00e3o das crian\u00e7as e um tr\u00e2nsito mais seguro","og_url":"https:\/\/www.pmpf.rs.gov.br\/secretaria-de-seguranca-publica\/2024\/06\/20\/avancam-as-obras-da-escola-publica-de-transito\/","og_site_name":"Secretaria de Seguran\u00e7a P\u00fablica e Transporte","article_published_time":"2024-06-20T17:58:44+00:00","article_modified_time":"2024-06-20T17:58:47+00:00","author":"andressazorzetto07","twitter_card":"summary_large_image","twitter_misc":{"Escrito por":"andressazorzetto07","Est. tempo de leitura":"2 minutos"},"schema":{"@context":"https:\/\/schema.org","@graph":[{"@type":"WebPage","@id":"https:\/\/www.pmpf.rs.gov.br\/secretaria-de-seguranca-publica\/2024\/06\/20\/avancam-as-obras-da-escola-publica-de-transito\/","url":"https:\/\/www.pmpf.rs.gov.br\/secretaria-de-seguranca-publica\/2024\/06\/20\/avancam-as-obras-da-escola-publica-de-transito\/","name":"Avan\u00e7am as obras da Escola P\u00fablica de Tr\u00e2nsito - Secretaria de Seguran\u00e7a P\u00fablica e Transporte","isPartOf":{"@id":"https:\/\/www.pmpf.rs.gov.br\/secretaria-de-seguranca-publica\/#website"},"datePublished":"2024-06-20T17:58:44+00:00","dateModified":"2024-06-20T17:58:47+00:00","author":{"@id":"https:\/\/www.pmpf.rs.gov.br\/secretaria-de-seguranca-publica\/#\/schema\/person\/30ee1d1bd74da1469b01fcf086e43351"},"breadcrumb":{"@id":"https:\/\/www.pmpf.rs.gov.br\/secretaria-de-seguranca-publica\/2024\/06\/20\/avancam-as-obras-da-escola-publica-de-transito\/#breadcrumb"},"inLanguage":"pt-BR","potentialAction":[{"@type":"ReadAction","target":["https:\/\/www.pmpf.rs.gov.br\/secretaria-de-seguranca-publica\/2024\/06\/20\/avancam-as-obras-da-escola-publica-de-transito\/"]}]},{"@type":"BreadcrumbList","@id":"https:\/\/www.pmpf.rs.gov.br\/secretaria-de-seguranca-publica\/2024\/06\/20\/avancam-as-obras-da-escola-publica-de-transito\/#breadcrumb","itemListElement":[{"@type":"ListItem","position":1,"name":"In\u00edcio","item":"https:\/\/www.pmpf.rs.gov.br\/secretaria-de-seguranca-publica\/"},{"@type":"ListItem","position":2,"name":"Avan\u00e7am as obras da Escola P\u00fablica de Tr\u00e2nsito"}]},{"@type":"WebSite","@id":"https:\/\/www.pmpf.rs.gov.br\/secretaria-de-seguranca-publica\/#website","url":"https:\/\/www.pmpf.rs.gov.br\/secretaria-de-seguranca-publica\/","name":"Secretaria de Seguran\u00e7a P\u00fablica e Transporte","description":"S\u00f3 mais um site Prefeitura de Passo Fundo","potentialAction":[{"@type":"SearchAction","target":{"@type":"EntryPoint","urlTemplate":"https:\/\/www.pmpf.rs.gov.br\/secretaria-de-seguranca-publica\/?s={search_term_string}"},"query-input":{"@type":"PropertyValueSpecification","valueRequired":true,"valueName":"search_term_string"}}],"inLanguage":"pt-BR"},{"@type":"Person","@id":"https:\/\/www.pmpf.rs.gov.br\/secretaria-de-seguranca-publica\/#\/schema\/person\/30ee1d1bd74da1469b01fcf086e43351","name":"andressazorzetto07","image":{"@type":"ImageObject","inLanguage":"pt-BR","@id":"https:\/\/www.pmpf.rs.gov.br\/secretaria-de-seguranca-publica\/#\/schema\/person\/image\/","url":"https:\/\/secure.gravatar.com\/avatar\/14c5458ed79dc81da99a13b9ff5f9f19?s=96&d=mm&r=g","contentUrl":"https:\/\/secure.gravatar.com\/avatar\/14c5458ed79dc81da99a13b9ff5f9f19?s=96&d=mm&r=g","caption":"andressazorzetto07"},"url":"https:\/\/www.pmpf.rs.gov.br\/secretaria-de-seguranca-publica\/author\/andressazorzetto07\/"}]}},"_links":{"self":[{"href":"https:\/\/www.pmpf.rs.gov.br\/secretaria-de-seguranca-publica\/wp-json\/wp\/v2\/posts\/1097"}],"collection":[{"href":"https:\/\/www.pmpf.rs.gov.br\/secretaria-de-seguranca-publica\/wp-json\/wp\/v2\/posts"}],"about":[{"href":"https:\/\/www.pmpf.rs.gov.br\/secretaria-de-seguranca-publica\/wp-json\/wp\/v2\/types\/post"}],"author":[{"embeddable":true,"href":"https:\/\/www.pmpf.rs.gov.br\/secretaria-de-seguranca-publica\/wp-json\/wp\/v2\/users\/6"}],"replies":[{"embeddable":true,"href":"https:\/\/www.pmpf.rs.gov.br\/secretaria-de-seguranca-publica\/wp-json\/wp\/v2\/comments?post=1097"}],"version-history":[{"count":1,"href":"https:\/\/www.pmpf.rs.gov.br\/secretaria-de-seguranca-publica\/wp-json\/wp\/v2\/posts\/1097\/revisions"}],"predecessor-version":[{"id":1098,"href":"https:\/\/www.pmpf.rs.gov.br\/secretaria-de-seguranca-publica\/wp-json\/wp\/v2\/posts\/1097\/revisions\/1098"}],"wp:attachment":[{"href":"https:\/\/www.pmpf.rs.gov.br\/secretaria-de-seguranca-publica\/wp-json\/wp\/v2\/media?parent=1097"}],"wp:term":[{"taxonomy":"category","embeddable":true,"href":"https:\/\/www.pmpf.rs.gov.br\/secretaria-de-seguranca-publica\/wp-json\/wp\/v2\/categories?post=1097"},{"taxonomy":"post_tag","embeddable":true,"href":"https:\/\/www.pmpf.rs.gov.br\/secretaria-de-seguranca-publica\/wp-json\/wp\/v2\/tags?post=1097"}],"curies":[{"name":"wp","href":"https:\/\/api.w.org\/{rel}","templated":true}]}}