{"id":1094,"date":"2024-06-13T08:35:44","date_gmt":"2024-06-13T11:35:44","guid":{"rendered":"https:\/\/www.pmpf.rs.gov.br\/secretaria-de-seguranca-publica\/?p=1094"},"modified":"2024-06-13T08:35:46","modified_gmt":"2024-06-13T11:35:46","slug":"prefeitura-instala-novas-cameras-de-videomonitoramento","status":"publish","type":"post","link":"https:\/\/www.pmpf.rs.gov.br\/secretaria-de-seguranca-publica\/2024\/06\/13\/prefeitura-instala-novas-cameras-de-videomonitoramento\/","title":{"rendered":"Prefeitura instala novas c\u00e2meras de videomonitoramento"},"content":{"rendered":"\n<p><\/p>\n\n\n\n<p>A Prefeitura est\u00e1 fazendo a instala\u00e7\u00e3o de novas c\u00e2meras de videomonitoramento. Os equipamentos, que j\u00e1 est\u00e3o presentes em diversos pontos da cidade, como nas escolas municipais, bairros e regi\u00e3o central, est\u00e3o sendo instalados no interior de Passo Fundo e em espa\u00e7os recentemente revitalizados. Com o investimento, o munic\u00edpio chegar\u00e1 a mil dispositivos em opera\u00e7\u00e3o.<\/p>\n\n\n\n<p>Neste momento, a instala\u00e7\u00e3o acontece no Parque Linear da Avenida Brasil. Ao todo, nos 10 canteiros inclu\u00eddos no projeto, ser\u00e3o colocadas 38 c\u00e2meras. As imagens ser\u00e3o transmitidas simultaneamente para o Centro de Opera\u00e7\u00f5es do Munic\u00edpio.<\/p>\n\n\n\n<p>De acordo com o prefeito Pedro Almeida, os investimentos no videomonitoramento com a aquisi\u00e7\u00e3o de c\u00e2meras e no Centro de Opera\u00e7\u00f5es do Munic\u00edpio contribuem com o trabalho das for\u00e7as de Seguran\u00e7a e ampliam a prote\u00e7\u00e3o da comunidade. \u201cS\u00e3o medidas que t\u00eam a prioridade da Prefeitura porque impactam no dia dia da popula\u00e7\u00e3o. Por isso, fizemos este novo investimento, garantindo o aumento do n\u00famero de c\u00e2meras e possibilitando que os equipamentos sejam instalados em locais que foram revitalizados e t\u00eam grande movimenta\u00e7\u00e3o de pessoas e, al\u00e9m disso, no interior, que tamb\u00e9m precisa deste suporte\u201d, pontuou.<\/p>\n\n\n\n<p>No interior, o processo de instala\u00e7\u00e3o come\u00e7ar\u00e1 nesta quarta-feira (12) com a coloca\u00e7\u00e3o dos postes. Ser\u00e3o implantadas 22 c\u00e2meras, em sete pontos.<\/p>\n\n\n\n<p>Atualmente, Passo Fundo conta com dois sistemas de videomonitoramento: o do Munic\u00edpio, que dever\u00e1 ultrapassar 780 equipamentos em funcionamento nos pr\u00f3ximos meses; e o da Brigada Militar, que possui 201 c\u00e2meras e ter\u00e1 o acr\u00e9scimo de outras 73. Estes sistemas, al\u00e9m de inibirem a pr\u00e1tica de crimes, contribuem de forma significativa com o trabalho dos \u00f3rg\u00e3os de seguran\u00e7a ao espelharem, armazenarem e fornecerem imagens que podem ser utilizadas em investiga\u00e7\u00f5es.<\/p>\n\n\n\n<p>O secret\u00e1rio de Seguran\u00e7a P\u00fablica, Jo\u00e3o Darci Gon\u00e7alves, considera que o investimento agregar\u00e1 mais ferramentas tecnol\u00f3gicas em favor da estrutura da Seguran\u00e7a P\u00fablica. \u201cOs indicadores de seguran\u00e7a s\u00e3o analisados mensalmente e est\u00e1 comprovado que o videomonitoramento \u00e9 muito importante para que os \u00f3rg\u00e3os de Seguran\u00e7a P\u00fablica mantenham estabilizados esses n\u00fameros e que busquem baix\u00e1-los, proporcionando mais seguran\u00e7a a todos\u201d, avalia.<\/p>\n\n\n\n<p><strong>Cercamento eletr\u00f4nico<\/strong><br>Al\u00e9m da instala\u00e7\u00e3o de novas c\u00e2meras na cidade e no interior, o Munic\u00edpio trabalha em outro projeto: o cercamento eletr\u00f4nico. O objetivo \u00e9 que sejam instaladas mais c\u00e2meras OCR, que permitem a identifica\u00e7\u00e3o das placas dos ve\u00edculos, ampliando a fiscaliza\u00e7\u00e3o no entorno da cidade.<\/p>\n\n\n\n<p>Conforme Gon\u00e7alves, as imagens captadas por estes dispositivos tamb\u00e9m s\u00e3o acompanhadas pelas duas centrais de videomonitoramento. \u201cA Prefeitura tem 146 c\u00e2meras OCR, em 73 pontos. J\u00e1 a central da Brigada Militar, em que o Munic\u00edpio possui participa\u00e7\u00e3o direta, uma vez que tem aportado recursos para a aquisi\u00e7\u00e3o de equipamentos via conv\u00eanio com o Estado, conta com 06 pontos e 10 c\u00e2meras. Com esses equipamentos, \u00e9 poss\u00edvel efetuar acompanhamento de ve\u00edculos que est\u00e3o em ocorr\u00eancias de furtos e de roubos e, ainda efetuar relat\u00f3rios de ve\u00edculos envolvidos em crimes na cidade atrav\u00e9s das passagens desses ve\u00edculos nos locais onde possu\u00edmos os dispositivos\u201d, explica.<\/p>\n","protected":false},"excerpt":{"rendered":"<p>Munic\u00edpio chegar\u00e1 a mil equipamentos em opera\u00e7\u00e3o, no centro, nos bairros e no interior. Neste momento, a instala\u00e7\u00e3o \u00e9 feita no Parque Linear da Avenida Brasil<\/p>\n","protected":false},"author":6,"featured_media":1095,"comment_status":"closed","ping_status":"closed","sticky":false,"template":"","format":"standard","meta":{"footnotes":""},"categories":[1],"tags":[],"class_list":["post-1094","post","type-post","status-publish","format-standard","has-post-thumbnail","hentry","category-sem-categoria"],"yoast_head":"<!-- This site is optimized with the Yoast SEO plugin v23.8 - https:\/\/yoast.com\/wordpress\/plugins\/seo\/ -->\n<title>Prefeitura instala novas c\u00e2meras de videomonitoramento - Secretaria de Seguran\u00e7a P\u00fablica e Transporte<\/title>\n<meta name=\"robots\" content=\"index, follow, max-snippet:-1, max-image-preview:large, max-video-preview:-1\" \/>\n<link rel=\"canonical\" href=\"https:\/\/www.pmpf.rs.gov.br\/secretaria-de-seguranca-publica\/2024\/06\/13\/prefeitura-instala-novas-cameras-de-videomonitoramento\/\" \/>\n<meta property=\"og:locale\" content=\"pt_BR\" \/>\n<meta property=\"og:type\" content=\"article\" \/>\n<meta property=\"og:title\" content=\"Prefeitura instala novas c\u00e2meras de videomonitoramento - Secretaria de Seguran\u00e7a P\u00fablica e Transporte\" \/>\n<meta property=\"og:description\" content=\"Munic\u00edpio chegar\u00e1 a mil equipamentos em opera\u00e7\u00e3o, no centro, nos bairros e no interior. Neste momento, a instala\u00e7\u00e3o \u00e9 feita no Parque Linear da Avenida Brasil\" \/>\n<meta property=\"og:url\" content=\"https:\/\/www.pmpf.rs.gov.br\/secretaria-de-seguranca-publica\/2024\/06\/13\/prefeitura-instala-novas-cameras-de-videomonitoramento\/\" \/>\n<meta property=\"og:site_name\" content=\"Secretaria de Seguran\u00e7a P\u00fablica e Transporte\" \/>\n<meta property=\"article:published_time\" content=\"2024-06-13T11:35:44+00:00\" \/>\n<meta property=\"article:modified_time\" content=\"2024-06-13T11:35:46+00:00\" \/>\n<meta name=\"author\" content=\"andressazorzetto07\" \/>\n<meta name=\"twitter:card\" content=\"summary_large_image\" \/>\n<meta name=\"twitter:label1\" content=\"Escrito por\" \/>\n\t<meta name=\"twitter:data1\" content=\"andressazorzetto07\" \/>\n\t<meta name=\"twitter:label2\" content=\"Est. tempo de leitura\" \/>\n\t<meta name=\"twitter:data2\" content=\"3 minutos\" \/>\n<script type=\"application\/ld+json\" class=\"yoast-schema-graph\">{\"@context\":\"https:\/\/schema.org\",\"@graph\":[{\"@type\":\"WebPage\",\"@id\":\"https:\/\/www.pmpf.rs.gov.br\/secretaria-de-seguranca-publica\/2024\/06\/13\/prefeitura-instala-novas-cameras-de-videomonitoramento\/\",\"url\":\"https:\/\/www.pmpf.rs.gov.br\/secretaria-de-seguranca-publica\/2024\/06\/13\/prefeitura-instala-novas-cameras-de-videomonitoramento\/\",\"name\":\"Prefeitura instala novas c\u00e2meras de videomonitoramento - Secretaria de Seguran\u00e7a P\u00fablica e Transporte\",\"isPartOf\":{\"@id\":\"https:\/\/www.pmpf.rs.gov.br\/secretaria-de-seguranca-publica\/#website\"},\"primaryImageOfPage\":{\"@id\":\"https:\/\/www.pmpf.rs.gov.br\/secretaria-de-seguranca-publica\/2024\/06\/13\/prefeitura-instala-novas-cameras-de-videomonitoramento\/#primaryimage\"},\"image\":{\"@id\":\"https:\/\/www.pmpf.rs.gov.br\/secretaria-de-seguranca-publica\/2024\/06\/13\/prefeitura-instala-novas-cameras-de-videomonitoramento\/#primaryimage\"},\"thumbnailUrl\":\"https:\/\/www.pmpf.rs.gov.br\/secretaria-de-seguranca-publica\/wp-content\/uploads\/sites\/54\/2024\/06\/JHP01223-scaled.jpg\",\"datePublished\":\"2024-06-13T11:35:44+00:00\",\"dateModified\":\"2024-06-13T11:35:46+00:00\",\"author\":{\"@id\":\"https:\/\/www.pmpf.rs.gov.br\/secretaria-de-seguranca-publica\/#\/schema\/person\/30ee1d1bd74da1469b01fcf086e43351\"},\"breadcrumb\":{\"@id\":\"https:\/\/www.pmpf.rs.gov.br\/secretaria-de-seguranca-publica\/2024\/06\/13\/prefeitura-instala-novas-cameras-de-videomonitoramento\/#breadcrumb\"},\"inLanguage\":\"pt-BR\",\"potentialAction\":[{\"@type\":\"ReadAction\",\"target\":[\"https:\/\/www.pmpf.rs.gov.br\/secretaria-de-seguranca-publica\/2024\/06\/13\/prefeitura-instala-novas-cameras-de-videomonitoramento\/\"]}]},{\"@type\":\"ImageObject\",\"inLanguage\":\"pt-BR\",\"@id\":\"https:\/\/www.pmpf.rs.gov.br\/secretaria-de-seguranca-publica\/2024\/06\/13\/prefeitura-instala-novas-cameras-de-videomonitoramento\/#primaryimage\",\"url\":\"https:\/\/www.pmpf.rs.gov.br\/secretaria-de-seguranca-publica\/wp-content\/uploads\/sites\/54\/2024\/06\/JHP01223-scaled.jpg\",\"contentUrl\":\"https:\/\/www.pmpf.rs.gov.br\/secretaria-de-seguranca-publica\/wp-content\/uploads\/sites\/54\/2024\/06\/JHP01223-scaled.jpg\",\"width\":2560,\"height\":1707},{\"@type\":\"BreadcrumbList\",\"@id\":\"https:\/\/www.pmpf.rs.gov.br\/secretaria-de-seguranca-publica\/2024\/06\/13\/prefeitura-instala-novas-cameras-de-videomonitoramento\/#breadcrumb\",\"itemListElement\":[{\"@type\":\"ListItem\",\"position\":1,\"name\":\"In\u00edcio\",\"item\":\"https:\/\/www.pmpf.rs.gov.br\/secretaria-de-seguranca-publica\/\"},{\"@type\":\"ListItem\",\"position\":2,\"name\":\"Prefeitura instala novas c\u00e2meras de videomonitoramento\"}]},{\"@type\":\"WebSite\",\"@id\":\"https:\/\/www.pmpf.rs.gov.br\/secretaria-de-seguranca-publica\/#website\",\"url\":\"https:\/\/www.pmpf.rs.gov.br\/secretaria-de-seguranca-publica\/\",\"name\":\"Secretaria de Seguran\u00e7a P\u00fablica e Transporte\",\"description\":\"S\u00f3 mais um site Prefeitura de Passo Fundo\",\"potentialAction\":[{\"@type\":\"SearchAction\",\"target\":{\"@type\":\"EntryPoint\",\"urlTemplate\":\"https:\/\/www.pmpf.rs.gov.br\/secretaria-de-seguranca-publica\/?s={search_term_string}\"},\"query-input\":{\"@type\":\"PropertyValueSpecification\",\"valueRequired\":true,\"valueName\":\"search_term_string\"}}],\"inLanguage\":\"pt-BR\"},{\"@type\":\"Person\",\"@id\":\"https:\/\/www.pmpf.rs.gov.br\/secretaria-de-seguranca-publica\/#\/schema\/person\/30ee1d1bd74da1469b01fcf086e43351\",\"name\":\"andressazorzetto07\",\"image\":{\"@type\":\"ImageObject\",\"inLanguage\":\"pt-BR\",\"@id\":\"https:\/\/www.pmpf.rs.gov.br\/secretaria-de-seguranca-publica\/#\/schema\/person\/image\/\",\"url\":\"https:\/\/secure.gravatar.com\/avatar\/14c5458ed79dc81da99a13b9ff5f9f19?s=96&d=mm&r=g\",\"contentUrl\":\"https:\/\/secure.gravatar.com\/avatar\/14c5458ed79dc81da99a13b9ff5f9f19?s=96&d=mm&r=g\",\"caption\":\"andressazorzetto07\"},\"url\":\"https:\/\/www.pmpf.rs.gov.br\/secretaria-de-seguranca-publica\/author\/andressazorzetto07\/\"}]}<\/script>\n<!-- \/ Yoast SEO plugin. -->","yoast_head_json":{"title":"Prefeitura instala novas c\u00e2meras de videomonitoramento - Secretaria de Seguran\u00e7a P\u00fablica e Transporte","robots":{"index":"index","follow":"follow","max-snippet":"max-snippet:-1","max-image-preview":"max-image-preview:large","max-video-preview":"max-video-preview:-1"},"canonical":"https:\/\/www.pmpf.rs.gov.br\/secretaria-de-seguranca-publica\/2024\/06\/13\/prefeitura-instala-novas-cameras-de-videomonitoramento\/","og_locale":"pt_BR","og_type":"article","og_title":"Prefeitura instala novas c\u00e2meras de videomonitoramento - Secretaria de Seguran\u00e7a P\u00fablica e Transporte","og_description":"Munic\u00edpio chegar\u00e1 a mil equipamentos em opera\u00e7\u00e3o, no centro, nos bairros e no interior. Neste momento, a instala\u00e7\u00e3o \u00e9 feita no Parque Linear da Avenida Brasil","og_url":"https:\/\/www.pmpf.rs.gov.br\/secretaria-de-seguranca-publica\/2024\/06\/13\/prefeitura-instala-novas-cameras-de-videomonitoramento\/","og_site_name":"Secretaria de Seguran\u00e7a P\u00fablica e Transporte","article_published_time":"2024-06-13T11:35:44+00:00","article_modified_time":"2024-06-13T11:35:46+00:00","author":"andressazorzetto07","twitter_card":"summary_large_image","twitter_misc":{"Escrito por":"andressazorzetto07","Est. tempo de leitura":"3 minutos"},"schema":{"@context":"https:\/\/schema.org","@graph":[{"@type":"WebPage","@id":"https:\/\/www.pmpf.rs.gov.br\/secretaria-de-seguranca-publica\/2024\/06\/13\/prefeitura-instala-novas-cameras-de-videomonitoramento\/","url":"https:\/\/www.pmpf.rs.gov.br\/secretaria-de-seguranca-publica\/2024\/06\/13\/prefeitura-instala-novas-cameras-de-videomonitoramento\/","name":"Prefeitura instala novas c\u00e2meras de videomonitoramento - Secretaria de Seguran\u00e7a P\u00fablica e Transporte","isPartOf":{"@id":"https:\/\/www.pmpf.rs.gov.br\/secretaria-de-seguranca-publica\/#website"},"primaryImageOfPage":{"@id":"https:\/\/www.pmpf.rs.gov.br\/secretaria-de-seguranca-publica\/2024\/06\/13\/prefeitura-instala-novas-cameras-de-videomonitoramento\/#primaryimage"},"image":{"@id":"https:\/\/www.pmpf.rs.gov.br\/secretaria-de-seguranca-publica\/2024\/06\/13\/prefeitura-instala-novas-cameras-de-videomonitoramento\/#primaryimage"},"thumbnailUrl":"https:\/\/www.pmpf.rs.gov.br\/secretaria-de-seguranca-publica\/wp-content\/uploads\/sites\/54\/2024\/06\/JHP01223-scaled.jpg","datePublished":"2024-06-13T11:35:44+00:00","dateModified":"2024-06-13T11:35:46+00:00","author":{"@id":"https:\/\/www.pmpf.rs.gov.br\/secretaria-de-seguranca-publica\/#\/schema\/person\/30ee1d1bd74da1469b01fcf086e43351"},"breadcrumb":{"@id":"https:\/\/www.pmpf.rs.gov.br\/secretaria-de-seguranca-publica\/2024\/06\/13\/prefeitura-instala-novas-cameras-de-videomonitoramento\/#breadcrumb"},"inLanguage":"pt-BR","potentialAction":[{"@type":"ReadAction","target":["https:\/\/www.pmpf.rs.gov.br\/secretaria-de-seguranca-publica\/2024\/06\/13\/prefeitura-instala-novas-cameras-de-videomonitoramento\/"]}]},{"@type":"ImageObject","inLanguage":"pt-BR","@id":"https:\/\/www.pmpf.rs.gov.br\/secretaria-de-seguranca-publica\/2024\/06\/13\/prefeitura-instala-novas-cameras-de-videomonitoramento\/#primaryimage","url":"https:\/\/www.pmpf.rs.gov.br\/secretaria-de-seguranca-publica\/wp-content\/uploads\/sites\/54\/2024\/06\/JHP01223-scaled.jpg","contentUrl":"https:\/\/www.pmpf.rs.gov.br\/secretaria-de-seguranca-publica\/wp-content\/uploads\/sites\/54\/2024\/06\/JHP01223-scaled.jpg","width":2560,"height":1707},{"@type":"BreadcrumbList","@id":"https:\/\/www.pmpf.rs.gov.br\/secretaria-de-seguranca-publica\/2024\/06\/13\/prefeitura-instala-novas-cameras-de-videomonitoramento\/#breadcrumb","itemListElement":[{"@type":"ListItem","position":1,"name":"In\u00edcio","item":"https:\/\/www.pmpf.rs.gov.br\/secretaria-de-seguranca-publica\/"},{"@type":"ListItem","position":2,"name":"Prefeitura instala novas c\u00e2meras de videomonitoramento"}]},{"@type":"WebSite","@id":"https:\/\/www.pmpf.rs.gov.br\/secretaria-de-seguranca-publica\/#website","url":"https:\/\/www.pmpf.rs.gov.br\/secretaria-de-seguranca-publica\/","name":"Secretaria de Seguran\u00e7a P\u00fablica e Transporte","description":"S\u00f3 mais um site Prefeitura de Passo Fundo","potentialAction":[{"@type":"SearchAction","target":{"@type":"EntryPoint","urlTemplate":"https:\/\/www.pmpf.rs.gov.br\/secretaria-de-seguranca-publica\/?s={search_term_string}"},"query-input":{"@type":"PropertyValueSpecification","valueRequired":true,"valueName":"search_term_string"}}],"inLanguage":"pt-BR"},{"@type":"Person","@id":"https:\/\/www.pmpf.rs.gov.br\/secretaria-de-seguranca-publica\/#\/schema\/person\/30ee1d1bd74da1469b01fcf086e43351","name":"andressazorzetto07","image":{"@type":"ImageObject","inLanguage":"pt-BR","@id":"https:\/\/www.pmpf.rs.gov.br\/secretaria-de-seguranca-publica\/#\/schema\/person\/image\/","url":"https:\/\/secure.gravatar.com\/avatar\/14c5458ed79dc81da99a13b9ff5f9f19?s=96&d=mm&r=g","contentUrl":"https:\/\/secure.gravatar.com\/avatar\/14c5458ed79dc81da99a13b9ff5f9f19?s=96&d=mm&r=g","caption":"andressazorzetto07"},"url":"https:\/\/www.pmpf.rs.gov.br\/secretaria-de-seguranca-publica\/author\/andressazorzetto07\/"}]}},"_links":{"self":[{"href":"https:\/\/www.pmpf.rs.gov.br\/secretaria-de-seguranca-publica\/wp-json\/wp\/v2\/posts\/1094"}],"collection":[{"href":"https:\/\/www.pmpf.rs.gov.br\/secretaria-de-seguranca-publica\/wp-json\/wp\/v2\/posts"}],"about":[{"href":"https:\/\/www.pmpf.rs.gov.br\/secretaria-de-seguranca-publica\/wp-json\/wp\/v2\/types\/post"}],"author":[{"embeddable":true,"href":"https:\/\/www.pmpf.rs.gov.br\/secretaria-de-seguranca-publica\/wp-json\/wp\/v2\/users\/6"}],"replies":[{"embeddable":true,"href":"https:\/\/www.pmpf.rs.gov.br\/secretaria-de-seguranca-publica\/wp-json\/wp\/v2\/comments?post=1094"}],"version-history":[{"count":1,"href":"https:\/\/www.pmpf.rs.gov.br\/secretaria-de-seguranca-publica\/wp-json\/wp\/v2\/posts\/1094\/revisions"}],"predecessor-version":[{"id":1096,"href":"https:\/\/www.pmpf.rs.gov.br\/secretaria-de-seguranca-publica\/wp-json\/wp\/v2\/posts\/1094\/revisions\/1096"}],"wp:featuredmedia":[{"embeddable":true,"href":"https:\/\/www.pmpf.rs.gov.br\/secretaria-de-seguranca-publica\/wp-json\/wp\/v2\/media\/1095"}],"wp:attachment":[{"href":"https:\/\/www.pmpf.rs.gov.br\/secretaria-de-seguranca-publica\/wp-json\/wp\/v2\/media?parent=1094"}],"wp:term":[{"taxonomy":"category","embeddable":true,"href":"https:\/\/www.pmpf.rs.gov.br\/secretaria-de-seguranca-publica\/wp-json\/wp\/v2\/categories?post=1094"},{"taxonomy":"post_tag","embeddable":true,"href":"https:\/\/www.pmpf.rs.gov.br\/secretaria-de-seguranca-publica\/wp-json\/wp\/v2\/tags?post=1094"}],"curies":[{"name":"wp","href":"https:\/\/api.w.org\/{rel}","templated":true}]}}