{"id":1086,"date":"2024-04-09T16:02:31","date_gmt":"2024-04-09T19:02:31","guid":{"rendered":"https:\/\/www.pmpf.rs.gov.br\/secretaria-de-seguranca-publica\/?p=1086"},"modified":"2024-04-09T16:02:34","modified_gmt":"2024-04-09T19:02:34","slug":"passo-fundo-chegara-a-mil-cameras-de-videomonitoramento","status":"publish","type":"post","link":"https:\/\/www.pmpf.rs.gov.br\/secretaria-de-seguranca-publica\/2024\/04\/09\/passo-fundo-chegara-a-mil-cameras-de-videomonitoramento\/","title":{"rendered":"Passo Fundo chegar\u00e1 a mil c\u00e2meras de videomonitoramento"},"content":{"rendered":"\n<p><\/p>\n\n\n\n<p>Com uma nova aquisi\u00e7\u00e3o da Prefeitura, Passo Fundo chegar\u00e1 a mais de mil c\u00e2meras de videomonitoramento, que ampliam a seguran\u00e7a da comunidade e auxiliam os \u00f3rg\u00e3os de Seguran\u00e7a. Estes equipamentos j\u00e1 fazem parte da rotina de diversos pontos da cidade, nas escolas municipais, no centro e nos bairros, e tamb\u00e9m ser\u00e3o colocados nos distritos do interior e locais como o Parque Linear da Avenida Brasil, o Parque de Rodeios da Rosel\u00e2ndia e unidades de sa\u00fade.<\/p>\n\n\n\n<p>O an\u00fancio foi feito pelo prefeito Pedro Almeida nesta segunda-feira (9), no Centro de Opera\u00e7\u00f5es do Munic\u00edpio, que fica na Secretaria de Seguran\u00e7a. \u201cVamos chegar, at\u00e9 o fim do ano, a mil c\u00e2meras instaladas. \u00c9 um investimento em tecnologia para dar todo o suporte \u00e0s for\u00e7as policiais e trazer mais seguran\u00e7a \u00e0 popula\u00e7\u00e3o\u201d, destacou.<\/p>\n\n\n\n<p>Atualmente, Passo Fundo conta com dois sistemas de videomonitoramento: o do Munic\u00edpio, com 411 equipamentos instalados e que ter\u00e1 mais 371 nos pr\u00f3ximos meses; e o da Brigada Militar, que possui 201 c\u00e2meras e ter\u00e1 o acr\u00e9scimo de outras 73. Estes sistemas, al\u00e9m de inibirem a pr\u00e1tica de crimes, contribuem de forma significativa com o trabalho dos \u00f3rg\u00e3os de seguran\u00e7a ao espelharem, armazenarem e fornecerem imagens que podem ser utilizadas em investiga\u00e7\u00f5es.<\/p>\n\n\n\n<p>O secret\u00e1rio de Seguran\u00e7a P\u00fablica, Jo\u00e3o Darci Gon\u00e7alves, afirma que as novas c\u00e2meras come\u00e7ar\u00e3o a ser instaladas em maio, ap\u00f3s a implementa\u00e7\u00e3o das estruturas que receber\u00e3o os dispositivos, seguindo um cronograma de execu\u00e7\u00e3o do servi\u00e7o. \u201cOs pr\u00f3ximos 45 dias ser\u00e3o fundamentais para que se agreguem os novos equipamentos junto \u00e0s estruturas existentes\u201d, pontua.<\/p>\n\n\n\n<p>Gon\u00e7alves considera que o investimento agregar\u00e1 mais ferramentas tecnol\u00f3gicas em favor da estrutura da Seguran\u00e7a P\u00fablica. \u201cA vida do ser humano n\u00e3o tem pre\u00e7o. Manter os \u00edndices de crimes contra a vida \u00e9 fundamental. Os indicadores de seguran\u00e7a s\u00e3o analisados mensalmente, e est\u00e1 comprovado que o videomonitoramento \u00e9 muito importante para que os \u00f3rg\u00e3os de Seguran\u00e7a P\u00fablica mantenham estabilizados esses n\u00fameros e que busquem baix\u00e1-los, proporcionando mais seguran\u00e7a a todos\u201d, avalia.<\/p>\n\n\n\n<p><strong>Cercamento eletr\u00f4nico<br><\/strong>Al\u00e9m da instala\u00e7\u00e3o de novas c\u00e2meras na cidade e no interior, o Munic\u00edpio trabalha em outro projeto: o cercamento eletr\u00f4nico. O objetivo \u00e9 que sejam instaladas mais c\u00e2meras OCR, que permitem a identifica\u00e7\u00e3o das placas dos ve\u00edculos, ampliando a fiscaliza\u00e7\u00e3o no entorno da cidade.<\/p>\n\n\n\n<p>De acordo com Gon\u00e7alves, as imagens captadas por estes dispositivos tamb\u00e9m s\u00e3o acompanhadas pelas duas centrais de videomonitoramento. \u201cA Prefeitura tem 146 c\u00e2meras OCR, em 73 pontos. J\u00e1 a central da Brigada Militar, em que o Munic\u00edpio possui participa\u00e7\u00e3o direta, uma vez que tem aportado recursos para a aquisi\u00e7\u00e3o de equipamentos via conv\u00eanio com o Estado, conta com 06 pontos e 10 c\u00e2meras. Com esses equipamentos, \u00e9 poss\u00edvel efetuar acompanhamento de ve\u00edculos que est\u00e3o em ocorr\u00eancias de furtos e de roubos e, ainda efetuar relat\u00f3rios de ve\u00edculos envolvidos em crimes na cidade atrav\u00e9s das passagens desses ve\u00edculos nos locais onde possu\u00edmos os dispositivos\u201d, explica.<\/p>\n","protected":false},"excerpt":{"rendered":"<p>Equipamentos j\u00e1 est\u00e3o presentes em diversos pontos da cidade, como ruas, escolas e pr\u00e9dios p\u00fablicos e, com novo investimento da Prefeitura, ser\u00e3o instalados tamb\u00e9m no interior<\/p>\n","protected":false},"author":6,"featured_media":1087,"comment_status":"closed","ping_status":"closed","sticky":true,"template":"","format":"standard","meta":{"footnotes":""},"categories":[1],"tags":[],"class_list":["post-1086","post","type-post","status-publish","format-standard","has-post-thumbnail","hentry","category-sem-categoria"],"yoast_head":"<!-- This site is optimized with the Yoast SEO plugin v23.8 - https:\/\/yoast.com\/wordpress\/plugins\/seo\/ -->\n<title>Passo Fundo chegar\u00e1 a mil c\u00e2meras de videomonitoramento - Secretaria de Seguran\u00e7a P\u00fablica e Transporte<\/title>\n<meta name=\"robots\" content=\"index, follow, max-snippet:-1, max-image-preview:large, max-video-preview:-1\" \/>\n<link rel=\"canonical\" href=\"https:\/\/www.pmpf.rs.gov.br\/secretaria-de-seguranca-publica\/2024\/04\/09\/passo-fundo-chegara-a-mil-cameras-de-videomonitoramento\/\" \/>\n<meta property=\"og:locale\" content=\"pt_BR\" \/>\n<meta property=\"og:type\" content=\"article\" \/>\n<meta property=\"og:title\" content=\"Passo Fundo chegar\u00e1 a mil c\u00e2meras de videomonitoramento - Secretaria de Seguran\u00e7a P\u00fablica e Transporte\" \/>\n<meta property=\"og:description\" content=\"Equipamentos j\u00e1 est\u00e3o presentes em diversos pontos da cidade, como ruas, escolas e pr\u00e9dios p\u00fablicos e, com novo investimento da Prefeitura, ser\u00e3o instalados tamb\u00e9m no interior\" \/>\n<meta property=\"og:url\" content=\"https:\/\/www.pmpf.rs.gov.br\/secretaria-de-seguranca-publica\/2024\/04\/09\/passo-fundo-chegara-a-mil-cameras-de-videomonitoramento\/\" \/>\n<meta property=\"og:site_name\" content=\"Secretaria de Seguran\u00e7a P\u00fablica e Transporte\" \/>\n<meta property=\"article:published_time\" content=\"2024-04-09T19:02:31+00:00\" \/>\n<meta property=\"article:modified_time\" content=\"2024-04-09T19:02:34+00:00\" \/>\n<meta name=\"author\" content=\"andressazorzetto07\" \/>\n<meta name=\"twitter:card\" content=\"summary_large_image\" \/>\n<meta name=\"twitter:label1\" content=\"Escrito por\" \/>\n\t<meta name=\"twitter:data1\" content=\"andressazorzetto07\" \/>\n\t<meta name=\"twitter:label2\" content=\"Est. tempo de leitura\" \/>\n\t<meta name=\"twitter:data2\" content=\"3 minutos\" \/>\n<script type=\"application\/ld+json\" class=\"yoast-schema-graph\">{\"@context\":\"https:\/\/schema.org\",\"@graph\":[{\"@type\":\"WebPage\",\"@id\":\"https:\/\/www.pmpf.rs.gov.br\/secretaria-de-seguranca-publica\/2024\/04\/09\/passo-fundo-chegara-a-mil-cameras-de-videomonitoramento\/\",\"url\":\"https:\/\/www.pmpf.rs.gov.br\/secretaria-de-seguranca-publica\/2024\/04\/09\/passo-fundo-chegara-a-mil-cameras-de-videomonitoramento\/\",\"name\":\"Passo Fundo chegar\u00e1 a mil c\u00e2meras de videomonitoramento - Secretaria de Seguran\u00e7a P\u00fablica e Transporte\",\"isPartOf\":{\"@id\":\"https:\/\/www.pmpf.rs.gov.br\/secretaria-de-seguranca-publica\/#website\"},\"primaryImageOfPage\":{\"@id\":\"https:\/\/www.pmpf.rs.gov.br\/secretaria-de-seguranca-publica\/2024\/04\/09\/passo-fundo-chegara-a-mil-cameras-de-videomonitoramento\/#primaryimage\"},\"image\":{\"@id\":\"https:\/\/www.pmpf.rs.gov.br\/secretaria-de-seguranca-publica\/2024\/04\/09\/passo-fundo-chegara-a-mil-cameras-de-videomonitoramento\/#primaryimage\"},\"thumbnailUrl\":\"https:\/\/www.pmpf.rs.gov.br\/secretaria-de-seguranca-publica\/wp-content\/uploads\/sites\/54\/2024\/04\/cameras.jpg\",\"datePublished\":\"2024-04-09T19:02:31+00:00\",\"dateModified\":\"2024-04-09T19:02:34+00:00\",\"author\":{\"@id\":\"https:\/\/www.pmpf.rs.gov.br\/secretaria-de-seguranca-publica\/#\/schema\/person\/30ee1d1bd74da1469b01fcf086e43351\"},\"breadcrumb\":{\"@id\":\"https:\/\/www.pmpf.rs.gov.br\/secretaria-de-seguranca-publica\/2024\/04\/09\/passo-fundo-chegara-a-mil-cameras-de-videomonitoramento\/#breadcrumb\"},\"inLanguage\":\"pt-BR\",\"potentialAction\":[{\"@type\":\"ReadAction\",\"target\":[\"https:\/\/www.pmpf.rs.gov.br\/secretaria-de-seguranca-publica\/2024\/04\/09\/passo-fundo-chegara-a-mil-cameras-de-videomonitoramento\/\"]}]},{\"@type\":\"ImageObject\",\"inLanguage\":\"pt-BR\",\"@id\":\"https:\/\/www.pmpf.rs.gov.br\/secretaria-de-seguranca-publica\/2024\/04\/09\/passo-fundo-chegara-a-mil-cameras-de-videomonitoramento\/#primaryimage\",\"url\":\"https:\/\/www.pmpf.rs.gov.br\/secretaria-de-seguranca-publica\/wp-content\/uploads\/sites\/54\/2024\/04\/cameras.jpg\",\"contentUrl\":\"https:\/\/www.pmpf.rs.gov.br\/secretaria-de-seguranca-publica\/wp-content\/uploads\/sites\/54\/2024\/04\/cameras.jpg\",\"width\":1600,\"height\":1066},{\"@type\":\"BreadcrumbList\",\"@id\":\"https:\/\/www.pmpf.rs.gov.br\/secretaria-de-seguranca-publica\/2024\/04\/09\/passo-fundo-chegara-a-mil-cameras-de-videomonitoramento\/#breadcrumb\",\"itemListElement\":[{\"@type\":\"ListItem\",\"position\":1,\"name\":\"In\u00edcio\",\"item\":\"https:\/\/www.pmpf.rs.gov.br\/secretaria-de-seguranca-publica\/\"},{\"@type\":\"ListItem\",\"position\":2,\"name\":\"Passo Fundo chegar\u00e1 a mil c\u00e2meras de videomonitoramento\"}]},{\"@type\":\"WebSite\",\"@id\":\"https:\/\/www.pmpf.rs.gov.br\/secretaria-de-seguranca-publica\/#website\",\"url\":\"https:\/\/www.pmpf.rs.gov.br\/secretaria-de-seguranca-publica\/\",\"name\":\"Secretaria de Seguran\u00e7a P\u00fablica e Transporte\",\"description\":\"S\u00f3 mais um site Prefeitura de Passo Fundo\",\"potentialAction\":[{\"@type\":\"SearchAction\",\"target\":{\"@type\":\"EntryPoint\",\"urlTemplate\":\"https:\/\/www.pmpf.rs.gov.br\/secretaria-de-seguranca-publica\/?s={search_term_string}\"},\"query-input\":{\"@type\":\"PropertyValueSpecification\",\"valueRequired\":true,\"valueName\":\"search_term_string\"}}],\"inLanguage\":\"pt-BR\"},{\"@type\":\"Person\",\"@id\":\"https:\/\/www.pmpf.rs.gov.br\/secretaria-de-seguranca-publica\/#\/schema\/person\/30ee1d1bd74da1469b01fcf086e43351\",\"name\":\"andressazorzetto07\",\"image\":{\"@type\":\"ImageObject\",\"inLanguage\":\"pt-BR\",\"@id\":\"https:\/\/www.pmpf.rs.gov.br\/secretaria-de-seguranca-publica\/#\/schema\/person\/image\/\",\"url\":\"https:\/\/secure.gravatar.com\/avatar\/14c5458ed79dc81da99a13b9ff5f9f19?s=96&d=mm&r=g\",\"contentUrl\":\"https:\/\/secure.gravatar.com\/avatar\/14c5458ed79dc81da99a13b9ff5f9f19?s=96&d=mm&r=g\",\"caption\":\"andressazorzetto07\"},\"url\":\"https:\/\/www.pmpf.rs.gov.br\/secretaria-de-seguranca-publica\/author\/andressazorzetto07\/\"}]}<\/script>\n<!-- \/ Yoast SEO plugin. -->","yoast_head_json":{"title":"Passo Fundo chegar\u00e1 a mil c\u00e2meras de videomonitoramento - Secretaria de Seguran\u00e7a P\u00fablica e Transporte","robots":{"index":"index","follow":"follow","max-snippet":"max-snippet:-1","max-image-preview":"max-image-preview:large","max-video-preview":"max-video-preview:-1"},"canonical":"https:\/\/www.pmpf.rs.gov.br\/secretaria-de-seguranca-publica\/2024\/04\/09\/passo-fundo-chegara-a-mil-cameras-de-videomonitoramento\/","og_locale":"pt_BR","og_type":"article","og_title":"Passo Fundo chegar\u00e1 a mil c\u00e2meras de videomonitoramento - Secretaria de Seguran\u00e7a P\u00fablica e Transporte","og_description":"Equipamentos j\u00e1 est\u00e3o presentes em diversos pontos da cidade, como ruas, escolas e pr\u00e9dios p\u00fablicos e, com novo investimento da Prefeitura, ser\u00e3o instalados tamb\u00e9m no interior","og_url":"https:\/\/www.pmpf.rs.gov.br\/secretaria-de-seguranca-publica\/2024\/04\/09\/passo-fundo-chegara-a-mil-cameras-de-videomonitoramento\/","og_site_name":"Secretaria de Seguran\u00e7a P\u00fablica e Transporte","article_published_time":"2024-04-09T19:02:31+00:00","article_modified_time":"2024-04-09T19:02:34+00:00","author":"andressazorzetto07","twitter_card":"summary_large_image","twitter_misc":{"Escrito por":"andressazorzetto07","Est. tempo de leitura":"3 minutos"},"schema":{"@context":"https:\/\/schema.org","@graph":[{"@type":"WebPage","@id":"https:\/\/www.pmpf.rs.gov.br\/secretaria-de-seguranca-publica\/2024\/04\/09\/passo-fundo-chegara-a-mil-cameras-de-videomonitoramento\/","url":"https:\/\/www.pmpf.rs.gov.br\/secretaria-de-seguranca-publica\/2024\/04\/09\/passo-fundo-chegara-a-mil-cameras-de-videomonitoramento\/","name":"Passo Fundo chegar\u00e1 a mil c\u00e2meras de videomonitoramento - Secretaria de Seguran\u00e7a P\u00fablica e Transporte","isPartOf":{"@id":"https:\/\/www.pmpf.rs.gov.br\/secretaria-de-seguranca-publica\/#website"},"primaryImageOfPage":{"@id":"https:\/\/www.pmpf.rs.gov.br\/secretaria-de-seguranca-publica\/2024\/04\/09\/passo-fundo-chegara-a-mil-cameras-de-videomonitoramento\/#primaryimage"},"image":{"@id":"https:\/\/www.pmpf.rs.gov.br\/secretaria-de-seguranca-publica\/2024\/04\/09\/passo-fundo-chegara-a-mil-cameras-de-videomonitoramento\/#primaryimage"},"thumbnailUrl":"https:\/\/www.pmpf.rs.gov.br\/secretaria-de-seguranca-publica\/wp-content\/uploads\/sites\/54\/2024\/04\/cameras.jpg","datePublished":"2024-04-09T19:02:31+00:00","dateModified":"2024-04-09T19:02:34+00:00","author":{"@id":"https:\/\/www.pmpf.rs.gov.br\/secretaria-de-seguranca-publica\/#\/schema\/person\/30ee1d1bd74da1469b01fcf086e43351"},"breadcrumb":{"@id":"https:\/\/www.pmpf.rs.gov.br\/secretaria-de-seguranca-publica\/2024\/04\/09\/passo-fundo-chegara-a-mil-cameras-de-videomonitoramento\/#breadcrumb"},"inLanguage":"pt-BR","potentialAction":[{"@type":"ReadAction","target":["https:\/\/www.pmpf.rs.gov.br\/secretaria-de-seguranca-publica\/2024\/04\/09\/passo-fundo-chegara-a-mil-cameras-de-videomonitoramento\/"]}]},{"@type":"ImageObject","inLanguage":"pt-BR","@id":"https:\/\/www.pmpf.rs.gov.br\/secretaria-de-seguranca-publica\/2024\/04\/09\/passo-fundo-chegara-a-mil-cameras-de-videomonitoramento\/#primaryimage","url":"https:\/\/www.pmpf.rs.gov.br\/secretaria-de-seguranca-publica\/wp-content\/uploads\/sites\/54\/2024\/04\/cameras.jpg","contentUrl":"https:\/\/www.pmpf.rs.gov.br\/secretaria-de-seguranca-publica\/wp-content\/uploads\/sites\/54\/2024\/04\/cameras.jpg","width":1600,"height":1066},{"@type":"BreadcrumbList","@id":"https:\/\/www.pmpf.rs.gov.br\/secretaria-de-seguranca-publica\/2024\/04\/09\/passo-fundo-chegara-a-mil-cameras-de-videomonitoramento\/#breadcrumb","itemListElement":[{"@type":"ListItem","position":1,"name":"In\u00edcio","item":"https:\/\/www.pmpf.rs.gov.br\/secretaria-de-seguranca-publica\/"},{"@type":"ListItem","position":2,"name":"Passo Fundo chegar\u00e1 a mil c\u00e2meras de videomonitoramento"}]},{"@type":"WebSite","@id":"https:\/\/www.pmpf.rs.gov.br\/secretaria-de-seguranca-publica\/#website","url":"https:\/\/www.pmpf.rs.gov.br\/secretaria-de-seguranca-publica\/","name":"Secretaria de Seguran\u00e7a P\u00fablica e Transporte","description":"S\u00f3 mais um site Prefeitura de Passo Fundo","potentialAction":[{"@type":"SearchAction","target":{"@type":"EntryPoint","urlTemplate":"https:\/\/www.pmpf.rs.gov.br\/secretaria-de-seguranca-publica\/?s={search_term_string}"},"query-input":{"@type":"PropertyValueSpecification","valueRequired":true,"valueName":"search_term_string"}}],"inLanguage":"pt-BR"},{"@type":"Person","@id":"https:\/\/www.pmpf.rs.gov.br\/secretaria-de-seguranca-publica\/#\/schema\/person\/30ee1d1bd74da1469b01fcf086e43351","name":"andressazorzetto07","image":{"@type":"ImageObject","inLanguage":"pt-BR","@id":"https:\/\/www.pmpf.rs.gov.br\/secretaria-de-seguranca-publica\/#\/schema\/person\/image\/","url":"https:\/\/secure.gravatar.com\/avatar\/14c5458ed79dc81da99a13b9ff5f9f19?s=96&d=mm&r=g","contentUrl":"https:\/\/secure.gravatar.com\/avatar\/14c5458ed79dc81da99a13b9ff5f9f19?s=96&d=mm&r=g","caption":"andressazorzetto07"},"url":"https:\/\/www.pmpf.rs.gov.br\/secretaria-de-seguranca-publica\/author\/andressazorzetto07\/"}]}},"_links":{"self":[{"href":"https:\/\/www.pmpf.rs.gov.br\/secretaria-de-seguranca-publica\/wp-json\/wp\/v2\/posts\/1086"}],"collection":[{"href":"https:\/\/www.pmpf.rs.gov.br\/secretaria-de-seguranca-publica\/wp-json\/wp\/v2\/posts"}],"about":[{"href":"https:\/\/www.pmpf.rs.gov.br\/secretaria-de-seguranca-publica\/wp-json\/wp\/v2\/types\/post"}],"author":[{"embeddable":true,"href":"https:\/\/www.pmpf.rs.gov.br\/secretaria-de-seguranca-publica\/wp-json\/wp\/v2\/users\/6"}],"replies":[{"embeddable":true,"href":"https:\/\/www.pmpf.rs.gov.br\/secretaria-de-seguranca-publica\/wp-json\/wp\/v2\/comments?post=1086"}],"version-history":[{"count":1,"href":"https:\/\/www.pmpf.rs.gov.br\/secretaria-de-seguranca-publica\/wp-json\/wp\/v2\/posts\/1086\/revisions"}],"predecessor-version":[{"id":1088,"href":"https:\/\/www.pmpf.rs.gov.br\/secretaria-de-seguranca-publica\/wp-json\/wp\/v2\/posts\/1086\/revisions\/1088"}],"wp:featuredmedia":[{"embeddable":true,"href":"https:\/\/www.pmpf.rs.gov.br\/secretaria-de-seguranca-publica\/wp-json\/wp\/v2\/media\/1087"}],"wp:attachment":[{"href":"https:\/\/www.pmpf.rs.gov.br\/secretaria-de-seguranca-publica\/wp-json\/wp\/v2\/media?parent=1086"}],"wp:term":[{"taxonomy":"category","embeddable":true,"href":"https:\/\/www.pmpf.rs.gov.br\/secretaria-de-seguranca-publica\/wp-json\/wp\/v2\/categories?post=1086"},{"taxonomy":"post_tag","embeddable":true,"href":"https:\/\/www.pmpf.rs.gov.br\/secretaria-de-seguranca-publica\/wp-json\/wp\/v2\/tags?post=1086"}],"curies":[{"name":"wp","href":"https:\/\/api.w.org\/{rel}","templated":true}]}}