{"id":717,"date":"2005-02-22T03:00:00","date_gmt":"2005-02-22T06:00:00","guid":{"rendered":"https:\/\/www.pmpf.rs.gov.br\/secretaria-de-saude\/2005\/02\/22\/selecao-para-agentes-de-saude-3673\/"},"modified":"2005-02-22T03:00:00","modified_gmt":"2005-02-22T06:00:00","slug":"selecao-para-agentes-de-saude-3673","status":"publish","type":"post","link":"https:\/\/www.pmpf.rs.gov.br\/secretaria-de-saude\/2005\/02\/22\/selecao-para-agentes-de-saude-3673\/","title":{"rendered":"Sele\u00e7\u00e3o para Agentes de Sa\u00fade"},"content":{"rendered":"<p style=\"text-align: justify;\"><b style=\"\"><\/b><span style=\"\">A Secretaria Municipal de Sa\u00fade (SMS), estar\u00e1 selecionando onze agentes de sa\u00fade para atua\u00e7\u00e3o no Programa Sa\u00fade da Fam\u00edlia (PSF), em Passo Fundo.<\/span><\/p>\n<p style=\"text-align: justify;\"><span style=\"\"> Os interessados podem se inscrever, a partir do dia 09 at\u00e9 o dia 18 de mar\u00e7o, na Secretaria de Sa\u00fade (sala 16), das 8 \u00e0s 11 horas, no per\u00edodo da manh\u00e3, e das 13 h e 30 min \u00e0s 16 h e 30 min no per\u00edodo da tarde. <\/span><\/p>\n<p style=\"text-align: justify;\"><span style=\"\"> Para que a inscri\u00e7\u00e3o seja aceita \u00e9 preciso ser maior de 18 anos; ter conclu\u00eddo o ensino fundamental; residir na \u00e1rea da comunidade onde existem as vagas; ter bom v\u00ednculo com a comunidade e disponibilidade de 8 horas di\u00e1rias de trabalho. \u00c9 imprescind\u00edvel a apresenta\u00e7\u00e3o do xerox do Certificado ou Atestado de Conclus\u00e3o de 1\u00ba Grau, al\u00e9m de comprovante de resid\u00eancia.<\/span><\/p>\n<p style=\"text-align: justify;\"><span style=\"\"> A sele\u00e7\u00e3o se dar\u00e1 atrav\u00e9s de prova, a ser aplicada nos dias 18 e 19 de abril deste ano, no CTG Os\u00f3rio Porto, a partir das 8 h e 30 min. Mais informa\u00e7\u00f5es podem ser obtidas pelo telefone (54) 316-1000 \u2013 Secretaria Municipal de Sa\u00fade.<\/span><\/p>\n<p style=\"text-align: justify;\"><b style=\"\">Micro \u00e1reas mapeadas para a sele\u00e7\u00e3o<\/b><\/p>\n<p style=\"text-align: justify;\"><span style=\"\">  PSF \u2013 09 vagas<\/span><\/p>\n<p style=\"text-align: justify;\"><span style=\"\"> &#8211; Bairro Ipiranga<\/span><\/p>\n<p style=\"text-align: justify;\"><span style=\"\"> &#8211; Loteamento Maggi de C\u00e9saro<\/span><\/p>\n<p style=\"text-align: justify;\"><span style=\"\"> &#8211; Bairro Ricci<\/span><\/p>\n<p style=\"text-align: justify;\"><span style=\"\"> &#8211; Bairro 1\u00ba Centen\u00e1rio<\/span><\/p>\n<p style=\"text-align: justify;\"><span style=\"\"> &#8211; Bairro 1\u00ba Centen\u00e1rio<\/span><\/p>\n<p style=\"text-align: justify;\"><span style=\"\"> &#8211; Bairro Industrial<\/span><\/p>\n<p style=\"text-align: justify;\"><span style=\"\"> &#8211; Bairro Industrial<\/span><\/p>\n<p style=\"text-align: justify;\"><span style=\"\"> &#8211; Bairro Industrial<\/span><\/p>\n<p style=\"text-align: justify;\"><span style=\"\"> &#8211; Bairro Jos\u00e9 Alexandre Z\u00e1chia<\/span><\/p>\n<p style=\"text-align: justify;\"><span style=\"\">  PACS \u2013 02 vagas<\/span><\/p>\n<p style=\"text-align: justify;\"><span style=\"\"> &#8211; Jos\u00e9 Alexandre Z\u00e1chia<\/span><\/p>\n<p style=\"text-align: justify;\"><span style=\"\"> &#8211; Jos\u00e9 Alexandre Z\u00e1chia<\/span><\/p>\n","protected":false},"excerpt":{"rendered":"<p>Sele\u00e7\u00e3o para Agentes de Sa\u00fade<\/p>\n","protected":false},"author":1,"featured_media":0,"comment_status":"open","ping_status":"open","sticky":false,"template":"","format":"standard","meta":{"footnotes":""},"categories":[],"tags":[],"class_list":["post-717","post","type-post","status-publish","format-standard","hentry"],"yoast_head":"<!-- This site is optimized with the Yoast SEO plugin v23.8 - https:\/\/yoast.com\/wordpress\/plugins\/seo\/ -->\n<title>Sele\u00e7\u00e3o para Agentes de Sa\u00fade - Secretaria de Sa\u00fade<\/title>\n<meta name=\"robots\" content=\"index, follow, max-snippet:-1, max-image-preview:large, max-video-preview:-1\" \/>\n<link rel=\"canonical\" href=\"https:\/\/www.pmpf.rs.gov.br\/secretaria-de-saude\/2005\/02\/22\/selecao-para-agentes-de-saude-3673\/\" \/>\n<meta property=\"og:locale\" content=\"pt_BR\" \/>\n<meta property=\"og:type\" content=\"article\" \/>\n<meta property=\"og:title\" content=\"Sele\u00e7\u00e3o para Agentes de Sa\u00fade - Secretaria de Sa\u00fade\" \/>\n<meta property=\"og:description\" content=\"Sele\u00e7\u00e3o para Agentes de Sa\u00fade\" \/>\n<meta property=\"og:url\" content=\"https:\/\/www.pmpf.rs.gov.br\/secretaria-de-saude\/2005\/02\/22\/selecao-para-agentes-de-saude-3673\/\" \/>\n<meta property=\"og:site_name\" content=\"Secretaria de Sa\u00fade\" \/>\n<meta property=\"article:published_time\" content=\"2005-02-22T06:00:00+00:00\" \/>\n<meta name=\"author\" content=\"mosite\" \/>\n<meta name=\"twitter:card\" content=\"summary_large_image\" \/>\n<meta name=\"twitter:label1\" content=\"Escrito por\" \/>\n\t<meta name=\"twitter:data1\" content=\"mosite\" \/>\n\t<meta name=\"twitter:label2\" content=\"Est. tempo de leitura\" \/>\n\t<meta name=\"twitter:data2\" content=\"1 minuto\" \/>\n<script type=\"application\/ld+json\" class=\"yoast-schema-graph\">{\"@context\":\"https:\/\/schema.org\",\"@graph\":[{\"@type\":\"WebPage\",\"@id\":\"https:\/\/www.pmpf.rs.gov.br\/secretaria-de-saude\/2005\/02\/22\/selecao-para-agentes-de-saude-3673\/\",\"url\":\"https:\/\/www.pmpf.rs.gov.br\/secretaria-de-saude\/2005\/02\/22\/selecao-para-agentes-de-saude-3673\/\",\"name\":\"Sele\u00e7\u00e3o para Agentes de Sa\u00fade - Secretaria de Sa\u00fade\",\"isPartOf\":{\"@id\":\"https:\/\/www.pmpf.rs.gov.br\/secretaria-de-saude\/#website\"},\"datePublished\":\"2005-02-22T06:00:00+00:00\",\"dateModified\":\"2005-02-22T06:00:00+00:00\",\"author\":{\"@id\":\"https:\/\/www.pmpf.rs.gov.br\/secretaria-de-saude\/#\/schema\/person\/0c355b0fa68a7aa986c8594f7a60a2d7\"},\"breadcrumb\":{\"@id\":\"https:\/\/www.pmpf.rs.gov.br\/secretaria-de-saude\/2005\/02\/22\/selecao-para-agentes-de-saude-3673\/#breadcrumb\"},\"inLanguage\":\"pt-BR\",\"potentialAction\":[{\"@type\":\"ReadAction\",\"target\":[\"https:\/\/www.pmpf.rs.gov.br\/secretaria-de-saude\/2005\/02\/22\/selecao-para-agentes-de-saude-3673\/\"]}]},{\"@type\":\"BreadcrumbList\",\"@id\":\"https:\/\/www.pmpf.rs.gov.br\/secretaria-de-saude\/2005\/02\/22\/selecao-para-agentes-de-saude-3673\/#breadcrumb\",\"itemListElement\":[{\"@type\":\"ListItem\",\"position\":1,\"name\":\"In\u00edcio\",\"item\":\"https:\/\/www.pmpf.rs.gov.br\/secretaria-de-saude\/\"},{\"@type\":\"ListItem\",\"position\":2,\"name\":\"Sele\u00e7\u00e3o para Agentes de Sa\u00fade\"}]},{\"@type\":\"WebSite\",\"@id\":\"https:\/\/www.pmpf.rs.gov.br\/secretaria-de-saude\/#website\",\"url\":\"https:\/\/www.pmpf.rs.gov.br\/secretaria-de-saude\/\",\"name\":\"Secretaria de Sa\u00fade\",\"description\":\"S\u00f3 mais um site Prefeitura de Passo Fundo\",\"potentialAction\":[{\"@type\":\"SearchAction\",\"target\":{\"@type\":\"EntryPoint\",\"urlTemplate\":\"https:\/\/www.pmpf.rs.gov.br\/secretaria-de-saude\/?s={search_term_string}\"},\"query-input\":{\"@type\":\"PropertyValueSpecification\",\"valueRequired\":true,\"valueName\":\"search_term_string\"}}],\"inLanguage\":\"pt-BR\"},{\"@type\":\"Person\",\"@id\":\"https:\/\/www.pmpf.rs.gov.br\/secretaria-de-saude\/#\/schema\/person\/0c355b0fa68a7aa986c8594f7a60a2d7\",\"name\":\"mosite\",\"image\":{\"@type\":\"ImageObject\",\"inLanguage\":\"pt-BR\",\"@id\":\"https:\/\/www.pmpf.rs.gov.br\/secretaria-de-saude\/#\/schema\/person\/image\/\",\"url\":\"https:\/\/secure.gravatar.com\/avatar\/63d72595d6cecfe12bd8a94829d5a26c?s=96&d=mm&r=g\",\"contentUrl\":\"https:\/\/secure.gravatar.com\/avatar\/63d72595d6cecfe12bd8a94829d5a26c?s=96&d=mm&r=g\",\"caption\":\"mosite\"},\"sameAs\":[\"http:\/\/example.com\"],\"url\":\"https:\/\/www.pmpf.rs.gov.br\/secretaria-de-saude\/author\/mosite\/\"}]}<\/script>\n<!-- \/ Yoast SEO plugin. -->","yoast_head_json":{"title":"Sele\u00e7\u00e3o para Agentes de Sa\u00fade - Secretaria de Sa\u00fade","robots":{"index":"index","follow":"follow","max-snippet":"max-snippet:-1","max-image-preview":"max-image-preview:large","max-video-preview":"max-video-preview:-1"},"canonical":"https:\/\/www.pmpf.rs.gov.br\/secretaria-de-saude\/2005\/02\/22\/selecao-para-agentes-de-saude-3673\/","og_locale":"pt_BR","og_type":"article","og_title":"Sele\u00e7\u00e3o para Agentes de Sa\u00fade - Secretaria de Sa\u00fade","og_description":"Sele\u00e7\u00e3o para Agentes de Sa\u00fade","og_url":"https:\/\/www.pmpf.rs.gov.br\/secretaria-de-saude\/2005\/02\/22\/selecao-para-agentes-de-saude-3673\/","og_site_name":"Secretaria de Sa\u00fade","article_published_time":"2005-02-22T06:00:00+00:00","author":"mosite","twitter_card":"summary_large_image","twitter_misc":{"Escrito por":"mosite","Est. tempo de leitura":"1 minuto"},"schema":{"@context":"https:\/\/schema.org","@graph":[{"@type":"WebPage","@id":"https:\/\/www.pmpf.rs.gov.br\/secretaria-de-saude\/2005\/02\/22\/selecao-para-agentes-de-saude-3673\/","url":"https:\/\/www.pmpf.rs.gov.br\/secretaria-de-saude\/2005\/02\/22\/selecao-para-agentes-de-saude-3673\/","name":"Sele\u00e7\u00e3o para Agentes de Sa\u00fade - Secretaria de Sa\u00fade","isPartOf":{"@id":"https:\/\/www.pmpf.rs.gov.br\/secretaria-de-saude\/#website"},"datePublished":"2005-02-22T06:00:00+00:00","dateModified":"2005-02-22T06:00:00+00:00","author":{"@id":"https:\/\/www.pmpf.rs.gov.br\/secretaria-de-saude\/#\/schema\/person\/0c355b0fa68a7aa986c8594f7a60a2d7"},"breadcrumb":{"@id":"https:\/\/www.pmpf.rs.gov.br\/secretaria-de-saude\/2005\/02\/22\/selecao-para-agentes-de-saude-3673\/#breadcrumb"},"inLanguage":"pt-BR","potentialAction":[{"@type":"ReadAction","target":["https:\/\/www.pmpf.rs.gov.br\/secretaria-de-saude\/2005\/02\/22\/selecao-para-agentes-de-saude-3673\/"]}]},{"@type":"BreadcrumbList","@id":"https:\/\/www.pmpf.rs.gov.br\/secretaria-de-saude\/2005\/02\/22\/selecao-para-agentes-de-saude-3673\/#breadcrumb","itemListElement":[{"@type":"ListItem","position":1,"name":"In\u00edcio","item":"https:\/\/www.pmpf.rs.gov.br\/secretaria-de-saude\/"},{"@type":"ListItem","position":2,"name":"Sele\u00e7\u00e3o para Agentes de Sa\u00fade"}]},{"@type":"WebSite","@id":"https:\/\/www.pmpf.rs.gov.br\/secretaria-de-saude\/#website","url":"https:\/\/www.pmpf.rs.gov.br\/secretaria-de-saude\/","name":"Secretaria de Sa\u00fade","description":"S\u00f3 mais um site Prefeitura de Passo Fundo","potentialAction":[{"@type":"SearchAction","target":{"@type":"EntryPoint","urlTemplate":"https:\/\/www.pmpf.rs.gov.br\/secretaria-de-saude\/?s={search_term_string}"},"query-input":{"@type":"PropertyValueSpecification","valueRequired":true,"valueName":"search_term_string"}}],"inLanguage":"pt-BR"},{"@type":"Person","@id":"https:\/\/www.pmpf.rs.gov.br\/secretaria-de-saude\/#\/schema\/person\/0c355b0fa68a7aa986c8594f7a60a2d7","name":"mosite","image":{"@type":"ImageObject","inLanguage":"pt-BR","@id":"https:\/\/www.pmpf.rs.gov.br\/secretaria-de-saude\/#\/schema\/person\/image\/","url":"https:\/\/secure.gravatar.com\/avatar\/63d72595d6cecfe12bd8a94829d5a26c?s=96&d=mm&r=g","contentUrl":"https:\/\/secure.gravatar.com\/avatar\/63d72595d6cecfe12bd8a94829d5a26c?s=96&d=mm&r=g","caption":"mosite"},"sameAs":["http:\/\/example.com"],"url":"https:\/\/www.pmpf.rs.gov.br\/secretaria-de-saude\/author\/mosite\/"}]}},"_links":{"self":[{"href":"https:\/\/www.pmpf.rs.gov.br\/secretaria-de-saude\/wp-json\/wp\/v2\/posts\/717"}],"collection":[{"href":"https:\/\/www.pmpf.rs.gov.br\/secretaria-de-saude\/wp-json\/wp\/v2\/posts"}],"about":[{"href":"https:\/\/www.pmpf.rs.gov.br\/secretaria-de-saude\/wp-json\/wp\/v2\/types\/post"}],"author":[{"embeddable":true,"href":"https:\/\/www.pmpf.rs.gov.br\/secretaria-de-saude\/wp-json\/wp\/v2\/users\/1"}],"replies":[{"embeddable":true,"href":"https:\/\/www.pmpf.rs.gov.br\/secretaria-de-saude\/wp-json\/wp\/v2\/comments?post=717"}],"version-history":[{"count":0,"href":"https:\/\/www.pmpf.rs.gov.br\/secretaria-de-saude\/wp-json\/wp\/v2\/posts\/717\/revisions"}],"wp:attachment":[{"href":"https:\/\/www.pmpf.rs.gov.br\/secretaria-de-saude\/wp-json\/wp\/v2\/media?parent=717"}],"wp:term":[{"taxonomy":"category","embeddable":true,"href":"https:\/\/www.pmpf.rs.gov.br\/secretaria-de-saude\/wp-json\/wp\/v2\/categories?post=717"},{"taxonomy":"post_tag","embeddable":true,"href":"https:\/\/www.pmpf.rs.gov.br\/secretaria-de-saude\/wp-json\/wp\/v2\/tags?post=717"}],"curies":[{"name":"wp","href":"https:\/\/api.w.org\/{rel}","templated":true}]}}