{"id":713,"date":"2005-01-04T02:00:00","date_gmt":"2005-01-04T04:00:00","guid":{"rendered":"https:\/\/www.pmpf.rs.gov.br\/secretaria-de-saude\/2005\/01\/04\/administracao-municipal-instala-o-fundo-de-saude-3672\/"},"modified":"2005-01-04T02:00:00","modified_gmt":"2005-01-04T04:00:00","slug":"administracao-municipal-instala-o-fundo-de-saude-3672","status":"publish","type":"post","link":"https:\/\/www.pmpf.rs.gov.br\/secretaria-de-saude\/2005\/01\/04\/administracao-municipal-instala-o-fundo-de-saude-3672\/","title":{"rendered":"Administra\u00e7\u00e3o Municipal instala o Fundo de Sa\u00fade"},"content":{"rendered":"<p style=\"text-align: justify;\"><b style=\"\"><\/b><span style=\"\">Uma reivindica\u00e7\u00e3o de mais de uma d\u00e9cada da comunidade passo-fundense, encaminhada \u00e0 C\u00e2mara de Vereadores pelo atual prefeito, Airton Dipp, ainda em sua primeira administra\u00e7\u00e3o (89\/92), que buscava a institui\u00e7\u00e3o do Fundo Municipal de Sa\u00fade (FMS), ser\u00e1 uma realidade a partir de sexta-feira, 06.<\/span><\/p>\n<p style=\"text-align: justify;\"><span style=\"\"> A instala\u00e7\u00e3o do FMS acontece \u00e0s 10 horas da sexta-feira, no gabinete do prefeito Airton Dipp, em evento que dever\u00e1 contar com a presen\u00e7a das mais diversas autoridades ligadas \u00e0 \u00e1rea, secret\u00e1rios municipais, vereadores e a comunidade em geral.<\/span><\/p>\n<p style=\"text-align: justify;\"><span style=\"\"> \u201cAp\u00f3s 14 anos de cria\u00e7\u00e3o da lei, pelo prefeito Dipp, instituindo o Fundo Municipal de Sa\u00fade, Passo Fundo instalar\u00e1, de fato, \u00f3rg\u00e3o que tornar\u00e1 ainda mais transparente o que se gasta na Sa\u00fade, no munic\u00edpio, assim como ser\u00e1 ferramenta importante para mais agilidade no atendimento aos anseios da popula\u00e7\u00e3o\u201d, define o secret\u00e1rio municipal da Sa\u00fade, de Passo Fundo, Alberi Grando, que, de acordo com a lei, exercer\u00e1 a dire\u00e7\u00e3o executiva do Fundo, que ter\u00e1, al\u00e9m da presid\u00eancia, que cabe ao chefe do Executivo, um Conselho Fiscal, que ser\u00e1 exercido pelo Conselho Municipal de Sa\u00fade (CMS).<\/span><\/p>\n<p style=\"text-align: justify;\"><span style=\"\"> O FMS tem por objetivo criar condi\u00e7\u00f5es complementares de ger\u00eancia dos recursos destinados ao desenvolvimento das a\u00e7\u00f5es de sa\u00fade, coordenadas ou executadas pela Secretaria Municipal da Sa\u00fade em articula\u00e7\u00e3o com as organiza\u00e7\u00f5es competentes das esferas federal e estadual.<\/span><\/p>\n","protected":false},"excerpt":{"rendered":"<p>Administra\u00e7\u00e3o Municipal instala o Fundo de Sa\u00fade<\/p>\n","protected":false},"author":1,"featured_media":0,"comment_status":"open","ping_status":"open","sticky":false,"template":"","format":"standard","meta":{"footnotes":""},"categories":[],"tags":[],"class_list":["post-713","post","type-post","status-publish","format-standard","hentry"],"yoast_head":"<!-- This site is optimized with the Yoast SEO plugin v23.8 - https:\/\/yoast.com\/wordpress\/plugins\/seo\/ -->\n<title>Administra\u00e7\u00e3o Municipal instala o Fundo de Sa\u00fade - Secretaria de Sa\u00fade<\/title>\n<meta name=\"robots\" content=\"index, follow, max-snippet:-1, max-image-preview:large, max-video-preview:-1\" \/>\n<link rel=\"canonical\" href=\"https:\/\/www.pmpf.rs.gov.br\/secretaria-de-saude\/2005\/01\/04\/administracao-municipal-instala-o-fundo-de-saude-3672\/\" \/>\n<meta property=\"og:locale\" content=\"pt_BR\" \/>\n<meta property=\"og:type\" content=\"article\" \/>\n<meta property=\"og:title\" content=\"Administra\u00e7\u00e3o Municipal instala o Fundo de Sa\u00fade - Secretaria de Sa\u00fade\" \/>\n<meta property=\"og:description\" content=\"Administra\u00e7\u00e3o Municipal instala o Fundo de Sa\u00fade\" \/>\n<meta property=\"og:url\" content=\"https:\/\/www.pmpf.rs.gov.br\/secretaria-de-saude\/2005\/01\/04\/administracao-municipal-instala-o-fundo-de-saude-3672\/\" \/>\n<meta property=\"og:site_name\" content=\"Secretaria de Sa\u00fade\" \/>\n<meta property=\"article:published_time\" content=\"2005-01-04T04:00:00+00:00\" \/>\n<meta name=\"author\" content=\"mosite\" \/>\n<meta name=\"twitter:card\" content=\"summary_large_image\" \/>\n<meta name=\"twitter:label1\" content=\"Escrito por\" \/>\n\t<meta name=\"twitter:data1\" content=\"mosite\" \/>\n\t<meta name=\"twitter:label2\" content=\"Est. tempo de leitura\" \/>\n\t<meta name=\"twitter:data2\" content=\"1 minuto\" \/>\n<script type=\"application\/ld+json\" class=\"yoast-schema-graph\">{\"@context\":\"https:\/\/schema.org\",\"@graph\":[{\"@type\":\"WebPage\",\"@id\":\"https:\/\/www.pmpf.rs.gov.br\/secretaria-de-saude\/2005\/01\/04\/administracao-municipal-instala-o-fundo-de-saude-3672\/\",\"url\":\"https:\/\/www.pmpf.rs.gov.br\/secretaria-de-saude\/2005\/01\/04\/administracao-municipal-instala-o-fundo-de-saude-3672\/\",\"name\":\"Administra\u00e7\u00e3o Municipal instala o Fundo de Sa\u00fade - Secretaria de Sa\u00fade\",\"isPartOf\":{\"@id\":\"https:\/\/www.pmpf.rs.gov.br\/secretaria-de-saude\/#website\"},\"datePublished\":\"2005-01-04T04:00:00+00:00\",\"dateModified\":\"2005-01-04T04:00:00+00:00\",\"author\":{\"@id\":\"https:\/\/www.pmpf.rs.gov.br\/secretaria-de-saude\/#\/schema\/person\/0c355b0fa68a7aa986c8594f7a60a2d7\"},\"breadcrumb\":{\"@id\":\"https:\/\/www.pmpf.rs.gov.br\/secretaria-de-saude\/2005\/01\/04\/administracao-municipal-instala-o-fundo-de-saude-3672\/#breadcrumb\"},\"inLanguage\":\"pt-BR\",\"potentialAction\":[{\"@type\":\"ReadAction\",\"target\":[\"https:\/\/www.pmpf.rs.gov.br\/secretaria-de-saude\/2005\/01\/04\/administracao-municipal-instala-o-fundo-de-saude-3672\/\"]}]},{\"@type\":\"BreadcrumbList\",\"@id\":\"https:\/\/www.pmpf.rs.gov.br\/secretaria-de-saude\/2005\/01\/04\/administracao-municipal-instala-o-fundo-de-saude-3672\/#breadcrumb\",\"itemListElement\":[{\"@type\":\"ListItem\",\"position\":1,\"name\":\"In\u00edcio\",\"item\":\"https:\/\/www.pmpf.rs.gov.br\/secretaria-de-saude\/\"},{\"@type\":\"ListItem\",\"position\":2,\"name\":\"Administra\u00e7\u00e3o Municipal instala o Fundo de Sa\u00fade\"}]},{\"@type\":\"WebSite\",\"@id\":\"https:\/\/www.pmpf.rs.gov.br\/secretaria-de-saude\/#website\",\"url\":\"https:\/\/www.pmpf.rs.gov.br\/secretaria-de-saude\/\",\"name\":\"Secretaria de Sa\u00fade\",\"description\":\"S\u00f3 mais um site Prefeitura de Passo Fundo\",\"potentialAction\":[{\"@type\":\"SearchAction\",\"target\":{\"@type\":\"EntryPoint\",\"urlTemplate\":\"https:\/\/www.pmpf.rs.gov.br\/secretaria-de-saude\/?s={search_term_string}\"},\"query-input\":{\"@type\":\"PropertyValueSpecification\",\"valueRequired\":true,\"valueName\":\"search_term_string\"}}],\"inLanguage\":\"pt-BR\"},{\"@type\":\"Person\",\"@id\":\"https:\/\/www.pmpf.rs.gov.br\/secretaria-de-saude\/#\/schema\/person\/0c355b0fa68a7aa986c8594f7a60a2d7\",\"name\":\"mosite\",\"image\":{\"@type\":\"ImageObject\",\"inLanguage\":\"pt-BR\",\"@id\":\"https:\/\/www.pmpf.rs.gov.br\/secretaria-de-saude\/#\/schema\/person\/image\/\",\"url\":\"https:\/\/secure.gravatar.com\/avatar\/63d72595d6cecfe12bd8a94829d5a26c?s=96&d=mm&r=g\",\"contentUrl\":\"https:\/\/secure.gravatar.com\/avatar\/63d72595d6cecfe12bd8a94829d5a26c?s=96&d=mm&r=g\",\"caption\":\"mosite\"},\"sameAs\":[\"http:\/\/example.com\"],\"url\":\"https:\/\/www.pmpf.rs.gov.br\/secretaria-de-saude\/author\/mosite\/\"}]}<\/script>\n<!-- \/ Yoast SEO plugin. -->","yoast_head_json":{"title":"Administra\u00e7\u00e3o Municipal instala o Fundo de Sa\u00fade - Secretaria de Sa\u00fade","robots":{"index":"index","follow":"follow","max-snippet":"max-snippet:-1","max-image-preview":"max-image-preview:large","max-video-preview":"max-video-preview:-1"},"canonical":"https:\/\/www.pmpf.rs.gov.br\/secretaria-de-saude\/2005\/01\/04\/administracao-municipal-instala-o-fundo-de-saude-3672\/","og_locale":"pt_BR","og_type":"article","og_title":"Administra\u00e7\u00e3o Municipal instala o Fundo de Sa\u00fade - Secretaria de Sa\u00fade","og_description":"Administra\u00e7\u00e3o Municipal instala o Fundo de Sa\u00fade","og_url":"https:\/\/www.pmpf.rs.gov.br\/secretaria-de-saude\/2005\/01\/04\/administracao-municipal-instala-o-fundo-de-saude-3672\/","og_site_name":"Secretaria de Sa\u00fade","article_published_time":"2005-01-04T04:00:00+00:00","author":"mosite","twitter_card":"summary_large_image","twitter_misc":{"Escrito por":"mosite","Est. tempo de leitura":"1 minuto"},"schema":{"@context":"https:\/\/schema.org","@graph":[{"@type":"WebPage","@id":"https:\/\/www.pmpf.rs.gov.br\/secretaria-de-saude\/2005\/01\/04\/administracao-municipal-instala-o-fundo-de-saude-3672\/","url":"https:\/\/www.pmpf.rs.gov.br\/secretaria-de-saude\/2005\/01\/04\/administracao-municipal-instala-o-fundo-de-saude-3672\/","name":"Administra\u00e7\u00e3o Municipal instala o Fundo de Sa\u00fade - Secretaria de Sa\u00fade","isPartOf":{"@id":"https:\/\/www.pmpf.rs.gov.br\/secretaria-de-saude\/#website"},"datePublished":"2005-01-04T04:00:00+00:00","dateModified":"2005-01-04T04:00:00+00:00","author":{"@id":"https:\/\/www.pmpf.rs.gov.br\/secretaria-de-saude\/#\/schema\/person\/0c355b0fa68a7aa986c8594f7a60a2d7"},"breadcrumb":{"@id":"https:\/\/www.pmpf.rs.gov.br\/secretaria-de-saude\/2005\/01\/04\/administracao-municipal-instala-o-fundo-de-saude-3672\/#breadcrumb"},"inLanguage":"pt-BR","potentialAction":[{"@type":"ReadAction","target":["https:\/\/www.pmpf.rs.gov.br\/secretaria-de-saude\/2005\/01\/04\/administracao-municipal-instala-o-fundo-de-saude-3672\/"]}]},{"@type":"BreadcrumbList","@id":"https:\/\/www.pmpf.rs.gov.br\/secretaria-de-saude\/2005\/01\/04\/administracao-municipal-instala-o-fundo-de-saude-3672\/#breadcrumb","itemListElement":[{"@type":"ListItem","position":1,"name":"In\u00edcio","item":"https:\/\/www.pmpf.rs.gov.br\/secretaria-de-saude\/"},{"@type":"ListItem","position":2,"name":"Administra\u00e7\u00e3o Municipal instala o Fundo de Sa\u00fade"}]},{"@type":"WebSite","@id":"https:\/\/www.pmpf.rs.gov.br\/secretaria-de-saude\/#website","url":"https:\/\/www.pmpf.rs.gov.br\/secretaria-de-saude\/","name":"Secretaria de Sa\u00fade","description":"S\u00f3 mais um site Prefeitura de Passo Fundo","potentialAction":[{"@type":"SearchAction","target":{"@type":"EntryPoint","urlTemplate":"https:\/\/www.pmpf.rs.gov.br\/secretaria-de-saude\/?s={search_term_string}"},"query-input":{"@type":"PropertyValueSpecification","valueRequired":true,"valueName":"search_term_string"}}],"inLanguage":"pt-BR"},{"@type":"Person","@id":"https:\/\/www.pmpf.rs.gov.br\/secretaria-de-saude\/#\/schema\/person\/0c355b0fa68a7aa986c8594f7a60a2d7","name":"mosite","image":{"@type":"ImageObject","inLanguage":"pt-BR","@id":"https:\/\/www.pmpf.rs.gov.br\/secretaria-de-saude\/#\/schema\/person\/image\/","url":"https:\/\/secure.gravatar.com\/avatar\/63d72595d6cecfe12bd8a94829d5a26c?s=96&d=mm&r=g","contentUrl":"https:\/\/secure.gravatar.com\/avatar\/63d72595d6cecfe12bd8a94829d5a26c?s=96&d=mm&r=g","caption":"mosite"},"sameAs":["http:\/\/example.com"],"url":"https:\/\/www.pmpf.rs.gov.br\/secretaria-de-saude\/author\/mosite\/"}]}},"_links":{"self":[{"href":"https:\/\/www.pmpf.rs.gov.br\/secretaria-de-saude\/wp-json\/wp\/v2\/posts\/713"}],"collection":[{"href":"https:\/\/www.pmpf.rs.gov.br\/secretaria-de-saude\/wp-json\/wp\/v2\/posts"}],"about":[{"href":"https:\/\/www.pmpf.rs.gov.br\/secretaria-de-saude\/wp-json\/wp\/v2\/types\/post"}],"author":[{"embeddable":true,"href":"https:\/\/www.pmpf.rs.gov.br\/secretaria-de-saude\/wp-json\/wp\/v2\/users\/1"}],"replies":[{"embeddable":true,"href":"https:\/\/www.pmpf.rs.gov.br\/secretaria-de-saude\/wp-json\/wp\/v2\/comments?post=713"}],"version-history":[{"count":0,"href":"https:\/\/www.pmpf.rs.gov.br\/secretaria-de-saude\/wp-json\/wp\/v2\/posts\/713\/revisions"}],"wp:attachment":[{"href":"https:\/\/www.pmpf.rs.gov.br\/secretaria-de-saude\/wp-json\/wp\/v2\/media?parent=713"}],"wp:term":[{"taxonomy":"category","embeddable":true,"href":"https:\/\/www.pmpf.rs.gov.br\/secretaria-de-saude\/wp-json\/wp\/v2\/categories?post=713"},{"taxonomy":"post_tag","embeddable":true,"href":"https:\/\/www.pmpf.rs.gov.br\/secretaria-de-saude\/wp-json\/wp\/v2\/tags?post=713"}],"curies":[{"name":"wp","href":"https:\/\/api.w.org\/{rel}","templated":true}]}}